{"id":7335,"date":"2015-09-30T16:06:05","date_gmt":"2015-09-30T16:06:05","guid":{"rendered":"http:\/\/50.22.11.12\/~grietaor\/?p=7335"},"modified":"2016-03-29T16:07:14","modified_gmt":"2016-03-29T16:07:14","slug":"resisten-protestas-contra-gasoducto","status":"publish","type":"post","link":"https:\/\/www.grieta.org.mx\/index.php\/2015\/09\/30\/resisten-protestas-contra-gasoducto\/","title":{"rendered":"Resisten protestas contra gasoducto"},"content":{"rendered":"<p>Yanga.- Con la toma del Palacio y el bloqueo de la carretera federal, por segundo d\u00eda consecutivo, habitantes de La Concha y San Jos\u00e9 del Corral, se manifestaron en contra de la obra del gasoducto.<\/p>\n<p>Los habitantes denunciaron la falta de gobernabilidad, debido a que desde hace una semana el alcalde, Gers\u00f3n Morales Villanos viaj\u00f3 a Estados Unidos, junto con la directora de Turismo, Iris Hern\u00e1ndez y a la fecha no hay funcionario municipal que asuma la responsabilidad del Ayuntamiento.<\/p>\n<p>Lo anterior fue notorio ayer, ya que los habitantes tomaron el Palacio y ning\u00fan funcionario se acerc\u00f3 a dialogar con ellos para solucionar la situaci\u00f3n.<\/p>\n<p>\u201cEl pueblo est\u00e1 de cabeza y el alcalde gast\u00e1ndose el dinero que cobr\u00f3 por el gasoducto. El acuerdo que firm\u00f3 la vez pasada ni siquiera lo respet\u00f3, las excavaciones contin\u00faan y \u00e9l no ha hecho nada para pararlo\u201d, respondi\u00f3 uno de los manifestantes.<\/p>\n<p>Por segundo d\u00eda consecutivo los habitantes de La Concha y San Jos\u00e9 del Corral (J.J.Baz) tomaron desde las 7:30 de la ma\u00f1ana el palacio municipal para ejercer presi\u00f3n a las autoridades municipales.<\/p>\n<p>\u201cNo nos vamos a dar por vencidos, no queremos despu\u00e9s lamentarnos por no haber luchado a tiempo\u201d, coment\u00f3 uno de los manifestantes, Ceferino S\u00e1nchez.<\/p>\n<p>Cuando llegaron al palacio, la polic\u00eda municipal ya hab\u00eda cerrado la puerta principal con candados y cadenas, por lo que los empleados no laboraron ayer.<\/p>\n<p>Alrededor de las 10:00 horas una comitiva de 10 personas viaj\u00f3 a Xalapa a reunirse supuestamente con representantes de la alcoholera, la empresa y personal de gobernaci\u00f3n, sin embargo, no los recibi\u00f3 el secretario de gobierno, sino el subdirector de Vinculaci\u00f3n y Fomento Pol\u00edtico de la Direcci\u00f3n General de Pol\u00edtica Regional, Jorge Bobadilla Carpy, quien no dio respuesta a su petici\u00f3n.<\/p>\n<p>\u201c\u00c9l nos coment\u00f3 que el lunes vendr\u00eda hablar con el ejido para darle soluci\u00f3n\u201d, coment\u00f3 la agente municipal de La Concha, Santa Barrag\u00e1n.<\/p>\n<p>Tras casi siete horas del haber tomado el palacio, los habitantes decidieron quitar el paro y tomar la carretera federal C\u00f3rdoba-La Tinaja para hacer m\u00e1s presi\u00f3n.<\/p>\n<p>\u201cSabemos que afectamos a terceras personas pero si no hacemos presi\u00f3n nadie nos voltea a ver\u201d, comentaron.<\/p>\n<p>A las 16:40 horas decidieron abrir el paso de la carretera federal al no recibir ninguna respuesta ante su petici\u00f3n tras poco m\u00e1s de un mes de haber iniciado las manifestaciones contra la obra que est\u00e1 realizando la empresa que construye el ducto que conecta a la alcoholera \u2018Zapopan\u2019.<\/p>\n<p><a href=\"http:\/\/www.elmundodecordoba.com\/index.php?option=com_content&#038;view=article&#038;id=3969381:12&#038;catid=200:otras-poblaciones&#038;Itemid=76\" target=\"_blank\">http:\/\/www.elmundodecordoba.com\/index.php?option=com_content&#038;view=article&#038;id=3969381:12&#038;catid=200:otras-poblaciones&#038;Itemid=76<\/a><\/p>\n","protected":false},"excerpt":{"rendered":"<p>Yanga.- Con la toma del Palacio y el bloqueo de la carretera federal, por segundo d\u00eda consecutivo, habitantes de La Concha y San Jos\u00e9 del Corral, se manifestaron en contra &hellip; <a href=\"https:\/\/www.grieta.org.mx\/index.php\/2015\/09\/30\/resisten-protestas-contra-gasoducto\/\" class=\"more-link\">Leer m\u00e1s<\/a><\/p>\n","protected":false},"author":1,"featured_media":21928,"comment_status":"closed","ping_status":"open","sticky":false,"template":"","format":"standard","meta":{"ngg_post_thumbnail":0,"_jetpack_newsletter_access":"","_jetpack_dont_email_post_to_subs":false,"_jetpack_newsletter_tier_id":0,"_jetpack_memberships_contains_paywalled_content":false,"_jetpack_memberships_contains_paid_content":false,"footnotes":""},"categories":[80,257],"tags":[350,449],"class_list":["post-7335","post","type-post","status-publish","format-standard","has-post-thumbnail","hentry","category-cintillo","category-veracruz","tag-gasoducto","tag-yanga","entry"],"jetpack_featured_media_url":"https:\/\/www.grieta.org.mx\/wp-content\/uploads\/2018\/03\/14524434_1106112876131411_958039263622046936_o.jpg","jetpack_sharing_enabled":true,"jetpack_shortlink":"https:\/\/wp.me\/p7ZJR4-1Uj","jetpack_likes_enabled":false,"jetpack-related-posts":[{"id":7337,"url":"https:\/\/www.grieta.org.mx\/index.php\/2015\/09\/29\/liberan-el-palacio-de-yanga-pero-bloquean-la-carretera-federal-y-gritan-no-al-gasoducto\/","url_meta":{"origin":7335,"position":0},"title":"Liberan el palacio de Yanga; pero bloquean la carretera federal y gritan \u201cNO\u201d al gasoducto","author":"Admin","date":"29 septiembre, 2015","format":false,"excerpt":"Yanga .- Habitantes de La Concha y San Jos\u00e9 del Corral liberaron el Palacio municipal despu\u00e9s de m\u00e1s de seis horas de plant\u00f3n y ahora se manifiestan en la carretera federal, donde ya bloquearon el paso veh\u00edcular y comienza a generarse el caos vial. En un rotundo rechazo a la\u2026","rel":"","context":"En &quot;CINTILLO&quot;","block_context":{"text":"CINTILLO","link":"https:\/\/www.grieta.org.mx\/index.php\/category\/cintillo\/"},"img":{"alt_text":"","src":"https:\/\/i0.wp.com\/www.grieta.org.mx\/wp-content\/uploads\/2018\/03\/14524434_1106112876131411_958039263622046936_o.jpg?resize=350%2C200&ssl=1","width":350,"height":200,"srcset":"https:\/\/i0.wp.com\/www.grieta.org.mx\/wp-content\/uploads\/2018\/03\/14524434_1106112876131411_958039263622046936_o.jpg?resize=350%2C200&ssl=1 1x, https:\/\/i0.wp.com\/www.grieta.org.mx\/wp-content\/uploads\/2018\/03\/14524434_1106112876131411_958039263622046936_o.jpg?resize=525%2C300&ssl=1 1.5x, https:\/\/i0.wp.com\/www.grieta.org.mx\/wp-content\/uploads\/2018\/03\/14524434_1106112876131411_958039263622046936_o.jpg?resize=700%2C400&ssl=1 2x"},"classes":[]},{"id":7333,"url":"https:\/\/www.grieta.org.mx\/index.php\/2015\/10\/09\/protesta-en-yanga-veracruz-contra-el-paso-de-un-gasoducto\/","url_meta":{"origin":7335,"position":1},"title":"Protesta en Yanga, Veracruz, contra el paso de un gasoducto","author":"Admin","date":"9 octubre, 2015","format":false,"excerpt":"09\/10\/15. Buscan introducir un gasoducto de Gensa El Buen Tono 30\/09\/15. Resisten protestas contra gasoducto El Mundo de Cordoba 29\/09\/15. Liberan el palacio de Yanga; pero bloquean la carretera federal y gritan \"NO\" al gasoducto Radares Noticias 28\/09\/15. En protesta por el paso de un gasoducto cierra carretera en Veracruz\u2026","rel":"","context":"En &quot;MEGAPROYECTOS&quot;","block_context":{"text":"MEGAPROYECTOS","link":"https:\/\/www.grieta.org.mx\/index.php\/category\/megaproyectos\/"},"img":{"alt_text":"","src":"https:\/\/i0.wp.com\/www.grieta.org.mx\/wp-content\/uploads\/2018\/03\/14524434_1106112876131411_958039263622046936_o.jpg?resize=350%2C200&ssl=1","width":350,"height":200,"srcset":"https:\/\/i0.wp.com\/www.grieta.org.mx\/wp-content\/uploads\/2018\/03\/14524434_1106112876131411_958039263622046936_o.jpg?resize=350%2C200&ssl=1 1x, https:\/\/i0.wp.com\/www.grieta.org.mx\/wp-content\/uploads\/2018\/03\/14524434_1106112876131411_958039263622046936_o.jpg?resize=525%2C300&ssl=1 1.5x, https:\/\/i0.wp.com\/www.grieta.org.mx\/wp-content\/uploads\/2018\/03\/14524434_1106112876131411_958039263622046936_o.jpg?resize=700%2C400&ssl=1 2x"},"classes":[]},{"id":7332,"url":"https:\/\/www.grieta.org.mx\/index.php\/2015\/10\/09\/buscan-introducir-un-gasoducto-de-gensa\/","url_meta":{"origin":7335,"position":2},"title":"Buscan introducir un gasoducto de Gensa","author":"Admin","date":"9 octubre, 2015","format":false,"excerpt":"Amatl\u00e1n.- Tras los rechazos de la obra de introducci\u00f3n del gasoducto en diferentes comunidades del municipio de Yanga, ahora la empresa Gensa busca realizar la obra por congregaciones de La Toma y La Patrona, sin embargo, esta construcci\u00f3n podr\u00eda ser parada por los distintos movimientos ecologistas que abundan en este\u2026","rel":"","context":"En &quot;CINTILLO&quot;","block_context":{"text":"CINTILLO","link":"https:\/\/www.grieta.org.mx\/index.php\/category\/cintillo\/"},"img":{"alt_text":"","src":"https:\/\/i0.wp.com\/www.grieta.org.mx\/wp-content\/uploads\/2018\/03\/14524434_1106112876131411_958039263622046936_o.jpg?resize=350%2C200&ssl=1","width":350,"height":200,"srcset":"https:\/\/i0.wp.com\/www.grieta.org.mx\/wp-content\/uploads\/2018\/03\/14524434_1106112876131411_958039263622046936_o.jpg?resize=350%2C200&ssl=1 1x, https:\/\/i0.wp.com\/www.grieta.org.mx\/wp-content\/uploads\/2018\/03\/14524434_1106112876131411_958039263622046936_o.jpg?resize=525%2C300&ssl=1 1.5x, https:\/\/i0.wp.com\/www.grieta.org.mx\/wp-content\/uploads\/2018\/03\/14524434_1106112876131411_958039263622046936_o.jpg?resize=700%2C400&ssl=1 2x"},"classes":[]},{"id":7339,"url":"https:\/\/www.grieta.org.mx\/index.php\/2015\/09\/28\/en-protesta-por-el-paso-de-un-gasoducto-cierran-carretera-en-veracruz\/","url_meta":{"origin":7335,"position":3},"title":"En protesta por el paso de un gasoducto cierran carretera en Veracruz","author":"Admin","date":"28 septiembre, 2015","format":false,"excerpt":"Ante el incumplimiento del alcalde de Yanga, Gerson Morales Villanos de impedir el paso de un gasoducto por sus comunidades, habitantes de San Jos\u00e9 del Corral, cerraron el paso en la carretera estatal Omealca-Tezonapa. Los inconformes se\u00f1alan que el presidente municipal acord\u00f3 que no permitir\u00eda que la empresa que introduce\u2026","rel":"","context":"En &quot;CINTILLO&quot;","block_context":{"text":"CINTILLO","link":"https:\/\/www.grieta.org.mx\/index.php\/category\/cintillo\/"},"img":{"alt_text":"","src":"https:\/\/i0.wp.com\/www.grieta.org.mx\/wp-content\/uploads\/2018\/03\/14524434_1106112876131411_958039263622046936_o.jpg?resize=350%2C200&ssl=1","width":350,"height":200,"srcset":"https:\/\/i0.wp.com\/www.grieta.org.mx\/wp-content\/uploads\/2018\/03\/14524434_1106112876131411_958039263622046936_o.jpg?resize=350%2C200&ssl=1 1x, https:\/\/i0.wp.com\/www.grieta.org.mx\/wp-content\/uploads\/2018\/03\/14524434_1106112876131411_958039263622046936_o.jpg?resize=525%2C300&ssl=1 1.5x, https:\/\/i0.wp.com\/www.grieta.org.mx\/wp-content\/uploads\/2018\/03\/14524434_1106112876131411_958039263622046936_o.jpg?resize=700%2C400&ssl=1 2x"},"classes":[]},{"id":525,"url":"https:\/\/www.grieta.org.mx\/index.php\/2015\/07\/16\/pobladores-demandan-cancelacion-de-obras-de-gasoducto\/","url_meta":{"origin":7335,"position":4},"title":"Pobladores demandan cancelaci\u00f3n de obras de gasoducto","author":"grieta","date":"16 julio, 2015","format":false,"excerpt":"Tepetlaoxtoc, M\u00e9x, 16 de julio del 2015.-Al menos 200 pobladores de esta demarcaci\u00f3n se manifestaron con pancartas en rechazo a la introducci\u00f3n del gasoducto y para demandar la cancelaci\u00f3n de los trabajos del tendido de 3 kil\u00f3metros que se llevan a cabo desde hace m\u00e1s de un a\u00f1o que ponen\u2026","rel":"","context":"En &quot;CINTILLO&quot;","block_context":{"text":"CINTILLO","link":"https:\/\/www.grieta.org.mx\/index.php\/category\/cintillo\/"},"img":{"alt_text":"","src":"https:\/\/i0.wp.com\/www.grieta.org.mx\/wp-content\/uploads\/2018\/03\/14524434_1106112876131411_958039263622046936_o.jpg?resize=350%2C200&ssl=1","width":350,"height":200,"srcset":"https:\/\/i0.wp.com\/www.grieta.org.mx\/wp-content\/uploads\/2018\/03\/14524434_1106112876131411_958039263622046936_o.jpg?resize=350%2C200&ssl=1 1x, https:\/\/i0.wp.com\/www.grieta.org.mx\/wp-content\/uploads\/2018\/03\/14524434_1106112876131411_958039263622046936_o.jpg?resize=525%2C300&ssl=1 1.5x, https:\/\/i0.wp.com\/www.grieta.org.mx\/wp-content\/uploads\/2018\/03\/14524434_1106112876131411_958039263622046936_o.jpg?resize=700%2C400&ssl=1 2x"},"classes":[]},{"id":39650,"url":"https:\/\/www.grieta.org.mx\/index.php\/2019\/09\/22\/poblacion-de-juanacatlan-se-opone-a-gasoducto-y-termoelectrica-jalisco\/","url_meta":{"origin":7335,"position":5},"title":"Poblaci\u00f3n de Juanacatl\u00e1n se opone a gasoducto y termoel\u00e9ctrica (Jalisco)","author":"grieta","date":"22 septiembre, 2019","format":false,"excerpt":"Foto: Isaura L\u00f3pez Rebeca Nu\u00f1o, integrante del Colectivo Un Salto de Vida, denuncia que al instalarse estos proyectos, habr\u00eda da\u00f1os ambientales, agr\u00edcolas y en la salud de los habitantes Isaura L\u00f3pez Villalobos \/ UDGTV Juanacatl\u00e1n, Jalisco. La poblaci\u00f3n de Juanacatl\u00e1n se opone a los megaproyectos del gasoducto Villa de Reyes-Aguascalientes-Guadalajara\u2026","rel":"","context":"En &quot;CINTILLO&quot;","block_context":{"text":"CINTILLO","link":"https:\/\/www.grieta.org.mx\/index.php\/category\/cintillo\/"},"img":{"alt_text":"","src":"https:\/\/i0.wp.com\/www.grieta.org.mx\/wp-content\/uploads\/2019\/09\/Juanacatlan-ISaura-lopez.jpeg-cartel-696x522.jpeg?resize=350%2C200&ssl=1","width":350,"height":200,"srcset":"https:\/\/i0.wp.com\/www.grieta.org.mx\/wp-content\/uploads\/2019\/09\/Juanacatlan-ISaura-lopez.jpeg-cartel-696x522.jpeg?resize=350%2C200&ssl=1 1x, https:\/\/i0.wp.com\/www.grieta.org.mx\/wp-content\/uploads\/2019\/09\/Juanacatlan-ISaura-lopez.jpeg-cartel-696x522.jpeg?resize=525%2C300&ssl=1 1.5x"},"classes":[]}],"_links":{"self":[{"href":"https:\/\/www.grieta.org.mx\/index.php\/wp-json\/wp\/v2\/posts\/7335","targetHints":{"allow":["GET"]}}],"collection":[{"href":"https:\/\/www.grieta.org.mx\/index.php\/wp-json\/wp\/v2\/posts"}],"about":[{"href":"https:\/\/www.grieta.org.mx\/index.php\/wp-json\/wp\/v2\/types\/post"}],"author":[{"embeddable":true,"href":"https:\/\/www.grieta.org.mx\/index.php\/wp-json\/wp\/v2\/users\/1"}],"replies":[{"embeddable":true,"href":"https:\/\/www.grieta.org.mx\/index.php\/wp-json\/wp\/v2\/comments?post=7335"}],"version-history":[{"count":1,"href":"https:\/\/www.grieta.org.mx\/index.php\/wp-json\/wp\/v2\/posts\/7335\/revisions"}],"predecessor-version":[{"id":7336,"href":"https:\/\/www.grieta.org.mx\/index.php\/wp-json\/wp\/v2\/posts\/7335\/revisions\/7336"}],"wp:featuredmedia":[{"embeddable":true,"href":"https:\/\/www.grieta.org.mx\/index.php\/wp-json\/wp\/v2\/media\/21928"}],"wp:attachment":[{"href":"https:\/\/www.grieta.org.mx\/index.php\/wp-json\/wp\/v2\/media?parent=7335"}],"wp:term":[{"taxonomy":"category","embeddable":true,"href":"https:\/\/www.grieta.org.mx\/index.php\/wp-json\/wp\/v2\/categories?post=7335"},{"taxonomy":"post_tag","embeddable":true,"href":"https:\/\/www.grieta.org.mx\/index.php\/wp-json\/wp\/v2\/tags?post=7335"}],"curies":[{"name":"wp","href":"https:\/\/api.w.org\/{rel}","templated":true}]}}