{"id":7308,"date":"2015-10-03T15:02:39","date_gmt":"2015-10-03T15:02:39","guid":{"rendered":"http:\/\/50.22.11.12\/~grietaor\/?p=7308"},"modified":"2016-03-29T15:03:41","modified_gmt":"2016-03-29T15:03:41","slug":"necesario-concretar-alerta-de-genero-en-veracruz-438-feminicidios-en-tres-anos","status":"publish","type":"post","link":"https:\/\/www.grieta.org.mx\/index.php\/2015\/10\/03\/necesario-concretar-alerta-de-genero-en-veracruz-438-feminicidios-en-tres-anos\/","title":{"rendered":"Necesario concretar alerta de g\u00e9nero en Veracruz; 438 feminicidios en tres a\u00f1os"},"content":{"rendered":"<p>La Secretar\u00eda de Equidad de G\u00e9nero del Comit\u00e9 Directivo Estatal del PRD gestiona que se concrete la alerta correspondiente en la entidad ante el alto n\u00famero de feminicidios ya que entre 2012 y 2015 cerca de 438 mujeres fueron asesinadas.<\/p>\n<p>Yeimi Dolores Mart\u00ednez Pantale\u00f3n, titular del \u00e1rea, dijo que a la par buscan el empoderamiento de las mujeres en el \u00e1mbito pol\u00edtico gubernamental de cara a las pr\u00f3ximas elecciones.<\/p>\n<p>\u201c438 mujeres asesinadas entre 2012 y 2015 no pueden tener a Veracruz en un estado como sino pasada nada. Es urgente solicitar al gobierno que le pida a la federaci\u00f3n se declare la alerta de g\u00e9nero en nuestro estado. Eso no puede ser una petici\u00f3n que se tope con una negativa de nuestras autoridades\u201d, coment\u00f3.<\/p>\n<p>Insisti\u00f3 en que Veracruz tiene rezagos en la conclusi\u00f3n de las mujeres para su desarrollo pol\u00edtico, social y econ\u00f3mico.<\/p>\n<p>\u201cEl empoderamiento nos exige responsabilizarnos, ejercer y actuar en todo lo que es menester a las mujeres\u201d.<\/p>\n<p>Ana Unzueta Reyes, subsecretaria de Equidad de G\u00e9nero del Comit\u00e9 Ejecutivo Nacional del PRD, afirm\u00f3 que al menos 10 estados de la rep\u00fablica muestran claros \u00edndices de feminicidios, como el Estado de M\u00e9xico (donde ya existe la alerta), Distrito Federal, Guerrero y otros del norte de M\u00e9xico, pero no existen datos espec\u00edficos.<\/p>\n<p>\u201cNo hay un dato espec\u00edfico, ese es el problema, tenemos una cantidad muy importante de asesinatos de mujeres que no est\u00e1n catalogados como feminicidios. Hay pocos estados que tienen legislado la norma penal el asunto de feminicidios entonces se catalogan como asesinatos y no tienen esta vinculaci\u00f3n, entonces no hay datos claros pero si entidades complicadas en el tema\u201d.<\/p>\n<p>Insisti\u00f3 en que la alerta de g\u00e9nero es un procedimiento que permite que la localizaci\u00f3n de las mujeres sea inmediata, es decir, que no se tenga que esperar a que transcurra determinado n\u00famero de horas para buscarlas y terminen muertas.<\/p>\n<p><a href=\"http:\/\/www.imagendelgolfo.com.mx\/resumen.php?id=41091595\" target=\"_blank\">http:\/\/www.imagendelgolfo.com.mx\/resumen.php?id=41091595<\/a><\/p>\n","protected":false},"excerpt":{"rendered":"<p>La Secretar\u00eda de Equidad de G\u00e9nero del Comit\u00e9 Directivo Estatal del PRD gestiona que se concrete la alerta correspondiente en la entidad ante el alto n\u00famero de feminicidios ya que &hellip; <a href=\"https:\/\/www.grieta.org.mx\/index.php\/2015\/10\/03\/necesario-concretar-alerta-de-genero-en-veracruz-438-feminicidios-en-tres-anos\/\" class=\"more-link\">Leer m\u00e1s<\/a><\/p>\n","protected":false},"author":1,"featured_media":21928,"comment_status":"closed","ping_status":"open","sticky":false,"template":"","format":"standard","meta":{"ngg_post_thumbnail":0,"_jetpack_newsletter_access":"","_jetpack_dont_email_post_to_subs":false,"_jetpack_newsletter_tier_id":0,"_jetpack_memberships_contains_paywalled_content":false,"_jetpack_memberships_contains_paid_content":false,"footnotes":""},"categories":[80,257],"tags":[81],"class_list":["post-7308","post","type-post","status-publish","format-standard","has-post-thumbnail","hentry","category-cintillo","category-veracruz","tag-feminicidios","entry"],"jetpack_featured_media_url":"https:\/\/www.grieta.org.mx\/wp-content\/uploads\/2018\/03\/14524434_1106112876131411_958039263622046936_o.jpg","jetpack_sharing_enabled":true,"jetpack_shortlink":"https:\/\/wp.me\/p7ZJR4-1TS","jetpack_likes_enabled":false,"jetpack-related-posts":[{"id":7295,"url":"https:\/\/www.grieta.org.mx\/index.php\/2016\/07\/05\/feminicidios-en-veracruz-2\/","url_meta":{"origin":7308,"position":0},"title":"Feminicidios en Veracruz","author":"Admin","date":"5 julio, 2016","format":false,"excerpt":"05\/07\/16. Cifra de mujeres asesinadas en Veracruz aument\u00f3 de 64 a 84 casos s\u00f3lo durante junio Al Calor Pol\u00edtico 24\/05\/16. Alertan en Veracruz por los feminicidioso El Siglo de Torre\u00f3n 19\/05\/16. Sin banco de datos seguir\u00e1 danza de cifras sobre feminicidio Mujeres por la democracia 09\/03\/16. En la impunidad, mil\u2026","rel":"","context":"En &quot;Feminicidios&quot;","block_context":{"text":"Feminicidios","link":"https:\/\/www.grieta.org.mx\/index.php\/category\/temas-nacionales\/feminicidios\/"},"img":{"alt_text":"","src":"https:\/\/i0.wp.com\/www.grieta.org.mx\/wp-content\/uploads\/2018\/03\/14524434_1106112876131411_958039263622046936_o.jpg?resize=350%2C200&ssl=1","width":350,"height":200,"srcset":"https:\/\/i0.wp.com\/www.grieta.org.mx\/wp-content\/uploads\/2018\/03\/14524434_1106112876131411_958039263622046936_o.jpg?resize=350%2C200&ssl=1 1x, https:\/\/i0.wp.com\/www.grieta.org.mx\/wp-content\/uploads\/2018\/03\/14524434_1106112876131411_958039263622046936_o.jpg?resize=525%2C300&ssl=1 1.5x, https:\/\/i0.wp.com\/www.grieta.org.mx\/wp-content\/uploads\/2018\/03\/14524434_1106112876131411_958039263622046936_o.jpg?resize=700%2C400&ssl=1 2x"},"classes":[]},{"id":21711,"url":"https:\/\/www.grieta.org.mx\/index.php\/2018\/01\/26\/estados-con-alerta-de-genero-lideran-cifras-de-feminicidio\/","url_meta":{"origin":7308,"position":1},"title":"Estados con alerta de g\u00e9nero lideran cifras de feminicidio","author":"Admin","date":"26 enero, 2018","format":false,"excerpt":"Durante 2017, se cometieron 671 asesinatos de mujeres y en la mayor\u00eda de los casos priva la impunidad CIUDAD DE M\u00c9XICO (EL UNIVERSAL).- Diez de los 13 estados del pa\u00eds en los que se ha activado la alerta de g\u00e9nero por violencia contra las mujeres (AVGM) concentran el mayor n\u00famero\u2026","rel":"","context":"En &quot;CINTILLO&quot;","block_context":{"text":"CINTILLO","link":"https:\/\/www.grieta.org.mx\/index.php\/category\/cintillo\/"},"img":{"alt_text":"","src":"https:\/\/i0.wp.com\/www.grieta.org.mx\/wp-content\/uploads\/2018\/02\/cruce.png_1270173662.png?resize=350%2C200&ssl=1","width":350,"height":200,"srcset":"https:\/\/i0.wp.com\/www.grieta.org.mx\/wp-content\/uploads\/2018\/02\/cruce.png_1270173662.png?resize=350%2C200&ssl=1 1x, https:\/\/i0.wp.com\/www.grieta.org.mx\/wp-content\/uploads\/2018\/02\/cruce.png_1270173662.png?resize=525%2C300&ssl=1 1.5x, https:\/\/i0.wp.com\/www.grieta.org.mx\/wp-content\/uploads\/2018\/02\/cruce.png_1270173662.png?resize=700%2C400&ssl=1 2x"},"classes":[]},{"id":7298,"url":"https:\/\/www.grieta.org.mx\/index.php\/2015\/12\/01\/en-veracruz-matan-a-15-mujeres-transexuales-que-duarte-no-quiere-contabilizar-como-feminicidios\/","url_meta":{"origin":7308,"position":2},"title":"En Veracruz matan a 15 mujeres transexuales que Duarte no quiere contabilizar como feminicidios","author":"Admin","date":"1 diciembre, 2015","format":false,"excerpt":"(01 de diciembre, 2015).- Silvia Susana J\u00e1come, defensora de los derechos transexuales ha levantado la voz para exigir el esclarecimiento de la muerte de 15 mujeres transexuales en el estado Veracruz, gobernado por el pri\u00edsta Javier Duarte pidiendo se categoricen como feminicidios. Y es que hace justo un mes en\u2026","rel":"","context":"En &quot;CINTILLO&quot;","block_context":{"text":"CINTILLO","link":"https:\/\/www.grieta.org.mx\/index.php\/category\/cintillo\/"},"img":{"alt_text":"","src":"https:\/\/i0.wp.com\/www.grieta.org.mx\/wp-content\/uploads\/2018\/03\/14524434_1106112876131411_958039263622046936_o.jpg?resize=350%2C200&ssl=1","width":350,"height":200,"srcset":"https:\/\/i0.wp.com\/www.grieta.org.mx\/wp-content\/uploads\/2018\/03\/14524434_1106112876131411_958039263622046936_o.jpg?resize=350%2C200&ssl=1 1x, https:\/\/i0.wp.com\/www.grieta.org.mx\/wp-content\/uploads\/2018\/03\/14524434_1106112876131411_958039263622046936_o.jpg?resize=525%2C300&ssl=1 1.5x, https:\/\/i0.wp.com\/www.grieta.org.mx\/wp-content\/uploads\/2018\/03\/14524434_1106112876131411_958039263622046936_o.jpg?resize=700%2C400&ssl=1 2x"},"classes":[]},{"id":28490,"url":"https:\/\/www.grieta.org.mx\/index.php\/2019\/01\/11\/realizan-en-veracruz-marcha-contra-feminicidios\/","url_meta":{"origin":7308,"position":3},"title":"Realizan en Veracruz, marcha contra feminicidios","author":"grieta","date":"11 enero, 2019","format":false,"excerpt":"Redacci\u00f3n \/ Noreste Participaron 17 colectivos nacionales Veracruz, Ver.- Mujeres protestaron la tarde-noche de este jueves exigiendo a las autoridades cumplan con su responsabilidad de atender urgentemente la violencia feminicida que podr\u00eda hacer que en 2019 se rebase las 213 mujeres asesinadas en 2018. 17 organizaciones nacionales se sumaron al\u2026","rel":"","context":"En &quot;CINTILLO&quot;","block_context":{"text":"CINTILLO","link":"https:\/\/www.grieta.org.mx\/index.php\/category\/cintillo\/"},"img":{"alt_text":"","src":"https:\/\/i0.wp.com\/www.grieta.org.mx\/wp-content\/uploads\/2019\/01\/PHOTO-2019-01-10-18-20-08-690x518.jpg?resize=350%2C200&ssl=1","width":350,"height":200,"srcset":"https:\/\/i0.wp.com\/www.grieta.org.mx\/wp-content\/uploads\/2019\/01\/PHOTO-2019-01-10-18-20-08-690x518.jpg?resize=350%2C200&ssl=1 1x, https:\/\/i0.wp.com\/www.grieta.org.mx\/wp-content\/uploads\/2019\/01\/PHOTO-2019-01-10-18-20-08-690x518.jpg?resize=525%2C300&ssl=1 1.5x"},"classes":[]},{"id":38445,"url":"https:\/\/www.grieta.org.mx\/index.php\/2019\/08\/19\/veracruz-y-estado-de-mexico-es-donde-mas-se-mata-a-las-ninas\/","url_meta":{"origin":7308,"position":4},"title":"Veracruz y Estado de M\u00e9xico es donde m\u00e1s se mata a las ni\u00f1as","author":"grieta","date":"19 agosto, 2019","format":false,"excerpt":"Angeles Pillado \/ SDP Veracruz y el Edomex son las entidades donde se perpetra m\u00e1s el feminicidio infantil; en lo que va de 2019, 54 ni\u00f1as fueron asesinadas. M\u00e9xico.- Los estados de Veracruz y M\u00e9xico encabezan en cifras el feminicidio infantil pese a que ambas entidades tienen activas Alertas de\u2026","rel":"","context":"En &quot;CINTILLO&quot;","block_context":{"text":"CINTILLO","link":"https:\/\/www.grieta.org.mx\/index.php\/category\/cintillo\/"},"img":{"alt_text":"","src":"https:\/\/i0.wp.com\/www.grieta.org.mx\/wp-content\/uploads\/2019\/08\/5d5b169fcd9a9.jpeg?resize=350%2C200&ssl=1","width":350,"height":200,"srcset":"https:\/\/i0.wp.com\/www.grieta.org.mx\/wp-content\/uploads\/2019\/08\/5d5b169fcd9a9.jpeg?resize=350%2C200&ssl=1 1x, https:\/\/i0.wp.com\/www.grieta.org.mx\/wp-content\/uploads\/2019\/08\/5d5b169fcd9a9.jpeg?resize=525%2C300&ssl=1 1.5x, https:\/\/i0.wp.com\/www.grieta.org.mx\/wp-content\/uploads\/2019\/08\/5d5b169fcd9a9.jpeg?resize=700%2C400&ssl=1 2x"},"classes":[]},{"id":36869,"url":"https:\/\/www.grieta.org.mx\/index.php\/2019\/07\/14\/edomex-y-veracruz-encabezan-cifras-de-feminicidio-infantil\/","url_meta":{"origin":7308,"position":5},"title":"Edomex y Veracruz encabezan cifras de feminicidio infantil","author":"grieta","date":"14 julio, 2019","format":false,"excerpt":"Marisol Vel\u00e1zquez\/El Economista A pesar de que Veracruz y el Estado de M\u00e9xico buscan reforzar sus estrategias para combatir la violencia de g\u00e9nero contra las mujeres y ni\u00f1as, son las entidades con mayores registros de feminicidios infantiles. A pesar de que Veracruz y el Estado de M\u00e9xico buscan reforzar sus\u2026","rel":"","context":"En &quot;CINTILLO&quot;","block_context":{"text":"CINTILLO","link":"https:\/\/www.grieta.org.mx\/index.php\/category\/cintillo\/"},"img":{"alt_text":"","src":"https:\/\/i0.wp.com\/www.grieta.org.mx\/wp-content\/uploads\/2019\/07\/feminicidios_edomex.jpg_596760611.jpg?resize=350%2C200&ssl=1","width":350,"height":200,"srcset":"https:\/\/i0.wp.com\/www.grieta.org.mx\/wp-content\/uploads\/2019\/07\/feminicidios_edomex.jpg_596760611.jpg?resize=350%2C200&ssl=1 1x, https:\/\/i0.wp.com\/www.grieta.org.mx\/wp-content\/uploads\/2019\/07\/feminicidios_edomex.jpg_596760611.jpg?resize=525%2C300&ssl=1 1.5x, https:\/\/i0.wp.com\/www.grieta.org.mx\/wp-content\/uploads\/2019\/07\/feminicidios_edomex.jpg_596760611.jpg?resize=700%2C400&ssl=1 2x"},"classes":[]}],"_links":{"self":[{"href":"https:\/\/www.grieta.org.mx\/index.php\/wp-json\/wp\/v2\/posts\/7308","targetHints":{"allow":["GET"]}}],"collection":[{"href":"https:\/\/www.grieta.org.mx\/index.php\/wp-json\/wp\/v2\/posts"}],"about":[{"href":"https:\/\/www.grieta.org.mx\/index.php\/wp-json\/wp\/v2\/types\/post"}],"author":[{"embeddable":true,"href":"https:\/\/www.grieta.org.mx\/index.php\/wp-json\/wp\/v2\/users\/1"}],"replies":[{"embeddable":true,"href":"https:\/\/www.grieta.org.mx\/index.php\/wp-json\/wp\/v2\/comments?post=7308"}],"version-history":[{"count":1,"href":"https:\/\/www.grieta.org.mx\/index.php\/wp-json\/wp\/v2\/posts\/7308\/revisions"}],"predecessor-version":[{"id":7309,"href":"https:\/\/www.grieta.org.mx\/index.php\/wp-json\/wp\/v2\/posts\/7308\/revisions\/7309"}],"wp:featuredmedia":[{"embeddable":true,"href":"https:\/\/www.grieta.org.mx\/index.php\/wp-json\/wp\/v2\/media\/21928"}],"wp:attachment":[{"href":"https:\/\/www.grieta.org.mx\/index.php\/wp-json\/wp\/v2\/media?parent=7308"}],"wp:term":[{"taxonomy":"category","embeddable":true,"href":"https:\/\/www.grieta.org.mx\/index.php\/wp-json\/wp\/v2\/categories?post=7308"},{"taxonomy":"post_tag","embeddable":true,"href":"https:\/\/www.grieta.org.mx\/index.php\/wp-json\/wp\/v2\/tags?post=7308"}],"curies":[{"name":"wp","href":"https:\/\/api.w.org\/{rel}","templated":true}]}}