{"id":7304,"date":"2015-10-30T14:57:35","date_gmt":"2015-10-30T14:57:35","guid":{"rendered":"http:\/\/50.22.11.12\/~grietaor\/?p=7304"},"modified":"2016-03-29T15:01:08","modified_gmt":"2016-03-29T15:01:08","slug":"el-fenomeno-de-la-violencia-feminicida-mantiene-a-veracruz-en-los-focos-rojos","status":"publish","type":"post","link":"https:\/\/www.grieta.org.mx\/index.php\/2015\/10\/30\/el-fenomeno-de-la-violencia-feminicida-mantiene-a-veracruz-en-los-focos-rojos\/","title":{"rendered":"El fen\u00f3meno de la violencia feminicida mantiene a Veracruz en los focos rojos"},"content":{"rendered":"<p>Gabriela Rasgado<br \/>\ne-consulta<br \/>\nEl fen\u00f3meno de la violencia feminicida mantiene a Veracruz en los focos rojos, porque adem\u00e1s de ser una entidad donde la tasa de muertes de mujeres se ha elevado, tambi\u00e9n ha ido a la alza la sa\u00f1a con la que se les quita la vida. <\/p>\n<p>\u201cVeracruz est\u00e1 en los estados m\u00e1s preocupantes por la brutalidad, por la sa\u00f1a pero sobre todo por la complicidad y la impunidad del propio estado\u201d, sostuvo Ver\u00f3nica Cruz S\u00e1nchez, directora del centro Las Libres, quien adem\u00e1s consider\u00f3 que el estado debi\u00f3 encabezar la solicitud de alerta de g\u00e9nero. Asegur\u00f3 que en la entidad se ejerce una violencia extrema contra las mujeres y es responsabilidad del gobierno pararla. <\/p>\n<p>Cruz S\u00e1nchez destac\u00f3 que en Veracruz est\u00e1 el feminicidio m\u00e1s complejo, dado que todos los tipos de violencia se concentran en la entidad: \u201cNo solamente es violencia familiar, es trata, tambi\u00e9n tiene que ver con crimen organizado, violencia sexual, violencia comunitaria, violencia institucional, todos los tipos y modalidades de violencia los tiene Veracruz\u201d. <\/p>\n<p>Advirti\u00f3 que si en este momento no se combate ese problema social, en una d\u00e9cada el panorama ser\u00e1 a\u00fan m\u00e1s desalentador, aunado a que el estado, al igual que el pa\u00eds, tiene un retroceso de 20 a\u00f1os en materia de defensa de los derechos de las mujeres. \u201cApenas el tema de la solicitud de alerta de g\u00e9nero va a poner a actuar al gobierno en lo que hace 20 a\u00f1os debi\u00f3 haber hecho\u201d. <\/p>\n<p>Acot\u00f3 que en M\u00e9xico, solamente el 10 por ciento de los asesinatos contra las mujeres son castigados; la causa principal es porque ni siquiera las leyes en los estados reconocen las muertes de las f\u00e9minas basadas en el tema del g\u00e9nero. <\/p>\n<p>\u201cNo est\u00e1n matando igual a los hombres, es una violencia estructural contra las mujeres de manera espec\u00edfica y la mayor\u00eda de las mujeres las est\u00e1n asesinando los hombres, o sea no somos las mujeres quienes estamos ejerciendo la violencia\u201d. <\/p>\n<p>Dijo que la participaci\u00f3n de las organizaciones y de la sociedad es fundamental para exigirle al gobierno del estado su mandato de ley, que es garantizar la vida de las mujeres. Atender la violencia contra las mujeres implica una permanente resistencia de los gobiernos estatales, por lo que es necesario, v\u00eda las leyes generales y de los estados, exigir que se d\u00e9 cumplimiento a sus obligaciones, acot\u00f3 la activista. <\/p>\n<p>Record\u00f3 que una vez emitidas las recomendaciones al gobierno de Veracruz, tendr\u00e1 seis meses para que atienda el flagelo que implican los feminicidios; consider\u00f3 que esto \u201ces oportunidad del gobierno por fin poner atenci\u00f3n a un problema que le est\u00e1 sacudiendo a nivel nacional\u201d. Cabe destacar que tan solo este a\u00f1o, se han contabilizado alrededor de 70 feminicidios en toda la entidad veracruzana.<\/p>\n<p><a href=\"http:\/\/e-veracruz.mx\/nota\/2015-10-30\/estado\/en-veracruz-el-feminicidio-mas-complejo-por-violencia-extrema\" target=\"_blank\">http:\/\/e-veracruz.mx\/nota\/2015-10-30\/estado\/en-veracruz-el-feminicidio-mas-complejo-por-violencia-extrema<\/a><\/p>\n","protected":false},"excerpt":{"rendered":"<p>Gabriela Rasgado e-consulta El fen\u00f3meno de la violencia feminicida mantiene a Veracruz en los focos rojos, porque adem\u00e1s de ser una entidad donde la tasa de muertes de mujeres se &hellip; <a href=\"https:\/\/www.grieta.org.mx\/index.php\/2015\/10\/30\/el-fenomeno-de-la-violencia-feminicida-mantiene-a-veracruz-en-los-focos-rojos\/\" class=\"more-link\">Leer m\u00e1s<\/a><\/p>\n","protected":false},"author":1,"featured_media":21928,"comment_status":"closed","ping_status":"open","sticky":false,"template":"","format":"standard","meta":{"ngg_post_thumbnail":0,"_jetpack_newsletter_access":"","_jetpack_dont_email_post_to_subs":false,"_jetpack_newsletter_tier_id":0,"_jetpack_memberships_contains_paywalled_content":false,"_jetpack_memberships_contains_paid_content":false,"footnotes":""},"categories":[80,257],"tags":[81],"class_list":["post-7304","post","type-post","status-publish","format-standard","has-post-thumbnail","hentry","category-cintillo","category-veracruz","tag-feminicidios","entry"],"jetpack_featured_media_url":"https:\/\/www.grieta.org.mx\/wp-content\/uploads\/2018\/03\/14524434_1106112876131411_958039263622046936_o.jpg","jetpack_sharing_enabled":true,"jetpack_shortlink":"https:\/\/wp.me\/p7ZJR4-1TO","jetpack_likes_enabled":false,"jetpack-related-posts":[{"id":7295,"url":"https:\/\/www.grieta.org.mx\/index.php\/2016\/07\/05\/feminicidios-en-veracruz-2\/","url_meta":{"origin":7304,"position":0},"title":"Feminicidios en Veracruz","author":"Admin","date":"5 julio, 2016","format":false,"excerpt":"05\/07\/16. Cifra de mujeres asesinadas en Veracruz aument\u00f3 de 64 a 84 casos s\u00f3lo durante junio Al Calor Pol\u00edtico 24\/05\/16. Alertan en Veracruz por los feminicidioso El Siglo de Torre\u00f3n 19\/05\/16. Sin banco de datos seguir\u00e1 danza de cifras sobre feminicidio Mujeres por la democracia 09\/03\/16. En la impunidad, mil\u2026","rel":"","context":"En &quot;Feminicidios&quot;","block_context":{"text":"Feminicidios","link":"https:\/\/www.grieta.org.mx\/index.php\/category\/temas-nacionales\/feminicidios\/"},"img":{"alt_text":"","src":"https:\/\/i0.wp.com\/www.grieta.org.mx\/wp-content\/uploads\/2018\/03\/14524434_1106112876131411_958039263622046936_o.jpg?resize=350%2C200&ssl=1","width":350,"height":200,"srcset":"https:\/\/i0.wp.com\/www.grieta.org.mx\/wp-content\/uploads\/2018\/03\/14524434_1106112876131411_958039263622046936_o.jpg?resize=350%2C200&ssl=1 1x, https:\/\/i0.wp.com\/www.grieta.org.mx\/wp-content\/uploads\/2018\/03\/14524434_1106112876131411_958039263622046936_o.jpg?resize=525%2C300&ssl=1 1.5x, https:\/\/i0.wp.com\/www.grieta.org.mx\/wp-content\/uploads\/2018\/03\/14524434_1106112876131411_958039263622046936_o.jpg?resize=700%2C400&ssl=1 2x"},"classes":[]},{"id":7306,"url":"https:\/\/www.grieta.org.mx\/index.php\/2015\/10\/04\/violencia-dispara-feminicidios-en-veracruz\/","url_meta":{"origin":7304,"position":1},"title":"Violencia dispara feminicidios en Veracruz","author":"Admin","date":"4 octubre, 2015","format":false,"excerpt":"Xalapa, Ver.-El contexto de violencia del pa\u00eds ha contribuido a que tambi\u00e9n se disparen o hagan m\u00e1s visibles los feminicidios, indic\u00f3 en entrevista Montserrat D\u00edaz, presidenta del Colectivo Feminista de Xalapa. Y es que aunque la violencia de g\u00e9nero es una circunstancia que siempre se ha dado, es evidente que\u2026","rel":"","context":"En &quot;CINTILLO&quot;","block_context":{"text":"CINTILLO","link":"https:\/\/www.grieta.org.mx\/index.php\/category\/cintillo\/"},"img":{"alt_text":"","src":"https:\/\/i0.wp.com\/www.grieta.org.mx\/wp-content\/uploads\/2018\/03\/14524434_1106112876131411_958039263622046936_o.jpg?resize=350%2C200&ssl=1","width":350,"height":200,"srcset":"https:\/\/i0.wp.com\/www.grieta.org.mx\/wp-content\/uploads\/2018\/03\/14524434_1106112876131411_958039263622046936_o.jpg?resize=350%2C200&ssl=1 1x, https:\/\/i0.wp.com\/www.grieta.org.mx\/wp-content\/uploads\/2018\/03\/14524434_1106112876131411_958039263622046936_o.jpg?resize=525%2C300&ssl=1 1.5x, https:\/\/i0.wp.com\/www.grieta.org.mx\/wp-content\/uploads\/2018\/03\/14524434_1106112876131411_958039263622046936_o.jpg?resize=700%2C400&ssl=1 2x"},"classes":[]},{"id":29255,"url":"https:\/\/www.grieta.org.mx\/index.php\/2019\/02\/19\/tiene-violencia-hacia-la-mujer-su-pico-mas-alto-de-los-ultimos-anos-estado-de-mexico-veracruz-guanajuato\/","url_meta":{"origin":7304,"position":2},"title":"Tiene violencia hacia la mujer su pico m\u00e1s alto de los \u00faltimos a\u00f1os (Estado de M\u00e9xico, Veracruz, Guanajuato)","author":"grieta","date":"19 febrero, 2019","format":false,"excerpt":"Redacci\u00f3n SDP Noticias, 19 de Febrero de 2019. Tania Reneaum, directora de Amnist\u00eda Internacional M\u00e9xico, quien sostiene que el problema es la impunidad. M\u00e9xico.- La violencia hacia las mujeres ha repuntado con nueve asesinadas al d\u00eda. No han funcionado las Alertas de Violencia de G\u00e9nero Contra las Mujeres. Tampoco la\u2026","rel":"","context":"En &quot;CINTILLO&quot;","block_context":{"text":"CINTILLO","link":"https:\/\/www.grieta.org.mx\/index.php\/category\/cintillo\/"},"img":{"alt_text":"","src":"https:\/\/i0.wp.com\/www.grieta.org.mx\/wp-content\/uploads\/2019\/02\/0803_marcha-contra-la-violencia-hacia-las-mujeres_620x350.jpg?resize=350%2C200&ssl=1","width":350,"height":200,"srcset":"https:\/\/i0.wp.com\/www.grieta.org.mx\/wp-content\/uploads\/2019\/02\/0803_marcha-contra-la-violencia-hacia-las-mujeres_620x350.jpg?resize=350%2C200&ssl=1 1x, https:\/\/i0.wp.com\/www.grieta.org.mx\/wp-content\/uploads\/2019\/02\/0803_marcha-contra-la-violencia-hacia-las-mujeres_620x350.jpg?resize=525%2C300&ssl=1 1.5x"},"classes":[]},{"id":30612,"url":"https:\/\/www.grieta.org.mx\/index.php\/2019\/03\/08\/salen-a-las-calles-de-orizaba-para-recriminar-feminicidios-en-veracruz\/","url_meta":{"origin":7304,"position":3},"title":"Salen a las calles de Orizaba para recriminar feminicidios en Veracruz","author":"grieta","date":"8 marzo, 2019","format":false,"excerpt":"Lissette Hern\u00e1ndez \/ Al calor pol\u00edtico Mujeres de diferentes organizaciones y asociaciones, entre ellas el Colectivo Feminista \u201cCihuatlahtolli\u201d y \u201cKali Luz Marina\u201d, salieron a las calles este D\u00eda Internacional de la Mujer en una marcha para exigir alto a la violencia contra las f\u00e9minas, pues Veracruz es el estado m\u00e1s\u2026","rel":"","context":"En &quot;CINTILLO&quot;","block_context":{"text":"CINTILLO","link":"https:\/\/www.grieta.org.mx\/index.php\/category\/cintillo\/"},"img":{"alt_text":"","src":"https:\/\/i0.wp.com\/www.grieta.org.mx\/wp-content\/uploads\/2019\/03\/133049marcha_2_2.jpg?resize=350%2C200&ssl=1","width":350,"height":200,"srcset":"https:\/\/i0.wp.com\/www.grieta.org.mx\/wp-content\/uploads\/2019\/03\/133049marcha_2_2.jpg?resize=350%2C200&ssl=1 1x, https:\/\/i0.wp.com\/www.grieta.org.mx\/wp-content\/uploads\/2019\/03\/133049marcha_2_2.jpg?resize=525%2C300&ssl=1 1.5x"},"classes":[]},{"id":38445,"url":"https:\/\/www.grieta.org.mx\/index.php\/2019\/08\/19\/veracruz-y-estado-de-mexico-es-donde-mas-se-mata-a-las-ninas\/","url_meta":{"origin":7304,"position":4},"title":"Veracruz y Estado de M\u00e9xico es donde m\u00e1s se mata a las ni\u00f1as","author":"grieta","date":"19 agosto, 2019","format":false,"excerpt":"Angeles Pillado \/ SDP Veracruz y el Edomex son las entidades donde se perpetra m\u00e1s el feminicidio infantil; en lo que va de 2019, 54 ni\u00f1as fueron asesinadas. M\u00e9xico.- Los estados de Veracruz y M\u00e9xico encabezan en cifras el feminicidio infantil pese a que ambas entidades tienen activas Alertas de\u2026","rel":"","context":"En &quot;CINTILLO&quot;","block_context":{"text":"CINTILLO","link":"https:\/\/www.grieta.org.mx\/index.php\/category\/cintillo\/"},"img":{"alt_text":"","src":"https:\/\/i0.wp.com\/www.grieta.org.mx\/wp-content\/uploads\/2019\/08\/5d5b169fcd9a9.jpeg?resize=350%2C200&ssl=1","width":350,"height":200,"srcset":"https:\/\/i0.wp.com\/www.grieta.org.mx\/wp-content\/uploads\/2019\/08\/5d5b169fcd9a9.jpeg?resize=350%2C200&ssl=1 1x, https:\/\/i0.wp.com\/www.grieta.org.mx\/wp-content\/uploads\/2019\/08\/5d5b169fcd9a9.jpeg?resize=525%2C300&ssl=1 1.5x, https:\/\/i0.wp.com\/www.grieta.org.mx\/wp-content\/uploads\/2019\/08\/5d5b169fcd9a9.jpeg?resize=700%2C400&ssl=1 2x"},"classes":[]},{"id":36869,"url":"https:\/\/www.grieta.org.mx\/index.php\/2019\/07\/14\/edomex-y-veracruz-encabezan-cifras-de-feminicidio-infantil\/","url_meta":{"origin":7304,"position":5},"title":"Edomex y Veracruz encabezan cifras de feminicidio infantil","author":"grieta","date":"14 julio, 2019","format":false,"excerpt":"Marisol Vel\u00e1zquez\/El Economista A pesar de que Veracruz y el Estado de M\u00e9xico buscan reforzar sus estrategias para combatir la violencia de g\u00e9nero contra las mujeres y ni\u00f1as, son las entidades con mayores registros de feminicidios infantiles. A pesar de que Veracruz y el Estado de M\u00e9xico buscan reforzar sus\u2026","rel":"","context":"En &quot;CINTILLO&quot;","block_context":{"text":"CINTILLO","link":"https:\/\/www.grieta.org.mx\/index.php\/category\/cintillo\/"},"img":{"alt_text":"","src":"https:\/\/i0.wp.com\/www.grieta.org.mx\/wp-content\/uploads\/2019\/07\/feminicidios_edomex.jpg_596760611.jpg?resize=350%2C200&ssl=1","width":350,"height":200,"srcset":"https:\/\/i0.wp.com\/www.grieta.org.mx\/wp-content\/uploads\/2019\/07\/feminicidios_edomex.jpg_596760611.jpg?resize=350%2C200&ssl=1 1x, https:\/\/i0.wp.com\/www.grieta.org.mx\/wp-content\/uploads\/2019\/07\/feminicidios_edomex.jpg_596760611.jpg?resize=525%2C300&ssl=1 1.5x, https:\/\/i0.wp.com\/www.grieta.org.mx\/wp-content\/uploads\/2019\/07\/feminicidios_edomex.jpg_596760611.jpg?resize=700%2C400&ssl=1 2x"},"classes":[]}],"_links":{"self":[{"href":"https:\/\/www.grieta.org.mx\/index.php\/wp-json\/wp\/v2\/posts\/7304","targetHints":{"allow":["GET"]}}],"collection":[{"href":"https:\/\/www.grieta.org.mx\/index.php\/wp-json\/wp\/v2\/posts"}],"about":[{"href":"https:\/\/www.grieta.org.mx\/index.php\/wp-json\/wp\/v2\/types\/post"}],"author":[{"embeddable":true,"href":"https:\/\/www.grieta.org.mx\/index.php\/wp-json\/wp\/v2\/users\/1"}],"replies":[{"embeddable":true,"href":"https:\/\/www.grieta.org.mx\/index.php\/wp-json\/wp\/v2\/comments?post=7304"}],"version-history":[{"count":1,"href":"https:\/\/www.grieta.org.mx\/index.php\/wp-json\/wp\/v2\/posts\/7304\/revisions"}],"predecessor-version":[{"id":7305,"href":"https:\/\/www.grieta.org.mx\/index.php\/wp-json\/wp\/v2\/posts\/7304\/revisions\/7305"}],"wp:featuredmedia":[{"embeddable":true,"href":"https:\/\/www.grieta.org.mx\/index.php\/wp-json\/wp\/v2\/media\/21928"}],"wp:attachment":[{"href":"https:\/\/www.grieta.org.mx\/index.php\/wp-json\/wp\/v2\/media?parent=7304"}],"wp:term":[{"taxonomy":"category","embeddable":true,"href":"https:\/\/www.grieta.org.mx\/index.php\/wp-json\/wp\/v2\/categories?post=7304"},{"taxonomy":"post_tag","embeddable":true,"href":"https:\/\/www.grieta.org.mx\/index.php\/wp-json\/wp\/v2\/tags?post=7304"}],"curies":[{"name":"wp","href":"https:\/\/api.w.org\/{rel}","templated":true}]}}