{"id":72550,"date":"2026-03-13T09:53:21","date_gmt":"2026-03-13T15:53:21","guid":{"rendered":"https:\/\/www.grieta.org.mx\/?p=72550"},"modified":"2026-03-16T09:57:24","modified_gmt":"2026-03-16T15:57:24","slug":"diles-que-tenemos-que-resistir-tenemos-que-rebelarnos-tenemos-que-vivir-carta-del-subcomandante-insurgente-moises-a-luis-de-tavira","status":"publish","type":"post","link":"https:\/\/www.grieta.org.mx\/index.php\/2026\/03\/13\/diles-que-tenemos-que-resistir-tenemos-que-rebelarnos-tenemos-que-vivir-carta-del-subcomandante-insurgente-moises-a-luis-de-tavira\/","title":{"rendered":"DILES QUE TENEMOS QUE RESISTIR, TENEMOS QUE REBELARNOS, TENEMOS QUE VIVIR. CARTA DEL SUBCOMANDANTE INSURGENTE MOIS\u00c9S A LUIS DE TAVIRA"},"content":{"rendered":"<p>24 de febrero del 2026.<\/p>\n<p>Para el maestro Luis de Tavira.<br \/>\nDel Subcomandante Insurgente Mois\u00e9s.<\/p>\n<p>Compa\u00f1ero Tavira:<\/p>\n<p>Le mando nuestros saludos a nombre de los ni\u00f1os, ancianos, mujeres, hombres y\u00a0<strong><em>otroas<\/em><\/strong>\u00a0zapatistas.<\/p>\n<p>De director a director teatristas, le mando un abrazo propio.\u00a0 Estamos contentos que se haya usted mejorado un poco de su salud, y que est\u00e9 ahora en este homenaje que le hacen sus m\u00e1s cercanos familiares y amistades.<\/p>\n<p>Ac\u00e1 seguimos en la lucha, en nuestra resistencia y rebeld\u00eda que, como usted sabe bien, tambi\u00e9n camina por las artes y las ciencias.\u00a0 Hace unas semanas, los coordinadores de arte y cultura, y los teatristas, le escribieron una carta, y usted les respondi\u00f3.\u00a0 Eso alegr\u00f3 nuestro coraz\u00f3n porque entendemos as\u00ed que usted nos ve tambi\u00e9n como lo vemos nosotros a usted.\u00a0 O sea, como compa\u00f1ero en la lucha por la vida.<\/p>\n<p>Como bien lo sabemos, la tormenta se hace m\u00e1s fuerte y mortal en todos los rincones del mundo, y son los m\u00e1s jodidos quienes m\u00e1s sufren.<\/p>\n<p>Pero, como bien ha dicho usted en algunas ocasiones, las artes son tambi\u00e9n una forma de lucha por la vida.\u00a0 Y quienes luchamos, resistimos y nos rebelamos, tambi\u00e9n aprendemos y ense\u00f1amos con las artes y las ciencias.<\/p>\n<p>La lucha por la vida en estos tiempos dif\u00edciles y duros se hace con la cabeza, el coraz\u00f3n y las tripas.\u00a0 Y las tres cosas tienen qu\u00e9 ver con la historia de cada quien.\u00a0 Somos diferentes los que somos de sangre que decimos originaria, ind\u00edgena.\u00a0 Diferentes en cabeza, coraz\u00f3n y tripas de quienes tienen otra lengua, otro modo, otra historia.\u00a0 Pero nos hacemos iguales en las ciencias, las artes y las luchas.\u00a0 Y m\u00e1s ahora que la lucha es por la vida, porque el sistema capitalista est\u00e1 muy decidido a destruir a toda la humanidad.<\/p>\n<p>Nosotros encontramos en la tierra la vida.\u00a0 Otros en las ciencias.\u00a0 Otros en las artes.\u00a0 Otros en su historia.<\/p>\n<p>Tal vez alguien piense que cada persona debe ver por su propia vida, pero la situaci\u00f3n actual no deja lugar para la lucha individual.\u00a0 Todas, todos,\u00a0<strong><em>todoas<\/em><\/strong>\u00a0estamos en peligro mortal.\u00a0 Distintos, diferentes, cada quien seg\u00fan su geograf\u00eda, su calendario, su modo, nos hacemos iguales al reconocer al criminal y en la lucha para derrotarlo.<\/p>\n<p>Nuestro esfuerzo, como zapatistas que somos, es para que el d\u00eda siguiente a la muerte de la bestia inhumana del sistema, no hagamos lo mismo, y que de nuestras ra\u00edces no nazcan otros monstruos.\u00a0 Otras pir\u00e1mides, decimos nosotras las comunidades zapatistas.<\/p>\n<p>Lo que queremos es otro mundo donde estemos cabal.\u00a0 No todos iguales como copias, no todos con el mismo modo, sino cada quien lo que es y quiere ser, pero sin oprimir al diferente, sin tratar de hacerlo igual a nosotros, sino que respetando al que no es como nosotros.\u00a0 Un mundo sin explotaci\u00f3n, sin represi\u00f3n, sin robos, sin desprecios.<\/p>\n<p>Te saludamos maestro.\u00a0 Diles a tus cercanos que no importan la geograf\u00eda ni el modo, y que tampoco importan la edad o la salud.\u00a0 Diles que tenemos que resistir, tenemos que rebelarnos, tenemos que vivir.<\/p>\n<p>Un abrazo de tus compa\u00f1eros los pueblos zapatistas.<\/p>\n<p>Subcomandante Insurgente Mois\u00e9s.<br \/>\nM\u00e9xico, febrero del 2026.<\/p>\n<p><a href=\"https:\/\/enlacezapatista.ezln.org.mx\/2026\/03\/12\/diles-que-tenemos-que-resistir-tenemos-que-revelarnos-tenemos-que-vivir-carta-del-subcomandante-insurgente-moises-a-luis-de-tavira\/\" target=\"_blank\" rel=\"noopener\">https:\/\/enlacezapatista.ezln.org.mx\/2026\/03\/12\/diles-que-tenemos-que-resistir-tenemos-que-revelarnos-tenemos-que-vivir-carta-del-subcomandante-insurgente-moises-a-luis-de-tavira\/<\/a><\/p>\n<p>&nbsp;<\/p>\n","protected":false},"excerpt":{"rendered":"<p>24 de febrero del 2026. Para el maestro Luis de Tavira. Del Subcomandante Insurgente Mois\u00e9s. Compa\u00f1ero Tavira: Le mando nuestros saludos a nombre de los ni\u00f1os, ancianos, mujeres, hombres y\u00a0otroas\u00a0zapatistas. &hellip; <a href=\"https:\/\/www.grieta.org.mx\/index.php\/2026\/03\/13\/diles-que-tenemos-que-resistir-tenemos-que-rebelarnos-tenemos-que-vivir-carta-del-subcomandante-insurgente-moises-a-luis-de-tavira\/\" class=\"more-link\">Leer m\u00e1s<\/a><\/p>\n","protected":false},"author":2,"featured_media":72551,"comment_status":"closed","ping_status":"closed","sticky":false,"template":"","format":"standard","meta":{"ngg_post_thumbnail":0,"_jetpack_newsletter_access":"","_jetpack_dont_email_post_to_subs":false,"_jetpack_newsletter_tier_id":0,"_jetpack_memberships_contains_paywalled_content":false,"_jetpack_memberships_contains_paid_content":false,"footnotes":""},"categories":[80,74,907,2,78],"tags":[],"class_list":["post-72550","post","type-post","status-publish","format-standard","has-post-thumbnail","hentry","category-cintillo","category-ezln","category-ezln-2","category-noticias-nacionales","category-palabras-del-ezln","entry"],"jetpack_featured_media_url":"https:\/\/www.grieta.org.mx\/wp-content\/uploads\/2026\/03\/Captura-de-pantalla-2026-03-16-095313.png","jetpack_sharing_enabled":true,"jetpack_shortlink":"https:\/\/wp.me\/p7ZJR4-iSa","jetpack_likes_enabled":false,"jetpack-related-posts":[{"id":3720,"url":"https:\/\/www.grieta.org.mx\/index.php\/2015\/07\/13\/indice-volumen-uno-participaciones-de-la-comision-sexta-del-ezln-en-el-seminario-el-pensamiento-critico-frente-a-la-hidra-capitalista\/","url_meta":{"origin":72550,"position":0},"title":"\u00cdNDICE volumen Uno (participaciones de la Comisi\u00f3n Sexta del EZLN en el Seminario \u201cEl Pensamiento Cr\u00edtico frente a la Hidra Capitalista\u201d)","author":"grieta","date":"13 julio, 2015","format":false,"excerpt":"\u00cdNDICE volumen Uno (participaciones de la Comisi\u00f3n Sexta del EZLN en el Seminario \u201cEl Pensamiento Cr\u00edtico frente a la Hidra Capitalista\u201d) .- Pr\u00f3logo: De c\u00f3mo llegamos a la Cofa del Vig\u00eda y lo que desde ah\u00ed miramos. SupGaleano. I.- Nuestra mirada hacia dentro. Algunas pistas: .- La Tormenta, el Centinela\u2026","rel":"","context":"En &quot;Comunicados&quot;","block_context":{"text":"Comunicados","link":"https:\/\/www.grieta.org.mx\/index.php\/category\/ezln-2\/ezln\/"},"img":{"alt_text":"","src":"https:\/\/i0.wp.com\/www.grieta.org.mx\/wp-content\/uploads\/2018\/03\/14524434_1106112876131411_958039263622046936_o.jpg?resize=350%2C200&ssl=1","width":350,"height":200,"srcset":"https:\/\/i0.wp.com\/www.grieta.org.mx\/wp-content\/uploads\/2018\/03\/14524434_1106112876131411_958039263622046936_o.jpg?resize=350%2C200&ssl=1 1x, https:\/\/i0.wp.com\/www.grieta.org.mx\/wp-content\/uploads\/2018\/03\/14524434_1106112876131411_958039263622046936_o.jpg?resize=525%2C300&ssl=1 1.5x, https:\/\/i0.wp.com\/www.grieta.org.mx\/wp-content\/uploads\/2018\/03\/14524434_1106112876131411_958039263622046936_o.jpg?resize=700%2C400&ssl=1 2x"},"classes":[]},{"id":70812,"url":"https:\/\/www.grieta.org.mx\/index.php\/2025\/01\/09\/ecos-de-la-primera-sesion-de-los-encuentros-de-resistencia-y-rebeldia-diciembre-2024-y-1-2-de-enero-2025-participacion-zapatista-audios-y-videos-para-descargar\/","url_meta":{"origin":72550,"position":1},"title":"Ecos de la Primera Sesi\u00f3n de los Encuentros de Resistencia y Rebeld\u00eda. Diciembre 2024 y 1-2 de enero 2025. Participaci\u00f3n Zapatista: Audios y Videos para Descargar","author":"grieta","date":"9 enero, 2025","format":false,"excerpt":"Ecos de la Primera Sesi\u00f3n de los Encuentros de Resistencia y Rebeld\u00eda. Diciembre 2024 y 1-2 de enero 2025. Participaci\u00f3n Zapatista: Audios y Videos para Descargar Para firmantes de la Declaraci\u00f3n por la Vida, compas zapatistas y herman@s partidistas \u2026\u2026\u2026\u2026\u2026\u2026\u2026\u2026\u2026\u2026\u2026\u2026\u2026\u2026\u2026\u2026\u2026\u2026\u2026.. S\u00c1BADO 28 DE DICIEMBRE DE 2024 \u2026\u2026\u2026\u2026\u2026\u2026\u2026\u2026\u2026\u2026\u2026\u2026\u2026\u2026\u2026\u2026\u2026\u2026\u2026.. Presentaci\u00f3n Capit\u00e1n Insurgente\u2026","rel":"","context":"En &quot;CINTILLO&quot;","block_context":{"text":"CINTILLO","link":"https:\/\/www.grieta.org.mx\/index.php\/category\/cintillo\/"},"img":{"alt_text":"","src":"https:\/\/i0.wp.com\/www.grieta.org.mx\/wp-content\/uploads\/2025\/01\/Screenshot-2025-01-09-at-14-30-25-Enlace-Zapatista.png?resize=350%2C200&ssl=1","width":350,"height":200,"srcset":"https:\/\/i0.wp.com\/www.grieta.org.mx\/wp-content\/uploads\/2025\/01\/Screenshot-2025-01-09-at-14-30-25-Enlace-Zapatista.png?resize=350%2C200&ssl=1 1x, https:\/\/i0.wp.com\/www.grieta.org.mx\/wp-content\/uploads\/2025\/01\/Screenshot-2025-01-09-at-14-30-25-Enlace-Zapatista.png?resize=525%2C300&ssl=1 1.5x, https:\/\/i0.wp.com\/www.grieta.org.mx\/wp-content\/uploads\/2025\/01\/Screenshot-2025-01-09-at-14-30-25-Enlace-Zapatista.png?resize=700%2C400&ssl=1 2x, https:\/\/i0.wp.com\/www.grieta.org.mx\/wp-content\/uploads\/2025\/01\/Screenshot-2025-01-09-at-14-30-25-Enlace-Zapatista.png?resize=1050%2C600&ssl=1 3x"},"classes":[]},{"id":72447,"url":"https:\/\/www.grieta.org.mx\/index.php\/2025\/12\/25\/semillero-de-piramides-de-historias-de-amores-y-claro-desamores-programa\/","url_meta":{"origin":72550,"position":2},"title":"SEMILLERO \u201cDE PIR\u00c1MIDES, DE HISTORIAS, DE AMORES Y, CLARO, DESAMORES\u201d Programa","author":"grieta","date":"25 diciembre, 2025","format":false,"excerpt":"SEMILLERO \u201cDE PIR\u00c1MIDES, DE HISTORIAS, DE AMORES Y, CLARO, DESAMORES\u201d Programa \u00a0 Programa y horarios: D\u00eda 26 de diciembre del 2025: 1900 hrs.\u00a0 Comisi\u00f3n Sexta Zapatista.\u00a0 Subcomandante Insurgente Mois\u00e9s y Capit\u00e1n Marcos. D\u00eda 27 de diciembre: 1800 hrs. Ra\u00fal Romero, Carlos Aguirre Rojas y Comisi\u00f3n Sexta Zapatista. D\u00eda 28 de\u2026","rel":"","context":"En &quot;CINTILLO&quot;","block_context":{"text":"CINTILLO","link":"https:\/\/www.grieta.org.mx\/index.php\/category\/cintillo\/"},"img":{"alt_text":"","src":"https:\/\/i0.wp.com\/www.grieta.org.mx\/wp-content\/uploads\/2025\/12\/Captura-de-pantalla-2025-12-26-172053.png?resize=350%2C200&ssl=1","width":350,"height":200,"srcset":"https:\/\/i0.wp.com\/www.grieta.org.mx\/wp-content\/uploads\/2025\/12\/Captura-de-pantalla-2025-12-26-172053.png?resize=350%2C200&ssl=1 1x, https:\/\/i0.wp.com\/www.grieta.org.mx\/wp-content\/uploads\/2025\/12\/Captura-de-pantalla-2025-12-26-172053.png?resize=525%2C300&ssl=1 1.5x, https:\/\/i0.wp.com\/www.grieta.org.mx\/wp-content\/uploads\/2025\/12\/Captura-de-pantalla-2025-12-26-172053.png?resize=700%2C400&ssl=1 2x"},"classes":[]},{"id":72433,"url":"https:\/\/www.grieta.org.mx\/index.php\/2025\/11\/17\/convocatoria-al-semillero-de-piramides-de-historias-de-amores-y-claro-desamores\/","url_meta":{"origin":72550,"position":3},"title":"CONVOCATORIA AL SEMILLERO \u201cDE PIR\u00c1MIDES, DE HISTORIAS, DE AMORES Y, CLARO, DESAMORES\u201d","author":"grieta","date":"17 noviembre, 2025","format":false,"excerpt":"CONVOCATORIA AL SEMILLERO \u201cDE PIR\u00c1MIDES, DE HISTORIAS, DE AMORES Y, CLARO, DESAMORES\u201d \u00a0 CIDECI-UNITIERRA DEL 26 AL 30 DE DICIEMBRE DEL 2025. La Comisi\u00f3n Sexta Zapatista invita a las personas firmantes de la Sexta Declaraci\u00f3n de la Selva Lacandona y la Declaraci\u00f3n por la Vida a la realizaci\u00f3n del semillero\u2026","rel":"","context":"En &quot;CINTILLO&quot;","block_context":{"text":"CINTILLO","link":"https:\/\/www.grieta.org.mx\/index.php\/category\/cintillo\/"},"img":{"alt_text":"","src":"https:\/\/i0.wp.com\/www.grieta.org.mx\/wp-content\/uploads\/2025\/11\/Captura-de-pantalla-2025-11-17-124447.png?resize=350%2C200&ssl=1","width":350,"height":200,"srcset":"https:\/\/i0.wp.com\/www.grieta.org.mx\/wp-content\/uploads\/2025\/11\/Captura-de-pantalla-2025-11-17-124447.png?resize=350%2C200&ssl=1 1x, https:\/\/i0.wp.com\/www.grieta.org.mx\/wp-content\/uploads\/2025\/11\/Captura-de-pantalla-2025-11-17-124447.png?resize=525%2C300&ssl=1 1.5x, https:\/\/i0.wp.com\/www.grieta.org.mx\/wp-content\/uploads\/2025\/11\/Captura-de-pantalla-2025-11-17-124447.png?resize=700%2C400&ssl=1 2x"},"classes":[]},{"id":70633,"url":"https:\/\/www.grieta.org.mx\/index.php\/2024\/12\/03\/programa-de-la-primera-sesion-de-los-encuentros-internacionales-de-resistencias-y-rebeldias-mesas-y-ponentes\/","url_meta":{"origin":72550,"position":4},"title":"PROGRAMA DE LA PRIMERA SESI\u00d3N DE LOS ENCUENTROS INTERNACIONALES DE RESISTENCIAS Y REBELD\u00cdAS.  Mesas y Ponentes.","author":"grieta","date":"3 diciembre, 2024","format":false,"excerpt":"PROGRAMA DE LA PRIMERA SESI\u00d3N DE LOS ENCUENTROS INTERNACIONALES DE RESISTENCIAS Y REBELD\u00cdAS. Mesas y Ponentes. Aqu\u00ed les ponemos el programa de participaciones: S\u00e1bado 28 de diciembre del 2024. Sede Cideci-Unitierra. SCLC, Chiapas, M\u00e9xico. Mesa I: La tormenta: el crimen, el verdugo y las v\u00edctimas. Participan: Jorge Alonso, John Holloway,\u2026","rel":"","context":"En &quot;CINTILLO&quot;","block_context":{"text":"CINTILLO","link":"https:\/\/www.grieta.org.mx\/index.php\/category\/cintillo\/"},"img":{"alt_text":"","src":"https:\/\/i0.wp.com\/www.grieta.org.mx\/wp-content\/uploads\/2024\/12\/Screenshot-2024-12-03-at-17-09-14-Enlace-Zapatista.png?resize=350%2C200&ssl=1","width":350,"height":200,"srcset":"https:\/\/i0.wp.com\/www.grieta.org.mx\/wp-content\/uploads\/2024\/12\/Screenshot-2024-12-03-at-17-09-14-Enlace-Zapatista.png?resize=350%2C200&ssl=1 1x, https:\/\/i0.wp.com\/www.grieta.org.mx\/wp-content\/uploads\/2024\/12\/Screenshot-2024-12-03-at-17-09-14-Enlace-Zapatista.png?resize=525%2C300&ssl=1 1.5x, https:\/\/i0.wp.com\/www.grieta.org.mx\/wp-content\/uploads\/2024\/12\/Screenshot-2024-12-03-at-17-09-14-Enlace-Zapatista.png?resize=700%2C400&ssl=1 2x, https:\/\/i0.wp.com\/www.grieta.org.mx\/wp-content\/uploads\/2024\/12\/Screenshot-2024-12-03-at-17-09-14-Enlace-Zapatista.png?resize=1050%2C600&ssl=1 3x"},"classes":[]},{"id":17006,"url":"https:\/\/www.grieta.org.mx\/index.php\/2015\/05\/03\/domingo-3-de-mayo-cideci-tarde\/","url_meta":{"origin":72550,"position":5},"title":"Domingo 3 de mayo, CIDECI (Tarde)","author":"grieta","date":"3 mayo, 2015","format":false,"excerpt":"Sergio Rodr\u00edguez Lazcano: http:\/\/radiozapatista.org\/Audios\/pensamiento\/3may_sergio-rodriguez.mp3 Luis Lozano Arredondo: http:\/\/radiozapatista.org\/Audios\/pensamiento\/3may_luis-lozano.mp3 Rosa Albina Garavito (audio incompleto\u2026 en breve lo actualizaremos): http:\/\/radiozapatista.org\/Audios\/pensamiento\/3may_rosa-albina_part1.mp3 Subcomandante Insurgente Mois\u00e9s \u2013 Sobre las elecciones: organizarse: http:\/\/radiozapatista.org\/Audios\/pensamiento\/3may_sup-moi2.mp3","rel":"","context":"En &quot;Audios seminario&quot;","block_context":{"text":"Audios seminario","link":"https:\/\/www.grieta.org.mx\/index.php\/category\/ezln-2\/eventos\/seminario\/audios-seminario\/"},"img":{"alt_text":"","src":"https:\/\/i0.wp.com\/www.grieta.org.mx\/wp-content\/uploads\/2018\/03\/14524434_1106112876131411_958039263622046936_o.jpg?resize=350%2C200&ssl=1","width":350,"height":200,"srcset":"https:\/\/i0.wp.com\/www.grieta.org.mx\/wp-content\/uploads\/2018\/03\/14524434_1106112876131411_958039263622046936_o.jpg?resize=350%2C200&ssl=1 1x, https:\/\/i0.wp.com\/www.grieta.org.mx\/wp-content\/uploads\/2018\/03\/14524434_1106112876131411_958039263622046936_o.jpg?resize=525%2C300&ssl=1 1.5x, https:\/\/i0.wp.com\/www.grieta.org.mx\/wp-content\/uploads\/2018\/03\/14524434_1106112876131411_958039263622046936_o.jpg?resize=700%2C400&ssl=1 2x"},"classes":[]}],"_links":{"self":[{"href":"https:\/\/www.grieta.org.mx\/index.php\/wp-json\/wp\/v2\/posts\/72550","targetHints":{"allow":["GET"]}}],"collection":[{"href":"https:\/\/www.grieta.org.mx\/index.php\/wp-json\/wp\/v2\/posts"}],"about":[{"href":"https:\/\/www.grieta.org.mx\/index.php\/wp-json\/wp\/v2\/types\/post"}],"author":[{"embeddable":true,"href":"https:\/\/www.grieta.org.mx\/index.php\/wp-json\/wp\/v2\/users\/2"}],"replies":[{"embeddable":true,"href":"https:\/\/www.grieta.org.mx\/index.php\/wp-json\/wp\/v2\/comments?post=72550"}],"version-history":[{"count":1,"href":"https:\/\/www.grieta.org.mx\/index.php\/wp-json\/wp\/v2\/posts\/72550\/revisions"}],"predecessor-version":[{"id":72552,"href":"https:\/\/www.grieta.org.mx\/index.php\/wp-json\/wp\/v2\/posts\/72550\/revisions\/72552"}],"wp:featuredmedia":[{"embeddable":true,"href":"https:\/\/www.grieta.org.mx\/index.php\/wp-json\/wp\/v2\/media\/72551"}],"wp:attachment":[{"href":"https:\/\/www.grieta.org.mx\/index.php\/wp-json\/wp\/v2\/media?parent=72550"}],"wp:term":[{"taxonomy":"category","embeddable":true,"href":"https:\/\/www.grieta.org.mx\/index.php\/wp-json\/wp\/v2\/categories?post=72550"},{"taxonomy":"post_tag","embeddable":true,"href":"https:\/\/www.grieta.org.mx\/index.php\/wp-json\/wp\/v2\/tags?post=72550"}],"curies":[{"name":"wp","href":"https:\/\/api.w.org\/{rel}","templated":true}]}}