{"id":725,"date":"2015-01-24T02:05:48","date_gmt":"2015-01-24T02:05:48","guid":{"rendered":"http:\/\/50.22.11.12\/~grietaor\/?p=725"},"modified":"2016-03-02T02:06:55","modified_gmt":"2016-03-02T02:06:55","slug":"eruviel-murillo-cienfuegos-y-plascencia-encubrieron-el-crimen-en-tlatlaya-analistas","status":"publish","type":"post","link":"https:\/\/www.grieta.org.mx\/index.php\/2015\/01\/24\/eruviel-murillo-cienfuegos-y-plascencia-encubrieron-el-crimen-en-tlatlaya-analistas\/","title":{"rendered":"Eruviel, Murillo, Cienfuegos y Plascencia encubrieron el crimen en Tlatlaya: analistas"},"content":{"rendered":"<p>Shaila Rosagel y Ariadna Ortega<\/p>\n<p>Ciudad de M\u00e9xico, 24 de enero (SinEmbargo).\u2013 En la ejecuci\u00f3n extrajudicial de Tlatlaya existe una clara red de complicidades y de encubrimiento para proteger al Ej\u00e9rcito mexicano, porque de \u00e9l depende la estrategia de seguridad del gobierno federal, coincidieron expertos consultados por SinEmbargo.<\/p>\n<p>El encubrimiento vino desde los altos niveles de gobierno, no s\u00f3lo federal sino tambi\u00e9n estatal. Los especialistas se\u00f1alan directamente al Procurador Jes\u00fas Murillo Karam; al Gobernador Eruviel \u00c1vila Villegas; al entonces responsable de la Comisi\u00f3n Nacional de Derechos Humanos, Ra\u00fal Plascencia Villanueva, y al Secretario de la Defensa Nacional, Salvador Cienfuegos.<\/p>\n<p>Se\u00f1alaron que no se trata de un evento aislado: Tlatlaya y Ayotzinapa tienen en com\u00fan el hecho de un esfuerzo ac\u00e9rrimo por proteger a las fuerzas castrenses. Como esos dos eventos, desde hace a\u00f1os se realiza la misma pr\u00e1ctica en M\u00e9xico.<\/p>\n<p>\u201cYo creo que hay una red de encubrimiento que no es de ahora, el sistema de justicia penal, donde muy poca gente puede saber qu\u00e9 hay en el expediente, esa opacidad que bajo lo que estaba construido el sistema, permit\u00eda el uso pol\u00edtico de la justicia, ahora se espera que cambie con el nuevo sistema. En el caso de Tlatlaya se intervino para encubrir al Ej\u00e9rcito, para presentar a las personas ejecutadas como muertos en un enfrentamiento, cuando no era cierto\u201d, dijo Edgar Cortez Morales, investigador del Instituto Mexicano de Derechos Humanos y Democracia.<\/p>\n<p>La semana pasada, despu\u00e9s de que la Comisi\u00f3n Nacional reclasific\u00f3 como violaciones a los derechos humanos lo sucedido en Tlatlaya, el Instituto Federal de Acceso a la Informaci\u00f3n y Protecci\u00f3n de Datos (IFAI) orden\u00f3 liberar todos los datos de la masacre. La Procuradur\u00eda General de la Rep\u00fablica (PGR), la Secretar\u00eda de Defensa Nacional (Sedena) y el Gobernador del Estado de M\u00e9xico Eruviel \u00c1vila Villegas hab\u00edan ordenado congelar la informaci\u00f3n por un periodo de 12 a\u00f1os.<\/p>\n<p>Alejandro Jaime G\u00f3mez S\u00e1nchez, titular de la Procuradur\u00eda General de Justicia del Estado de M\u00e9xico (PGJEM), inform\u00f3 que ya se investiga a 20 funcionarios estatales, entre ellos, agentes y polic\u00edas ministeriales, as\u00ed como peritos en diversas disciplinas, por la presunta tortura de tres mujeres que fueron detenidas luego de la ejecuci\u00f3n de 22 civiles por parte de elementos del Ej\u00e9rcito mexicano ocurrida el pasado 30 de junio en el municipio de Tlatlaya.<\/p>\n<p>Para Cortez Morales es clara la omisi\u00f3n y la intenci\u00f3n de encubrir a las fuerzas castrenses en el caso.<\/p>\n<p>\u201cHasta la fecha la estrategia del seguridad del gobierno depende en gran medida del Ej\u00e9rcito y por ello, tiene esa necesidad de defender a las fuerzas armadas. Hay encubrimiento en tanto que hay opacidad y un inter\u00e9s espec\u00edfico de proteger al Ej\u00e9rcito en primer lugar el Gobernador [Eruviel \u00c1vila] sale a dar un discurso pol\u00edtico, junto con \u00e9l el Procurador, que permite una investigaci\u00f3n que tiene errores, altera el lugar, la escena de los hechos, da para pensar que los peritos de manera deliberada dieron dict\u00e1menes que no correspond\u00edan con la realidad\u201d, explic\u00f3.<\/p>\n<p>El investigador y experto en derechos humanos agreg\u00f3 que la PGR llev\u00f3 desde el principio, una investigaci\u00f3n que no permiti\u00f3 obtener resultados objetivos, secundada por el gobierno del Estado de M\u00e9xico y en su momento por la CNDH.<\/p>\n<p>LA CONSIGNA: CUIDAR AL EJ\u00c9RCITO<\/p>\n<p>Erubiel Tirado Cervantes, miembro del Seminario de Investigaci\u00f3n y Educaci\u00f3n en Estudios de Defensa y Seguridad y especialista en Relaciones Civiles Militares de la Universidad Iberoamericana, dijo que \u201chay una consigna de proteger la responsabilidad institucional del Ej\u00e9rcito\u201d, cuando se trata de violaciones graves a los derechos humanos, que llevan a un \u201cesquema de impunidad\u201d.<\/p>\n<p>\u201cHay un manto de protecci\u00f3n para el Ej\u00e9rcito, y, si hay otros miembros y oficiales que participaron y no se les procesa, juzga y condena, nos dar\u00e1 un problema de impunidad. No basta con los militares que tienen ahorita, pero es el mismo esquema que se observa en el caso Ayotzinapa: hay una intenci\u00f3n de cerrar el caso, borrar a los j\u00f3venes de la faz de la tierra y decir que desaparecieron en un basurero y s\u00f3lo se pudo identificar a uno de ellos\u201d, indic\u00f3.<\/p>\n<p>El crimin\u00f3logo Pablo Monzalvo P\u00e9rez agreg\u00f3 que hasta el momento no se ha llegado a una verdad jur\u00eddica de lo que sucedi\u00f3, porque \u201cno sabemos nada\u201d.<\/p>\n<p>\u201cHay una omisi\u00f3n jur\u00eddica, no han tomado su papel, tiene que haber una verdad comprobada, no podemos quedarnos con dichos. Las recomendaciones de la Comisi\u00f3n de Derechos Humanos no son vinculatorias, pueden atenderse o no. Est\u00e1 en los peri\u00f3dicos de todo el mundo, en los pasillos de la ciudad. Que dejen de ser omisos y decir lo que tengan que decir\u201d, expuso.<\/p>\n<p>Para los expertos, todas las autoridades involucradas en el caso Tlatlaya est\u00e1n en el peor de los casos deslegitimadas y en el mejor, en una baja estima.<\/p>\n<p>LA CADENA DE ENCUBRIMIENTO<\/p>\n<p>En octubre del a\u00f1o pasado Jos\u00e9 Miguel Vivanco, director para las Am\u00e9ricas de la organizaci\u00f3n Human Rights Watch (HRW), dijo que el Gobernador Eruviel \u00c1vila Villegas, deber\u00eda ser el primero en exigir que se transparente y resuelva el caso de Tlatlaya, despu\u00e9s de que el mandatario fijara su posicionamiento sobre el tema desde el Palacio de Gobierno de Toluca. Pidi\u00f3 a los periodistas \u201csu comprensi\u00f3n\u201d ante su postura (no hacer m\u00e1s cuestionamientos sobre el tema) y explic\u00f3 que el gobierno estatal s\u00f3lo atender\u00e1 los requerimientos de las instituciones judiciales que investigan el caso.<\/p>\n<p>\u201cMe sorprende la actitud del Gobernador del Estado de M\u00e9xico, \u00e9l deber\u00eda estar muy molesto y muy preocupado con lo que ocurri\u00f3, porque evidentemente \u00e9l fue una pieza clave en esta operaci\u00f3n para desvirtuar la verdad de lo ocurrido y para enga\u00f1ar a la opini\u00f3n p\u00fablica nacional e internacional respecto de esta masacre\u201d, dijo Vivanco en esa ocasi\u00f3n.<\/p>\n<p>El director de HRW opin\u00f3 que si Eruviel \u00c1vila fue sorprendido por quienes ejecutaron a los 22 civiles ya rendidos en Tlatlaya, deb\u00eda afrontarlo, decirlo p\u00fablicamente y exigir una investigaci\u00f3n detallada para preservar su prestigio y reputaci\u00f3n.<\/p>\n<p>\u201cPorque \u00e9l fue una figura clave que a las horas de ocurrida la masacre, estaba repitiendo literalmente la versi\u00f3n oficial elaborada por el ejercito en el sentido de que se hab\u00eda tratado de un enfrentamiento por un grupo de delincuentes donde de un lado murieron 22 y del otro ninguno\u201d, record\u00f3.<\/p>\n<p>Vivanco prosigui\u00f3: \u201cEsa fue la versi\u00f3n oficial. No tenemos elementos, antecedentes como para acusar al Gobernador de ser encubridor de estos hechos, porque no tenemos la evidencia de qui\u00e9n le comunic\u00f3 esta informaci\u00f3n al Gobernador y qui\u00e9n lo llev\u00f3 a \u00e9l, al igual que al Procurador, a sostener la misma versi\u00f3n del Ej\u00e9rcito. No sabemos simplemente si lo hicieron porque quer\u00edan quedar bien con el Ej\u00e9rcito, porque acostumbran a repetir las versiones oficiales que provienen del Ej\u00e9rcito y entienden que esa es su funci\u00f3n, lo hicieron porque alguien les inform\u00f3 que esa era la \u00fanica posibilidad y que no habr\u00eda una investigaci\u00f3n seria y que la posici\u00f3n era cerrar el cap\u00edtulo y punto\u201d, cuestion\u00f3.<\/p>\n<p>Sin embargo, pasaron casi tres meses y hasta hoy, \u00c1vila Villegas mantiene silencio y no existe ning\u00fan indicio de que el Estado de M\u00e9xico est\u00e9 apostando por resolver el caso. Tlatlaya ha sido encubierto, de acuerdo con los expertos, desde el Gobernador, hasta la CNDH.<\/p>\n<p>ERUVIEL: LA FELICITACI\u00d3N<\/p>\n<p>El gobierno del Estado M\u00e9xico ha sido duramente cuestionado por organismos internacionales debido al caso Tlatlaya. En un principio se trataron de negar los hechos, y el Gobernador Eruviel \u00c1vila Villegas defendi\u00f3 la actuaci\u00f3n del Ej\u00e9rcito, aunque informes ya hablaban que se trataba de ejecuciones sumarias.<\/p>\n<p>\u201cPodemos ver que el Ej\u00e9rcito mexicano act\u00faa con firmeza con acciones concretas y el gobierno del Estado de M\u00e9xico le reconoce su participaci\u00f3n y le agradece la acci\u00f3n decidida y contundente del d\u00eda de ayer\u201d, dijo el mandatario priista el pasado 1 de julio.<\/p>\n<p>Aunado a esto, autoridades mexiquenses recurrieron a \u201ccongelar\u201d la informaci\u00f3n y el gobierno del Edomex determin\u00f3 declarar \u201creservada\u201d la investigaci\u00f3n del caso.<\/p>\n<p>Asimismo, la Procuradur\u00eda mexiquense concluy\u00f3 oficialmente:<\/p>\n<p>\u201cPor las observaciones realizadas en el lugar de la investigaci\u00f3n, se determina que este fue preservado en su estado original momentos previos a nuestra intervenci\u00f3n criminal\u00edstica, lo que se corrobora ya que a nuestro arribo al lugar se encontraba resguardado por elementos del Ej\u00e9rcito mexicano\u201d.<\/p>\n<p>MURILLO KARAM: CERRAR LA INFORMACI\u00d3N<\/p>\n<p>La Procuradur\u00eda General de la Rep\u00fablica (PGR), a cargo de Jes\u00fas Murillo Karam, catalog\u00f3 como reservada la informaci\u00f3n contenida en los 11 dict\u00e1menes de la investigaci\u00f3n sobre Tlatlaya. En la primera solicitud de informaci\u00f3n al IFAI que present\u00f3 un particular, la PGR argument\u00f3 que los datos se encontraban reservados por ese periodo. No obstante, el solicitante present\u00f3 un recurso de revisi\u00f3n, al argumentar que esos documentos se deben dar a conocer porque se relacionan con una investigaci\u00f3n de violaciones graves a los derechos humanos.<\/p>\n<p>La Procuradur\u00eda General de la Rep\u00fablica precis\u00f3:<\/p>\n<p>\u201cSe advierte de manera contundente, que los hoy inculpados Roberto Acevedo L\u00f3pez, Fernando Quintero Mill\u00e1n y Leobardo Hern\u00e1ndez Le\u00f3nides, modificaron y alteraron el lugar de los hechos (\u2026) adem\u00e1s utilizaron armas de fuego de los propios pasivos para privar de la vida a otros tantos, colocando las armas utilizadas posteriormente en cad\u00e1veres donde fueron \u201cencontradas\u201d por el Ministerio P\u00fablico que realiz\u00f3 el levantamiento de los cuerpos, lo que implica la alteraci\u00f3n de vestigios del hecho delictivo\u201d.<\/p>\n<p>Los peritos de la Procuradur\u00eda General de la Rep\u00fablica determinaron:<\/p>\n<p>\u201cV\u00e1lidamente se puede concluir que las personas que los militares colocaron cerca de la pared izquierda de la bodega de referencia, a quienes les dispararon momentos despu\u00e9s, quedaron uno sobre de otro, posici\u00f3n que fue diferente a la que encontr\u00f3 el agente del ministerio p\u00fablico del fuero com\u00fan que previno\u201d.<\/p>\n<p>LA SEDENA<\/p>\n<p>La Secretar\u00eda de la Defensa (Sedena) aprob\u00f3 una resoluci\u00f3n, la CI\/RIR\/1183\/14, en la que responde a un ciudadano que tambi\u00e9n quedar\u00e1 oculta la investigaci\u00f3n.<\/p>\n<p>El 19 de diciembre pasado, el IFAI orden\u00f3 a la Secretar\u00eda de la Defensa Nacional (Sedena) dar a conocer el n\u00famero, el grado, la unidad y el batall\u00f3n o la compa\u00f1\u00eda a la que pertenecen cada uno de los militares involucrados en la ejecuci\u00f3n extrajudicial ocurrida el pasado 30 de junio en Tlatlaya, Estado de M\u00e9xico, por la que siete militares enfrentan un proceso civil.<\/p>\n<p>LA CNDH<\/p>\n<p>La semana pasada, la Comisi\u00f3n Nacional de Derechos Humanos reclasific\u00f3 como una \u201cInvestigaci\u00f3n de Violaciones Graves\u201d lo ocurrido el pasado 30 de junio en Tlatlaya, Estado de M\u00e9xico, donde 22 personas fueron ejecutadas por elementos del Ej\u00e9rcito mexicano.<\/p>\n<p>Precis\u00f3 que el 11 de julio abri\u00f3 de oficio el expediente CNDH\/2\/2014\/5390\/Q, que dio origen a la Recomendaci\u00f3n 51\/2014, emitida el 21 de octubre de 2014, y dirigida a las autoridades mencionadas, al acreditarse hechos violatorios consistentes en privaci\u00f3n arbitraria de la vida, uso arbitrario de la fuerza, tortura y tratos inhumanos, as\u00ed como actos violatorios de los derechos a la verdad y al acceso a la justicia.<\/p>\n<p>El presidente de la Comisi\u00f3n Nacional de Derechos Humanos (CNDH), Ra\u00fal Plascencia Villanueva ha sido se\u00f1alado por su actuaci\u00f3n \u201ctibia\u201d en este caso, al sostener la teor\u00eda de que se trat\u00f3 de un enfrentamiento entre elementos castrenses y un grupo de criminales y no de una ejecuci\u00f3n.<\/p>\n<p>Plascencia Villanueva insisti\u00f3 en todo momento en que la CNDH ha cumplido con su responsabilidad, pero hace falta, dijo, que el Estado lo haga tambi\u00e9n.<\/p>\n<p>Defendi\u00f3 la resoluci\u00f3n en Tlatlaya, sostuvo que fue hecha con todo rigor y acus\u00f3 a la prensa de haber tergiversado sus declaraciones, ya que asegur\u00f3 nunca dijo de entrada<br \/>\nque se tratara de un enfrentamiento entre el Ej\u00e9rcito y un grupo del crimen organizado.<\/p>\n<p><a href=\"http:\/\/www.sinembargo.mx\/24-01-2015\/1221837\" target=\"_blank\">www.sinembargo.mx\/24-01-2015\/1221837<\/a><\/p>\n","protected":false},"excerpt":{"rendered":"<p>Shaila Rosagel y Ariadna Ortega Ciudad de M\u00e9xico, 24 de enero (SinEmbargo).\u2013 En la ejecuci\u00f3n extrajudicial de Tlatlaya existe una clara red de complicidades y de encubrimiento para proteger al &hellip; <a href=\"https:\/\/www.grieta.org.mx\/index.php\/2015\/01\/24\/eruviel-murillo-cienfuegos-y-plascencia-encubrieron-el-crimen-en-tlatlaya-analistas\/\" class=\"more-link\">Leer m\u00e1s<\/a><\/p>\n","protected":false},"author":2,"featured_media":21928,"comment_status":"closed","ping_status":"open","sticky":false,"template":"","format":"standard","meta":{"ngg_post_thumbnail":0,"_jetpack_newsletter_access":"","_jetpack_dont_email_post_to_subs":false,"_jetpack_newsletter_tier_id":0,"_jetpack_memberships_contains_paywalled_content":false,"_jetpack_memberships_contains_paid_content":false,"footnotes":""},"categories":[80],"tags":[92],"class_list":["post-725","post","type-post","status-publish","format-standard","has-post-thumbnail","hentry","category-cintillo","tag-estado-de-mexico","entry"],"jetpack_featured_media_url":"https:\/\/www.grieta.org.mx\/wp-content\/uploads\/2018\/03\/14524434_1106112876131411_958039263622046936_o.jpg","jetpack_sharing_enabled":true,"jetpack_shortlink":"https:\/\/wp.me\/p7ZJR4-bH","jetpack_likes_enabled":false,"jetpack-related-posts":[{"id":733,"url":"https:\/\/www.grieta.org.mx\/index.php\/2016\/06\/29\/matanza-en-tlatlaya-edomex\/","url_meta":{"origin":725,"position":0},"title":"Matanza en Tlatlaya, Edomex","author":"grieta","date":"29 junio, 2016","format":false,"excerpt":"29\/06\/16. Organizaciones civiles exigen a PGR reencauzar investigaciones del caso TlatlayaProceso 30\/03\/16. Absuelven a seis militares que participaron en la \"masacre de Tlatlaya\"Somos el Medio 03\/11\/15. La masacre de Tlatlaya y el apoyo militar de EEUUDesinform\u00e9monos 12\/10\/15. Disparen a todo lo que se mueva, orden\u00f3 militar en TlatlayaSDP Noticias 06\/10\/15.\u2026","rel":"","context":"En &quot;Estado de M\u00e9xico&quot;","block_context":{"text":"Estado de M\u00e9xico","link":"https:\/\/www.grieta.org.mx\/index.php\/category\/noticias-nacionales\/estado-de-mexico\/"},"img":{"alt_text":"","src":"https:\/\/i0.wp.com\/www.grieta.org.mx\/wp-content\/uploads\/2018\/03\/14524434_1106112876131411_958039263622046936_o.jpg?resize=350%2C200&ssl=1","width":350,"height":200,"srcset":"https:\/\/i0.wp.com\/www.grieta.org.mx\/wp-content\/uploads\/2018\/03\/14524434_1106112876131411_958039263622046936_o.jpg?resize=350%2C200&ssl=1 1x, https:\/\/i0.wp.com\/www.grieta.org.mx\/wp-content\/uploads\/2018\/03\/14524434_1106112876131411_958039263622046936_o.jpg?resize=525%2C300&ssl=1 1.5x, https:\/\/i0.wp.com\/www.grieta.org.mx\/wp-content\/uploads\/2018\/03\/14524434_1106112876131411_958039263622046936_o.jpg?resize=700%2C400&ssl=1 2x"},"classes":[]},{"id":728,"url":"https:\/\/www.grieta.org.mx\/index.php\/2015\/01\/15\/violaciones-graves-a-derechos-humanos-en-caso-tlatlaya-reclasifica-cndh\/","url_meta":{"origin":725,"position":1},"title":"Violaciones graves a derechos humanos en caso Tlatlaya, reclasifica CNDH","author":"grieta","date":"15 enero, 2015","format":false,"excerpt":"Lucia Joselin Mu\u00f1oz En un comunicado emitido el pasado 13 de enero, la Comisi\u00f3n Nacional de Derechos Humanos (CNDH) reclasific\u00f3 el expediente del caso Tlatlaya de \u201cviolaci\u00f3n a los derechos humanos\u201d a \u201cviolaciones graves\u201d, orden\u00e1ndose notificar a las v\u00edctimas, al Secretario de la Defensa Nacional, al Procurador General de la\u2026","rel":"","context":"En &quot;CINTILLO&quot;","block_context":{"text":"CINTILLO","link":"https:\/\/www.grieta.org.mx\/index.php\/category\/cintillo\/"},"img":{"alt_text":"","src":"https:\/\/i0.wp.com\/www.grieta.org.mx\/wp-content\/uploads\/2018\/03\/14524434_1106112876131411_958039263622046936_o.jpg?resize=350%2C200&ssl=1","width":350,"height":200,"srcset":"https:\/\/i0.wp.com\/www.grieta.org.mx\/wp-content\/uploads\/2018\/03\/14524434_1106112876131411_958039263622046936_o.jpg?resize=350%2C200&ssl=1 1x, https:\/\/i0.wp.com\/www.grieta.org.mx\/wp-content\/uploads\/2018\/03\/14524434_1106112876131411_958039263622046936_o.jpg?resize=525%2C300&ssl=1 1.5x, https:\/\/i0.wp.com\/www.grieta.org.mx\/wp-content\/uploads\/2018\/03\/14524434_1106112876131411_958039263622046936_o.jpg?resize=700%2C400&ssl=1 2x"},"classes":[]},{"id":718,"url":"https:\/\/www.grieta.org.mx\/index.php\/2015\/03\/19\/amnistia-internacional-pide-indagar-a-altos-mandos-del-ejercito-por-caso-tlatlaya\/","url_meta":{"origin":725,"position":2},"title":"Amnist\u00eda Internacional pide indagar a altos mandos del Ej\u00e9rcito por caso Tlatlaya","author":"grieta","date":"19 marzo, 2015","format":false,"excerpt":"Ciudad de M\u00e9xico, 19 de marzo (SinEmbargo).\u2013 La organizaci\u00f3n Amnist\u00eda Internacional (AI) solicit\u00f3 a la Procuradur\u00eda General de la Rep\u00fablica indagar a los altos mandos del Ej\u00e9rcito implicados en el caso Tlatlaya por su presunto \u201cinvolucramiento\u201d en la muerte de 22 personas. Durante una audiencia p\u00fablica entre organizaciones y los\u2026","rel":"","context":"En &quot;CINTILLO&quot;","block_context":{"text":"CINTILLO","link":"https:\/\/www.grieta.org.mx\/index.php\/category\/cintillo\/"},"img":{"alt_text":"","src":"https:\/\/i0.wp.com\/www.grieta.org.mx\/wp-content\/uploads\/2018\/03\/14524434_1106112876131411_958039263622046936_o.jpg?resize=350%2C200&ssl=1","width":350,"height":200,"srcset":"https:\/\/i0.wp.com\/www.grieta.org.mx\/wp-content\/uploads\/2018\/03\/14524434_1106112876131411_958039263622046936_o.jpg?resize=350%2C200&ssl=1 1x, https:\/\/i0.wp.com\/www.grieta.org.mx\/wp-content\/uploads\/2018\/03\/14524434_1106112876131411_958039263622046936_o.jpg?resize=525%2C300&ssl=1 1.5x, https:\/\/i0.wp.com\/www.grieta.org.mx\/wp-content\/uploads\/2018\/03\/14524434_1106112876131411_958039263622046936_o.jpg?resize=700%2C400&ssl=1 2x"},"classes":[]},{"id":697,"url":"https:\/\/www.grieta.org.mx\/index.php\/2015\/07\/24\/tlatlaya-la-orden-es-abatir-y-se-ha-cumplido-sin-novedad\/","url_meta":{"origin":725,"position":3},"title":"Tlatlaya: La orden es abatir y se ha cumplido sin novedad","author":"grieta","date":"24 julio, 2015","format":false,"excerpt":"CELSO ALVARADO En el marco del primer aniversario del caso Tlatlaya, el Centro de Derechos Humanos Miguel Agust\u00edn Pro Ju\u00e1rez, public\u00f3 un informe que oblig\u00f3 al titular de la Secretar\u00eda de la Defensa Nacional (Sedena), el General Salvador Cienfuegos, a declarar sobre lo que aconteci\u00f3 aquel 30 de Junio del\u2026","rel":"","context":"En &quot;CINTILLO&quot;","block_context":{"text":"CINTILLO","link":"https:\/\/www.grieta.org.mx\/index.php\/category\/cintillo\/"},"img":{"alt_text":"","src":"https:\/\/i0.wp.com\/www.grieta.org.mx\/wp-content\/uploads\/2018\/03\/14524434_1106112876131411_958039263622046936_o.jpg?resize=350%2C200&ssl=1","width":350,"height":200,"srcset":"https:\/\/i0.wp.com\/www.grieta.org.mx\/wp-content\/uploads\/2018\/03\/14524434_1106112876131411_958039263622046936_o.jpg?resize=350%2C200&ssl=1 1x, https:\/\/i0.wp.com\/www.grieta.org.mx\/wp-content\/uploads\/2018\/03\/14524434_1106112876131411_958039263622046936_o.jpg?resize=525%2C300&ssl=1 1.5x, https:\/\/i0.wp.com\/www.grieta.org.mx\/wp-content\/uploads\/2018\/03\/14524434_1106112876131411_958039263622046936_o.jpg?resize=700%2C400&ssl=1 2x"},"classes":[]},{"id":723,"url":"https:\/\/www.grieta.org.mx\/index.php\/2015\/02\/03\/caso-tlatlaya-militares-si-informaron-a-generales\/","url_meta":{"origin":725,"position":4},"title":"Caso Tlatlaya: militares s\u00ed informaron a generales","author":"grieta","date":"3 febrero, 2015","format":false,"excerpt":"Omar S\u00e1nchez de Tagle Caso Tlatlaya: militares s\u00ed informaron a generales\u2026 pero luego se retractaron en su declaraci\u00f3n Funcionarios cercanos al caso explicaron a Animal Pol\u00edtico que algunos de los militares involucrados contradicen las versiones de los hechos pues declaran que al menos 50 soldados y dos generales estaban al\u2026","rel":"","context":"En &quot;CINTILLO&quot;","block_context":{"text":"CINTILLO","link":"https:\/\/www.grieta.org.mx\/index.php\/category\/cintillo\/"},"img":{"alt_text":"","src":"https:\/\/i0.wp.com\/www.grieta.org.mx\/wp-content\/uploads\/2018\/03\/14524434_1106112876131411_958039263622046936_o.jpg?resize=350%2C200&ssl=1","width":350,"height":200,"srcset":"https:\/\/i0.wp.com\/www.grieta.org.mx\/wp-content\/uploads\/2018\/03\/14524434_1106112876131411_958039263622046936_o.jpg?resize=350%2C200&ssl=1 1x, https:\/\/i0.wp.com\/www.grieta.org.mx\/wp-content\/uploads\/2018\/03\/14524434_1106112876131411_958039263622046936_o.jpg?resize=525%2C300&ssl=1 1.5x, https:\/\/i0.wp.com\/www.grieta.org.mx\/wp-content\/uploads\/2018\/03\/14524434_1106112876131411_958039263622046936_o.jpg?resize=700%2C400&ssl=1 2x"},"classes":[]},{"id":717,"url":"https:\/\/www.grieta.org.mx\/index.php\/2015\/04\/16\/pidio-sedena-a-pgjem-retrasar-llegada-a-tlatlaya-tras-matanza\/","url_meta":{"origin":725,"position":5},"title":"Pidi\u00f3 Sedena a PGJEM retrasar llegada a Tlatlaya tras matanza","author":"grieta","date":"16 abril, 2015","format":false,"excerpt":"TOLUCA, Edomex. (apro).- El general de brigada de la 22 Zona Militar, Jos\u00e9 Luis S\u00e1nchez Le\u00f3n, intervino para que personal de la Procuradur\u00eda General de Justicia del Estado de M\u00e9xico (PGJEM) demorara su arribo a Tlatlaya por alrededor de seis horas, el pasado 30 de junio, tras la presunta masacre\u2026","rel":"","context":"En &quot;CINTILLO&quot;","block_context":{"text":"CINTILLO","link":"https:\/\/www.grieta.org.mx\/index.php\/category\/cintillo\/"},"img":{"alt_text":"","src":"https:\/\/i0.wp.com\/www.grieta.org.mx\/wp-content\/uploads\/2018\/03\/14524434_1106112876131411_958039263622046936_o.jpg?resize=350%2C200&ssl=1","width":350,"height":200,"srcset":"https:\/\/i0.wp.com\/www.grieta.org.mx\/wp-content\/uploads\/2018\/03\/14524434_1106112876131411_958039263622046936_o.jpg?resize=350%2C200&ssl=1 1x, https:\/\/i0.wp.com\/www.grieta.org.mx\/wp-content\/uploads\/2018\/03\/14524434_1106112876131411_958039263622046936_o.jpg?resize=525%2C300&ssl=1 1.5x, https:\/\/i0.wp.com\/www.grieta.org.mx\/wp-content\/uploads\/2018\/03\/14524434_1106112876131411_958039263622046936_o.jpg?resize=700%2C400&ssl=1 2x"},"classes":[]}],"_links":{"self":[{"href":"https:\/\/www.grieta.org.mx\/index.php\/wp-json\/wp\/v2\/posts\/725","targetHints":{"allow":["GET"]}}],"collection":[{"href":"https:\/\/www.grieta.org.mx\/index.php\/wp-json\/wp\/v2\/posts"}],"about":[{"href":"https:\/\/www.grieta.org.mx\/index.php\/wp-json\/wp\/v2\/types\/post"}],"author":[{"embeddable":true,"href":"https:\/\/www.grieta.org.mx\/index.php\/wp-json\/wp\/v2\/users\/2"}],"replies":[{"embeddable":true,"href":"https:\/\/www.grieta.org.mx\/index.php\/wp-json\/wp\/v2\/comments?post=725"}],"version-history":[{"count":1,"href":"https:\/\/www.grieta.org.mx\/index.php\/wp-json\/wp\/v2\/posts\/725\/revisions"}],"predecessor-version":[{"id":726,"href":"https:\/\/www.grieta.org.mx\/index.php\/wp-json\/wp\/v2\/posts\/725\/revisions\/726"}],"wp:featuredmedia":[{"embeddable":true,"href":"https:\/\/www.grieta.org.mx\/index.php\/wp-json\/wp\/v2\/media\/21928"}],"wp:attachment":[{"href":"https:\/\/www.grieta.org.mx\/index.php\/wp-json\/wp\/v2\/media?parent=725"}],"wp:term":[{"taxonomy":"category","embeddable":true,"href":"https:\/\/www.grieta.org.mx\/index.php\/wp-json\/wp\/v2\/categories?post=725"},{"taxonomy":"post_tag","embeddable":true,"href":"https:\/\/www.grieta.org.mx\/index.php\/wp-json\/wp\/v2\/tags?post=725"}],"curies":[{"name":"wp","href":"https:\/\/api.w.org\/{rel}","templated":true}]}}