{"id":72438,"date":"2025-11-26T20:46:53","date_gmt":"2025-11-27T02:46:53","guid":{"rendered":"https:\/\/www.grieta.org.mx\/?p=72438"},"modified":"2025-11-26T20:50:19","modified_gmt":"2025-11-27T02:50:19","slug":"un-techo-comun","status":"publish","type":"post","link":"https:\/\/www.grieta.org.mx\/index.php\/2025\/11\/26\/un-techo-comun\/","title":{"rendered":"UN TECHO COM\u00daN"},"content":{"rendered":"<p><strong>UN TECHO COM\u00daN.<\/strong><\/p>\n<p>Una construcci\u00f3n monta\u00f1a dentro. Una vocaci\u00f3n de salud. Una t\u00e9cnica de alba\u00f1iler\u00eda. Miles de manos y de voluntades, incluyendo algunas de allende los mares. Colores, estaturas, lenguas, culturas y modos diferentes, y un techo en com\u00fan.<\/p>\n<p>-*-<\/p>\n<p><em>El colado se tiene que hacer de un jal\u00f3n. No se puede por partes porque queda mal el techo. Entonces es cuando hay que echar mont\u00f3n, pero organizados. El colado de un techo es como el baile: cada quien sabe su lugar, y lo que le toca y con quien. Si llueve, ah\u00ed s\u00ed ya vali\u00f3 queso. Entonces hay que preguntar con los m\u00e1s sabedores, estar pendiente, listos. Entonces ya se dice \u201ctal d\u00eda\u201d, y se junta la plebe, se reparten los trabajos. Temprano se hace, porque si no luego la calor no se aguanta y queda uno como cucaracha fumigada. Ya cuando se termina, re\u00edmos y tomamos pozol. En la comida hubo res que nos zampamos en com\u00fan. No hay fiesta fuera, pero s\u00ed en el coraz\u00f3n. \u201cEs nuestro\u201d, pensamos. Y sabemos que es de todos y es de nadie. Un quir\u00f3fano quiere decir un lugar donde quienes le saben a meter cuchillo, te sacan el mal como si te sacaran un mal pensamiento. Tarda y te deja un poco jodido, pero as\u00ed es la vida: tambi\u00e9n tarda y te deja jodido, pero hay momentos en que el colado ya qued\u00f3 ya. Y no hay fiesta fuera pero s\u00ed en el coraz\u00f3n. La construcci\u00f3n es como la lucha, la haces porque de por s\u00ed la vas a necesitar un d\u00eda. T\u00fa o los tuyos, que no es que sean de tu propiedad, sino que quiere decir tu familia, los cercanos, los compas pues.<\/em><\/p>\n<p><em>S\u00ed, falta que venga alguien que le sepa a lo de la electricidad, porque va a tener aparatos de esos que no cualquiera. Que monof\u00e1sica, bif\u00e1sica, trif\u00e1sica y que la tierra y no s\u00e9 cu\u00e1nta cosa m\u00e1s. Tenemos tierra de por s\u00ed, pero hay que saber eso de electricidad porque si no, se descomponen los aparatos y pues de balde. Es como si en un baile se apaga la m\u00fasica, pues quedas con la cumbia sin terminar. Imagina que te est\u00e1n operando de la panza y se va la luz y quedas con las tripas colgando como paliacate viejo. Por eso lo que sigue es electricista. Falta encontrar y que est\u00e9 dispuesto al com\u00fan. \u00bfLos electricistas tambi\u00e9n se enferman? Se enferman, y tienen la necesidad pues. Entonces falta eso. Y las ventanas y puertas, porque no cualquier ventana o puerta. \u00bfDoctoras y doctores? Ya hay como quien dice un equipo, pero seguro vienen m\u00e1s. Porque si tienes cuchillo, machete, motosierra, taladro, pero no hay quien te abre la panza, pues de balde, como decimos ac\u00e1. Y ya unos doctores llegaron a ver. Yo no me mostr\u00e9 porque qu\u00e9 tal que el doctor me mira y quiere ya empezar a practicar. Y luego pues no hay la electricidad especial. Mejor me espero. Pero ya est\u00e1 el techo.<\/em><\/p>\n<p><em>S\u00ed, faltan todav\u00eda muchas cosas, pero ya tiene techo y un techo es importante para la vida. Por eso los dioses lo hicieron al cielo, para que el mundo tuviera su techo pues.<\/em><\/p>\n<p><em>S\u00ed, falta lo que falta.<\/em><\/p>\n<p><em>Ojal\u00e1 y hagan tamales. S\u00ed, ojal\u00e1 que no est\u00e9n crudos.<\/em><\/p>\n<p>Desde las monta\u00f1as del Sureste Mexicano.<\/p>\n<p><a href=\"http:\/\/www.grieta.org.mx\/wp-content\/uploads\/2025\/04\/Diapositiva1.jpeg\"><img loading=\"lazy\" decoding=\"async\" data-attachment-id=\"71576\" data-permalink=\"https:\/\/www.grieta.org.mx\/index.php\/2025\/04\/10\/mientras-tanto-en-algun-lugar-de-las-montanas-del-sureste-mexicano\/diapositiva1-13\/\" data-orig-file=\"https:\/\/www.grieta.org.mx\/wp-content\/uploads\/2025\/04\/Diapositiva1.jpeg\" data-orig-size=\"1000,750\" data-comments-opened=\"0\" data-image-meta=\"{&quot;aperture&quot;:&quot;0&quot;,&quot;credit&quot;:&quot;&quot;,&quot;camera&quot;:&quot;&quot;,&quot;caption&quot;:&quot;&quot;,&quot;created_timestamp&quot;:&quot;0&quot;,&quot;copyright&quot;:&quot;&quot;,&quot;focal_length&quot;:&quot;0&quot;,&quot;iso&quot;:&quot;0&quot;,&quot;shutter_speed&quot;:&quot;0&quot;,&quot;title&quot;:&quot;&quot;,&quot;orientation&quot;:&quot;1&quot;}\" data-image-title=\"Diapositiva1\" data-image-description=\"\" data-image-caption=\"\" data-medium-file=\"https:\/\/www.grieta.org.mx\/wp-content\/uploads\/2025\/04\/Diapositiva1-300x225.jpeg\" data-large-file=\"https:\/\/www.grieta.org.mx\/wp-content\/uploads\/2025\/04\/Diapositiva1.jpeg\" class=\"wp-image-71576 size-medium alignleft\" src=\"http:\/\/www.grieta.org.mx\/wp-content\/uploads\/2025\/04\/Diapositiva1-300x225.jpeg\" alt=\"\" width=\"300\" height=\"225\" srcset=\"https:\/\/www.grieta.org.mx\/wp-content\/uploads\/2025\/04\/Diapositiva1-300x225.jpeg 300w, https:\/\/www.grieta.org.mx\/wp-content\/uploads\/2025\/04\/Diapositiva1-768x576.jpeg 768w, https:\/\/www.grieta.org.mx\/wp-content\/uploads\/2025\/04\/Diapositiva1.jpeg 1000w\" sizes=\"auto, (max-width: 300px) 100vw, 300px\" \/><\/a><\/p>\n<p>&nbsp;<\/p>\n<p>&nbsp;<\/p>\n<p>&nbsp;<\/p>\n<p>&nbsp;<\/p>\n<p>&nbsp;<\/p>\n<p>&nbsp;<\/p>\n<p>El Capit\u00e1n.<br \/>\nNoviembre del 2025.<\/p>\n<div><iframe title=\"UN TECHO COM\u00daN\" src=\"https:\/\/player.vimeo.com\/video\/1140903893?h=faf2df1542&amp;badge=0&amp;autopause=0&amp;player_id=0&amp;app_id=58479\" frameborder=\"0\" data-ready=\"true\" data-mce-fragment=\"1\"><\/iframe><\/div>\n<p>&nbsp;<\/p>\n<p>Im\u00e1genes de Terci@s Compas Zapatistas<br \/>\nM\u00fasica de\u00a0<em>El Ca\u00f1\u00f3n del Sonidero<\/em>\u00a0\u00abReina de Cumbias\/La cumbia sobre el R\u00edo\u00bb<\/p>\n<p>&nbsp;<\/p>\n<p><a href=\"https:\/\/enlacezapatista.ezln.org.mx\/2025\/11\/26\/un-techo-comun\/\">https:\/\/enlacezapatista.ezln.org.mx\/2025\/11\/26\/un-techo-comun\/<\/a><\/p>\n","protected":false},"excerpt":{"rendered":"<p>UN TECHO COM\u00daN. Una construcci\u00f3n monta\u00f1a dentro. Una vocaci\u00f3n de salud. Una t\u00e9cnica de alba\u00f1iler\u00eda. Miles de manos y de voluntades, incluyendo algunas de allende los mares. Colores, estaturas, lenguas, &hellip; <a href=\"https:\/\/www.grieta.org.mx\/index.php\/2025\/11\/26\/un-techo-comun\/\" class=\"more-link\">Leer m\u00e1s<\/a><\/p>\n","protected":false},"author":2,"featured_media":72440,"comment_status":"closed","ping_status":"closed","sticky":false,"template":"","format":"standard","meta":{"ngg_post_thumbnail":0,"_jetpack_newsletter_access":"","_jetpack_dont_email_post_to_subs":false,"_jetpack_newsletter_tier_id":0,"_jetpack_memberships_contains_paywalled_content":false,"_jetpack_memberships_contains_paid_content":false,"footnotes":""},"categories":[80,74,907,2],"tags":[2839,466],"class_list":["post-72438","post","type-post","status-publish","format-standard","has-post-thumbnail","hentry","category-cintillo","category-ezln","category-ezln-2","category-noticias-nacionales","tag-comunicados-ezln","tag-ezln","entry"],"jetpack_featured_media_url":"https:\/\/www.grieta.org.mx\/wp-content\/uploads\/2025\/11\/cint_quiro.jpg","jetpack_sharing_enabled":true,"jetpack_shortlink":"https:\/\/wp.me\/p7ZJR4-iQm","jetpack_likes_enabled":false,"jetpack-related-posts":[{"id":71790,"url":"https:\/\/www.grieta.org.mx\/index.php\/2025\/06\/07\/el-comun-en-la-falda-de-una-montana-un-quirofano-en-la-selva-lacandona\/","url_meta":{"origin":72438,"position":0},"title":"El Com\u00fan en la falda de una Monta\u00f1a. (un Quir\u00f3fano en la Selva Lacandona)","author":"grieta","date":"7 junio, 2025","format":false,"excerpt":"El Com\u00fan en la falda de una Monta\u00f1a. (un Quir\u00f3fano en la Selva Lacandona) En la edificaci\u00f3n de lo que ser\u00e1 la sede de uno de los quir\u00f3fanos del COM\u00daN, hay algo que no se explicita en las im\u00e1genes. Entre quienes trabajan en la construcci\u00f3n hay partidistas, compa\u00f1eros del Congreso\u2026","rel":"","context":"En &quot;CINTILLO&quot;","block_context":{"text":"CINTILLO","link":"https:\/\/www.grieta.org.mx\/index.php\/category\/cintillo\/"},"img":{"alt_text":"","src":"https:\/\/i0.wp.com\/www.grieta.org.mx\/wp-content\/uploads\/2025\/06\/imagen_construccionjunio.jpg?resize=350%2C200&ssl=1","width":350,"height":200,"srcset":"https:\/\/i0.wp.com\/www.grieta.org.mx\/wp-content\/uploads\/2025\/06\/imagen_construccionjunio.jpg?resize=350%2C200&ssl=1 1x, https:\/\/i0.wp.com\/www.grieta.org.mx\/wp-content\/uploads\/2025\/06\/imagen_construccionjunio.jpg?resize=525%2C300&ssl=1 1.5x, https:\/\/i0.wp.com\/www.grieta.org.mx\/wp-content\/uploads\/2025\/06\/imagen_construccionjunio.jpg?resize=700%2C400&ssl=1 2x"},"classes":[]},{"id":68094,"url":"https:\/\/www.grieta.org.mx\/index.php\/2023\/11\/11\/octava-parte-p-d-que-hay-que-leer-para-saber-de-que-trata\/","url_meta":{"origin":72438,"position":1},"title":"Octava Parte: P.D. QUE HAY QUE LEER PARA SABER DE QU\u00c9 TRATA.","author":"grieta","date":"11 noviembre, 2023","format":false,"excerpt":"Noviembre del 2023. Cuenta la leyenda que, en los tiempos en que el tiempo no importaba, lluvia y noche cubrieron la Casa de los Seres. Entonces se fue la luz. Todo era oscuridad. Las mujeres, los hombres y otroas andaban a los tropezones y chocaban entre s\u00ed. Por esa causa,\u2026","rel":"","context":"En &quot;CINTILLO&quot;","block_context":{"text":"CINTILLO","link":"https:\/\/www.grieta.org.mx\/index.php\/category\/cintillo\/"},"img":{"alt_text":"","src":"https:\/\/i0.wp.com\/www.grieta.org.mx\/wp-content\/uploads\/2023\/11\/Screenshot-2023-11-11-at-19-06-42-Enlace-Zapatista.png?resize=350%2C200&ssl=1","width":350,"height":200,"srcset":"https:\/\/i0.wp.com\/www.grieta.org.mx\/wp-content\/uploads\/2023\/11\/Screenshot-2023-11-11-at-19-06-42-Enlace-Zapatista.png?resize=350%2C200&ssl=1 1x, https:\/\/i0.wp.com\/www.grieta.org.mx\/wp-content\/uploads\/2023\/11\/Screenshot-2023-11-11-at-19-06-42-Enlace-Zapatista.png?resize=525%2C300&ssl=1 1.5x, https:\/\/i0.wp.com\/www.grieta.org.mx\/wp-content\/uploads\/2023\/11\/Screenshot-2023-11-11-at-19-06-42-Enlace-Zapatista.png?resize=700%2C400&ssl=1 2x, https:\/\/i0.wp.com\/www.grieta.org.mx\/wp-content\/uploads\/2023\/11\/Screenshot-2023-11-11-at-19-06-42-Enlace-Zapatista.png?resize=1050%2C600&ssl=1 3x"},"classes":[]},{"id":69491,"url":"https:\/\/www.grieta.org.mx\/index.php\/2024\/08\/28\/imagenes-de-puentes-imposibles-ii-un-libro\/","url_meta":{"origin":72438,"position":2},"title":"Im\u00e1genes de Puentes Imposibles: II Un Libro","author":"grieta","date":"28 agosto, 2024","format":false,"excerpt":"Im\u00e1genes de Puentes Imposibles: II Un Libro. Agosto del 2024. El libro lleg\u00f3 unos d\u00edas antes. En ese entonces las jefas y jefes zapatistas estaban en una reuni\u00f3n. Analizan, valoran, proponen. El tema es el com\u00fan. Ojal\u00e1 y el Subcomandante Insurgente Mois\u00e9s alg\u00fan d\u00eda les haga saber el resultado del\u2026","rel":"","context":"En &quot;CINTILLO&quot;","block_context":{"text":"CINTILLO","link":"https:\/\/www.grieta.org.mx\/index.php\/category\/cintillo\/"},"img":{"alt_text":"","src":"https:\/\/i0.wp.com\/www.grieta.org.mx\/wp-content\/uploads\/2024\/08\/Screenshot-2024-08-28-at-21-32-39-Enlace-Zapatista.png?resize=350%2C200&ssl=1","width":350,"height":200,"srcset":"https:\/\/i0.wp.com\/www.grieta.org.mx\/wp-content\/uploads\/2024\/08\/Screenshot-2024-08-28-at-21-32-39-Enlace-Zapatista.png?resize=350%2C200&ssl=1 1x, https:\/\/i0.wp.com\/www.grieta.org.mx\/wp-content\/uploads\/2024\/08\/Screenshot-2024-08-28-at-21-32-39-Enlace-Zapatista.png?resize=525%2C300&ssl=1 1.5x, https:\/\/i0.wp.com\/www.grieta.org.mx\/wp-content\/uploads\/2024\/08\/Screenshot-2024-08-28-at-21-32-39-Enlace-Zapatista.png?resize=700%2C400&ssl=1 2x, https:\/\/i0.wp.com\/www.grieta.org.mx\/wp-content\/uploads\/2024\/08\/Screenshot-2024-08-28-at-21-32-39-Enlace-Zapatista.png?resize=1050%2C600&ssl=1 3x"},"classes":[]},{"id":57325,"url":"https:\/\/www.grieta.org.mx\/index.php\/2021\/03\/08\/las-que-no-estan\/","url_meta":{"origin":72438,"position":3},"title":"LAS QUE NO EST\u00c1N.","author":"Admin","date":"8 marzo, 2021","format":false,"excerpt":"LAS QUE NO EST\u00c1N. SUS HISTORIAS. SUS ALEGR\u00cdAS Y SUS TRISTEZAS. SUS DOLORES Y SUS RABIAS. SUS OLVIDOS Y SUS MEMORIAS. SUS RISAS Y SUS L\u00c1GRIMAS. SUS PRESENCIAS Y SUS AUSENCIAS. SUS CORAZONES. SUS ESPERANZAS. SU DIGNIDAD. SUS CALENDARIOS. LOS QUE CUMPLIERON. LOS QUE LES QUEDARON Y LES QUEDAMOS A\u2026","rel":"","context":"En &quot;CINTILLO&quot;","block_context":{"text":"CINTILLO","link":"https:\/\/www.grieta.org.mx\/index.php\/category\/cintillo\/"},"img":{"alt_text":"","src":"https:\/\/i0.wp.com\/www.grieta.org.mx\/wp-content\/uploads\/2020\/11\/21841-ezln-ejercito-zapatista_400px.jpg?resize=350%2C200&ssl=1","width":350,"height":200},"classes":[]},{"id":69597,"url":"https:\/\/www.grieta.org.mx\/index.php\/2024\/09\/04\/un-cuento-el-pajaro-ti\/","url_meta":{"origin":72438,"position":4},"title":"Un Cuento. El P\u00e1jaro T\u00b4\u00ed","author":"grieta","date":"4 septiembre, 2024","format":false,"excerpt":"Un Cuento. El P\u00e1jaro T\u00b4\u00ed. Fue a la hora del pozol. Las compa\u00f1eras insurgentas me platicaron de los m\u00faltiples accidentes, ca\u00eddas y choques forzados en sus aprendizajes de andar en bicicleta. Lo de choques forzados es explicable: cuando perd\u00edan el control de la bicicleta y se olvidaban de frenar, eleg\u00edan\u2026","rel":"","context":"En &quot;CINTILLO&quot;","block_context":{"text":"CINTILLO","link":"https:\/\/www.grieta.org.mx\/index.php\/category\/cintillo\/"},"img":{"alt_text":"","src":"https:\/\/i0.wp.com\/www.grieta.org.mx\/wp-content\/uploads\/2024\/09\/Screenshot-2024-09-04-at-12-23-22-Enlace-Zapatista.png?resize=350%2C200&ssl=1","width":350,"height":200,"srcset":"https:\/\/i0.wp.com\/www.grieta.org.mx\/wp-content\/uploads\/2024\/09\/Screenshot-2024-09-04-at-12-23-22-Enlace-Zapatista.png?resize=350%2C200&ssl=1 1x, https:\/\/i0.wp.com\/www.grieta.org.mx\/wp-content\/uploads\/2024\/09\/Screenshot-2024-09-04-at-12-23-22-Enlace-Zapatista.png?resize=525%2C300&ssl=1 1.5x, https:\/\/i0.wp.com\/www.grieta.org.mx\/wp-content\/uploads\/2024\/09\/Screenshot-2024-09-04-at-12-23-22-Enlace-Zapatista.png?resize=700%2C400&ssl=1 2x, https:\/\/i0.wp.com\/www.grieta.org.mx\/wp-content\/uploads\/2024\/09\/Screenshot-2024-09-04-at-12-23-22-Enlace-Zapatista.png?resize=1050%2C600&ssl=1 3x"},"classes":[]},{"id":24778,"url":"https:\/\/www.grieta.org.mx\/index.php\/2018\/07\/17\/desmiente-el-ejercito-zapatista-de-liberacion-nacional-contacto-alguno-con-amlo-comunicado-del-ccri-cg-del-ezln\/","url_meta":{"origin":72438,"position":5},"title":"Desmiente el Ej\u00e9rcito Zapatista de Liberaci\u00f3n Nacional contacto alguno con AMLO. Comunicado del CCRI-CG del EZLN","author":"grieta","date":"17 julio, 2018","format":false,"excerpt":"EJ\u00c9RCITO ZAPATISTA DE LIBERACI\u00d3N NACIONAL. M\u00c9XICO. AL PUEBLO DE M\u00c9XICO: A LOS PUEBLOS Y GOBIERNOS DEL MUNDO: A LOS MEDIOS LIBRES, ALTERNATIVOS, AUT\u00d3NOMOS O COMO SE LLAMEN: A LA SEXTA NACIONAL E INTERNACIONAL: AL CONGRESO NACIONAL IND\u00cdGENA Y AL CONCEJO IND\u00cdGENA DE GOBIERNO: A LA PRENSA NACIONAL E INTERNACIONAL: 17\u2026","rel":"","context":"En &quot;CINTILLO&quot;","block_context":{"text":"CINTILLO","link":"https:\/\/www.grieta.org.mx\/index.php\/category\/cintillo\/"},"img":{"alt_text":"","src":"https:\/\/i0.wp.com\/www.grieta.org.mx\/wp-content\/uploads\/2018\/03\/14524434_1106112876131411_958039263622046936_o.jpg?resize=350%2C200&ssl=1","width":350,"height":200,"srcset":"https:\/\/i0.wp.com\/www.grieta.org.mx\/wp-content\/uploads\/2018\/03\/14524434_1106112876131411_958039263622046936_o.jpg?resize=350%2C200&ssl=1 1x, https:\/\/i0.wp.com\/www.grieta.org.mx\/wp-content\/uploads\/2018\/03\/14524434_1106112876131411_958039263622046936_o.jpg?resize=525%2C300&ssl=1 1.5x, https:\/\/i0.wp.com\/www.grieta.org.mx\/wp-content\/uploads\/2018\/03\/14524434_1106112876131411_958039263622046936_o.jpg?resize=700%2C400&ssl=1 2x"},"classes":[]}],"_links":{"self":[{"href":"https:\/\/www.grieta.org.mx\/index.php\/wp-json\/wp\/v2\/posts\/72438","targetHints":{"allow":["GET"]}}],"collection":[{"href":"https:\/\/www.grieta.org.mx\/index.php\/wp-json\/wp\/v2\/posts"}],"about":[{"href":"https:\/\/www.grieta.org.mx\/index.php\/wp-json\/wp\/v2\/types\/post"}],"author":[{"embeddable":true,"href":"https:\/\/www.grieta.org.mx\/index.php\/wp-json\/wp\/v2\/users\/2"}],"replies":[{"embeddable":true,"href":"https:\/\/www.grieta.org.mx\/index.php\/wp-json\/wp\/v2\/comments?post=72438"}],"version-history":[{"count":1,"href":"https:\/\/www.grieta.org.mx\/index.php\/wp-json\/wp\/v2\/posts\/72438\/revisions"}],"predecessor-version":[{"id":72439,"href":"https:\/\/www.grieta.org.mx\/index.php\/wp-json\/wp\/v2\/posts\/72438\/revisions\/72439"}],"wp:featuredmedia":[{"embeddable":true,"href":"https:\/\/www.grieta.org.mx\/index.php\/wp-json\/wp\/v2\/media\/72440"}],"wp:attachment":[{"href":"https:\/\/www.grieta.org.mx\/index.php\/wp-json\/wp\/v2\/media?parent=72438"}],"wp:term":[{"taxonomy":"category","embeddable":true,"href":"https:\/\/www.grieta.org.mx\/index.php\/wp-json\/wp\/v2\/categories?post=72438"},{"taxonomy":"post_tag","embeddable":true,"href":"https:\/\/www.grieta.org.mx\/index.php\/wp-json\/wp\/v2\/tags?post=72438"}],"curies":[{"name":"wp","href":"https:\/\/api.w.org\/{rel}","templated":true}]}}