{"id":72360,"date":"2025-10-13T21:17:46","date_gmt":"2025-10-14T03:17:46","guid":{"rendered":"https:\/\/www.grieta.org.mx\/?p=72360"},"modified":"2025-10-14T09:19:25","modified_gmt":"2025-10-14T15:19:25","slug":"jornada-de-lucha-y-resistencia-contra-la-guerra-a-los-pueblos-zapatistas","status":"publish","type":"post","link":"https:\/\/www.grieta.org.mx\/index.php\/2025\/10\/13\/jornada-de-lucha-y-resistencia-contra-la-guerra-a-los-pueblos-zapatistas\/","title":{"rendered":"Jornada de lucha y resistencia contra la guerra a los pueblos zapatistas"},"content":{"rendered":"<p>Colectivo Grieta, 11 de octubre de 2025<\/p>\n<p>Ciudad de M\u00e9xico.<\/p>\n<p>Diversas organizaciones y colectivos de la Ciudad de M\u00e9xico se movilizaron el viernes 10 de octubre\u00a0 para alzarse en protesta y denuncia contra el despojo criminal de las tierras recuperadas por los pueblos zapatistas desde 1994 y la violenta incursi\u00f3n del Ej\u00e9rcito Federal, la Polic\u00eda Municipal y la Fiscal\u00eda General del Estado. La agresi\u00f3n fue denunciada en un comunicado emitido el <a href=\"https:\/\/enlacezapatista.ezln.org.mx\/2025\/09\/28\/denuncia-asamblea-de-colectivos-de-gobiernos-autonomos-zapatistas-a-c-g-a-z\/\">24 de septiembre de 2025<\/a> por la Asamblea de Colectivos Aut\u00f3nomos Zapatistas (A.C.G.A.Z.) y Gobiernos en Com\u00fan, comunicado en el que adem\u00e1s se explica que \u00e9sta es la m\u00e1s reciente de una serie de agresiones que se han venido dando desde abril de este a\u00f1o.<\/p>\n<p>La movilizaci\u00f3n parti\u00f3 de la Plaza Palestina Libre en la Alameda Central rumbo al Z\u00f3calo capitalino, como acto de repudio ante el despojo y la agresi\u00f3n contra las comunidades zapatistas, y para evidenciar la responsabilidad y complicidad de los tres niveles de gobierno en estos actos de violencia de Estado.<\/p>\n<p>Fue una marea de dignidad y rabia colectiva, una voz organizada que grit\u00f3 basta frente a la ofensiva gubernamental que busca arrebatar lo que los pueblos zapatistas han construido con su trabajo y su vida. Como menciona el comunicado de la ACGAZ, estas agresiones contra la construcci\u00f3n del com\u00fan y de la producci\u00f3n en colectivo muestran c\u00f3mo &#8220;la cuarta transformaci\u00f3n est\u00e1 claro que est\u00e1 del lado de los terratenientes y empresarios transnacionales, esa es la verdadera cuarta. Nada es para los pueblos pobres de M\u00e9xico&#8221;. La movilizaci\u00f3n fue tambi\u00e9n un llamado urgente a la solidaridad, a mantener la vigilancia y la denuncia constante ante el intento de destruir el proyecto COM\u00daN, donde los pueblos zapatistas han demostrado su fuerza moral, su compromiso con la autonom\u00eda y su apuesta por la construcci\u00f3n colectiva desde abajo y a la izquierda.<\/p>\n<p>En el Z\u00f3calo, frente al Palacio Nacional, se realiz\u00f3 un mitin con la presencia de diversos contingentes firmantes de la Declaraci\u00f3n por la Vida, entre ellos la Comunidad Otom\u00ed residente en la Ciudad de M\u00e9xico, que desde hace 5 a\u00f1os ocupa y da vida a la Casa de los Pueblos \u201cSamir Flores Soberanes\u201d y forma parte del Congreso Nacional Ind\u00edgena. Tambi\u00e9n tom\u00f3 la palabra la abogada B\u00e1rbara Zamora, quien denunci\u00f3 la ilegalidad total del operativo y el despojo en curso contra las comunidades zapatistas. Al mitin tambi\u00e9n se sumaron compa\u00f1eras y compa\u00f1eros de Mujeres y la Sexta, Tlanezi Calli, Br\u00fajula Roja, el Plant\u00f3n Permanente por Palestina, la Red Universitaria Anticapitalista, el Frente del Pueblo, Ra\u00edces en Resistencia, entre otros colectivos en lucha.<\/p>\n<p>Las voces que ocuparon las calles del centro de la Ciudad de M\u00e9xico fueron de rabia, de resistencia y de denuncia, frente a un robo ileg\u00edtimo de tierras perpetrado con la mano armada del Ej\u00e9rcito Federal y la complicidad de los tres niveles de gobierno. La movilizaci\u00f3n reafirm\u00f3 que los pueblos no se rinden ni se venden, y que la dignidad zapatista sigue viva en la defensa de la tierra, la autonom\u00eda y la vida.<\/p>\n<p><a href=\"http:\/\/www.grieta.org.mx\/wp-content\/uploads\/2025\/10\/WhatsApp-Image-2025-10-11-at-8.47.49-PM-2.jpeg\"><img loading=\"lazy\" decoding=\"async\" data-attachment-id=\"72361\" data-permalink=\"https:\/\/www.grieta.org.mx\/index.php\/2025\/10\/13\/jornada-de-lucha-y-resistencia-contra-la-guerra-a-los-pueblos-zapatistas\/whatsapp-image-2025-10-11-at-8-47-49-pm-2\/\" data-orig-file=\"https:\/\/www.grieta.org.mx\/wp-content\/uploads\/2025\/10\/WhatsApp-Image-2025-10-11-at-8.47.49-PM-2.jpeg\" data-orig-size=\"1600,1200\" data-comments-opened=\"0\" data-image-meta=\"{&quot;aperture&quot;:&quot;0&quot;,&quot;credit&quot;:&quot;&quot;,&quot;camera&quot;:&quot;&quot;,&quot;caption&quot;:&quot;&quot;,&quot;created_timestamp&quot;:&quot;0&quot;,&quot;copyright&quot;:&quot;&quot;,&quot;focal_length&quot;:&quot;0&quot;,&quot;iso&quot;:&quot;0&quot;,&quot;shutter_speed&quot;:&quot;0&quot;,&quot;title&quot;:&quot;&quot;,&quot;orientation&quot;:&quot;0&quot;}\" data-image-title=\"WhatsApp Image 2025-10-11 at 8.47.49 PM (2)\" data-image-description=\"\" data-image-caption=\"\" data-medium-file=\"https:\/\/www.grieta.org.mx\/wp-content\/uploads\/2025\/10\/WhatsApp-Image-2025-10-11-at-8.47.49-PM-2-300x225.jpeg\" data-large-file=\"https:\/\/www.grieta.org.mx\/wp-content\/uploads\/2025\/10\/WhatsApp-Image-2025-10-11-at-8.47.49-PM-2-1024x768.jpeg\" class=\"alignright size-full wp-image-72361\" src=\"http:\/\/www.grieta.org.mx\/wp-content\/uploads\/2025\/10\/WhatsApp-Image-2025-10-11-at-8.47.49-PM-2.jpeg\" alt=\"\" width=\"1600\" height=\"1200\" srcset=\"https:\/\/www.grieta.org.mx\/wp-content\/uploads\/2025\/10\/WhatsApp-Image-2025-10-11-at-8.47.49-PM-2.jpeg 1600w, https:\/\/www.grieta.org.mx\/wp-content\/uploads\/2025\/10\/WhatsApp-Image-2025-10-11-at-8.47.49-PM-2-300x225.jpeg 300w, https:\/\/www.grieta.org.mx\/wp-content\/uploads\/2025\/10\/WhatsApp-Image-2025-10-11-at-8.47.49-PM-2-1024x768.jpeg 1024w, https:\/\/www.grieta.org.mx\/wp-content\/uploads\/2025\/10\/WhatsApp-Image-2025-10-11-at-8.47.49-PM-2-768x576.jpeg 768w, https:\/\/www.grieta.org.mx\/wp-content\/uploads\/2025\/10\/WhatsApp-Image-2025-10-11-at-8.47.49-PM-2-1536x1152.jpeg 1536w\" sizes=\"auto, (max-width: 1600px) 100vw, 1600px\" \/><\/a> <a href=\"http:\/\/www.grieta.org.mx\/wp-content\/uploads\/2025\/10\/WhatsApp-Image-2025-10-11-at-8.47.49-PM-1.jpeg\"><img loading=\"lazy\" decoding=\"async\" data-attachment-id=\"72362\" data-permalink=\"https:\/\/www.grieta.org.mx\/index.php\/2025\/10\/13\/jornada-de-lucha-y-resistencia-contra-la-guerra-a-los-pueblos-zapatistas\/whatsapp-image-2025-10-11-at-8-47-49-pm-1\/\" data-orig-file=\"https:\/\/www.grieta.org.mx\/wp-content\/uploads\/2025\/10\/WhatsApp-Image-2025-10-11-at-8.47.49-PM-1.jpeg\" data-orig-size=\"1600,1200\" data-comments-opened=\"0\" data-image-meta=\"{&quot;aperture&quot;:&quot;0&quot;,&quot;credit&quot;:&quot;&quot;,&quot;camera&quot;:&quot;&quot;,&quot;caption&quot;:&quot;&quot;,&quot;created_timestamp&quot;:&quot;0&quot;,&quot;copyright&quot;:&quot;&quot;,&quot;focal_length&quot;:&quot;0&quot;,&quot;iso&quot;:&quot;0&quot;,&quot;shutter_speed&quot;:&quot;0&quot;,&quot;title&quot;:&quot;&quot;,&quot;orientation&quot;:&quot;0&quot;}\" data-image-title=\"WhatsApp Image 2025-10-11 at 8.47.49 PM (1)\" data-image-description=\"\" data-image-caption=\"\" data-medium-file=\"https:\/\/www.grieta.org.mx\/wp-content\/uploads\/2025\/10\/WhatsApp-Image-2025-10-11-at-8.47.49-PM-1-300x225.jpeg\" data-large-file=\"https:\/\/www.grieta.org.mx\/wp-content\/uploads\/2025\/10\/WhatsApp-Image-2025-10-11-at-8.47.49-PM-1-1024x768.jpeg\" class=\"alignright size-full wp-image-72362\" src=\"http:\/\/www.grieta.org.mx\/wp-content\/uploads\/2025\/10\/WhatsApp-Image-2025-10-11-at-8.47.49-PM-1.jpeg\" alt=\"\" width=\"1600\" height=\"1200\" srcset=\"https:\/\/www.grieta.org.mx\/wp-content\/uploads\/2025\/10\/WhatsApp-Image-2025-10-11-at-8.47.49-PM-1.jpeg 1600w, https:\/\/www.grieta.org.mx\/wp-content\/uploads\/2025\/10\/WhatsApp-Image-2025-10-11-at-8.47.49-PM-1-300x225.jpeg 300w, https:\/\/www.grieta.org.mx\/wp-content\/uploads\/2025\/10\/WhatsApp-Image-2025-10-11-at-8.47.49-PM-1-1024x768.jpeg 1024w, https:\/\/www.grieta.org.mx\/wp-content\/uploads\/2025\/10\/WhatsApp-Image-2025-10-11-at-8.47.49-PM-1-768x576.jpeg 768w, https:\/\/www.grieta.org.mx\/wp-content\/uploads\/2025\/10\/WhatsApp-Image-2025-10-11-at-8.47.49-PM-1-1536x1152.jpeg 1536w\" sizes=\"auto, (max-width: 1600px) 100vw, 1600px\" \/><\/a> <a href=\"http:\/\/www.grieta.org.mx\/wp-content\/uploads\/2025\/10\/WhatsApp-Image-2025-10-11-at-8.47.49-PM.jpeg\"><img loading=\"lazy\" decoding=\"async\" data-attachment-id=\"72363\" data-permalink=\"https:\/\/www.grieta.org.mx\/index.php\/2025\/10\/13\/jornada-de-lucha-y-resistencia-contra-la-guerra-a-los-pueblos-zapatistas\/whatsapp-image-2025-10-11-at-8-47-49-pm\/\" data-orig-file=\"https:\/\/www.grieta.org.mx\/wp-content\/uploads\/2025\/10\/WhatsApp-Image-2025-10-11-at-8.47.49-PM.jpeg\" data-orig-size=\"1600,1200\" data-comments-opened=\"0\" data-image-meta=\"{&quot;aperture&quot;:&quot;0&quot;,&quot;credit&quot;:&quot;&quot;,&quot;camera&quot;:&quot;&quot;,&quot;caption&quot;:&quot;&quot;,&quot;created_timestamp&quot;:&quot;0&quot;,&quot;copyright&quot;:&quot;&quot;,&quot;focal_length&quot;:&quot;0&quot;,&quot;iso&quot;:&quot;0&quot;,&quot;shutter_speed&quot;:&quot;0&quot;,&quot;title&quot;:&quot;&quot;,&quot;orientation&quot;:&quot;0&quot;}\" data-image-title=\"WhatsApp Image 2025-10-11 at 8.47.49 PM\" data-image-description=\"\" data-image-caption=\"\" data-medium-file=\"https:\/\/www.grieta.org.mx\/wp-content\/uploads\/2025\/10\/WhatsApp-Image-2025-10-11-at-8.47.49-PM-300x225.jpeg\" data-large-file=\"https:\/\/www.grieta.org.mx\/wp-content\/uploads\/2025\/10\/WhatsApp-Image-2025-10-11-at-8.47.49-PM-1024x768.jpeg\" class=\"alignright size-full wp-image-72363\" src=\"http:\/\/www.grieta.org.mx\/wp-content\/uploads\/2025\/10\/WhatsApp-Image-2025-10-11-at-8.47.49-PM.jpeg\" alt=\"\" width=\"1600\" height=\"1200\" srcset=\"https:\/\/www.grieta.org.mx\/wp-content\/uploads\/2025\/10\/WhatsApp-Image-2025-10-11-at-8.47.49-PM.jpeg 1600w, https:\/\/www.grieta.org.mx\/wp-content\/uploads\/2025\/10\/WhatsApp-Image-2025-10-11-at-8.47.49-PM-300x225.jpeg 300w, https:\/\/www.grieta.org.mx\/wp-content\/uploads\/2025\/10\/WhatsApp-Image-2025-10-11-at-8.47.49-PM-1024x768.jpeg 1024w, https:\/\/www.grieta.org.mx\/wp-content\/uploads\/2025\/10\/WhatsApp-Image-2025-10-11-at-8.47.49-PM-768x576.jpeg 768w, https:\/\/www.grieta.org.mx\/wp-content\/uploads\/2025\/10\/WhatsApp-Image-2025-10-11-at-8.47.49-PM-1536x1152.jpeg 1536w\" sizes=\"auto, (max-width: 1600px) 100vw, 1600px\" \/><\/a> <a href=\"http:\/\/www.grieta.org.mx\/wp-content\/uploads\/2025\/10\/WhatsApp-Image-2025-10-11-at-8.47.48-PM-1.jpeg\"><img loading=\"lazy\" decoding=\"async\" data-attachment-id=\"72364\" data-permalink=\"https:\/\/www.grieta.org.mx\/index.php\/2025\/10\/13\/jornada-de-lucha-y-resistencia-contra-la-guerra-a-los-pueblos-zapatistas\/whatsapp-image-2025-10-11-at-8-47-48-pm-1\/\" data-orig-file=\"https:\/\/www.grieta.org.mx\/wp-content\/uploads\/2025\/10\/WhatsApp-Image-2025-10-11-at-8.47.48-PM-1.jpeg\" data-orig-size=\"1600,1200\" data-comments-opened=\"0\" data-image-meta=\"{&quot;aperture&quot;:&quot;0&quot;,&quot;credit&quot;:&quot;&quot;,&quot;camera&quot;:&quot;&quot;,&quot;caption&quot;:&quot;&quot;,&quot;created_timestamp&quot;:&quot;0&quot;,&quot;copyright&quot;:&quot;&quot;,&quot;focal_length&quot;:&quot;0&quot;,&quot;iso&quot;:&quot;0&quot;,&quot;shutter_speed&quot;:&quot;0&quot;,&quot;title&quot;:&quot;&quot;,&quot;orientation&quot;:&quot;0&quot;}\" data-image-title=\"WhatsApp Image 2025-10-11 at 8.47.48 PM (1)\" data-image-description=\"\" data-image-caption=\"\" data-medium-file=\"https:\/\/www.grieta.org.mx\/wp-content\/uploads\/2025\/10\/WhatsApp-Image-2025-10-11-at-8.47.48-PM-1-300x225.jpeg\" data-large-file=\"https:\/\/www.grieta.org.mx\/wp-content\/uploads\/2025\/10\/WhatsApp-Image-2025-10-11-at-8.47.48-PM-1-1024x768.jpeg\" class=\"alignright size-full wp-image-72364\" src=\"http:\/\/www.grieta.org.mx\/wp-content\/uploads\/2025\/10\/WhatsApp-Image-2025-10-11-at-8.47.48-PM-1.jpeg\" alt=\"\" width=\"1600\" height=\"1200\" srcset=\"https:\/\/www.grieta.org.mx\/wp-content\/uploads\/2025\/10\/WhatsApp-Image-2025-10-11-at-8.47.48-PM-1.jpeg 1600w, https:\/\/www.grieta.org.mx\/wp-content\/uploads\/2025\/10\/WhatsApp-Image-2025-10-11-at-8.47.48-PM-1-300x225.jpeg 300w, https:\/\/www.grieta.org.mx\/wp-content\/uploads\/2025\/10\/WhatsApp-Image-2025-10-11-at-8.47.48-PM-1-1024x768.jpeg 1024w, https:\/\/www.grieta.org.mx\/wp-content\/uploads\/2025\/10\/WhatsApp-Image-2025-10-11-at-8.47.48-PM-1-768x576.jpeg 768w, https:\/\/www.grieta.org.mx\/wp-content\/uploads\/2025\/10\/WhatsApp-Image-2025-10-11-at-8.47.48-PM-1-1536x1152.jpeg 1536w\" sizes=\"auto, (max-width: 1600px) 100vw, 1600px\" \/><\/a> <a href=\"http:\/\/www.grieta.org.mx\/wp-content\/uploads\/2025\/10\/WhatsApp-Image-2025-10-11-at-8.47.48-PM.jpeg\"><img loading=\"lazy\" decoding=\"async\" data-attachment-id=\"72365\" data-permalink=\"https:\/\/www.grieta.org.mx\/index.php\/2025\/10\/13\/jornada-de-lucha-y-resistencia-contra-la-guerra-a-los-pueblos-zapatistas\/whatsapp-image-2025-10-11-at-8-47-48-pm\/\" data-orig-file=\"https:\/\/www.grieta.org.mx\/wp-content\/uploads\/2025\/10\/WhatsApp-Image-2025-10-11-at-8.47.48-PM.jpeg\" data-orig-size=\"1200,1600\" data-comments-opened=\"0\" data-image-meta=\"{&quot;aperture&quot;:&quot;0&quot;,&quot;credit&quot;:&quot;&quot;,&quot;camera&quot;:&quot;&quot;,&quot;caption&quot;:&quot;&quot;,&quot;created_timestamp&quot;:&quot;0&quot;,&quot;copyright&quot;:&quot;&quot;,&quot;focal_length&quot;:&quot;0&quot;,&quot;iso&quot;:&quot;0&quot;,&quot;shutter_speed&quot;:&quot;0&quot;,&quot;title&quot;:&quot;&quot;,&quot;orientation&quot;:&quot;0&quot;}\" data-image-title=\"WhatsApp Image 2025-10-11 at 8.47.48 PM\" data-image-description=\"\" data-image-caption=\"\" data-medium-file=\"https:\/\/www.grieta.org.mx\/wp-content\/uploads\/2025\/10\/WhatsApp-Image-2025-10-11-at-8.47.48-PM-225x300.jpeg\" data-large-file=\"https:\/\/www.grieta.org.mx\/wp-content\/uploads\/2025\/10\/WhatsApp-Image-2025-10-11-at-8.47.48-PM-768x1024.jpeg\" class=\"alignright size-full wp-image-72365\" src=\"http:\/\/www.grieta.org.mx\/wp-content\/uploads\/2025\/10\/WhatsApp-Image-2025-10-11-at-8.47.48-PM.jpeg\" alt=\"\" width=\"1200\" height=\"1600\" srcset=\"https:\/\/www.grieta.org.mx\/wp-content\/uploads\/2025\/10\/WhatsApp-Image-2025-10-11-at-8.47.48-PM.jpeg 1200w, https:\/\/www.grieta.org.mx\/wp-content\/uploads\/2025\/10\/WhatsApp-Image-2025-10-11-at-8.47.48-PM-225x300.jpeg 225w, https:\/\/www.grieta.org.mx\/wp-content\/uploads\/2025\/10\/WhatsApp-Image-2025-10-11-at-8.47.48-PM-768x1024.jpeg 768w, https:\/\/www.grieta.org.mx\/wp-content\/uploads\/2025\/10\/WhatsApp-Image-2025-10-11-at-8.47.48-PM-1152x1536.jpeg 1152w\" sizes=\"auto, (max-width: 1200px) 100vw, 1200px\" \/><\/a><\/p>\n","protected":false},"excerpt":{"rendered":"<p>Colectivo Grieta, 11 de octubre de 2025 Ciudad de M\u00e9xico. Diversas organizaciones y colectivos de la Ciudad de M\u00e9xico se movilizaron el viernes 10 de octubre\u00a0 para alzarse en protesta &hellip; <a href=\"https:\/\/www.grieta.org.mx\/index.php\/2025\/10\/13\/jornada-de-lucha-y-resistencia-contra-la-guerra-a-los-pueblos-zapatistas\/\" class=\"more-link\">Leer m\u00e1s<\/a><\/p>\n","protected":false},"author":2,"featured_media":72377,"comment_status":"closed","ping_status":"closed","sticky":false,"template":"","format":"standard","meta":{"ngg_post_thumbnail":0,"_jetpack_newsletter_access":"","_jetpack_dont_email_post_to_subs":false,"_jetpack_newsletter_tier_id":0,"_jetpack_memberships_contains_paywalled_content":false,"_jetpack_memberships_contains_paid_content":false,"footnotes":""},"categories":[3674,80,1775,2,2661],"tags":[4021,4243,2465,4247,466,645,4221],"class_list":["post-72360","post","type-post","status-publish","format-standard","has-post-thumbnail","hentry","category-contra-la-guerra-al-ezln","category-cintillo","category-colectivo-grieta","category-noticias-nacionales","category-redes-de-resistencia-y-rebeldia","tag-agresiones-contra-la-autonomia-zapatista","tag-alto-a-la-guerra-contra-los-pueblos-zapatistas","tag-despojo-de-territorios-indigenas","tag-el-comun","tag-ezln","tag-movilizacion","tag-solidaridad-con-ezln","entry"],"jetpack_featured_media_url":"https:\/\/www.grieta.org.mx\/wp-content\/uploads\/2025\/10\/WhatsApp-Image-2025-10-13-at-21.21.01.png","jetpack_sharing_enabled":true,"jetpack_shortlink":"https:\/\/wp.me\/p7ZJR4-iP6","jetpack_likes_enabled":false,"jetpack-related-posts":[{"id":70329,"url":"https:\/\/www.grieta.org.mx\/index.php\/2024\/10\/30\/alto-a-las-agresiones-contra-las-comunidades-zapatistas-reclaman-miles-en-manifestacion-en-la-ciudad-de-mexico\/","url_meta":{"origin":72360,"position":0},"title":"\u00a1Alto a las agresiones contra las comunidades zapatistas! reclaman miles en manifestaci\u00f3n en la Ciudad de M\u00e9xico [AUDIOS]","author":"grieta","date":"30 octubre, 2024","format":false,"excerpt":"Colectivo Grieta 24 de octubre de 2024 Ciudad de M\u00e9xico.- Al grito de \u00a1Alto a las agresiones contra las comunidades zapatistas! y exigiendo el cese a los hostigamientos orquestados por los tres niveles de gobierno y grupos narcoparamilitares contra las bases de apoyo del EZLN, este jueves 24 de octubre\u2026","rel":"","context":"En &quot;Alto a la Guerra contra los pueblos zapatistas&quot;","block_context":{"text":"Alto a la Guerra contra los pueblos zapatistas","link":"https:\/\/www.grieta.org.mx\/index.php\/category\/redes-de-resistencia-y-rebeldia\/contra-la-guerra-al-ezln\/"},"img":{"alt_text":"","src":"https:\/\/i0.wp.com\/www.grieta.org.mx\/wp-content\/uploads\/2024\/10\/Diapositiva2-1.jpeg?resize=350%2C200&ssl=1","width":350,"height":200,"srcset":"https:\/\/i0.wp.com\/www.grieta.org.mx\/wp-content\/uploads\/2024\/10\/Diapositiva2-1.jpeg?resize=350%2C200&ssl=1 1x, https:\/\/i0.wp.com\/www.grieta.org.mx\/wp-content\/uploads\/2024\/10\/Diapositiva2-1.jpeg?resize=525%2C300&ssl=1 1.5x, https:\/\/i0.wp.com\/www.grieta.org.mx\/wp-content\/uploads\/2024\/10\/Diapositiva2-1.jpeg?resize=700%2C400&ssl=1 2x"},"classes":[]},{"id":70411,"url":"https:\/\/www.grieta.org.mx\/index.php\/2024\/11\/11\/alto-alas-agresiones-contra-las-comunidades-zapatistas\/","url_meta":{"origin":72360,"position":1},"title":"\u00a1ALTO A LAS AGRESIONES CONTRA LAS COMUNIDADES ZAPATISTAS!","author":"grieta","date":"11 noviembre, 2024","format":false,"excerpt":"","rel":"","context":"En &quot;Alto a la Guerra contra los pueblos zapatistas&quot;","block_context":{"text":"Alto a la Guerra contra los pueblos zapatistas","link":"https:\/\/www.grieta.org.mx\/index.php\/category\/redes-de-resistencia-y-rebeldia\/contra-la-guerra-al-ezln\/"},"img":{"alt_text":"","src":"https:\/\/i0.wp.com\/www.grieta.org.mx\/wp-content\/uploads\/2024\/11\/11.jpg?resize=350%2C200&ssl=1","width":350,"height":200,"srcset":"https:\/\/i0.wp.com\/www.grieta.org.mx\/wp-content\/uploads\/2024\/11\/11.jpg?resize=350%2C200&ssl=1 1x, https:\/\/i0.wp.com\/www.grieta.org.mx\/wp-content\/uploads\/2024\/11\/11.jpg?resize=525%2C300&ssl=1 1.5x, https:\/\/i0.wp.com\/www.grieta.org.mx\/wp-content\/uploads\/2024\/11\/11.jpg?resize=700%2C400&ssl=1 2x"},"classes":[]},{"id":70237,"url":"https:\/\/www.grieta.org.mx\/index.php\/2024\/10\/20\/mitin-en-segob-en-solidaridad-con-los-pueblos-zapatistas\/","url_meta":{"origin":72360,"position":2},"title":"Mitin en SEGOB en solidaridad con los pueblos zapatistas","author":"grieta","date":"20 octubre, 2024","format":false,"excerpt":"Colectivo Grieta\/19 octubre 2024. En el marco de la Jornada de Lucha contra la Guerra a los Pueblos Zapatistas, diversas personas, colectivos y organizaciones se congregaron el pasado 18 de octubre frente a la Secretar\u00eda de Gobernaci\u00f3n para denunciar los ataques recientes contra las comunidades zapatistas. Esta vez, los agresores\u2026","rel":"","context":"En &quot;Alto a la Guerra contra los pueblos zapatistas&quot;","block_context":{"text":"Alto a la Guerra contra los pueblos zapatistas","link":"https:\/\/www.grieta.org.mx\/index.php\/category\/redes-de-resistencia-y-rebeldia\/contra-la-guerra-al-ezln\/"},"img":{"alt_text":"","src":"https:\/\/i0.wp.com\/www.grieta.org.mx\/wp-content\/uploads\/2024\/10\/noche-mitin.jpg?resize=350%2C200&ssl=1","width":350,"height":200,"srcset":"https:\/\/i0.wp.com\/www.grieta.org.mx\/wp-content\/uploads\/2024\/10\/noche-mitin.jpg?resize=350%2C200&ssl=1 1x, https:\/\/i0.wp.com\/www.grieta.org.mx\/wp-content\/uploads\/2024\/10\/noche-mitin.jpg?resize=525%2C300&ssl=1 1.5x, https:\/\/i0.wp.com\/www.grieta.org.mx\/wp-content\/uploads\/2024\/10\/noche-mitin.jpg?resize=700%2C400&ssl=1 2x, https:\/\/i0.wp.com\/www.grieta.org.mx\/wp-content\/uploads\/2024\/10\/noche-mitin.jpg?resize=1050%2C600&ssl=1 3x"},"classes":[]},{"id":70267,"url":"https:\/\/www.grieta.org.mx\/index.php\/2024\/10\/21\/conferencia-de-prensa-para-exigir-el-alto-a-la-guerra-en-contra-de-las-comunidades-zapatistas\/","url_meta":{"origin":72360,"position":3},"title":"&#8220;Alto a la guerra en contra de las comunidades ind\u00edgenas zapatistas&#8221; exigen artistas, intelectuales, organizaciones sociales y colectivos nacionales e internacionales.","author":"grieta","date":"21 octubre, 2024","format":false,"excerpt":"Colectivo Grieta \/ 21 de octubre de 2024 El d\u00eda de hoy, en las instalaciones de Radio UNAM, en la Colonia del Valle de la Ciudad de M\u00e9xico, se llev\u00f3 a cabo la conferencia de prensa para denunciar los violentos ataques en contra de las comunidades zapatistas y exigir el\u2026","rel":"","context":"En &quot;Alto a la Guerra contra los pueblos zapatistas&quot;","block_context":{"text":"Alto a la Guerra contra los pueblos zapatistas","link":"https:\/\/www.grieta.org.mx\/index.php\/category\/redes-de-resistencia-y-rebeldia\/contra-la-guerra-al-ezln\/"},"img":{"alt_text":"","src":"https:\/\/i0.wp.com\/www.grieta.org.mx\/wp-content\/uploads\/2024\/10\/conferencia.jpg?resize=350%2C200&ssl=1","width":350,"height":200,"srcset":"https:\/\/i0.wp.com\/www.grieta.org.mx\/wp-content\/uploads\/2024\/10\/conferencia.jpg?resize=350%2C200&ssl=1 1x, https:\/\/i0.wp.com\/www.grieta.org.mx\/wp-content\/uploads\/2024\/10\/conferencia.jpg?resize=525%2C300&ssl=1 1.5x, https:\/\/i0.wp.com\/www.grieta.org.mx\/wp-content\/uploads\/2024\/10\/conferencia.jpg?resize=700%2C400&ssl=1 2x, https:\/\/i0.wp.com\/www.grieta.org.mx\/wp-content\/uploads\/2024\/10\/conferencia.jpg?resize=1050%2C600&ssl=1 3x"},"classes":[]},{"id":67038,"url":"https:\/\/www.grieta.org.mx\/index.php\/2023\/06\/08\/si-tocan-a-uno-nos-tocan-a-todos-exigen-en-jalisco-un-alto-a-la-violencia-contra-las-comunidades-zapatistas-fotogaleria\/","url_meta":{"origin":72360,"position":4},"title":"\u201cSi tocan a uno nos tocan a todos\u201d: Exigen en Jalisco un alto a la violencia contra las comunidades zapatistas (fotogaler\u00eda)","author":"grieta","date":"8 junio, 2023","format":false,"excerpt":"Imagen: Mario Marlo Leslie Zepeda \/ Zona Docs El pasado 23 de mayo fue v\u00edctima de un intento de homicidio Jorge L\u00f3pez S\u00e1ntiz, un hombre ind\u00edgena perteneciente a las Bases de Apoyo del Ej\u00e9rcito Zapatista de Liberaci\u00f3n Nacional (BAEZLN). Denuncian que los responsables pertenecen a la Organizaci\u00f3n Regional de Cafeticultores\u2026","rel":"","context":"En &quot;Alto a la Guerra contra los pueblos zapatistas&quot;","block_context":{"text":"Alto a la Guerra contra los pueblos zapatistas","link":"https:\/\/www.grieta.org.mx\/index.php\/category\/redes-de-resistencia-y-rebeldia\/contra-la-guerra-al-ezln\/"},"img":{"alt_text":"","src":"https:\/\/i0.wp.com\/www.grieta.org.mx\/wp-content\/uploads\/2023\/06\/Captura-de-Pantalla-2023-06-08-a-las-22.32.12-768x510-1.png?resize=350%2C200&ssl=1","width":350,"height":200,"srcset":"https:\/\/i0.wp.com\/www.grieta.org.mx\/wp-content\/uploads\/2023\/06\/Captura-de-Pantalla-2023-06-08-a-las-22.32.12-768x510-1.png?resize=350%2C200&ssl=1 1x, https:\/\/i0.wp.com\/www.grieta.org.mx\/wp-content\/uploads\/2023\/06\/Captura-de-Pantalla-2023-06-08-a-las-22.32.12-768x510-1.png?resize=525%2C300&ssl=1 1.5x, https:\/\/i0.wp.com\/www.grieta.org.mx\/wp-content\/uploads\/2023\/06\/Captura-de-Pantalla-2023-06-08-a-las-22.32.12-768x510-1.png?resize=700%2C400&ssl=1 2x"},"classes":[]},{"id":61915,"url":"https:\/\/www.grieta.org.mx\/index.php\/2021\/09\/25\/colectivos-organizaciones-e-individuos-marchan-en-la-cdmx-para-decirle-a-los-pueblos-zapatistas-que-no-estan-solos\/","url_meta":{"origin":72360,"position":5},"title":"Colectivos, organizaciones e individuos marchan en la CDMX para decirle a los pueblos zapatistas que \u00a1No est\u00e1n solos!","author":"grieta","date":"25 septiembre, 2021","format":false,"excerpt":"Colectivo Grieta Ciudad de M\u00e9xico, 24 de septiembre.- El viernes 24 de septiembre m\u00e1s de un millar de manifestantes pertenecientes a diferentes colectivos, organizaciones y personas a t\u00edtulo individual marcharon por avenida Reforma hasta la Secretar\u00eda de Gobernaci\u00f3n para exigir el cese de las agresiones en contra de las comunidades\u2026","rel":"","context":"En &quot;CINTILLO&quot;","block_context":{"text":"CINTILLO","link":"https:\/\/www.grieta.org.mx\/index.php\/category\/cintillo\/"},"img":{"alt_text":"","src":"https:\/\/i0.wp.com\/www.grieta.org.mx\/wp-content\/uploads\/2021\/09\/IMG_0433.jpg?resize=350%2C200&ssl=1","width":350,"height":200,"srcset":"https:\/\/i0.wp.com\/www.grieta.org.mx\/wp-content\/uploads\/2021\/09\/IMG_0433.jpg?resize=350%2C200&ssl=1 1x, https:\/\/i0.wp.com\/www.grieta.org.mx\/wp-content\/uploads\/2021\/09\/IMG_0433.jpg?resize=525%2C300&ssl=1 1.5x, https:\/\/i0.wp.com\/www.grieta.org.mx\/wp-content\/uploads\/2021\/09\/IMG_0433.jpg?resize=700%2C400&ssl=1 2x, https:\/\/i0.wp.com\/www.grieta.org.mx\/wp-content\/uploads\/2021\/09\/IMG_0433.jpg?resize=1050%2C600&ssl=1 3x"},"classes":[]}],"_links":{"self":[{"href":"https:\/\/www.grieta.org.mx\/index.php\/wp-json\/wp\/v2\/posts\/72360","targetHints":{"allow":["GET"]}}],"collection":[{"href":"https:\/\/www.grieta.org.mx\/index.php\/wp-json\/wp\/v2\/posts"}],"about":[{"href":"https:\/\/www.grieta.org.mx\/index.php\/wp-json\/wp\/v2\/types\/post"}],"author":[{"embeddable":true,"href":"https:\/\/www.grieta.org.mx\/index.php\/wp-json\/wp\/v2\/users\/2"}],"replies":[{"embeddable":true,"href":"https:\/\/www.grieta.org.mx\/index.php\/wp-json\/wp\/v2\/comments?post=72360"}],"version-history":[{"count":1,"href":"https:\/\/www.grieta.org.mx\/index.php\/wp-json\/wp\/v2\/posts\/72360\/revisions"}],"predecessor-version":[{"id":72393,"href":"https:\/\/www.grieta.org.mx\/index.php\/wp-json\/wp\/v2\/posts\/72360\/revisions\/72393"}],"wp:featuredmedia":[{"embeddable":true,"href":"https:\/\/www.grieta.org.mx\/index.php\/wp-json\/wp\/v2\/media\/72377"}],"wp:attachment":[{"href":"https:\/\/www.grieta.org.mx\/index.php\/wp-json\/wp\/v2\/media?parent=72360"}],"wp:term":[{"taxonomy":"category","embeddable":true,"href":"https:\/\/www.grieta.org.mx\/index.php\/wp-json\/wp\/v2\/categories?post=72360"},{"taxonomy":"post_tag","embeddable":true,"href":"https:\/\/www.grieta.org.mx\/index.php\/wp-json\/wp\/v2\/tags?post=72360"}],"curies":[{"name":"wp","href":"https:\/\/api.w.org\/{rel}","templated":true}]}}