{"id":72274,"date":"2025-08-30T15:16:06","date_gmt":"2025-08-30T21:16:06","guid":{"rendered":"https:\/\/www.grieta.org.mx\/?p=72274"},"modified":"2025-08-30T15:16:06","modified_gmt":"2025-08-30T21:16:06","slug":"realizan-vigilia-por-las-personas-desaparecidas-en-colima","status":"publish","type":"post","link":"https:\/\/www.grieta.org.mx\/index.php\/2025\/08\/30\/realizan-vigilia-por-las-personas-desaparecidas-en-colima\/","title":{"rendered":"Realizan vigilia por las personas desaparecidas en Colima"},"content":{"rendered":"<p>Imagen: edro Zamora Brise\u00f1o<\/p>\n<p>Redacci\u00f3n \/ Diario Avanzada<\/p>\n<p class=\"s3\">Colima, M\u00e9xico, Avanzada (30\/08\/2025).-\u00a0Familiares de personas desaparecidas realizaron la noche del viernes una vigilia en memoria de las v\u00edctimas de este delito, en la plaza que lleva su nombre, por la Calzada Galv\u00e1n,\u00a0a un costado del parque de la Piedra Lisa.<\/p>\n<p class=\"s3\">Convocadas por la Red Desaparecidos en Colima A.C., las familias colocaron cerca de 200 fotograf\u00edas de sus seres queridos, ante las que permanecieron desde las 19:30 horas del viernes hasta las 02:00 horas del s\u00e1bado, adem\u00e1s de que les dedicaron el rezo de un Rosario.<\/p>\n<p class=\"s3\">Y con motivo del D\u00eda Internacional de las V\u00edctimas de Desaparici\u00f3n Forzada, invitaron a la poblaci\u00f3n a participar en la marcha que realizar\u00e1n este s\u00e1bado a las 04:30 de la tarde, que tendr\u00e1 como punto de reuni\u00f3n la Plaza de las Personas Desaparecidas y de ah\u00ed partir\u00e1 por Calzada Galv\u00e1n y Madero rumbo al Jard\u00edn Libertad, para participar a las 06:00 PM en una misa que se realizar\u00e1 en la Catedral por las personas desaparecidas.<\/p>\n<p><a href=\"https:\/\/diarioavanzada.com.mx\/?p=98619\">https:\/\/diarioavanzada.com.mx\/?p=98619<\/a><\/p>\n","protected":false},"excerpt":{"rendered":"<p>Imagen: edro Zamora Brise\u00f1o Redacci\u00f3n \/ Diario Avanzada Colima, M\u00e9xico, Avanzada (30\/08\/2025).-\u00a0Familiares de personas desaparecidas realizaron la noche del viernes una vigilia en memoria de las v\u00edctimas de este delito, &hellip; <a href=\"https:\/\/www.grieta.org.mx\/index.php\/2025\/08\/30\/realizan-vigilia-por-las-personas-desaparecidas-en-colima\/\" class=\"more-link\">Leer m\u00e1s<\/a><\/p>\n","protected":false},"author":2,"featured_media":72275,"comment_status":"closed","ping_status":"closed","sticky":false,"template":"","format":"standard","meta":{"ngg_post_thumbnail":0,"_jetpack_newsletter_access":"","_jetpack_dont_email_post_to_subs":false,"_jetpack_newsletter_tier_id":0,"_jetpack_memberships_contains_paywalled_content":false,"_jetpack_memberships_contains_paid_content":false,"footnotes":""},"categories":[80,13,87,1829,2,83],"tags":[3791,1828,3018,121,1668,3975,3509],"class_list":["post-72274","post","type-post","status-publish","format-standard","has-post-thumbnail","hentry","category-cintillo","category-colima","category-desaparecidos","category-desaparecidos-en-colima","category-noticias-nacionales","category-temas-nacionales","tag-acciones-por-desaparecidos","tag-busqueda-de-desaparecidos","tag-colectivos-de-busqueda-de-desaparecidos","tag-desaparecidos","tag-familiares-de-desaparecidos","tag-madres-de-desaparecidos","tag-red-de-desaparecidos","entry"],"jetpack_featured_media_url":"https:\/\/www.grieta.org.mx\/wp-content\/uploads\/2025\/08\/3cdcbd90-3d79-491c-bc72-1f726864740a-1-1536x1152-1.webp","jetpack_sharing_enabled":true,"jetpack_shortlink":"https:\/\/wp.me\/p7ZJR4-iNI","jetpack_likes_enabled":false,"jetpack-related-posts":[{"id":55616,"url":"https:\/\/www.grieta.org.mx\/index.php\/2020\/12\/02\/ante-el-desamparo-gubernamental-familiares-de-desaparecidos-buscan-donaciones-colima\/","url_meta":{"origin":72274,"position":0},"title":"Ante el desamparo gubernamental, familiares de desaparecidos buscan donaciones (Colima)","author":"grieta","date":"2 diciembre, 2020","format":false,"excerpt":"Foto: Diario Avanzada Heidi de Le\u00f3n Guti\u00e9rrez \/ Diario Avanzada Colima, M\u00e9xico, Avanzada (2\/12\/2020).- Integrantes de la Red de Desaparecidos en el Estado de Colima solicitaron el apoyo econ\u00f3mico o en especie de la poblaci\u00f3n para poder comprar instrumentos que necesitan para las b\u00fasquedas que realizan en diferentes partes de\u2026","rel":"","context":"En &quot;CINTILLO&quot;","block_context":{"text":"CINTILLO","link":"https:\/\/www.grieta.org.mx\/index.php\/category\/cintillo\/"},"img":{"alt_text":"","src":"https:\/\/i0.wp.com\/www.grieta.org.mx\/wp-content\/uploads\/2020\/12\/image-3.png?resize=350%2C200&ssl=1","width":350,"height":200,"srcset":"https:\/\/i0.wp.com\/www.grieta.org.mx\/wp-content\/uploads\/2020\/12\/image-3.png?resize=350%2C200&ssl=1 1x, https:\/\/i0.wp.com\/www.grieta.org.mx\/wp-content\/uploads\/2020\/12\/image-3.png?resize=525%2C300&ssl=1 1.5x"},"classes":[]},{"id":60398,"url":"https:\/\/www.grieta.org.mx\/index.php\/2021\/07\/06\/familias-de-colima-recorren-jalisco-buscando-a-sus-desaparecidos\/","url_meta":{"origin":72274,"position":1},"title":"Familias de Colima recorren Jalisco buscando a sus desaparecidos","author":"grieta","date":"6 julio, 2021","format":false,"excerpt":"Foto:\u00a0 Diario Avanzada Heidi de Le\u00f3n Guti\u00e9rrez \/ Diario Avanzada Colima, M\u00e9xico, Avanzada (06\/07\/2021).- Integrantes de la Red de Personas Desaparecidas en Colima se encuentran en Jalisco para buscar a sus familiares \u00a0en hospitales, albergues,\u00a0 centros penitenciarios \u00a0y en distintos puntos de esa entidad como parte de la Jornada Nacional\u2026","rel":"","context":"En &quot;CINTILLO&quot;","block_context":{"text":"CINTILLO","link":"https:\/\/www.grieta.org.mx\/index.php\/category\/cintillo\/"},"img":{"alt_text":"","src":"https:\/\/i0.wp.com\/www.grieta.org.mx\/wp-content\/uploads\/2021\/07\/Des.png?resize=350%2C200&ssl=1","width":350,"height":200},"classes":[]},{"id":61771,"url":"https:\/\/www.grieta.org.mx\/index.php\/2021\/09\/14\/colectivo-de-busqueda-de-personas-desaparecidas-lanza-campana-titulada-colima-fosa-comun\/","url_meta":{"origin":72274,"position":2},"title":"Colectivo de B\u00fasqueda de Personas Desaparecidas lanza campa\u00f1a titulada \u201cColima, fosa com\u00fan\u201d","author":"grieta","date":"14 septiembre, 2021","format":false,"excerpt":"Foto: Diario Avanzada Heidi de Le\u00f3n Guti\u00e9rrez \/ Diario Avanzada Colima, M\u00e9xico, Avanzada (14\/09\/2021).- El Colectivo de B\u00fasqueda\u00a0de Personas Desaparecidas acudi\u00f3 a los municipios de Manzanillo y Armer\u00eda donde mostr\u00f3 cientos de fotograf\u00edas de las personas desaparecidas en la entidad, en su mayor\u00eda j\u00f3venes, con la finalidad de mostrarle a\u2026","rel":"","context":"En &quot;CINTILLO&quot;","block_context":{"text":"CINTILLO","link":"https:\/\/www.grieta.org.mx\/index.php\/category\/cintillo\/"},"img":{"alt_text":"","src":"https:\/\/i0.wp.com\/www.grieta.org.mx\/wp-content\/uploads\/2021\/09\/241876284_4180575305399212_479619397822599422_n.jpg?resize=350%2C200&ssl=1","width":350,"height":200,"srcset":"https:\/\/i0.wp.com\/www.grieta.org.mx\/wp-content\/uploads\/2021\/09\/241876284_4180575305399212_479619397822599422_n.jpg?resize=350%2C200&ssl=1 1x, https:\/\/i0.wp.com\/www.grieta.org.mx\/wp-content\/uploads\/2021\/09\/241876284_4180575305399212_479619397822599422_n.jpg?resize=525%2C300&ssl=1 1.5x, https:\/\/i0.wp.com\/www.grieta.org.mx\/wp-content\/uploads\/2021\/09\/241876284_4180575305399212_479619397822599422_n.jpg?resize=700%2C400&ssl=1 2x"},"classes":[]},{"id":64330,"url":"https:\/\/www.grieta.org.mx\/index.php\/2022\/05\/31\/colectivo-exige-cambio-completo-de-quienes-nos-protegen-por-ser-parte-del-crimen-organizado-colima\/","url_meta":{"origin":72274,"position":3},"title":"Colectivo exige cambio completo de qui\u00e9nes nos protegen, por ser \u201cparte del Crimen organizado\u201d (Colima)","author":"grieta","date":"31 mayo, 2022","format":false,"excerpt":"Foto: Diario Avanzada Redacci\u00f3n \/ Diario Avanzada Colima, M\u00e9xico, Avanzada (31\/05\/2022).- La Red de Desaparecidos en Colima A.C. fij\u00f3 un posicionamiento en el que expresaron su indignaci\u00f3n luego de que el vocero Adri\u00e1n Joya revictimizara y violara los derechos humanos de los familiares de personas desaparecidas. En una rueda de\u2026","rel":"","context":"En &quot;CINTILLO&quot;","block_context":{"text":"CINTILLO","link":"https:\/\/www.grieta.org.mx\/index.php\/category\/cintillo\/"},"img":{"alt_text":"","src":"https:\/\/i0.wp.com\/www.grieta.org.mx\/wp-content\/uploads\/2022\/06\/image-211.png?resize=350%2C200&ssl=1","width":350,"height":200,"srcset":"https:\/\/i0.wp.com\/www.grieta.org.mx\/wp-content\/uploads\/2022\/06\/image-211.png?resize=350%2C200&ssl=1 1x, https:\/\/i0.wp.com\/www.grieta.org.mx\/wp-content\/uploads\/2022\/06\/image-211.png?resize=525%2C300&ssl=1 1.5x"},"classes":[]},{"id":49946,"url":"https:\/\/www.grieta.org.mx\/index.php\/2020\/05\/25\/imparable-cifra-de-desaparecidos-en-colima-superaria-los-750\/","url_meta":{"origin":72274,"position":4},"title":"Imparable, cifra de desaparecidos en Colima superar\u00eda los 750 (Colima)","author":"grieta","date":"25 mayo, 2020","format":false,"excerpt":"Foto: Diario Avanzada Heidi de Le\u00f3n Guti\u00e9rrez \/ Diario Avanzada Colima,\u00a0 M\u00e9xico, Avanzada (25\/05\/2020).- En Colima, el n\u00famero de desaparecido va en aumento y aunque no existe una cifra oficial p\u00fablica, \u00e9sta podr\u00eda superar las 750 personas. Lo anterior fue se\u00f1alado por la integrante del Comit\u00e9 de B\u00fasqueda de Personas\u2026","rel":"","context":"En &quot;CINTILLO&quot;","block_context":{"text":"CINTILLO","link":"https:\/\/www.grieta.org.mx\/index.php\/category\/cintillo\/"},"img":{"alt_text":"","src":"https:\/\/i0.wp.com\/www.grieta.org.mx\/wp-content\/uploads\/2020\/05\/97545289_1318113668398545_3799757665555447808_n.jpg?resize=350%2C200&ssl=1","width":350,"height":200,"srcset":"https:\/\/i0.wp.com\/www.grieta.org.mx\/wp-content\/uploads\/2020\/05\/97545289_1318113668398545_3799757665555447808_n.jpg?resize=350%2C200&ssl=1 1x, https:\/\/i0.wp.com\/www.grieta.org.mx\/wp-content\/uploads\/2020\/05\/97545289_1318113668398545_3799757665555447808_n.jpg?resize=525%2C300&ssl=1 1.5x, https:\/\/i0.wp.com\/www.grieta.org.mx\/wp-content\/uploads\/2020\/05\/97545289_1318113668398545_3799757665555447808_n.jpg?resize=700%2C400&ssl=1 2x"},"classes":[]},{"id":49342,"url":"https:\/\/www.grieta.org.mx\/index.php\/2020\/05\/10\/continuan-desapareciendo-personas-en-colima-este-10-de-mayo-nada-que-celebrar\/","url_meta":{"origin":72274,"position":5},"title":"Contin\u00faan desapareciendo personas en Colima, \u201ceste 10 de mayo nada que celebrar\u201d","author":"grieta","date":"10 mayo, 2020","format":false,"excerpt":"Imagen: Diario Avanzada Redacci\u00f3n \/ Diario Avanzada Colima, M\u00e9xico, Avanzada (10\/05\/2020).- La Fiscal\u00eda General del Estado de Colima reporta 8 personas desaparecidas, en el per\u00edodo comprendido del 17 de abril al 6 de mayo de 2020 en su p\u00e1gina web, en el apartado \u201cdesaparecidos\u201d. En otro espacio se encuentran la\u2026","rel":"","context":"En &quot;CINTILLO&quot;","block_context":{"text":"CINTILLO","link":"https:\/\/www.grieta.org.mx\/index.php\/category\/cintillo\/"},"img":{"alt_text":"","src":"https:\/\/i0.wp.com\/www.grieta.org.mx\/wp-content\/uploads\/2020\/05\/97127903_281176699709177_6094025677776879616_n.jpg?resize=350%2C200&ssl=1","width":350,"height":200,"srcset":"https:\/\/i0.wp.com\/www.grieta.org.mx\/wp-content\/uploads\/2020\/05\/97127903_281176699709177_6094025677776879616_n.jpg?resize=350%2C200&ssl=1 1x, https:\/\/i0.wp.com\/www.grieta.org.mx\/wp-content\/uploads\/2020\/05\/97127903_281176699709177_6094025677776879616_n.jpg?resize=525%2C300&ssl=1 1.5x, https:\/\/i0.wp.com\/www.grieta.org.mx\/wp-content\/uploads\/2020\/05\/97127903_281176699709177_6094025677776879616_n.jpg?resize=700%2C400&ssl=1 2x, https:\/\/i0.wp.com\/www.grieta.org.mx\/wp-content\/uploads\/2020\/05\/97127903_281176699709177_6094025677776879616_n.jpg?resize=1050%2C600&ssl=1 3x"},"classes":[]}],"_links":{"self":[{"href":"https:\/\/www.grieta.org.mx\/index.php\/wp-json\/wp\/v2\/posts\/72274","targetHints":{"allow":["GET"]}}],"collection":[{"href":"https:\/\/www.grieta.org.mx\/index.php\/wp-json\/wp\/v2\/posts"}],"about":[{"href":"https:\/\/www.grieta.org.mx\/index.php\/wp-json\/wp\/v2\/types\/post"}],"author":[{"embeddable":true,"href":"https:\/\/www.grieta.org.mx\/index.php\/wp-json\/wp\/v2\/users\/2"}],"replies":[{"embeddable":true,"href":"https:\/\/www.grieta.org.mx\/index.php\/wp-json\/wp\/v2\/comments?post=72274"}],"version-history":[{"count":1,"href":"https:\/\/www.grieta.org.mx\/index.php\/wp-json\/wp\/v2\/posts\/72274\/revisions"}],"predecessor-version":[{"id":72276,"href":"https:\/\/www.grieta.org.mx\/index.php\/wp-json\/wp\/v2\/posts\/72274\/revisions\/72276"}],"wp:featuredmedia":[{"embeddable":true,"href":"https:\/\/www.grieta.org.mx\/index.php\/wp-json\/wp\/v2\/media\/72275"}],"wp:attachment":[{"href":"https:\/\/www.grieta.org.mx\/index.php\/wp-json\/wp\/v2\/media?parent=72274"}],"wp:term":[{"taxonomy":"category","embeddable":true,"href":"https:\/\/www.grieta.org.mx\/index.php\/wp-json\/wp\/v2\/categories?post=72274"},{"taxonomy":"post_tag","embeddable":true,"href":"https:\/\/www.grieta.org.mx\/index.php\/wp-json\/wp\/v2\/tags?post=72274"}],"curies":[{"name":"wp","href":"https:\/\/api.w.org\/{rel}","templated":true}]}}