{"id":72195,"date":"2025-07-22T15:09:06","date_gmt":"2025-07-22T21:09:06","guid":{"rendered":"https:\/\/www.grieta.org.mx\/?p=72195"},"modified":"2025-08-19T15:43:49","modified_gmt":"2025-08-19T21:43:49","slug":"agroindustria-deforestacion-y-las-abejas-que-mueren-en-tekax-yucatan","status":"publish","type":"post","link":"https:\/\/www.grieta.org.mx\/index.php\/2025\/07\/22\/agroindustria-deforestacion-y-las-abejas-que-mueren-en-tekax-yucatan\/","title":{"rendered":"Agroindustria, deforestaci\u00f3n y las abejas que mueren en Tekax (Yucat\u00e1n)"},"content":{"rendered":"<p>Alejandro Ruiz \/ Jalt\u00fan<\/p>\n<blockquote><p>En Tekax, al sur del estado de Yucat\u00e1n, la expansi\u00f3n agroindustrial arrasa con la selva, extermina abejas y fractura comunidades mayas. Este modelo est\u00e1 impulsado por grandes corporaciones, empresarios, menonitas y pol\u00edticas p\u00fablicas que convierten al monte en extensos campos de lim\u00f3n y soya, dejando a su paso tierras est\u00e9riles y poblaciones ind\u00edgenas vulneradas.<\/p><\/blockquote>\n<p>\u201cEn este lugar antes hab\u00eda selva\u201d, dice una mujer del ejido Nohalal mientras se\u00f1ala con su dedo al horizonte donde antes hab\u00eda una pradera, pero ahora hay campos de cultivo.<\/p>\n<p>Nohalal es uno de los ejidos de Tekax que conforman la regi\u00f3n del Cono Sur del estado de Yucat\u00e1n, una zona que durante la \u00faltima d\u00e9cada ha sido epicentro de un desarrollo agroindustrial que, combinado con la llegada y la expansi\u00f3n de comunidades menonitas, acelera la deforestaci\u00f3n de la selva mientras rompe el tejido social de comunidades mayas.<\/p>\n<p>\u201cHemos perdido nuestras tierras, nuestras abejas. Todo esto parece imparable\u201d, dice otro habitante de Nohalal mientras narra el \u00faltimo episodio de esta tragedia: la destrucci\u00f3n de m\u00e1s de 300 apiarios debido al uso de fipronil, un agrot\u00f3xico que se utiliza en el monocultivo del lim\u00f3n y, en tanto insecticida, resulta letal para los polinizadores.<\/p>\n<p>Esto, sin embargo, es tan solo la punta del iceberg.<\/p>\n<p><strong>Producci\u00f3n extensiva: la pr\u00e1ctica menonita<\/strong><\/p>\n<figure id=\"attachment_72197\" aria-describedby=\"caption-attachment-72197\" style=\"width: 800px\" class=\"wp-caption alignright\"><a href=\"http:\/\/www.grieta.org.mx\/wp-content\/uploads\/2025\/08\/Tekax2-e1755638827532.jpg\"><img loading=\"lazy\" decoding=\"async\" data-attachment-id=\"72197\" data-permalink=\"https:\/\/www.grieta.org.mx\/index.php\/2025\/07\/22\/agroindustria-deforestacion-y-las-abejas-que-mueren-en-tekax-yucatan\/screenshot-402\/\" data-orig-file=\"https:\/\/www.grieta.org.mx\/wp-content\/uploads\/2025\/08\/Tekax2-e1755638827532.jpg\" data-orig-size=\"800,461\" data-comments-opened=\"0\" data-image-meta=\"{&quot;aperture&quot;:&quot;0&quot;,&quot;credit&quot;:&quot;&quot;,&quot;camera&quot;:&quot;&quot;,&quot;caption&quot;:&quot;Screenshot&quot;,&quot;created_timestamp&quot;:&quot;0&quot;,&quot;copyright&quot;:&quot;&quot;,&quot;focal_length&quot;:&quot;0&quot;,&quot;iso&quot;:&quot;0&quot;,&quot;shutter_speed&quot;:&quot;0&quot;,&quot;title&quot;:&quot;Screenshot&quot;,&quot;orientation&quot;:&quot;1&quot;}\" data-image-title=\"Screenshot\" data-image-description=\"\" data-image-caption=\"&lt;p&gt;Terreno deforestado por menonitas para el monocultivo en Nohalal, Tekax. Foto: Alejandro Ruiz.&lt;\/p&gt;\n\" data-medium-file=\"https:\/\/www.grieta.org.mx\/wp-content\/uploads\/2025\/08\/Tekax2-300x173.jpg\" data-large-file=\"https:\/\/www.grieta.org.mx\/wp-content\/uploads\/2025\/08\/Tekax2-1024x591.jpg\" src=\"http:\/\/www.grieta.org.mx\/wp-content\/uploads\/2025\/08\/Tekax2-e1755638827532.jpg\" alt=\"\" width=\"800\" height=\"461\" class=\"size-full wp-image-72197\" \/><\/a><figcaption id=\"caption-attachment-72197\" class=\"wp-caption-text\">Terreno deforestado por menonitas para el monocultivo en Nohalal, Tekax. Foto: Alejandro Ruiz.<br \/><\/figcaption><\/figure>\n<p>De acuerdo con datos de la Comisi\u00f3n Nacional Forestal, entre 2001 y 2023 Tekax perdi\u00f3 el 14 por ciento de su cobertura forestal debido a desmontes provocados por comunidades menonitas y empresas agroindustriales mexicanas y estadounidenses.<\/p>\n<p>Este territorio se encuentra entre dos \u00e1reas de conservaci\u00f3n: la Reserva Estatal Biocultural del Puuc y el \u00c1rea de Protecci\u00f3n de Flora y Fauna de Bala\u2019an K\u2019aax, las cuales, seg\u00fan estimaciones propias, suman alrededor de 9 mil hect\u00e1reas arrasadas a partir de la expansi\u00f3n de los campos de cultivo. Estos terrenos han sido desmontados mediante el uso de maquinaria pesada y la quema sistem\u00e1tica de la selva, siguiendo un patr\u00f3n implementado d\u00e9cadas atr\u00e1s por los menonitas en los estados de Quintana Roo y Campeche.<\/p>\n<p>La migraci\u00f3n menonita provino, principalmente, desde estados como Chihuahua, Zacatecas y Durango; y del pa\u00eds Belice. Dicho proceso fue hasta cierto punto alentado por los gobiernos estatales y federal, quienes aprovecharon la reforma agraria de 1990 para dotarles de terrenos nacionales, y con esto impulsar el modelo agroalimentario neoliberal que prioriza la siembra de monocultivos, la introducci\u00f3n de semillas transg\u00e9nicas y el uso irrestricto de plaguicidas.<\/p>\n<p>Gabriela Torres-Mazuera, acad\u00e9mica que ha estudiado las implicaciones de la agroindustria en la pen\u00ednsula de Yucat\u00e1n, comenta: \u201cEl origen de este modelo est\u00e1 en los 90, con pol\u00edticas p\u00fablicas que dejaron de apoyar a los campesinos locales. Se promovi\u00f3 la idea de las ventajas comparativas de importar ma\u00edz barato de Estados Unidos y exportar hortalizas. La soya cobr\u00f3 relevancia por la demanda para alimentar animales. Sin embargo, para que este modelo funcione se necesitan al menos 50 hect\u00e1reas por productor y en M\u00e9xico pocos ejidatarios tienen esa superficie, salvo en zonas forestales o ganaderas\u201d.<\/p>\n<p>Esto \u00faltimo explica en buena medida la voracidad menonita en t\u00e9rminos de acumulaci\u00f3n de tierras. En Campeche, estos actores llegaron a partir de 1980 y priorizaron la radicaci\u00f3n en la regi\u00f3n de Los Chenes, con foco en los municipios de Hecelchak\u00e1n y Hopelch\u00e9n. Ya en 1987 fundaron la colonia Nuevo Progreso. Luego, en 1988, iniciaron la agricultura extensiva en Hopelch\u00e9n.<\/p>\n<p>Al margen de la permisividad gubernamental y las pol\u00edticas que favorecieron la apropiaci\u00f3n de terrenos ejidales y nacionales, la elecci\u00f3n de la zona tambi\u00e9n respondi\u00f3 a las caracter\u00edsticas geogr\u00e1ficas de Los Chenes: se trata de planicies con una concentraci\u00f3n demogr\u00e1fica relativamente baja y recursos h\u00eddricos en el subsuelo.<\/p>\n<p>Las afectaciones derivadas de la presencia de menonitas en esa zona de Campeche, as\u00ed como de otros empresarios, ha sido documentada anteriormente por Jaltun; sobre todo en relaci\u00f3n con la muerte masiva de abejas, que para las comunidades mayas que viven de la apicultura significa perder un medio de vida fundamental.<\/p>\n<p><strong>Tekax en la mira de la agroindustria<\/strong><\/p>\n<figure id=\"attachment_72198\" aria-describedby=\"caption-attachment-72198\" style=\"width: 800px\" class=\"wp-caption alignright\"><a href=\"http:\/\/www.grieta.org.mx\/wp-content\/uploads\/2025\/08\/Tekax3-e1755639040404.jpg\"><img loading=\"lazy\" decoding=\"async\" data-attachment-id=\"72198\" data-permalink=\"https:\/\/www.grieta.org.mx\/index.php\/2025\/07\/22\/agroindustria-deforestacion-y-las-abejas-que-mueren-en-tekax-yucatan\/screenshot-403\/\" data-orig-file=\"https:\/\/www.grieta.org.mx\/wp-content\/uploads\/2025\/08\/Tekax3-e1755639040404.jpg\" data-orig-size=\"800,486\" data-comments-opened=\"0\" data-image-meta=\"{&quot;aperture&quot;:&quot;0&quot;,&quot;credit&quot;:&quot;&quot;,&quot;camera&quot;:&quot;&quot;,&quot;caption&quot;:&quot;Screenshot&quot;,&quot;created_timestamp&quot;:&quot;0&quot;,&quot;copyright&quot;:&quot;&quot;,&quot;focal_length&quot;:&quot;0&quot;,&quot;iso&quot;:&quot;0&quot;,&quot;shutter_speed&quot;:&quot;0&quot;,&quot;title&quot;:&quot;Screenshot&quot;,&quot;orientation&quot;:&quot;1&quot;}\" data-image-title=\"Screenshot\" data-image-description=\"\" data-image-caption=\"&lt;p&gt;Campo de monocultivo de menonitas y empresarios nacionales en Tekax. Foto: Alejandro Ruiz.&lt;\/p&gt;\n\" data-medium-file=\"https:\/\/www.grieta.org.mx\/wp-content\/uploads\/2025\/08\/Tekax3-300x182.jpg\" data-large-file=\"https:\/\/www.grieta.org.mx\/wp-content\/uploads\/2025\/08\/Tekax3-1024x621.jpg\" src=\"http:\/\/www.grieta.org.mx\/wp-content\/uploads\/2025\/08\/Tekax3-e1755639040404.jpg\" alt=\"\" width=\"800\" height=\"486\" class=\"size-full wp-image-72198\" \/><\/a><figcaption id=\"caption-attachment-72198\" class=\"wp-caption-text\">Campo de monocultivo de menonitas y empresarios nacionales en Tekax. Foto: Alejandro Ruiz.<br \/><\/figcaption><\/figure>\n<p>De acuerdo a entrevistas que este reportero hizo a funcionarios, activistas y pobladores \u2014quienes por razones de seguridad pidieron anonimato\u2014, los menonitas llegaron a los ejidos de Nohalal, San Diego Buenavista, Macyan, Bekanchen y Sudzal Chico durante el a\u00f1o 2017.<\/p>\n<p>En una primera etapa, comenzaron a instalar campamentos y pidieron ser avecindados en los distintos ejidos. Despu\u00e9s, promovieron la compra de grandes extensiones de tierra a ejidatarios. En otros casos, establecieron contratos de usufructo por m\u00e1s de 30 a\u00f1os.<\/p>\n<p>Su arribo conllev\u00f3 r\u00e1pidamente diversas denuncias por deforestaci\u00f3n. En 2019 y 2021 se se\u00f1al\u00f3 que efectuaron desmontes mediante incendios en Mesatunich, en el municipio de Motul. En 2020 fueron acusados de ocupaci\u00f3n ilegal de tierras en el ejido Buena Vista y, tambi\u00e9n, de deforestar una gran cantidad de hect\u00e1reas en Nohalal, Ticum y otros ejidos cercanos.<\/p>\n<p>\u201cAl principio no sab\u00edamos que nos iba a afectar, y algunos vendieron hect\u00e1reas. Ahora muchos dicen: \u2018Si hubi\u00e9ramos sabido, no las habr\u00edamos vendido\u2019. Pero ya es tarde, estamos viendo las consecuencias\u201d, coment\u00f3 un ejidatario de Nohalal que pidi\u00f3 anonimato.<\/p>\n<p>La entrevista con Jaltun ocurri\u00f3 un par de meses despu\u00e9s de que \u00e9l y sus compa\u00f1eros se percataran de otro desmonte ilegal efectuado por menonitas. El terreno en cuesti\u00f3n fue clausurado por la Procuradur\u00eda Federal de Protecci\u00f3n al Ambiente (Profepa) a principios de julio, pero cuando Jaltun hizo un recorrido posterior por el lugar se percat\u00f3 de que, a\u00fan con los sellos a la vista, la maquinaria sigui\u00f3 operando.<\/p>\n<p>Junto a la deforestaci\u00f3n lleg\u00f3, tambi\u00e9n, la muerte masiva de abejas.<\/p>\n<p>En mayo de este a\u00f1o, los apicultores de Nohalal observaron que sus abejas estaban muriendo. Este es el testimonio de uno de los apicultores afectados:<\/p>\n<p>\u201cLleg\u00f3 un momento en que empezaron a morir las abejas. Antes esto no suced\u00eda. Nosotros llevamos a\u00f1os trabajando con abejas. Por ejemplo, yo empec\u00e9 a los 10 a\u00f1os porque mi pap\u00e1 es apicultor. \u00c9l nos ense\u00f1\u00f3 y a eso nos dedicamos. Pero hace como dos meses, un poco m\u00e1s, empezaron a morir las abejas. Y no solo las m\u00edas, sino las de varios compa\u00f1eros, porque aqu\u00ed casi todos somos apicultores. En total, fueron como 300 colmenas. Nos dimos cuenta de que alguien hab\u00eda aplicado pesticida\u201d.<\/p>\n<p>El mismo apicultor afirma que las sospechas respecto de quienes cometieron el envenenamiento se centran en dos actores: los menonitas o los productores de lim\u00f3n. Estos \u00faltimos, dice, llegaron a Nohalal hace cuatro a\u00f1os y justo en estos \u00faltimos meses comenzaron a fumigar.<\/p>\n<p>John, capataz de un rancho menonita en ese ejido, tambi\u00e9n tiene la misma sospecha que el apicultor: \u201cYo pienso que fueron los que siembran lim\u00f3n a un lado. Es il\u00f3gico que nos culpen a nosotros, porque estamos sembrando sand\u00eda que exportamos a Estados Unidos, y si viene con pesticidas nos la regresan. Para nosotros, al contrario, es muy bueno que est\u00e9n las abejas porque nos ayudan a polinizar\u201d.<\/p>\n<p>Durante la entrevista con Jaltun, John se\u00f1al\u00f3 un rancho limonero que colinda con las 90 hect\u00e1reas deforestadas para la siembra de sand\u00eda.<\/p>\n<p>El rancho en cuesti\u00f3n, aseguraron John y el apicultor consultados, es administrado por V\u00edctor Salcedo. Este \u00faltimo, seg\u00fan distintos informes, opera como capataz de la compa\u00f1\u00eda limonera Granos y vegetales de Yucat\u00e1n, socia de SiCar Farms. Esta \u00faltima goza de muy buenas relaciones con Joaqu\u00edn D\u00edaz Mena, actual gobernador de Yucat\u00e1n, quien el 31 de marzo pasado visit\u00f3 las instalaciones de la firma en Tekax y dej\u00f3 asentado en sus redes sociales el apoyo oficial al negocio de SiCar Farms.<\/p>\n<figure id=\"attachment_72199\" aria-describedby=\"caption-attachment-72199\" style=\"width: 800px\" class=\"wp-caption alignright\"><a href=\"http:\/\/www.grieta.org.mx\/wp-content\/uploads\/2025\/08\/Tekax4-e1755639222395.jpg\"><img loading=\"lazy\" decoding=\"async\" data-attachment-id=\"72199\" data-permalink=\"https:\/\/www.grieta.org.mx\/index.php\/2025\/07\/22\/agroindustria-deforestacion-y-las-abejas-que-mueren-en-tekax-yucatan\/screenshot-404\/\" data-orig-file=\"https:\/\/www.grieta.org.mx\/wp-content\/uploads\/2025\/08\/Tekax4-e1755639222395.jpg\" data-orig-size=\"800,444\" data-comments-opened=\"0\" data-image-meta=\"{&quot;aperture&quot;:&quot;0&quot;,&quot;credit&quot;:&quot;&quot;,&quot;camera&quot;:&quot;&quot;,&quot;caption&quot;:&quot;Screenshot&quot;,&quot;created_timestamp&quot;:&quot;0&quot;,&quot;copyright&quot;:&quot;&quot;,&quot;focal_length&quot;:&quot;0&quot;,&quot;iso&quot;:&quot;0&quot;,&quot;shutter_speed&quot;:&quot;0&quot;,&quot;title&quot;:&quot;Screenshot&quot;,&quot;orientation&quot;:&quot;1&quot;}\" data-image-title=\"Screenshot\" data-image-description=\"\" data-image-caption=\"&lt;p&gt;Menonitas y empresarios nacionales depredan la selva en Tekax y utilizan agrot\u00f3xicos que exterminan a los polinizadores. Foto: Patricio Eleisegui.&lt;\/p&gt;\n\" data-medium-file=\"https:\/\/www.grieta.org.mx\/wp-content\/uploads\/2025\/08\/Tekax4-300x166.jpg\" data-large-file=\"https:\/\/www.grieta.org.mx\/wp-content\/uploads\/2025\/08\/Tekax4-1024x568.jpg\" src=\"http:\/\/www.grieta.org.mx\/wp-content\/uploads\/2025\/08\/Tekax4-e1755639222395.jpg\" alt=\"\" width=\"800\" height=\"444\" class=\"size-full wp-image-72199\" \/><\/a><figcaption id=\"caption-attachment-72199\" class=\"wp-caption-text\">Menonitas y empresarios nacionales depredan la selva en Tekax y utilizan agrot\u00f3xicos que exterminan a los polinizadores. Foto: Patricio Eleisegui.<br \/><\/figcaption><\/figure>\n<p><strong>Un engranaje neoliberal<\/strong><\/p>\n<p>Durante 2023, afirma el ingeniero Jos\u00e9 Beltr\u00e1n, m\u00e1s de 30 mil hect\u00e1reas de Tekax fueron destinadas a la producci\u00f3n de soya y ma\u00edz (transg\u00e9nicos y no), lim\u00f3n, pepino y hortalizas. La cifra represent\u00f3 algo m\u00e1s del 8 por ciento del territorio municipal. La superficie explotada por el agronegocio se acrecienta significativamente si adem\u00e1s se toma en cuenta la actividad ganadera y la proliferaci\u00f3n de plant\u00edos de pitahaya, yuca y tub\u00e9rculos que tiene lugar en la misma zona.<\/p>\n<p>Respecto de los monocultivos, Beltr\u00e1n comenta que han sido responsables de \u201cla devastaci\u00f3n de gran parte de la selva tekaxe\u00f1a, siendo reemplazada por grandes extensiones de ma\u00edz, soya, sorgo y otros cultivos a gran escala, lo que genera la alteraci\u00f3n, en la mayor\u00eda de los casos irreversible, de los ecosistemas de la selva. Y da paso a la reducci\u00f3n de flora y fauna end\u00e9mica, llevando al borde de la extinci\u00f3n a especies importantes para el equilibrio ecol\u00f3gico de nuestras selvas por la destrucci\u00f3n de h\u00e1bitats naturales \u2013incluyendo sabanas de gran relevancia ecosist\u00e9mica\u2013, la caza furtiva y las quemas descontroladas a\u00f1o con a\u00f1o\u201d.<\/p>\n<p>Beltr\u00e1n es claro: entre los actores que realizan el monocultivo est\u00e1n los menonitas, pero tambi\u00e9n hay otros empresarios. Si bien en los medios de comunicaci\u00f3n las noticias sobre las deforestaciones de menonitas circulan de forma vertiginosa, resulta cuanto menos particular que la identidad de los empresarios que efect\u00faan las mismas pr\u00e1cticas depredatorias no figuran en esas denuncias.<\/p>\n<p>El motivo, reconocen fuentes consultadas para este reportaje, estar\u00eda en la existencia de lazos entre el Estado y los empresarios del agronegocio, en muchos casos inversionistas locales y con v\u00ednculos econ\u00f3micos con compa\u00f1\u00edas de peso en Yucat\u00e1n como Kek\u00e9n, Prote\u00ednas y Oleicos, Bachoco, Cr\u00edo y la misma SiCar Farms, entre otras.<\/p>\n<figure id=\"attachment_72200\" aria-describedby=\"caption-attachment-72200\" style=\"width: 800px\" class=\"wp-caption alignright\"><a href=\"http:\/\/www.grieta.org.mx\/wp-content\/uploads\/2025\/08\/Tekax5-e1755639332503.jpg\"><img loading=\"lazy\" decoding=\"async\" data-attachment-id=\"72200\" data-permalink=\"https:\/\/www.grieta.org.mx\/index.php\/2025\/07\/22\/agroindustria-deforestacion-y-las-abejas-que-mueren-en-tekax-yucatan\/screenshot-405\/\" data-orig-file=\"https:\/\/www.grieta.org.mx\/wp-content\/uploads\/2025\/08\/Tekax5-e1755639332503.jpg\" data-orig-size=\"800,445\" data-comments-opened=\"0\" data-image-meta=\"{&quot;aperture&quot;:&quot;0&quot;,&quot;credit&quot;:&quot;&quot;,&quot;camera&quot;:&quot;&quot;,&quot;caption&quot;:&quot;Screenshot&quot;,&quot;created_timestamp&quot;:&quot;0&quot;,&quot;copyright&quot;:&quot;&quot;,&quot;focal_length&quot;:&quot;0&quot;,&quot;iso&quot;:&quot;0&quot;,&quot;shutter_speed&quot;:&quot;0&quot;,&quot;title&quot;:&quot;Screenshot&quot;,&quot;orientation&quot;:&quot;1&quot;}\" data-image-title=\"Screenshot\" data-image-description=\"\" data-image-caption=\"&lt;p&gt;El agronegocio atenta contra la supervivencia del monte y su biodiversidad en Tekax. Foto: Patricio Eleisegui.&lt;\/p&gt;\n\" data-medium-file=\"https:\/\/www.grieta.org.mx\/wp-content\/uploads\/2025\/08\/Tekax5-300x167.jpg\" data-large-file=\"https:\/\/www.grieta.org.mx\/wp-content\/uploads\/2025\/08\/Tekax5-1024x570.jpg\" src=\"http:\/\/www.grieta.org.mx\/wp-content\/uploads\/2025\/08\/Tekax5-e1755639332503.jpg\" alt=\"\" width=\"800\" height=\"445\" class=\"size-full wp-image-72200\" \/><\/a><figcaption id=\"caption-attachment-72200\" class=\"wp-caption-text\">El agronegocio atenta contra la supervivencia del monte y su biodiversidad en Tekax. Foto: Patricio Eleisegui.<\/figcaption><\/figure>\n<p>Por ejemplo, en Tzucacab la empresa Citrus Patrimonial, encabezada por Rodrigo Castilla, Jes\u00fas Ramiro Ab\u00e1n Castillo y Esteban Costa Fr\u00edas, ha deforestado para producir limones. A lo largo de la pen\u00ednsula de Yucat\u00e1n los empresarios reconocen controlar m\u00e1s de 190 hect\u00e1reas que, destinadas mayormente al cultivo de c\u00edtricos, rentan a empresas agr\u00edcolas.<\/p>\n<p>Para sus desmontes, denuncian habitantes de la regi\u00f3n, Citrus Patrimonial contrata menonitas quienes, adem\u00e1s de llevar a cabo sus propios cultivos industriales, tambi\u00e9n participan de la cadena de producci\u00f3n de terceros como ejecutores de la deforestaci\u00f3n.<\/p>\n<p>Por su parte, SiCar Farms es propiedad de Sigfrido Gudi\u00f1o Toscano, un empresario limonero de Tecom\u00e1n, en el estado de Colima, quien en 2015 fue acusado de contaminar fuentes de agua y usar sus relaciones con el gobierno de ese municipio para evitar ser sancionado.<\/p>\n<p>Otra de las empresas que opera en los ejidos de Tekax es una filial de la estadounidense Southern Valley Company. La divisi\u00f3n mexicana, que exporta limones a ese pa\u00eds, est\u00e1 registrada como Southern Valley de Yucat\u00e1n y es administrada por Alonso Luis Pe\u00f3n de Landero y Ana Guadalupe Fr\u00edas Camara.<\/p>\n<p>Esta empresa, a trav\u00e9s de la intermediaria Granos y Vegetales de Yucat\u00e1n tambi\u00e9n ha deforestado la selva e invadido tierras ejidales para realizar desmontes ilegales con mano de obra menonita. Tanto Southern Valley de Yucat\u00e1n como Granos y Vegetales de Yucat\u00e1n son acusadas de provocar la muerte de polinizadores y contaminar el agua y el suelo a partir del uso de fipronil y otros plaguicidas.<\/p>\n<figure id=\"attachment_72201\" aria-describedby=\"caption-attachment-72201\" style=\"width: 800px\" class=\"wp-caption alignright\"><a href=\"http:\/\/www.grieta.org.mx\/wp-content\/uploads\/2025\/08\/Tekax6-e1755639417335.jpg\"><img loading=\"lazy\" decoding=\"async\" data-attachment-id=\"72201\" data-permalink=\"https:\/\/www.grieta.org.mx\/index.php\/2025\/07\/22\/agroindustria-deforestacion-y-las-abejas-que-mueren-en-tekax-yucatan\/screenshot-406\/\" data-orig-file=\"https:\/\/www.grieta.org.mx\/wp-content\/uploads\/2025\/08\/Tekax6-e1755639417335.jpg\" data-orig-size=\"800,444\" data-comments-opened=\"0\" data-image-meta=\"{&quot;aperture&quot;:&quot;0&quot;,&quot;credit&quot;:&quot;&quot;,&quot;camera&quot;:&quot;&quot;,&quot;caption&quot;:&quot;Screenshot&quot;,&quot;created_timestamp&quot;:&quot;0&quot;,&quot;copyright&quot;:&quot;&quot;,&quot;focal_length&quot;:&quot;0&quot;,&quot;iso&quot;:&quot;0&quot;,&quot;shutter_speed&quot;:&quot;0&quot;,&quot;title&quot;:&quot;Screenshot&quot;,&quot;orientation&quot;:&quot;1&quot;}\" data-image-title=\"Screenshot\" data-image-description=\"\" data-image-caption=\"&lt;p&gt;La deforestaci\u00f3n para el desarrollo de cultivos industriales amenaza la Reserva Estatal Biocultural del Puuc. Foto: Patricio Eleisegui.&lt;\/p&gt;\n\" data-medium-file=\"https:\/\/www.grieta.org.mx\/wp-content\/uploads\/2025\/08\/Tekax6-300x166.jpg\" data-large-file=\"https:\/\/www.grieta.org.mx\/wp-content\/uploads\/2025\/08\/Tekax6-1024x568.jpg\" src=\"http:\/\/www.grieta.org.mx\/wp-content\/uploads\/2025\/08\/Tekax6-e1755639417335.jpg\" alt=\"\" width=\"800\" height=\"444\" class=\"size-full wp-image-72201\" \/><\/a><figcaption id=\"caption-attachment-72201\" class=\"wp-caption-text\">La deforestaci\u00f3n para el desarrollo de cultivos industriales amenaza la Reserva Estatal Biocultural del Puuc. Foto: Patricio Eleisegui.<\/figcaption><\/figure>\n<p>Por \u00faltimo, la firma Pitahaya Investments, de Arturo Rabelo Cabal y Carlos Cabal Pasini, tambi\u00e9n emplea los mismos m\u00e9todos de depredaci\u00f3n ambiental. Promueve la renta de plant\u00ed<br \/>\nos de esa fruta a inversionistas y ha cometido desmontes ilegales a trav\u00e9s de la mano de obra menonita.<\/p>\n<p>Gabriela Torres-Mazuera afirma que lo que demuestran estas relaciones en el territorio es un patr\u00f3n donde los menonitas a menudo son \u201cejecutores\u201d de un modelo impulsado por incentivos econ\u00f3micos y una demanda creciente de cultivos flexibles como la soya y el ma\u00edz transg\u00e9nico, as\u00ed como la papaya, el lim\u00f3n y otros c\u00edtricos.<\/p>\n<p>Concluye \u201cPero (los menonitas) no son los \u00fanicos. El problema es el modelo agroalimentario neoliberal y todas las relaciones de producci\u00f3n que se benefician de \u00e9l\u201d.<\/p>\n<p><a href=\"https:\/\/jaltun.mx\/agroindustria-deforestacion-y-las-abejas-que-mueren-en-tekax\/\" target=\"_blank\">https:\/\/jaltun.mx\/agroindustria-deforestacion-y-las-abejas-que-mueren-en-tekax\/<\/a><\/p>\n","protected":false},"excerpt":{"rendered":"<p>Alejandro Ruiz \/ Jalt\u00fan En Tekax, al sur del estado de Yucat\u00e1n, la expansi\u00f3n agroindustrial arrasa con la selva, extermina abejas y fractura comunidades mayas. Este modelo est\u00e1 impulsado por &hellip; <a href=\"https:\/\/www.grieta.org.mx\/index.php\/2025\/07\/22\/agroindustria-deforestacion-y-las-abejas-que-mueren-en-tekax-yucatan\/\" class=\"more-link\">Leer m\u00e1s<\/a><\/p>\n","protected":false},"author":2,"featured_media":72196,"comment_status":"closed","ping_status":"closed","sticky":false,"template":"","format":"standard","meta":{"ngg_post_thumbnail":0,"_jetpack_newsletter_access":"","_jetpack_dont_email_post_to_subs":false,"_jetpack_newsletter_tier_id":0,"_jetpack_memberships_contains_paywalled_content":false,"_jetpack_memberships_contains_paid_content":false,"footnotes":""},"categories":[42,80,3538,2943,3,922,952,2,1445,1071,36],"tags":[1899,281,4257,4143,162,2465,4256,4258,4198,2722,4189,159],"class_list":["post-72195","post","type-post","status-publish","format-standard","has-post-thumbnail","hentry","category-agroindustria","category-cintillo","category-crisis-del-agua-en-yucatan","category-destruccion-y-contaminacion-ambiental-en-yucatan","category-megaproyectos","category-megaproyectos-estados","category-mp-yucatan","category-noticias-nacionales","category-protestas-contra-la-contaminacion-por-agroquimicos-en-yucatan","category-resistencia-al-despojo-de-tierras-ejidales-en-yucatan","category-yucatan","tag-abejas","tag-agroindustria","tag-agrotoxico","tag-complicidad-autoridades","tag-deforestacion","tag-despojo-de-territorios-indigenas","tag-fipronil","tag-menonitas","tag-monocultivo","tag-muerte-de-abejas","tag-rompimiento-del-tejido-social","tag-transgenicos","entry"],"jetpack_featured_media_url":"https:\/\/www.grieta.org.mx\/wp-content\/uploads\/2025\/08\/Tekax-e1755638687124.jpg","jetpack_sharing_enabled":true,"jetpack_shortlink":"https:\/\/wp.me\/p7ZJR4-iMr","jetpack_likes_enabled":false,"jetpack-related-posts":[{"id":68851,"url":"https:\/\/www.grieta.org.mx\/index.php\/2024\/04\/16\/apicultor-maya-denuncia-envenenamiento-masivo-de-abejas-en-tizimin-yucatan\/","url_meta":{"origin":72195,"position":0},"title":"Apicultor maya denuncia envenenamiento masivo de abejas en Tizim\u00edn (Yucat\u00e1n)","author":"grieta","date":"16 abril, 2024","format":false,"excerpt":"Haz Ruido Acusa a empresa extrajera de provocar el ecocidio al fumigar en esa zona oriente de Yucat\u00e1n. Lament\u00f3 la p\u00e9rdida de 45 colmenas y la contaminaci\u00f3n de la miel. M\u00e9rida, Yucat\u00e1n, 16 de abril de 2024.-Un apicultor maya denunci\u00f3 el envenenamiento masivo de abejas en el municipio de Tizim\u00edn,\u2026","rel":"","context":"En &quot;Agroindustria&quot;","block_context":{"text":"Agroindustria","link":"https:\/\/www.grieta.org.mx\/index.php\/category\/megaproyectos\/agroindustria\/"},"img":{"alt_text":"","src":"https:\/\/i0.wp.com\/www.grieta.org.mx\/wp-content\/uploads\/2024\/04\/Abejas-e1714416552639.jpg?resize=350%2C200&ssl=1","width":350,"height":200,"srcset":"https:\/\/i0.wp.com\/www.grieta.org.mx\/wp-content\/uploads\/2024\/04\/Abejas-e1714416552639.jpg?resize=350%2C200&ssl=1 1x, https:\/\/i0.wp.com\/www.grieta.org.mx\/wp-content\/uploads\/2024\/04\/Abejas-e1714416552639.jpg?resize=525%2C300&ssl=1 1.5x, https:\/\/i0.wp.com\/www.grieta.org.mx\/wp-content\/uploads\/2024\/04\/Abejas-e1714416552639.jpg?resize=700%2C400&ssl=1 2x"},"classes":[]},{"id":69002,"url":"https:\/\/www.grieta.org.mx\/index.php\/2024\/05\/25\/las-abejas-de-yucatan-muy-cerca-de-extinguirse-por-la-deforestacion-y-los-venenos-del-agronegocio\/","url_meta":{"origin":72195,"position":1},"title":"Las abejas de Yucat\u00e1n, muy cerca de extinguirse por la deforestaci\u00f3n y los venenos del agronegocio","author":"grieta","date":"25 mayo, 2024","format":false,"excerpt":"Texto Patricio Eleisegui Fotos: Robin Canul En los \u00faltimos dos a\u00f1os, las productoras mayas de la Pen\u00ednsula de Yucat\u00e1n perdieron al menos 5 mil apiarios por efecto de los agrot\u00f3xicos de la agricultura industrial. Ranchos y grandes terratenientes, con participaci\u00f3n preponderante de la comunidad menonita, intensificaron la destrucci\u00f3n del monte\u2026","rel":"","context":"En &quot;Agroindustria&quot;","block_context":{"text":"Agroindustria","link":"https:\/\/www.grieta.org.mx\/index.php\/category\/megaproyectos\/agroindustria\/"},"img":{"alt_text":"","src":"https:\/\/i0.wp.com\/www.grieta.org.mx\/wp-content\/uploads\/2024\/05\/Abejas-e1716732455855.jpg?resize=350%2C200&ssl=1","width":350,"height":200,"srcset":"https:\/\/i0.wp.com\/www.grieta.org.mx\/wp-content\/uploads\/2024\/05\/Abejas-e1716732455855.jpg?resize=350%2C200&ssl=1 1x, https:\/\/i0.wp.com\/www.grieta.org.mx\/wp-content\/uploads\/2024\/05\/Abejas-e1716732455855.jpg?resize=525%2C300&ssl=1 1.5x, https:\/\/i0.wp.com\/www.grieta.org.mx\/wp-content\/uploads\/2024\/05\/Abejas-e1716732455855.jpg?resize=700%2C400&ssl=1 2x"},"classes":[]},{"id":70479,"url":"https:\/\/www.grieta.org.mx\/index.php\/2024\/10\/09\/pueblos-declaran-la-peninsula-de-yucatan-como-zona-de-emergencia-socioambiental-ahora-le-toca-al-estado\/","url_meta":{"origin":72195,"position":2},"title":"Pueblos declaran la Pen\u00ednsula de Yucat\u00e1n como zona de emergencia socioambiental. Ahora le toca al Estado","author":"grieta","date":"9 octubre, 2024","format":false,"excerpt":"Texto: Andrea Amaya \/Foto: Patricio Eleisegui \/ Archivo Pie de P\u00e1gina \/ Pie de P\u00e1gina Colectivos en defensa del territorio exigen a las autoridades federales que tomen acciones ante las problem\u00e1ticas ambientales, sociales y econ\u00f3micas que han generado los megaproyectos extractivistas en el sureste del pa\u00eds CIUDAD DE M\u00c9XICO.- Con\u2026","rel":"","context":"En &quot;Agroindustria&quot;","block_context":{"text":"Agroindustria","link":"https:\/\/www.grieta.org.mx\/index.php\/category\/megaproyectos\/agroindustria\/"},"img":{"alt_text":"","src":"https:\/\/i0.wp.com\/www.grieta.org.mx\/wp-content\/uploads\/2024\/11\/Emergencia-e1731968625759.jpg?resize=350%2C200&ssl=1","width":350,"height":200,"srcset":"https:\/\/i0.wp.com\/www.grieta.org.mx\/wp-content\/uploads\/2024\/11\/Emergencia-e1731968625759.jpg?resize=350%2C200&ssl=1 1x, https:\/\/i0.wp.com\/www.grieta.org.mx\/wp-content\/uploads\/2024\/11\/Emergencia-e1731968625759.jpg?resize=525%2C300&ssl=1 1.5x, https:\/\/i0.wp.com\/www.grieta.org.mx\/wp-content\/uploads\/2024\/11\/Emergencia-e1731968625759.jpg?resize=700%2C400&ssl=1 2x"},"classes":[]},{"id":69496,"url":"https:\/\/www.grieta.org.mx\/index.php\/2024\/08\/08\/alertan-por-nueva-muerte-masiva-de-abejas-ahora-en-tizimin-yucatan\/","url_meta":{"origin":72195,"position":3},"title":"Alertan por nueva muerte masiva de abejas, ahora en Tizim\u00edn, Yucat\u00e1n","author":"grieta","date":"8 agosto, 2024","format":false,"excerpt":"Fotos: Alianza Maya por las Abejas Kaabnalo\u2019on \/ La coperacha Encuentran 769 colmenas afectadas por intoxicaci\u00f3n, principalmente fipronil. La Alianza Maya por las Abejas Kaabnalo\u2019on denunci\u00f3 una cuarta oleada de mortandad de abejas ocurrida en varias comunidades de Tizim\u00edn, Yucat\u00e1n. Esta muerte masiva fue ocasionada por la intoxicaci\u00f3n por plaguicidas,\u2026","rel":"","context":"En &quot;16. Pueblo Maya&quot;","block_context":{"text":"16. Pueblo Maya","link":"https:\/\/www.grieta.org.mx\/index.php\/category\/espejos-de-la-resistencia\/16-pueblo-maya\/"},"img":{"alt_text":"","src":"https:\/\/i0.wp.com\/www.grieta.org.mx\/wp-content\/uploads\/2024\/08\/AbejasTizimin-e1724946432827.jpg?resize=350%2C200&ssl=1","width":350,"height":200,"srcset":"https:\/\/i0.wp.com\/www.grieta.org.mx\/wp-content\/uploads\/2024\/08\/AbejasTizimin-e1724946432827.jpg?resize=350%2C200&ssl=1 1x, https:\/\/i0.wp.com\/www.grieta.org.mx\/wp-content\/uploads\/2024\/08\/AbejasTizimin-e1724946432827.jpg?resize=525%2C300&ssl=1 1.5x, https:\/\/i0.wp.com\/www.grieta.org.mx\/wp-content\/uploads\/2024\/08\/AbejasTizimin-e1724946432827.jpg?resize=700%2C400&ssl=1 2x"},"classes":[]},{"id":47870,"url":"https:\/\/www.grieta.org.mx\/index.php\/2020\/04\/15\/urge-atender-incendios-en-selvas-mayas-abejas-se-quedan-sin-hogar\/","url_meta":{"origin":72195,"position":4},"title":"Urge atender incendios en selvas mayas; abejas se quedan sin hogar","author":"grieta","date":"15 abril, 2020","format":false,"excerpt":"Haz Ruido La Alianza Maya por las Abejas advirti\u00f3 que algunos de esos siniestros en la Pen\u00ednsula de Yucat\u00e1n podr\u00edan ser provocados por empresarios irresponsables de la agroindustria y desarrolladores inmobiliarios. Piden al gobierno federal poner un alto al vac\u00edo de autoridad que impera en el sector rural, para atender\u2026","rel":"","context":"En &quot;CINTILLO&quot;","block_context":{"text":"CINTILLO","link":"https:\/\/www.grieta.org.mx\/index.php\/category\/cintillo\/"},"img":{"alt_text":"","src":"https:\/\/i0.wp.com\/www.grieta.org.mx\/wp-content\/uploads\/2020\/04\/incnedio1-560x416.jpg?resize=350%2C200&ssl=1","width":350,"height":200,"srcset":"https:\/\/i0.wp.com\/www.grieta.org.mx\/wp-content\/uploads\/2020\/04\/incnedio1-560x416.jpg?resize=350%2C200&ssl=1 1x, https:\/\/i0.wp.com\/www.grieta.org.mx\/wp-content\/uploads\/2020\/04\/incnedio1-560x416.jpg?resize=525%2C300&ssl=1 1.5x"},"classes":[]},{"id":62521,"url":"https:\/\/www.grieta.org.mx\/index.php\/2021\/10\/26\/defensores-del-territorio-indigena-mexicano-rechazan-proyecto-de-nueva-ley-apicola-yucatan\/","url_meta":{"origin":72195,"position":5},"title":"Defensores del territorio ind\u00edgena mexicano rechazan proyecto de nueva ley ap\u00edcola (Yucat\u00e1n)","author":"grieta","date":"26 octubre, 2021","format":false,"excerpt":"ElPa\u00eds.cr Ciudad de M\u00e9xico, 26 oct (Sputnik).- Una asamblea de defensores del territorio de comunidades originarias mayas en el sureste de M\u00e9xico rechaz\u00f3 el lunes las iniciativas de ley sobre apicultura, presentada en ambas c\u00e1maras del Congreso, as\u00ed como normas emitidas recientemente en estados de esa zona del pa\u00eds. \u00abLa\u2026","rel":"","context":"En &quot;Agroindustria&quot;","block_context":{"text":"Agroindustria","link":"https:\/\/www.grieta.org.mx\/index.php\/category\/megaproyectos\/agroindustria\/"},"img":{"alt_text":"","src":"https:\/\/i0.wp.com\/www.grieta.org.mx\/wp-content\/uploads\/2021\/10\/Apicultor.-Mexico-660x330-1.jpg?resize=350%2C200&ssl=1","width":350,"height":200,"srcset":"https:\/\/i0.wp.com\/www.grieta.org.mx\/wp-content\/uploads\/2021\/10\/Apicultor.-Mexico-660x330-1.jpg?resize=350%2C200&ssl=1 1x, https:\/\/i0.wp.com\/www.grieta.org.mx\/wp-content\/uploads\/2021\/10\/Apicultor.-Mexico-660x330-1.jpg?resize=525%2C300&ssl=1 1.5x"},"classes":[]}],"_links":{"self":[{"href":"https:\/\/www.grieta.org.mx\/index.php\/wp-json\/wp\/v2\/posts\/72195","targetHints":{"allow":["GET"]}}],"collection":[{"href":"https:\/\/www.grieta.org.mx\/index.php\/wp-json\/wp\/v2\/posts"}],"about":[{"href":"https:\/\/www.grieta.org.mx\/index.php\/wp-json\/wp\/v2\/types\/post"}],"author":[{"embeddable":true,"href":"https:\/\/www.grieta.org.mx\/index.php\/wp-json\/wp\/v2\/users\/2"}],"replies":[{"embeddable":true,"href":"https:\/\/www.grieta.org.mx\/index.php\/wp-json\/wp\/v2\/comments?post=72195"}],"version-history":[{"count":1,"href":"https:\/\/www.grieta.org.mx\/index.php\/wp-json\/wp\/v2\/posts\/72195\/revisions"}],"predecessor-version":[{"id":72202,"href":"https:\/\/www.grieta.org.mx\/index.php\/wp-json\/wp\/v2\/posts\/72195\/revisions\/72202"}],"wp:featuredmedia":[{"embeddable":true,"href":"https:\/\/www.grieta.org.mx\/index.php\/wp-json\/wp\/v2\/media\/72196"}],"wp:attachment":[{"href":"https:\/\/www.grieta.org.mx\/index.php\/wp-json\/wp\/v2\/media?parent=72195"}],"wp:term":[{"taxonomy":"category","embeddable":true,"href":"https:\/\/www.grieta.org.mx\/index.php\/wp-json\/wp\/v2\/categories?post=72195"},{"taxonomy":"post_tag","embeddable":true,"href":"https:\/\/www.grieta.org.mx\/index.php\/wp-json\/wp\/v2\/tags?post=72195"}],"curies":[{"name":"wp","href":"https:\/\/api.w.org\/{rel}","templated":true}]}}