{"id":72165,"date":"2025-08-08T18:01:48","date_gmt":"2025-08-09T00:01:48","guid":{"rendered":"https:\/\/www.grieta.org.mx\/?p=72165"},"modified":"2025-08-17T18:07:08","modified_gmt":"2025-08-18T00:07:08","slug":"trabajadores-las-primeras-victimas-del-caos-en-la-carretera-colima-manzanillo","status":"publish","type":"post","link":"https:\/\/www.grieta.org.mx\/index.php\/2025\/08\/08\/trabajadores-las-primeras-victimas-del-caos-en-la-carretera-colima-manzanillo\/","title":{"rendered":"Trabajadores, las primeras v\u00edctimas del caos en la carretera Colima\u2013Manzanillo"},"content":{"rendered":"<p>Imagen: tomadas de la red social de El\u00edas Castillo Jim\u00e9nez<\/p>\n<p>Redacci\u00f3n \/ Diario Avanzada<\/p>\n<p class=\"p1\">Colima, M\u00e9xico, Avanzada (08\/08\/2025).- La publicaci\u00f3n en Facebook de El\u00edas Castillo Jim\u00e9nez, trabajador del IMSS en Manzanillo, expuso crudamente lo que cientos de empleados viven cada d\u00eda para llegar a sus centros de trabajo desde la capital del estado: horas perdidas en una carretera saturada, retrasos inevitables, desgaste f\u00edsico y emocional, y una ausencia casi total de respaldo institucional.<\/p>\n<p class=\"p1\">Castillo relat\u00f3 que, pese a salir con dos horas y media de anticipaci\u00f3n para su turno nocturno en el Hospital General de Zona 10, lleg\u00f3 tarde debido a un embotellamiento que, asegura, \u201cno perdona\u201d ni a quienes prev\u00e9n el retraso. La respuesta que recibi\u00f3 al llegar \u2014\u201csalte m\u00e1s temprano para que no te descuenten\u201d\u2014 refleja, seg\u00fan \u00e9l, la falta de empat\u00eda y de cobertura legal ante incidentes fuera del tiempo de traslado reconocido por la Secretar\u00eda de Comunicaciones y Transportes. \u201cSi algo me pasa antes de checar, no hay respaldo, no hay protecci\u00f3n, no hay voz\u201d, escribi\u00f3 en su perfil.<\/p>\n<p class=\"p1\">El testimonio no es un hecho aislado. Apenas el 16 de junio, trece docentes resultaron lesionados en un accidente ocurrido al regresar de sus centros de trabajo en Manzanillo hacia Colima y Villa de \u00c1lvarez. Adem\u00e1s de enfrentar un hospital del ISSSTE sin recursos suficientes, los afectados debieron costear insumos m\u00e9dicos y pelear porque el incidente fuera reconocido como riesgo laboral.<\/p>\n<p class=\"p1\">Estos casos se desarrollan en un contexto de colapso vial que, lejos de resolverse, se ha prolongado por m\u00e1s de dos meses y medio. Las causas van desde la saturaci\u00f3n del puerto, el exceso de tr\u00e1ileres en la carretera y fallas estructurales en las vialidades, hasta problemas de coordinaci\u00f3n entre autoridades federales, estatales y municipales. Mientras la Presidencia de la Rep\u00fablica ha negado que exista un colapso en la aduana de Manzanillo, reportes del Consejo Mexicano de Comercio Exterior, la CANACAR y c\u00e1maras empresariales locales documentan retrasos de hasta ocho d\u00edas en la liberaci\u00f3n de mercanc\u00edas, p\u00e9rdidas millonarias y afectaciones en la econom\u00eda regional.<\/p>\n<p class=\"p1\">El caos vial no solo golpea al comercio exterior: empresarios tur\u00edsticos y restauranteros han advertido que el congestionamiento ahuyenta visitantes y pone en riesgo la temporada vacacional m\u00e1s importante del a\u00f1o. Docentes y transportistas se\u00f1alan tambi\u00e9n el peligro de transitar por una carretera donde conviven maquinaria pesada, desv\u00edos mal se\u00f1alizados y camiones de carga a exceso de velocidad.<\/p>\n<p class=\"p1\">A pesar de las m\u00faltiples denuncias y testimonios, las soluciones concretas no llegan. La gobernadora Indira Vizca\u00edno y la alcaldesa de Manzanillo, Rosa Mar\u00eda Bayardo, han ofrecido explicaciones y promesas, pero el malestar social crece entre quienes \u2014como El\u00edas Castillo\u2014 sienten que cada d\u00eda se les exige m\u00e1s entrega, mientras se les deja solos frente a un problema que compromete su tiempo, su seguridad y su salud.<\/p>\n<p><a href=\"https:\/\/diarioavanzada.com.mx\/?p=96411\">https:\/\/diarioavanzada.com.mx\/?p=96411<\/a><\/p>\n","protected":false},"excerpt":{"rendered":"<p>Imagen: tomadas de la red social de El\u00edas Castillo Jim\u00e9nez Redacci\u00f3n \/ Diario Avanzada Colima, M\u00e9xico, Avanzada (08\/08\/2025).- La publicaci\u00f3n en Facebook de El\u00edas Castillo Jim\u00e9nez, trabajador del IMSS en &hellip; <a href=\"https:\/\/www.grieta.org.mx\/index.php\/2025\/08\/08\/trabajadores-las-primeras-victimas-del-caos-en-la-carretera-colima-manzanillo\/\" class=\"more-link\">Leer m\u00e1s<\/a><\/p>\n","protected":false},"author":2,"featured_media":72166,"comment_status":"closed","ping_status":"closed","sticky":false,"template":"","format":"standard","meta":{"ngg_post_thumbnail":0,"_jetpack_newsletter_access":"","_jetpack_dont_email_post_to_subs":false,"_jetpack_newsletter_tier_id":0,"_jetpack_memberships_contains_paywalled_content":false,"_jetpack_memberships_contains_paid_content":false,"footnotes":""},"categories":[80,13,910,2192,2,83],"tags":[634,2841,3221,2962,3140,3222],"class_list":["post-72165","post","type-post","status-publish","format-standard","has-post-thumbnail","hentry","category-cintillo","category-colima","category-explotacion-y-precariedad-laboral","category-explotacion-y-precariedad-laboral-en-colima","category-noticias-nacionales","category-temas-nacionales","tag-condiciones-laborales","tag-explotacion-y-precariedad-laboral","tag-precarizacion","tag-precarizacion-de-la-vida","tag-precarizacion-de-las-condiciones-de-vida","tag-trabajo-precario","entry"],"jetpack_featured_media_url":"https:\/\/www.grieta.org.mx\/wp-content\/uploads\/2025\/08\/img_4107.jpg","jetpack_sharing_enabled":true,"jetpack_shortlink":"https:\/\/wp.me\/p7ZJR4-iLX","jetpack_likes_enabled":false,"jetpack-related-posts":[{"id":66653,"url":"https:\/\/www.grieta.org.mx\/index.php\/2023\/03\/12\/incrementa-el-desempleo-en-colima\/","url_meta":{"origin":72165,"position":0},"title":"Incrementa el desempleo en Colima","author":"grieta","date":"12 marzo, 2023","format":false,"excerpt":"Imagen: Diario Avanzada Heidi de Le\u00f3n Guti\u00e9rrez \/ Diario Avanzada Colima, M\u00e9xico, Avanzada (12\/03\/2023).- La Encuesta Nacional de Ocupaci\u00f3n y Empleo (ENOE) correspondiente al cuarto trimestre de 2022 revel\u00f3 que en Colima cayeron los principales indicadores de empleo. Lo anterior al disminuirse la Poblaci\u00f3n Econ\u00f3micamente Activa (PEA) y la Poblaci\u00f3n\u2026","rel":"","context":"En &quot;CINTILLO&quot;","block_context":{"text":"CINTILLO","link":"https:\/\/www.grieta.org.mx\/index.php\/category\/cintillo\/"},"img":{"alt_text":"","src":"https:\/\/i0.wp.com\/www.grieta.org.mx\/wp-content\/uploads\/2023\/03\/image-73.png?resize=350%2C200&ssl=1","width":350,"height":200,"srcset":"https:\/\/i0.wp.com\/www.grieta.org.mx\/wp-content\/uploads\/2023\/03\/image-73.png?resize=350%2C200&ssl=1 1x, https:\/\/i0.wp.com\/www.grieta.org.mx\/wp-content\/uploads\/2023\/03\/image-73.png?resize=525%2C300&ssl=1 1.5x"},"classes":[]},{"id":71797,"url":"https:\/\/www.grieta.org.mx\/index.php\/2025\/05\/28\/colima-menos-empleo-mas-precariedad\/","url_meta":{"origin":72165,"position":1},"title":"Colima: menos empleo, m\u00e1s precariedad","author":"grieta","date":"28 mayo, 2025","format":false,"excerpt":"Imagen: Diario Avanzada Heidi de Le\u00f3n Guti\u00e9rrez \/ Diario Avanzada Colima, M\u00e9xico, Avanzada (28\/05\/2025).- De acuerdo con los resultados m\u00e1s recientes de la Encuesta Nacional de Ocupaci\u00f3n y Empleo (ENOE) del INEGI y en comparaci\u00f3n con el mismo periodo del a\u00f1o anterior, la entidad registr\u00f3 una disminuci\u00f3n de 12 mil\u2026","rel":"","context":"En &quot;CINTILLO&quot;","block_context":{"text":"CINTILLO","link":"https:\/\/www.grieta.org.mx\/index.php\/category\/cintillo\/"},"img":{"alt_text":"","src":"https:\/\/i0.wp.com\/www.grieta.org.mx\/wp-content\/uploads\/2025\/06\/4e106473-4be1-4d92-b83b-dc73eee6ca9e-2-1.png?resize=350%2C200&ssl=1","width":350,"height":200,"srcset":"https:\/\/i0.wp.com\/www.grieta.org.mx\/wp-content\/uploads\/2025\/06\/4e106473-4be1-4d92-b83b-dc73eee6ca9e-2-1.png?resize=350%2C200&ssl=1 1x, https:\/\/i0.wp.com\/www.grieta.org.mx\/wp-content\/uploads\/2025\/06\/4e106473-4be1-4d92-b83b-dc73eee6ca9e-2-1.png?resize=525%2C300&ssl=1 1.5x, https:\/\/i0.wp.com\/www.grieta.org.mx\/wp-content\/uploads\/2025\/06\/4e106473-4be1-4d92-b83b-dc73eee6ca9e-2-1.png?resize=700%2C400&ssl=1 2x"},"classes":[]},{"id":71943,"url":"https:\/\/www.grieta.org.mx\/index.php\/2025\/06\/30\/colimenses-50-sin-seguro-y-con-salarios-precarios\/","url_meta":{"origin":72165,"position":2},"title":"Colimenses: 50% sin seguro y con salarios precarios","author":"grieta","date":"30 junio, 2025","format":false,"excerpt":"Imagen: Diario Avanzada Heidi de Le\u00f3n Guti\u00e9rrez \/ Diario Avanzada Colima, M\u00e9xico, Avanzada (30\/06\/2025).- M\u00e1s de la mitad de la poblaci\u00f3n ocupada en Colima percibe un salario que no cubre sus necesidades b\u00e1sicas y trabaja sin seguridad social, es decir, no tienen acceso a servicios de salud ni derecho a\u2026","rel":"","context":"En &quot;CINTILLO&quot;","block_context":{"text":"CINTILLO","link":"https:\/\/www.grieta.org.mx\/index.php\/category\/cintillo\/"},"img":{"alt_text":"","src":"https:\/\/i0.wp.com\/www.grieta.org.mx\/wp-content\/uploads\/2025\/07\/174098f5-1d1a-49ca-9607-8e42cf177337-2-1.jpg?resize=350%2C200&ssl=1","width":350,"height":200,"srcset":"https:\/\/i0.wp.com\/www.grieta.org.mx\/wp-content\/uploads\/2025\/07\/174098f5-1d1a-49ca-9607-8e42cf177337-2-1.jpg?resize=350%2C200&ssl=1 1x, https:\/\/i0.wp.com\/www.grieta.org.mx\/wp-content\/uploads\/2025\/07\/174098f5-1d1a-49ca-9607-8e42cf177337-2-1.jpg?resize=525%2C300&ssl=1 1.5x, https:\/\/i0.wp.com\/www.grieta.org.mx\/wp-content\/uploads\/2025\/07\/174098f5-1d1a-49ca-9607-8e42cf177337-2-1.jpg?resize=700%2C400&ssl=1 2x, https:\/\/i0.wp.com\/www.grieta.org.mx\/wp-content\/uploads\/2025\/07\/174098f5-1d1a-49ca-9607-8e42cf177337-2-1.jpg?resize=1050%2C600&ssl=1 3x"},"classes":[]},{"id":59557,"url":"https:\/\/www.grieta.org.mx\/index.php\/2021\/05\/19\/once-mil-colimenses-desempleados-buscan-trabajo-colima\/","url_meta":{"origin":72165,"position":3},"title":"Once mil colimenses desempleados buscan trabajo (Colima)","author":"grieta","date":"19 mayo, 2021","format":false,"excerpt":"Imagen: Diario Avanzada Heidi de Le\u00f3n Guti\u00e9rrez \/ Diario Avanzada Colima, M\u00e9xico, Avanzada (19\/05\/2021).- En el primer trimestre del a\u00f1o, se perdieron 6 mil 700 empleos, en comparaci\u00f3n con el mismo per\u00edodo de 2020, seg\u00fan los datos mas recientes de la Encuesta Nacional de Ocupaci\u00f3n y Empleo (ENOE). La misma\u2026","rel":"","context":"En &quot;CINTILLO&quot;","block_context":{"text":"CINTILLO","link":"https:\/\/www.grieta.org.mx\/index.php\/category\/cintillo\/"},"img":{"alt_text":"","src":"https:\/\/i0.wp.com\/www.grieta.org.mx\/wp-content\/uploads\/2021\/05\/moneda-e1621892718944.png?resize=350%2C200&ssl=1","width":350,"height":200,"srcset":"https:\/\/i0.wp.com\/www.grieta.org.mx\/wp-content\/uploads\/2021\/05\/moneda-e1621892718944.png?resize=350%2C200&ssl=1 1x, https:\/\/i0.wp.com\/www.grieta.org.mx\/wp-content\/uploads\/2021\/05\/moneda-e1621892718944.png?resize=525%2C300&ssl=1 1.5x"},"classes":[]},{"id":66120,"url":"https:\/\/www.grieta.org.mx\/index.php\/2023\/01\/19\/exigen-destituir-a-encargada-de-direccion-en-imss-manzanillo-colima\/","url_meta":{"origin":72165,"position":4},"title":"Exigen destituir a encargada de direcci\u00f3n en IMSS Manzanillo (Colima)","author":"grieta","date":"19 enero, 2023","format":false,"excerpt":"Imagen: Edgardo Zamora Edgardo Zamora \/ El Occidental MANZANILLO, Colima (OEM-Informex).- Trabajadores del IMSS Manzanillo laboran bajo protesta, ya que exigen la destituci\u00f3n de la encargada de la direcci\u00f3n, Mar\u00eda Luz L\u00f3pez Bola\u00f1os, a quien denuncian de presunto acoso laboral, hostigamiento y abusos. Los trabajadores pertenecen a la Secci\u00f3n 25\u2026","rel":"","context":"En &quot;CINTILLO&quot;","block_context":{"text":"CINTILLO","link":"https:\/\/www.grieta.org.mx\/index.php\/category\/cintillo\/"},"img":{"alt_text":"","src":"https:\/\/i0.wp.com\/www.grieta.org.mx\/wp-content\/uploads\/2023\/01\/IMSS-Manzanillo.jpg?resize=350%2C200&ssl=1","width":350,"height":200,"srcset":"https:\/\/i0.wp.com\/www.grieta.org.mx\/wp-content\/uploads\/2023\/01\/IMSS-Manzanillo.jpg?resize=350%2C200&ssl=1 1x, https:\/\/i0.wp.com\/www.grieta.org.mx\/wp-content\/uploads\/2023\/01\/IMSS-Manzanillo.jpg?resize=525%2C300&ssl=1 1.5x, https:\/\/i0.wp.com\/www.grieta.org.mx\/wp-content\/uploads\/2023\/01\/IMSS-Manzanillo.jpg?resize=700%2C400&ssl=1 2x"},"classes":[]},{"id":42164,"url":"https:\/\/www.grieta.org.mx\/index.php\/2019\/12\/09\/la-mitad-de-los-colimenses-llegaran-a-la-vejez-sin-pension-o-jubilacion-colima\/","url_meta":{"origin":72165,"position":5},"title":"La mitad de los colimenses llegar\u00e1n a la vejez sin pensi\u00f3n o jubilaci\u00f3n (Colima)","author":"grieta","date":"9 diciembre, 2019","format":false,"excerpt":"Foto: Diario Avanzada Heidi de Le\u00f3n Guti\u00e9rrez \/ Diario Avanzada Colima, M\u00e9xico, Avanzada (09\/12\/2019).- De no cambiar el panorama econ\u00f3mico y laboral\u00a0que actualmente se tiene en Colima,\u00a0 alrededor de 163 mil hombres y 162 mil mujeres que actualmente se encuentra econ\u00f3micamente activos llegar\u00e1n a la vejez sin derecho a una\u2026","rel":"","context":"En &quot;CINTILLO&quot;","block_context":{"text":"CINTILLO","link":"https:\/\/www.grieta.org.mx\/index.php\/category\/cintillo\/"},"img":{"alt_text":"","src":"https:\/\/i0.wp.com\/www.grieta.org.mx\/wp-content\/uploads\/2019\/12\/F29A0D97-CB95-41E4-9EE5-6180CBC98D3C.jpeg?resize=350%2C200&ssl=1","width":350,"height":200,"srcset":"https:\/\/i0.wp.com\/www.grieta.org.mx\/wp-content\/uploads\/2019\/12\/F29A0D97-CB95-41E4-9EE5-6180CBC98D3C.jpeg?resize=350%2C200&ssl=1 1x, https:\/\/i0.wp.com\/www.grieta.org.mx\/wp-content\/uploads\/2019\/12\/F29A0D97-CB95-41E4-9EE5-6180CBC98D3C.jpeg?resize=525%2C300&ssl=1 1.5x, https:\/\/i0.wp.com\/www.grieta.org.mx\/wp-content\/uploads\/2019\/12\/F29A0D97-CB95-41E4-9EE5-6180CBC98D3C.jpeg?resize=700%2C400&ssl=1 2x, https:\/\/i0.wp.com\/www.grieta.org.mx\/wp-content\/uploads\/2019\/12\/F29A0D97-CB95-41E4-9EE5-6180CBC98D3C.jpeg?resize=1050%2C600&ssl=1 3x, https:\/\/i0.wp.com\/www.grieta.org.mx\/wp-content\/uploads\/2019\/12\/F29A0D97-CB95-41E4-9EE5-6180CBC98D3C.jpeg?resize=1400%2C800&ssl=1 4x"},"classes":[]}],"_links":{"self":[{"href":"https:\/\/www.grieta.org.mx\/index.php\/wp-json\/wp\/v2\/posts\/72165","targetHints":{"allow":["GET"]}}],"collection":[{"href":"https:\/\/www.grieta.org.mx\/index.php\/wp-json\/wp\/v2\/posts"}],"about":[{"href":"https:\/\/www.grieta.org.mx\/index.php\/wp-json\/wp\/v2\/types\/post"}],"author":[{"embeddable":true,"href":"https:\/\/www.grieta.org.mx\/index.php\/wp-json\/wp\/v2\/users\/2"}],"replies":[{"embeddable":true,"href":"https:\/\/www.grieta.org.mx\/index.php\/wp-json\/wp\/v2\/comments?post=72165"}],"version-history":[{"count":1,"href":"https:\/\/www.grieta.org.mx\/index.php\/wp-json\/wp\/v2\/posts\/72165\/revisions"}],"predecessor-version":[{"id":72167,"href":"https:\/\/www.grieta.org.mx\/index.php\/wp-json\/wp\/v2\/posts\/72165\/revisions\/72167"}],"wp:featuredmedia":[{"embeddable":true,"href":"https:\/\/www.grieta.org.mx\/index.php\/wp-json\/wp\/v2\/media\/72166"}],"wp:attachment":[{"href":"https:\/\/www.grieta.org.mx\/index.php\/wp-json\/wp\/v2\/media?parent=72165"}],"wp:term":[{"taxonomy":"category","embeddable":true,"href":"https:\/\/www.grieta.org.mx\/index.php\/wp-json\/wp\/v2\/categories?post=72165"},{"taxonomy":"post_tag","embeddable":true,"href":"https:\/\/www.grieta.org.mx\/index.php\/wp-json\/wp\/v2\/tags?post=72165"}],"curies":[{"name":"wp","href":"https:\/\/api.w.org\/{rel}","templated":true}]}}