{"id":72162,"date":"2025-08-14T17:40:07","date_gmt":"2025-08-14T23:40:07","guid":{"rendered":"https:\/\/www.grieta.org.mx\/?p=72162"},"modified":"2025-08-17T17:45:36","modified_gmt":"2025-08-17T23:45:36","slug":"colima-incrementa-su-pobreza-multidimensional-en-los-ultimos-ocho-anos","status":"publish","type":"post","link":"https:\/\/www.grieta.org.mx\/index.php\/2025\/08\/14\/colima-incrementa-su-pobreza-multidimensional-en-los-ultimos-ocho-anos\/","title":{"rendered":"Colima incrementa su pobreza multidimensional en los \u00faltimos ocho a\u00f1os"},"content":{"rendered":"<p>Imagen: Diario Avanzada<\/p>\n<p>Heidi de Le\u00f3n Guti\u00e9rrez \/ Diario Avanzada<\/p>\n<p class=\"p1\">Colima, M\u00e9xico, Avanzada (14\/8\/2025).- Colima lleg\u00f3 al final del sexenio de Andr\u00e9s Manuel L\u00f3pez Obrador con una paradoja: menos pobreza, pero m\u00e1s exclusi\u00f3n en los servicios de salud. Entre 2018 y 2024, el porcentaje de personas en situaci\u00f3n de pobreza baj\u00f3 de manera importante, del 30.4 por ciento al 15 por ciento del total de la poblaci\u00f3n, seg\u00fan el reporte que el Instituto Nacional de Estad\u00edstica y Geograf\u00eda (Inegi) present\u00f3 este martes. Sin embargo, el n\u00famero de colimenses sin acceso a servicios de salud se duplic\u00f3, al pasar del 10.8 por ciento al 24 por ciento de los habitantes.<\/p>\n<p class=\"p1\">En n\u00fameros absolutos, 108 mil personas viven en pobreza en el estado, de las cuales casi 7 mil est\u00e1n en pobreza extrema. Al mismo tiempo, 175 mil 500 colimenses \u2014uno de cada cuatro\u2014 carecen de cobertura sanitaria, lo que agrava las quejas recurrentes por la falta de medicamentos y las largas esperas para recibir atenci\u00f3n.<\/p>\n<p class=\"p1\">La medici\u00f3n corresponde a la pobreza multidimensional, que combina datos de ingreso y de acceso a derechos sociales. Desde julio, el Inegi asumi\u00f3 la tarea de publicarla tras la desaparici\u00f3n del Consejo Nacional de Evaluaci\u00f3n de la Pol\u00edtica de Desarrollo Social (Coneval), organismo aut\u00f3nomo que durante m\u00e1s de una d\u00e9cada evalu\u00f3 la pol\u00edtica social en M\u00e9xico y cuya disoluci\u00f3n gener\u00f3 cr\u00edticas.<\/p>\n<p class=\"p1\">La Encuesta Nacional de Ingresos y Gastos de los Hogares (ENIGH), que el Inegi levanta cada dos a\u00f1os, es la principal fuente para esta medici\u00f3n. En Colima, el 19.4 por ciento de los 726 mil habitantes tiene ingresos por debajo de la l\u00ednea de pobreza. En t\u00e9rminos hist\u00f3ricos, el porcentaje de poblaci\u00f3n en pobreza multidimensional pas\u00f3 del 30.1 por ciento en 2016 al 36.2 por ciento en 2024, aunque la pobreza moderada se redujo de forma significativa: de 30.4 por ciento a 14 por ciento en el mismo lapso.<\/p>\n<p class=\"p1\">En el caso de Colima, el deterioro en el acceso a la salud es uno de los indicadores m\u00e1s adversos. Durante el sexenio del presidente Andr\u00e9s Manuel L\u00f3pez Obrador se complic\u00f3 la promesa de construir un sistema de salud universal y gratuito, pues tropez\u00f3 con recortes, cambios institucionales y la fallida transici\u00f3n del Seguro Popular al Instituto de Salud para el Bienestar (Insabi), que fue desmantelado en 2023.<\/p>\n<figure class=\"wp-block-image size-large\"><img loading=\"lazy\" decoding=\"async\" class=\"wp-image-96955\" src=\"https:\/\/diarioavanzada.com.mx\/wp-content\/uploads\/2025\/08\/img_8714-2-1-1024x554.jpg\" sizes=\"auto, (max-width: 1024px) 100vw, 1024px\" srcset=\"https:\/\/diarioavanzada.com.mx\/wp-content\/uploads\/2025\/08\/img_8714-2-1-1024x554.jpg 1024w, https:\/\/diarioavanzada.com.mx\/wp-content\/uploads\/2025\/08\/img_8714-2-1-300x162.jpg 300w, https:\/\/diarioavanzada.com.mx\/wp-content\/uploads\/2025\/08\/img_8714-2-1-768x416.jpg 768w, https:\/\/diarioavanzada.com.mx\/wp-content\/uploads\/2025\/08\/img_8714-2-1-1536x832.jpg 1536w, https:\/\/diarioavanzada.com.mx\/wp-content\/uploads\/2025\/08\/img_8714-2-1.jpg 2000w\" width=\"1024\" height=\"554\" \/><\/figure>\n<p>&nbsp;<\/p>\n<p><a href=\"https:\/\/diarioavanzada.com.mx\/?p=96956\">https:\/\/diarioavanzada.com.mx\/?p=96956<\/a><\/p>\n<p>&nbsp;<\/p>\n","protected":false},"excerpt":{"rendered":"<p>Imagen: Diario Avanzada Heidi de Le\u00f3n Guti\u00e9rrez \/ Diario Avanzada Colima, M\u00e9xico, Avanzada (14\/8\/2025).- Colima lleg\u00f3 al final del sexenio de Andr\u00e9s Manuel L\u00f3pez Obrador con una paradoja: menos pobreza, &hellip; <a href=\"https:\/\/www.grieta.org.mx\/index.php\/2025\/08\/14\/colima-incrementa-su-pobreza-multidimensional-en-los-ultimos-ocho-anos\/\" class=\"more-link\">Leer m\u00e1s<\/a><\/p>\n","protected":false},"author":2,"featured_media":72163,"comment_status":"closed","ping_status":"closed","sticky":false,"template":"","format":"standard","meta":{"ngg_post_thumbnail":0,"_jetpack_newsletter_access":"","_jetpack_dont_email_post_to_subs":false,"_jetpack_newsletter_tier_id":0,"_jetpack_memberships_contains_paywalled_content":false,"_jetpack_memberships_contains_paid_content":false,"footnotes":""},"categories":[80,13,910,2192,2,83],"tags":[3137,1953,2962,3140],"class_list":["post-72162","post","type-post","status-publish","format-standard","has-post-thumbnail","hentry","category-cintillo","category-colima","category-explotacion-y-precariedad-laboral","category-explotacion-y-precariedad-laboral-en-colima","category-noticias-nacionales","category-temas-nacionales","tag-aumento-de-la-pobreza","tag-pobreza","tag-precarizacion-de-la-vida","tag-precarizacion-de-las-condiciones-de-vida","entry"],"jetpack_featured_media_url":"https:\/\/www.grieta.org.mx\/wp-content\/uploads\/2025\/08\/img_8713-2-1.jpg","jetpack_sharing_enabled":true,"jetpack_shortlink":"https:\/\/wp.me\/p7ZJR4-iLU","jetpack_likes_enabled":false,"jetpack-related-posts":[{"id":71943,"url":"https:\/\/www.grieta.org.mx\/index.php\/2025\/06\/30\/colimenses-50-sin-seguro-y-con-salarios-precarios\/","url_meta":{"origin":72162,"position":0},"title":"Colimenses: 50% sin seguro y con salarios precarios","author":"grieta","date":"30 junio, 2025","format":false,"excerpt":"Imagen: Diario Avanzada Heidi de Le\u00f3n Guti\u00e9rrez \/ Diario Avanzada Colima, M\u00e9xico, Avanzada (30\/06\/2025).- M\u00e1s de la mitad de la poblaci\u00f3n ocupada en Colima percibe un salario que no cubre sus necesidades b\u00e1sicas y trabaja sin seguridad social, es decir, no tienen acceso a servicios de salud ni derecho a\u2026","rel":"","context":"En &quot;CINTILLO&quot;","block_context":{"text":"CINTILLO","link":"https:\/\/www.grieta.org.mx\/index.php\/category\/cintillo\/"},"img":{"alt_text":"","src":"https:\/\/i0.wp.com\/www.grieta.org.mx\/wp-content\/uploads\/2025\/07\/174098f5-1d1a-49ca-9607-8e42cf177337-2-1.jpg?resize=350%2C200&ssl=1","width":350,"height":200,"srcset":"https:\/\/i0.wp.com\/www.grieta.org.mx\/wp-content\/uploads\/2025\/07\/174098f5-1d1a-49ca-9607-8e42cf177337-2-1.jpg?resize=350%2C200&ssl=1 1x, https:\/\/i0.wp.com\/www.grieta.org.mx\/wp-content\/uploads\/2025\/07\/174098f5-1d1a-49ca-9607-8e42cf177337-2-1.jpg?resize=525%2C300&ssl=1 1.5x, https:\/\/i0.wp.com\/www.grieta.org.mx\/wp-content\/uploads\/2025\/07\/174098f5-1d1a-49ca-9607-8e42cf177337-2-1.jpg?resize=700%2C400&ssl=1 2x, https:\/\/i0.wp.com\/www.grieta.org.mx\/wp-content\/uploads\/2025\/07\/174098f5-1d1a-49ca-9607-8e42cf177337-2-1.jpg?resize=1050%2C600&ssl=1 3x"},"classes":[]},{"id":40706,"url":"https:\/\/www.grieta.org.mx\/index.php\/2019\/08\/21\/en-pobreza-laboral-el-43-de-los-trabajadores-en-tecoman-colima\/","url_meta":{"origin":72162,"position":1},"title":"En pobreza laboral el 43% de los trabajadores en Tecom\u00e1n (Colima)","author":"grieta","date":"21 agosto, 2019","format":false,"excerpt":"Foto: Diario Avanzada Heidi de Le\u00f3n Guti\u00e9rrez \/ Diario Avanzada Colima, M\u00e9xico, Avanzada (21\/08\/2019).- El 43 por ciento de la poblaci\u00f3n econ\u00f3micamente activa en el municipio de Tecom\u00e1n, gana hasta dos salarios m\u00ednimos por su trabajo, es decir, aproximadamente 3 mil pesos mensuales. As\u00ed lo establece el Plan Municipal de\u2026","rel":"","context":"En &quot;CINTILLO&quot;","block_context":{"text":"CINTILLO","link":"https:\/\/www.grieta.org.mx\/index.php\/category\/cintillo\/"},"img":{"alt_text":"","src":"https:\/\/i0.wp.com\/www.grieta.org.mx\/wp-content\/uploads\/2019\/10\/POBREZA-TECOMAN.jpg?resize=350%2C200&ssl=1","width":350,"height":200,"srcset":"https:\/\/i0.wp.com\/www.grieta.org.mx\/wp-content\/uploads\/2019\/10\/POBREZA-TECOMAN.jpg?resize=350%2C200&ssl=1 1x, https:\/\/i0.wp.com\/www.grieta.org.mx\/wp-content\/uploads\/2019\/10\/POBREZA-TECOMAN.jpg?resize=525%2C300&ssl=1 1.5x, https:\/\/i0.wp.com\/www.grieta.org.mx\/wp-content\/uploads\/2019\/10\/POBREZA-TECOMAN.jpg?resize=700%2C400&ssl=1 2x"},"classes":[]},{"id":66387,"url":"https:\/\/www.grieta.org.mx\/index.php\/2023\/03\/01\/el-27-de-los-trabajadores-en-colima-se-encuentran-en-una-situacion-agravada-de-pobreza-extrema-laboral\/","url_meta":{"origin":72162,"position":2},"title":"El 27 % de los trabajadores en Colima se encuentran en una situaci\u00f3n agravada de pobreza extrema laboral","author":"grieta","date":"1 marzo, 2023","format":false,"excerpt":"Imagen: Diario Avanzada Heidi de Le\u00f3n Guti\u00e9rrez \/ Diario Avanzada Colima, M\u00e9xico, Comunicado (01\/02\/2023).- En Colima, el 27 por ciento de la poblaci\u00f3n que trabajaba no recibe ni un salario m\u00ednimo por la labor que desempe\u00f1a, lo que ubica a la entidad en una situaci\u00f3n inferior a la l\u00ednea de\u2026","rel":"","context":"En &quot;CINTILLO&quot;","block_context":{"text":"CINTILLO","link":"https:\/\/www.grieta.org.mx\/index.php\/category\/cintillo\/"},"img":{"alt_text":"","src":"https:\/\/i0.wp.com\/www.grieta.org.mx\/wp-content\/uploads\/2023\/03\/Justicia.jpg?resize=350%2C200&ssl=1","width":350,"height":200,"srcset":"https:\/\/i0.wp.com\/www.grieta.org.mx\/wp-content\/uploads\/2023\/03\/Justicia.jpg?resize=350%2C200&ssl=1 1x, https:\/\/i0.wp.com\/www.grieta.org.mx\/wp-content\/uploads\/2023\/03\/Justicia.jpg?resize=525%2C300&ssl=1 1.5x"},"classes":[]},{"id":69676,"url":"https:\/\/www.grieta.org.mx\/index.php\/2024\/09\/02\/aumentan-en-colima-las-enfermedades-relacionadas-con-la-pobreza\/","url_meta":{"origin":72162,"position":3},"title":"Aumentan en Colima las enfermedades relacionadas con la pobreza","author":"grieta","date":"2 septiembre, 2024","format":false,"excerpt":"Imagen: Diario Avanzada Heidi de Le\u00f3n Guti\u00e9rrez \/ Diario Avanzada Colima, M\u00e9xico, Avanzada (02\/09\/2024).- En Colima van en aumento las enfermedades relacionadas con la pobreza, principalmente la diarrea aguda. El estado se ubica con el mayor crecimiento en la incidencia de Enfermedades Diarreicas Agudas (EDA) en todo el pa\u00eds, particularmente\u2026","rel":"","context":"En &quot;CINTILLO&quot;","block_context":{"text":"CINTILLO","link":"https:\/\/www.grieta.org.mx\/index.php\/category\/cintillo\/"},"img":{"alt_text":"","src":"https:\/\/i0.wp.com\/www.grieta.org.mx\/wp-content\/uploads\/2024\/09\/vientre.jpg?resize=350%2C200&ssl=1","width":350,"height":200,"srcset":"https:\/\/i0.wp.com\/www.grieta.org.mx\/wp-content\/uploads\/2024\/09\/vientre.jpg?resize=350%2C200&ssl=1 1x, https:\/\/i0.wp.com\/www.grieta.org.mx\/wp-content\/uploads\/2024\/09\/vientre.jpg?resize=525%2C300&ssl=1 1.5x, https:\/\/i0.wp.com\/www.grieta.org.mx\/wp-content\/uploads\/2024\/09\/vientre.jpg?resize=700%2C400&ssl=1 2x"},"classes":[]},{"id":48855,"url":"https:\/\/www.grieta.org.mx\/index.php\/2020\/05\/04\/la-pobreza-alimentaria-golpea-a-165-mil-colimenses-colima\/","url_meta":{"origin":72162,"position":4},"title":"La pobreza alimentaria golpea a 165 mil colimenses (Colima)","author":"grieta","date":"4 mayo, 2020","format":false,"excerpt":"Foto: Diario Avanzada Heidi de Le\u00f3n Guti\u00e9rrez \/ Diario Avanzada Colima, M\u00e9xico, Avanzada (04\/05\/2020).- La pobreza no es igual para todos; para algunos consiste en no tener una vivienda, un trabajo bien remunerado y para otros, en no tener alimentos para comer y poder alimentar a su familia. La pobreza\u2026","rel":"","context":"En &quot;CINTILLO&quot;","block_context":{"text":"CINTILLO","link":"https:\/\/www.grieta.org.mx\/index.php\/category\/cintillo\/"},"img":{"alt_text":"","src":"https:\/\/i0.wp.com\/www.grieta.org.mx\/wp-content\/uploads\/2020\/05\/Colima-tierra-de-pobres.png?resize=350%2C200&ssl=1","width":350,"height":200,"srcset":"https:\/\/i0.wp.com\/www.grieta.org.mx\/wp-content\/uploads\/2020\/05\/Colima-tierra-de-pobres.png?resize=350%2C200&ssl=1 1x, https:\/\/i0.wp.com\/www.grieta.org.mx\/wp-content\/uploads\/2020\/05\/Colima-tierra-de-pobres.png?resize=525%2C300&ssl=1 1.5x, https:\/\/i0.wp.com\/www.grieta.org.mx\/wp-content\/uploads\/2020\/05\/Colima-tierra-de-pobres.png?resize=700%2C400&ssl=1 2x"},"classes":[]},{"id":46893,"url":"https:\/\/www.grieta.org.mx\/index.php\/2020\/03\/26\/172-mil-trabajadores-en-colima-sufren-pobreza-laboral\/","url_meta":{"origin":72162,"position":5},"title":"172 mil trabajadores en Colima sufren pobreza laboral","author":"grieta","date":"26 marzo, 2020","format":false,"excerpt":"Foto: Diario Avanzada Heidi de Le\u00f3n Guti\u00e9rrez \/ Diario Avanzada Colima, M\u00e9xico, Avanzada (26\/03\/2020).- En Colima, el 23 por ciento de la poblaci\u00f3n registra un ingreso laboral inferior al costo de la canasta b\u00e1sica, seg\u00fan la medici\u00f3n realizada por el Consejo Nacional de Evaluaci\u00f3n (Coneval), durante el cuarto trimestre de\u2026","rel":"","context":"En &quot;CINTILLO&quot;","block_context":{"text":"CINTILLO","link":"https:\/\/www.grieta.org.mx\/index.php\/category\/cintillo\/"},"img":{"alt_text":"","src":"https:\/\/i0.wp.com\/www.grieta.org.mx\/wp-content\/uploads\/2020\/03\/Colima-tierra-de-pobres.png?resize=350%2C200&ssl=1","width":350,"height":200,"srcset":"https:\/\/i0.wp.com\/www.grieta.org.mx\/wp-content\/uploads\/2020\/03\/Colima-tierra-de-pobres.png?resize=350%2C200&ssl=1 1x, https:\/\/i0.wp.com\/www.grieta.org.mx\/wp-content\/uploads\/2020\/03\/Colima-tierra-de-pobres.png?resize=525%2C300&ssl=1 1.5x, https:\/\/i0.wp.com\/www.grieta.org.mx\/wp-content\/uploads\/2020\/03\/Colima-tierra-de-pobres.png?resize=700%2C400&ssl=1 2x"},"classes":[]}],"_links":{"self":[{"href":"https:\/\/www.grieta.org.mx\/index.php\/wp-json\/wp\/v2\/posts\/72162","targetHints":{"allow":["GET"]}}],"collection":[{"href":"https:\/\/www.grieta.org.mx\/index.php\/wp-json\/wp\/v2\/posts"}],"about":[{"href":"https:\/\/www.grieta.org.mx\/index.php\/wp-json\/wp\/v2\/types\/post"}],"author":[{"embeddable":true,"href":"https:\/\/www.grieta.org.mx\/index.php\/wp-json\/wp\/v2\/users\/2"}],"replies":[{"embeddable":true,"href":"https:\/\/www.grieta.org.mx\/index.php\/wp-json\/wp\/v2\/comments?post=72162"}],"version-history":[{"count":1,"href":"https:\/\/www.grieta.org.mx\/index.php\/wp-json\/wp\/v2\/posts\/72162\/revisions"}],"predecessor-version":[{"id":72164,"href":"https:\/\/www.grieta.org.mx\/index.php\/wp-json\/wp\/v2\/posts\/72162\/revisions\/72164"}],"wp:featuredmedia":[{"embeddable":true,"href":"https:\/\/www.grieta.org.mx\/index.php\/wp-json\/wp\/v2\/media\/72163"}],"wp:attachment":[{"href":"https:\/\/www.grieta.org.mx\/index.php\/wp-json\/wp\/v2\/media?parent=72162"}],"wp:term":[{"taxonomy":"category","embeddable":true,"href":"https:\/\/www.grieta.org.mx\/index.php\/wp-json\/wp\/v2\/categories?post=72162"},{"taxonomy":"post_tag","embeddable":true,"href":"https:\/\/www.grieta.org.mx\/index.php\/wp-json\/wp\/v2\/tags?post=72162"}],"curies":[{"name":"wp","href":"https:\/\/api.w.org\/{rel}","templated":true}]}}