{"id":72115,"date":"2025-08-01T12:27:53","date_gmt":"2025-08-01T18:27:53","guid":{"rendered":"https:\/\/www.grieta.org.mx\/?p=72115"},"modified":"2025-08-02T12:33:15","modified_gmt":"2025-08-02T18:33:15","slug":"convocan-a-jornada-pacifica-en-manzanillo-para-denunciar-ocupacion-y-hambruna-en-gaza","status":"publish","type":"post","link":"https:\/\/www.grieta.org.mx\/index.php\/2025\/08\/01\/convocan-a-jornada-pacifica-en-manzanillo-para-denunciar-ocupacion-y-hambruna-en-gaza\/","title":{"rendered":"Convocan a jornada pac\u00edfica en Manzanillo para denunciar ocupaci\u00f3n y hambruna en Gaza"},"content":{"rendered":"<p>Imagen: Diario Avanzada<\/p>\n<p>Heidi de Le\u00f3n Guti\u00e9rrez \/ Diario Avanzada<\/p>\n<p class=\"p1\">Colima, M\u00e9xico, Avanzada (01\/08\/2025).- En un acto simb\u00f3lico que mezcla arte, denuncia y resistencia cultural, el Centro de Artes La Shekhinah lanz\u00f3 una convocatoria abierta para que artistas y ciudadanos del puerto se sumen a una protesta pac\u00edfica en solidaridad con el pueblo palestino. El encuentro se realizar\u00e1 este domingo 3 de agosto, a las 5 de la tarde, frente a la sucursal de Starbucks en Manzanillo.<\/p>\n<p class=\"p1\">La iniciativa surge como una respuesta art\u00edstica ante lo que califican como \u201cgenocidio, ocupaci\u00f3n y hambruna sistem\u00e1tica\u201d que vive la poblaci\u00f3n de Gaza. La protesta est\u00e1 pensada como un acto de expresi\u00f3n creativa y colectiva, donde la m\u00fasica, la danza, la poes\u00eda, el performance y la palabra ser\u00e1n herramientas de resistencia.<\/p>\n<p class=\"p1\">\u201cEs momento de usar el arte como herramienta de resistencia y de paz\u201d, se\u00f1ala la convocatoria, que invita no solo a creadores de todas las disciplinas, sino tambi\u00e9n a la sociedad civil en general a sumarse al acto de protesta, llevando pancartas, discursos o simplemente acompa\u00f1ando con su presencia.<\/p>\n<p class=\"p1\">Durante la jornada se presentar\u00e1n expresiones art\u00edsticas vinculadas a la cultura palestina, como el Dabke \u2014danza tradicional \u00e1rabe que se ha convertido en s\u00edmbolo de lucha\u2014, as\u00ed como m\u00fasica. Se pide a los asistentes llevar pancartas o mensajes visuales a favor del cese al fuego y de una Palestina libre. Tambi\u00e9n se solicita asistir con prendas en los colores de la bandera palestina: rojo, verde, blanco y negro.<\/p>\n<p class=\"p1\">La protesta ser\u00e1 pac\u00edfica y est\u00e1 prohibido portar cualquier objeto que incite o simbolice la violencia. La elecci\u00f3n de Starbucks como punto de encuentro no es casual, pues la convocatoria se\u00f1ala que la empresa \u201ctiene inversi\u00f3n activa en el financiamiento del armamento israel\u00ed. Nuestra presencia ah\u00ed es un acto simb\u00f3lico de rechazo a la complicidad corporativa con la guerra\u201d, explica el Centro de Artes La Shekhinah.<\/p>\n<p><a href=\"https:\/\/diarioavanzada.com.mx\/?p=95685\">https:\/\/diarioavanzada.com.mx\/?p=95685<\/a><\/p>\n","protected":false},"excerpt":{"rendered":"<p>Imagen: Diario Avanzada Heidi de Le\u00f3n Guti\u00e9rrez \/ Diario Avanzada Colima, M\u00e9xico, Avanzada (01\/08\/2025).- En un acto simb\u00f3lico que mezcla arte, denuncia y resistencia cultural, el Centro de Artes La &hellip; <a href=\"https:\/\/www.grieta.org.mx\/index.php\/2025\/08\/01\/convocan-a-jornada-pacifica-en-manzanillo-para-denunciar-ocupacion-y-hambruna-en-gaza\/\" class=\"more-link\">Leer m\u00e1s<\/a><\/p>\n","protected":false},"author":2,"featured_media":72116,"comment_status":"closed","ping_status":"closed","sticky":false,"template":"","format":"standard","meta":{"ngg_post_thumbnail":0,"_jetpack_newsletter_access":"","_jetpack_dont_email_post_to_subs":false,"_jetpack_newsletter_tier_id":0,"_jetpack_memberships_contains_paywalled_content":false,"_jetpack_memberships_contains_paid_content":false,"footnotes":""},"categories":[80,13,2],"tags":[4053,4082,3058,4181,767],"class_list":["post-72115","post","type-post","status-publish","format-standard","has-post-thumbnail","hentry","category-cintillo","category-colima","category-noticias-nacionales","tag-alto-a-la-guerra","tag-contra-todas-las-guerras","tag-genocidio","tag-palestina","tag-solidaridad","entry"],"jetpack_featured_media_url":"https:\/\/www.grieta.org.mx\/wp-content\/uploads\/2025\/08\/b47a23a0-1678-428e-8096-c8c322b81bfb-1.jpg","jetpack_sharing_enabled":true,"jetpack_shortlink":"https:\/\/wp.me\/p7ZJR4-iL9","jetpack_likes_enabled":false,"jetpack-related-posts":[{"id":2709,"url":"https:\/\/www.grieta.org.mx\/index.php\/2016\/07\/17\/movilizaciones-contra-la-reforma-educativa-y-la-evaluacion-magisterial-en-colima\/","url_meta":{"origin":72115,"position":0},"title":"Movilizaciones contra la Reforma educativa y evaluaci\u00f3n magisterial en Colima","author":"grieta","date":"17 julio, 2016","format":false,"excerpt":"17\/07\/16. Marchan maestros en contra de la reforma educativaMeganoticias Colima 02\/07\/16. Maestros de la CNTE bloquearon el puertoCorreo de Manzanillo 23\/06\/16. Maestros de Colima protestan por OaxacaPerriodismo 21\/06\/16. Marchan maestros, pescadores y hasta tramitadores en ManzanilloColima Noticias 21\/06\/16. Maestros de Colima se unen a quienes exigen la renuncia de Aurelio\u2026","rel":"","context":"En &quot;Colima&quot;","block_context":{"text":"Colima","link":"https:\/\/www.grieta.org.mx\/index.php\/category\/noticias-nacionales\/colima\/"},"img":{"alt_text":"","src":"https:\/\/i0.wp.com\/www.grieta.org.mx\/wp-content\/uploads\/2018\/03\/14524434_1106112876131411_958039263622046936_o.jpg?resize=350%2C200&ssl=1","width":350,"height":200,"srcset":"https:\/\/i0.wp.com\/www.grieta.org.mx\/wp-content\/uploads\/2018\/03\/14524434_1106112876131411_958039263622046936_o.jpg?resize=350%2C200&ssl=1 1x, https:\/\/i0.wp.com\/www.grieta.org.mx\/wp-content\/uploads\/2018\/03\/14524434_1106112876131411_958039263622046936_o.jpg?resize=525%2C300&ssl=1 1.5x, https:\/\/i0.wp.com\/www.grieta.org.mx\/wp-content\/uploads\/2018\/03\/14524434_1106112876131411_958039263622046936_o.jpg?resize=700%2C400&ssl=1 2x"},"classes":[]},{"id":56337,"url":"https:\/\/www.grieta.org.mx\/index.php\/2021\/01\/12\/hospitales-de-colima-reportan-el-100-por-ciento-de-ocupacion-en-areas-covid\/","url_meta":{"origin":72115,"position":1},"title":"Hospitales de Colima reportan el 100 por ciento de ocupaci\u00f3n en \u00e1reas Covid","author":"grieta","date":"12 enero, 2021","format":false,"excerpt":"Foto: Diario Avanzada Heidi de Le\u00f3n Guti\u00e9rrez \/ Diario Avanzada Colima, M\u00e9xico, Avanzada (12\/01\/2020).- El Hospital General de Manzanillo y el Hospital Regional Universitario (HRU) reportaron un 100 por ciento de ocupaci\u00f3n hospitalaria en las \u00e1reas destinadas para atender a los enfermos de Covid-19. Mientras que las cl\u00ednicas del ISSSTE\u2026","rel":"","context":"En &quot;CINTILLO&quot;","block_context":{"text":"CINTILLO","link":"https:\/\/www.grieta.org.mx\/index.php\/category\/cintillo\/"},"img":{"alt_text":"","src":"https:\/\/i0.wp.com\/www.grieta.org.mx\/wp-content\/uploads\/2021\/01\/Hospital-1.jpg?resize=350%2C200&ssl=1","width":350,"height":200,"srcset":"https:\/\/i0.wp.com\/www.grieta.org.mx\/wp-content\/uploads\/2021\/01\/Hospital-1.jpg?resize=350%2C200&ssl=1 1x, https:\/\/i0.wp.com\/www.grieta.org.mx\/wp-content\/uploads\/2021\/01\/Hospital-1.jpg?resize=525%2C300&ssl=1 1.5x, https:\/\/i0.wp.com\/www.grieta.org.mx\/wp-content\/uploads\/2021\/01\/Hospital-1.jpg?resize=700%2C400&ssl=1 2x"},"classes":[]},{"id":52733,"url":"https:\/\/www.grieta.org.mx\/index.php\/2020\/08\/21\/hospital-general-de-manzanillo-se-queda-sin-ventiladores-para-enfermos-de-covid-19-colima\/","url_meta":{"origin":72115,"position":2},"title":"Hospital General de Manzanillo se queda sin ventiladores para enfermos de Covid-19 (Colima)","author":"grieta","date":"21 agosto, 2020","format":false,"excerpt":"Imagen: Diario Avanzada Heidi de Le\u00f3n Gutierrez \/ Diario Avanzada Colima, M\u00e9xico, Avanzada (21\/08\/2020).- El Hospital General N\u00famero 10 de Manzanillo registr\u00f3 el 100 por ciento de la ocupaci\u00f3n de camas con ventilador, seg\u00fan los datos de la secretar\u00eda de Salud de Colima. Mientras que el Hospital n\u00famero 1 del\u2026","rel":"","context":"En &quot;CINTILLO&quot;","block_context":{"text":"CINTILLO","link":"https:\/\/www.grieta.org.mx\/index.php\/category\/cintillo\/"},"img":{"alt_text":"","src":"https:\/\/i0.wp.com\/www.grieta.org.mx\/wp-content\/uploads\/2020\/08\/118358904_3206040109487153_7690283986572340481_o.jpg?resize=350%2C200&ssl=1","width":350,"height":200,"srcset":"https:\/\/i0.wp.com\/www.grieta.org.mx\/wp-content\/uploads\/2020\/08\/118358904_3206040109487153_7690283986572340481_o.jpg?resize=350%2C200&ssl=1 1x, https:\/\/i0.wp.com\/www.grieta.org.mx\/wp-content\/uploads\/2020\/08\/118358904_3206040109487153_7690283986572340481_o.jpg?resize=525%2C300&ssl=1 1.5x, https:\/\/i0.wp.com\/www.grieta.org.mx\/wp-content\/uploads\/2020\/08\/118358904_3206040109487153_7690283986572340481_o.jpg?resize=700%2C400&ssl=1 2x"},"classes":[]},{"id":2002,"url":"https:\/\/www.grieta.org.mx\/index.php\/2016\/01\/26\/movilizaciones-por-ayotzinapa-en-colima\/","url_meta":{"origin":72115,"position":3},"title":"Movilizaciones por Ayotzinapa en Colima","author":"grieta","date":"26 enero, 2016","format":false,"excerpt":"26\/01\/16. \u201cNo deseamos a nadie estar en nuestros zapatos\u201d: Familiares de AyotzinapaDiario Avanzada 26\/09\/15. En Colima marchan por Ayotzinapa a un a\u00f1o de la desaparici\u00f3n y asesinato de estudiantesAF Medios 26\/09\/15. Marchan Maestros en Manzanillo Hasta la PGR en Apoyo a los 43Noticias Manzanillo 11\/08\/15. \u201cNo los olviden\u201d piden padres\u2026","rel":"","context":"En &quot;Colima&quot;","block_context":{"text":"Colima","link":"https:\/\/www.grieta.org.mx\/index.php\/category\/noticias-nacionales\/colima\/"},"img":{"alt_text":"","src":"https:\/\/i0.wp.com\/www.grieta.org.mx\/wp-content\/uploads\/2018\/03\/14524434_1106112876131411_958039263622046936_o.jpg?resize=350%2C200&ssl=1","width":350,"height":200,"srcset":"https:\/\/i0.wp.com\/www.grieta.org.mx\/wp-content\/uploads\/2018\/03\/14524434_1106112876131411_958039263622046936_o.jpg?resize=350%2C200&ssl=1 1x, https:\/\/i0.wp.com\/www.grieta.org.mx\/wp-content\/uploads\/2018\/03\/14524434_1106112876131411_958039263622046936_o.jpg?resize=525%2C300&ssl=1 1.5x, https:\/\/i0.wp.com\/www.grieta.org.mx\/wp-content\/uploads\/2018\/03\/14524434_1106112876131411_958039263622046936_o.jpg?resize=700%2C400&ssl=1 2x"},"classes":[]},{"id":68565,"url":"https:\/\/www.grieta.org.mx\/index.php\/2024\/02\/23\/pacientes-renales-protestan-por-falta-de-medicamentos-y-atencion-en-manzanillo-colima\/","url_meta":{"origin":72115,"position":4},"title":"Pacientes renales protestan por falta de medicamentos y atenci\u00f3n en Manzanillo (Colima)","author":"grieta","date":"23 febrero, 2024","format":false,"excerpt":"Imagen: Diario Avanzada Redacci\u00f3n \/ Diario Avanzada Colima, M\u00e9xico, Avanzada (23\/02\/2024).- Pacientes que reciben tratamiento de hemodi\u00e1lisis se manifestaron en el Hospital de Manzanillo por la falta de medicamentos, especialmente sueros y vitaminas que han tenido que costear. La ma\u00f1ana de este viernes, un grupo de personas se manifestaron a\u2026","rel":"","context":"En &quot;CINTILLO&quot;","block_context":{"text":"CINTILLO","link":"https:\/\/www.grieta.org.mx\/index.php\/category\/cintillo\/"},"img":{"alt_text":"","src":"https:\/\/i0.wp.com\/www.grieta.org.mx\/wp-content\/uploads\/2024\/02\/a1-153.jpg?resize=350%2C200&ssl=1","width":350,"height":200,"srcset":"https:\/\/i0.wp.com\/www.grieta.org.mx\/wp-content\/uploads\/2024\/02\/a1-153.jpg?resize=350%2C200&ssl=1 1x, https:\/\/i0.wp.com\/www.grieta.org.mx\/wp-content\/uploads\/2024\/02\/a1-153.jpg?resize=525%2C300&ssl=1 1.5x, https:\/\/i0.wp.com\/www.grieta.org.mx\/wp-content\/uploads\/2024\/02\/a1-153.jpg?resize=700%2C400&ssl=1 2x"},"classes":[]},{"id":43550,"url":"https:\/\/www.grieta.org.mx\/index.php\/2020\/01\/23\/medicos-en-manzanillo-llevan-7-dias-en-paro-por-impago-colima\/","url_meta":{"origin":72115,"position":5},"title":"M\u00e9dicos en Manzanillo llevan 7 d\u00edas en paro por impago (Colima)","author":"grieta","date":"23 enero, 2020","format":false,"excerpt":"Foto: Ilustrativa Heidi de Le\u00f3n Guti\u00e9rrez \/ Diario Avanzada Colima, M\u00e9xico, Avanzada (23\/01\/2020).- Los m\u00e9dicos residentes del Hospital Civil de Manzanillo llevan siete d\u00edas en paro por la falta del pago de la quincena, misma que debi\u00f3 depositarse entre el 13 o 14 de enero. La misma situaci\u00f3n sucede en\u2026","rel":"","context":"En &quot;CINTILLO&quot;","block_context":{"text":"CINTILLO","link":"https:\/\/www.grieta.org.mx\/index.php\/category\/cintillo\/"},"img":{"alt_text":"","src":"https:\/\/i0.wp.com\/www.grieta.org.mx\/wp-content\/uploads\/2020\/01\/Hospital-Civil-manzanillo.jpg?resize=350%2C200&ssl=1","width":350,"height":200,"srcset":"https:\/\/i0.wp.com\/www.grieta.org.mx\/wp-content\/uploads\/2020\/01\/Hospital-Civil-manzanillo.jpg?resize=350%2C200&ssl=1 1x, https:\/\/i0.wp.com\/www.grieta.org.mx\/wp-content\/uploads\/2020\/01\/Hospital-Civil-manzanillo.jpg?resize=525%2C300&ssl=1 1.5x, https:\/\/i0.wp.com\/www.grieta.org.mx\/wp-content\/uploads\/2020\/01\/Hospital-Civil-manzanillo.jpg?resize=700%2C400&ssl=1 2x"},"classes":[]}],"_links":{"self":[{"href":"https:\/\/www.grieta.org.mx\/index.php\/wp-json\/wp\/v2\/posts\/72115","targetHints":{"allow":["GET"]}}],"collection":[{"href":"https:\/\/www.grieta.org.mx\/index.php\/wp-json\/wp\/v2\/posts"}],"about":[{"href":"https:\/\/www.grieta.org.mx\/index.php\/wp-json\/wp\/v2\/types\/post"}],"author":[{"embeddable":true,"href":"https:\/\/www.grieta.org.mx\/index.php\/wp-json\/wp\/v2\/users\/2"}],"replies":[{"embeddable":true,"href":"https:\/\/www.grieta.org.mx\/index.php\/wp-json\/wp\/v2\/comments?post=72115"}],"version-history":[{"count":1,"href":"https:\/\/www.grieta.org.mx\/index.php\/wp-json\/wp\/v2\/posts\/72115\/revisions"}],"predecessor-version":[{"id":72117,"href":"https:\/\/www.grieta.org.mx\/index.php\/wp-json\/wp\/v2\/posts\/72115\/revisions\/72117"}],"wp:featuredmedia":[{"embeddable":true,"href":"https:\/\/www.grieta.org.mx\/index.php\/wp-json\/wp\/v2\/media\/72116"}],"wp:attachment":[{"href":"https:\/\/www.grieta.org.mx\/index.php\/wp-json\/wp\/v2\/media?parent=72115"}],"wp:term":[{"taxonomy":"category","embeddable":true,"href":"https:\/\/www.grieta.org.mx\/index.php\/wp-json\/wp\/v2\/categories?post=72115"},{"taxonomy":"post_tag","embeddable":true,"href":"https:\/\/www.grieta.org.mx\/index.php\/wp-json\/wp\/v2\/tags?post=72115"}],"curies":[{"name":"wp","href":"https:\/\/api.w.org\/{rel}","templated":true}]}}