{"id":72093,"date":"2025-07-18T12:06:23","date_gmt":"2025-07-18T18:06:23","guid":{"rendered":"https:\/\/www.grieta.org.mx\/?p=72093"},"modified":"2025-07-26T12:16:18","modified_gmt":"2025-07-26T18:16:18","slug":"hospital-tondoroque-nuevamente-en-crisis-sin-medicamento-y-falta-de-aire-acondicionado-nayarit","status":"publish","type":"post","link":"https:\/\/www.grieta.org.mx\/index.php\/2025\/07\/18\/hospital-tondoroque-nuevamente-en-crisis-sin-medicamento-y-falta-de-aire-acondicionado-nayarit\/","title":{"rendered":"Hospital Tondoroque nuevamente en crisis; sin medicamento y falta de aire acondicionado (Nayarit)"},"content":{"rendered":"<p>imagen: CPS<\/p>\n<p data-start=\"348\" data-end=\"720\"><strong>El Hospital de Tondoroque, en Bah\u00eda de Banderas, atraviesa una de sus peores crisis: enfrenta desabasto de medicamentos y, nuevamente, su sistema de aire acondicionado se averi\u00f3<\/strong>, justo en medio de la intensa ola de calor que afecta a la regi\u00f3n. P<strong>acientes internados y del \u00e1rea de urgencias deben soportar las altas temperaturas con apenas algunos ventiladores disponibles.<\/strong><\/p>\n<p data-start=\"722\" data-end=\"1099\"><strong>La situaci\u00f3n ha obligado al personal m\u00e9dico a solicitar el apoyo directo del presidente municipal, H\u00e9ctor Santana,<\/strong>\u00a0para reparar el sistema de climatizaci\u00f3n. Adem\u00e1s, han pedido que intervenga ante el gobernador\u00a0<strong data-start=\"936\" data-end=\"969\">Miguel \u00c1ngel Navarro Quintero<\/strong>, con el fin de garantizar el abasto de medicamentos, que hoy en d\u00eda deben ser comprados por los propios pacientes y sus familias.<\/p>\n<p data-start=\"1643\" data-end=\"1937\"><strong>Cabe recordar que en mayo pasado, durante la crisis en el Hospital General de San Pancho, el gobernador<\/strong>\u00a0anunci\u00f3 medidas para fortalecer ese nosocomio, incluyendo ambulancias, infraestructura, drenaje y suministro de medicamentos.<strong>\u00a0Sin embargo, en Tondoroque, ese apoyo a\u00fan no se materializa.<\/strong><\/p>\n<p data-start=\"1939\" data-end=\"2211\"><strong>Se se\u00f1ala que el cambio al sistema IMSS-BIENESTAR ha sido un factor determinante en esta crisis hospitalaria,<\/strong>\u00a0que no solo afecta al sur de Nayarit, sino a toda la entidad, con centros de salud sin insumos ni condiciones m\u00ednimas para atender dignamente a los pacientes.<\/p>\n<p><a href=\"https:\/\/tribunadelabahia.com.mx\/hospital-tondoroque-sin-medicinas-aire-acondicionado\/\">https:\/\/tribunadelabahia.com.mx\/hospital-tondoroque-sin-medicinas-aire-acondicionado\/<\/a><\/p>\n<p>&nbsp;<\/p>\n<p>&nbsp;<\/p>\n","protected":false},"excerpt":{"rendered":"<p>imagen: CPS El Hospital de Tondoroque, en Bah\u00eda de Banderas, atraviesa una de sus peores crisis: enfrenta desabasto de medicamentos y, nuevamente, su sistema de aire acondicionado se averi\u00f3, justo &hellip; <a href=\"https:\/\/www.grieta.org.mx\/index.php\/2025\/07\/18\/hospital-tondoroque-nuevamente-en-crisis-sin-medicamento-y-falta-de-aire-acondicionado-nayarit\/\" class=\"more-link\">Leer m\u00e1s<\/a><\/p>\n","protected":false},"author":2,"featured_media":72094,"comment_status":"closed","ping_status":"closed","sticky":false,"template":"","format":"standard","meta":{"ngg_post_thumbnail":0,"_jetpack_newsletter_access":"","_jetpack_dont_email_post_to_subs":false,"_jetpack_newsletter_tier_id":0,"_jetpack_memberships_contains_paywalled_content":false,"_jetpack_memberships_contains_paid_content":false,"footnotes":""},"categories":[80,918,2573,23,2,83],"tags":[2367,2366,3247,3226,2551,166,4227,3382],"class_list":["post-72093","post","type-post","status-publish","format-standard","has-post-thumbnail","hentry","category-cintillo","category-privatizacion-del-sector-salud","category-crisis-del-sector-salud-en-nayarit","category-nayarit","category-noticias-nacionales","category-temas-nacionales","tag-crisis-en-el-sector-salud","tag-desabasto-de-medicinas","tag-falta-de-insumos-medicos","tag-falta-de-material-y-equipo-medico","tag-falta-de-medicinas","tag-imss","tag-imss-bienestar","tag-personal-medico-en-riesgo","entry"],"jetpack_featured_media_url":"https:\/\/www.grieta.org.mx\/wp-content\/uploads\/2025\/07\/WhatsApp-Image-2025-07-18-at-7.16.26-PM-1.jpeg.webp","jetpack_sharing_enabled":true,"jetpack_shortlink":"https:\/\/wp.me\/p7ZJR4-iKN","jetpack_likes_enabled":false,"jetpack-related-posts":[{"id":53267,"url":"https:\/\/www.grieta.org.mx\/index.php\/2020\/09\/07\/en-imss-nayarit-desabasto-de-tratamientos-de-vih-sida\/","url_meta":{"origin":72093,"position":0},"title":"En IMSS Nayarit, desabasto de tratamientos de VIH\/SIDA","author":"grieta","date":"7 septiembre, 2020","format":false,"excerpt":"Imagen: Realidades de Nayarit Mildra Ben\u00edtez Robledo Tepic, Nayarit.- Lunes 07 de septiembre del 2020.- El presidente en el Estado de la \u201cRed de Diversidad Sexual\u201d, Omar Cordero, denunci\u00f3 que desde que inici\u00f3 la pandemia por COVID-19 en la Entidad, el Instituto Mexicano del Seguro Social (IMSS), ha dejado de\u2026","rel":"","context":"En &quot;CINTILLO&quot;","block_context":{"text":"CINTILLO","link":"https:\/\/www.grieta.org.mx\/index.php\/category\/cintillo\/"},"img":{"alt_text":"","src":"https:\/\/i0.wp.com\/www.grieta.org.mx\/wp-content\/uploads\/2020\/09\/vih-1.jpg?resize=350%2C200&ssl=1","width":350,"height":200,"srcset":"https:\/\/i0.wp.com\/www.grieta.org.mx\/wp-content\/uploads\/2020\/09\/vih-1.jpg?resize=350%2C200&ssl=1 1x, https:\/\/i0.wp.com\/www.grieta.org.mx\/wp-content\/uploads\/2020\/09\/vih-1.jpg?resize=525%2C300&ssl=1 1.5x, https:\/\/i0.wp.com\/www.grieta.org.mx\/wp-content\/uploads\/2020\/09\/vih-1.jpg?resize=700%2C400&ssl=1 2x"},"classes":[]},{"id":53003,"url":"https:\/\/www.grieta.org.mx\/index.php\/2020\/09\/04\/cierran-el-nuevo-hospital-del-issste-nayarit\/","url_meta":{"origin":72093,"position":1},"title":"Cierran el nuevo hospital del ISSSTE (Nayarit)","author":"grieta","date":"4 septiembre, 2020","format":false,"excerpt":"Foto: Realidades de Nayarit Durante 5 d\u00edas no funcionar\u00e1 porque culminaron los contratos del personal m\u00e9dico que laboran all\u00ed Mildra Ben\u00edtez Robledo \/ Realidades de Nayarit Tepic, Nayarit.- Viernes 04 de septiembre del 2020.- El hospital del ISSSTE ubicado en la zona de La Cantera, Tepic, mismo que atiende a\u2026","rel":"","context":"En &quot;CINTILLO&quot;","block_context":{"text":"CINTILLO","link":"https:\/\/www.grieta.org.mx\/index.php\/category\/cintillo\/"},"img":{"alt_text":"","src":"https:\/\/i0.wp.com\/www.grieta.org.mx\/wp-content\/uploads\/2020\/09\/hospital.jpg?resize=350%2C200&ssl=1","width":350,"height":200,"srcset":"https:\/\/i0.wp.com\/www.grieta.org.mx\/wp-content\/uploads\/2020\/09\/hospital.jpg?resize=350%2C200&ssl=1 1x, https:\/\/i0.wp.com\/www.grieta.org.mx\/wp-content\/uploads\/2020\/09\/hospital.jpg?resize=525%2C300&ssl=1 1.5x, https:\/\/i0.wp.com\/www.grieta.org.mx\/wp-content\/uploads\/2020\/09\/hospital.jpg?resize=700%2C400&ssl=1 2x"},"classes":[]},{"id":33821,"url":"https:\/\/www.grieta.org.mx\/index.php\/2019\/05\/22\/por-recorte-presupuestal-hay-pocos-medicos-y-medicinas-en-24-estados\/","url_meta":{"origin":72093,"position":2},"title":"Por recorte presupuestal hay pocos m\u00e9dicos y medicinas en 24 estados","author":"grieta","date":"22 mayo, 2019","format":false,"excerpt":"Marchas de m\u00e9dicos residentes, renuncia del director y desabasto de medicamentos en el pa\u00eds \u00bfQu\u00e9 pasa en el sector salud? Karen \/ Plumas At\u00f3micas En los \u00faltimos d\u00edas se han dado a conocer las diversas consecuencias acerca de los recortes de presupuesto en el sector salud.\u00a0La m\u00e1s cr\u00edtica es el\u2026","rel":"","context":"En &quot;CINTILLO&quot;","block_context":{"text":"CINTILLO","link":"https:\/\/www.grieta.org.mx\/index.php\/category\/cintillo\/"},"img":{"alt_text":"","src":"https:\/\/i0.wp.com\/www.grieta.org.mx\/wp-content\/uploads\/2019\/05\/desabasto-de-medicamentos.jpeg?resize=350%2C200&ssl=1","width":350,"height":200,"srcset":"https:\/\/i0.wp.com\/www.grieta.org.mx\/wp-content\/uploads\/2019\/05\/desabasto-de-medicamentos.jpeg?resize=350%2C200&ssl=1 1x, https:\/\/i0.wp.com\/www.grieta.org.mx\/wp-content\/uploads\/2019\/05\/desabasto-de-medicamentos.jpeg?resize=525%2C300&ssl=1 1.5x, https:\/\/i0.wp.com\/www.grieta.org.mx\/wp-content\/uploads\/2019\/05\/desabasto-de-medicamentos.jpeg?resize=700%2C400&ssl=1 2x, https:\/\/i0.wp.com\/www.grieta.org.mx\/wp-content\/uploads\/2019\/05\/desabasto-de-medicamentos.jpeg?resize=1050%2C600&ssl=1 3x"},"classes":[]},{"id":44953,"url":"https:\/\/www.grieta.org.mx\/index.php\/2020\/02\/14\/faltan-medicamentos-en-el-issste-y-el-imss-quienes-tienen-cancer-son-quienes-mas-sufren-la-escasez-nayarit\/","url_meta":{"origin":72093,"position":3},"title":"Faltan medicamentos en el ISSSTE y el IMSS, quienes tienen c\u00e1ncer son quienes m\u00e1s sufren la escasez (Nayarit)","author":"grieta","date":"14 febrero, 2020","format":false,"excerpt":"Foto: Ilustrativa Javier Rojo Fregoso \/ Realidades de Nayarit La escasez de medicamentos en los diversos centros hospitalarios de Nayarit, es \u201del pan de cada d\u00eda\u201d se\u00f1alan familias afectadas con estas deficiencias que han venido mostrando diversas instituciones como son principalmente el IMSS Y EL ISSSTE, en donde d\u00eda tras\u2026","rel":"","context":"En &quot;CINTILLO&quot;","block_context":{"text":"CINTILLO","link":"https:\/\/www.grieta.org.mx\/index.php\/category\/cintillo\/"},"img":{"alt_text":"","src":"https:\/\/i0.wp.com\/www.grieta.org.mx\/wp-content\/uploads\/2020\/02\/medicina-1.jpg?resize=350%2C200&ssl=1","width":350,"height":200,"srcset":"https:\/\/i0.wp.com\/www.grieta.org.mx\/wp-content\/uploads\/2020\/02\/medicina-1.jpg?resize=350%2C200&ssl=1 1x, https:\/\/i0.wp.com\/www.grieta.org.mx\/wp-content\/uploads\/2020\/02\/medicina-1.jpg?resize=525%2C300&ssl=1 1.5x, https:\/\/i0.wp.com\/www.grieta.org.mx\/wp-content\/uploads\/2020\/02\/medicina-1.jpg?resize=700%2C400&ssl=1 2x"},"classes":[]},{"id":33086,"url":"https:\/\/www.grieta.org.mx\/index.php\/2019\/05\/01\/trabajadores-marchan-en-demandas-de-mejoras-de-hospitales-del-imss-nayarit\/","url_meta":{"origin":72093,"position":4},"title":"Trabajadores marchan en demandas de mejoras de hospitales del IMSS (Jalisco)","author":"grieta","date":"1 mayo, 2019","format":false,"excerpt":"Oseas Lorenzo Bravo \/ Noticias DLB.COM En el marco de la celebraci\u00f3n del d\u00eda del trabajo, m\u00e1s de 350 trabajadores del IMSS, marcharon desde el crucero de El Pitillal hasta la cl\u00ednica 42, en demanda de insumos e infraestructura hospitalaria que permita brindar un servicio de calidad. Norma Isela L\u00f3pez\u2026","rel":"","context":"En &quot;CINTILLO&quot;","block_context":{"text":"CINTILLO","link":"https:\/\/www.grieta.org.mx\/index.php\/category\/cintillo\/"},"img":{"alt_text":"","src":"https:\/\/i0.wp.com\/www.grieta.org.mx\/wp-content\/uploads\/2019\/05\/imss-seguri.jpg?resize=350%2C200&ssl=1","width":350,"height":200},"classes":[]},{"id":23019,"url":"https:\/\/www.grieta.org.mx\/index.php\/2018\/03\/15\/desabasto-de-medicinas-desata-protestas-en-durango\/","url_meta":{"origin":72093,"position":5},"title":"Desabasto de medicinas desata protestas en Durango","author":"grieta","date":"15 marzo, 2018","format":false,"excerpt":"Sandra G\u00f3meZ\/Uno TV Comenzaron las protestas anunciadas por organizaciones civiles ante autoridades de Salud del Durango, esto por la falta de atenci\u00f3n m\u00e9dica y el abastecimiento de medicinas en los hospitales de la entidad. El secretario de Salud de la entidad admiti\u00f3 que en Durango se registra un faltante de\u2026","rel":"","context":"En &quot;CINTILLO&quot;","block_context":{"text":"CINTILLO","link":"https:\/\/www.grieta.org.mx\/index.php\/category\/cintillo\/"},"img":{"alt_text":"","src":"https:\/\/i0.wp.com\/www.grieta.org.mx\/wp-content\/uploads\/2018\/05\/d4-3.jpg?resize=350%2C200&ssl=1","width":350,"height":200,"srcset":"https:\/\/i0.wp.com\/www.grieta.org.mx\/wp-content\/uploads\/2018\/05\/d4-3.jpg?resize=350%2C200&ssl=1 1x, https:\/\/i0.wp.com\/www.grieta.org.mx\/wp-content\/uploads\/2018\/05\/d4-3.jpg?resize=525%2C300&ssl=1 1.5x"},"classes":[]}],"_links":{"self":[{"href":"https:\/\/www.grieta.org.mx\/index.php\/wp-json\/wp\/v2\/posts\/72093","targetHints":{"allow":["GET"]}}],"collection":[{"href":"https:\/\/www.grieta.org.mx\/index.php\/wp-json\/wp\/v2\/posts"}],"about":[{"href":"https:\/\/www.grieta.org.mx\/index.php\/wp-json\/wp\/v2\/types\/post"}],"author":[{"embeddable":true,"href":"https:\/\/www.grieta.org.mx\/index.php\/wp-json\/wp\/v2\/users\/2"}],"replies":[{"embeddable":true,"href":"https:\/\/www.grieta.org.mx\/index.php\/wp-json\/wp\/v2\/comments?post=72093"}],"version-history":[{"count":1,"href":"https:\/\/www.grieta.org.mx\/index.php\/wp-json\/wp\/v2\/posts\/72093\/revisions"}],"predecessor-version":[{"id":72095,"href":"https:\/\/www.grieta.org.mx\/index.php\/wp-json\/wp\/v2\/posts\/72093\/revisions\/72095"}],"wp:featuredmedia":[{"embeddable":true,"href":"https:\/\/www.grieta.org.mx\/index.php\/wp-json\/wp\/v2\/media\/72094"}],"wp:attachment":[{"href":"https:\/\/www.grieta.org.mx\/index.php\/wp-json\/wp\/v2\/media?parent=72093"}],"wp:term":[{"taxonomy":"category","embeddable":true,"href":"https:\/\/www.grieta.org.mx\/index.php\/wp-json\/wp\/v2\/categories?post=72093"},{"taxonomy":"post_tag","embeddable":true,"href":"https:\/\/www.grieta.org.mx\/index.php\/wp-json\/wp\/v2\/tags?post=72093"}],"curies":[{"name":"wp","href":"https:\/\/api.w.org\/{rel}","templated":true}]}}