{"id":71990,"date":"2025-07-09T17:54:13","date_gmt":"2025-07-09T23:54:13","guid":{"rendered":"https:\/\/www.grieta.org.mx\/?p=71990"},"modified":"2025-07-09T17:55:15","modified_gmt":"2025-07-09T23:55:15","slug":"oaxaca-sera-sede-del-encuentro-nacional-contra-la-gentrificacion-comunidades-indigenas-exigen-alto-a-megaproyectos-y-turistificacion","status":"publish","type":"post","link":"https:\/\/www.grieta.org.mx\/index.php\/2025\/07\/09\/oaxaca-sera-sede-del-encuentro-nacional-contra-la-gentrificacion-comunidades-indigenas-exigen-alto-a-megaproyectos-y-turistificacion\/","title":{"rendered":"Oaxaca ser\u00e1 sede del Encuentro Nacional Contra la Gentrificaci\u00f3n: comunidades ind\u00edgenas exigen alto a megaproyectos y turistificaci\u00f3n"},"content":{"rendered":"<p>Imagen: Somos El Medio<\/p>\n<h4>Del 16 al 21 de julio, organizaciones ind\u00edgenas y colectivos convocan a seis d\u00edas de trabajo y movilizaci\u00f3n en Oaxaca para frenar la gentrificaci\u00f3n y el despojo territorial. Acusan al gobierno estatal de impulsar el desplazamiento de comunidades y convertir la cultura originaria en mercanc\u00eda tur\u00edstica.<\/h4>\n<p>Mauricio Tizap\u00e1n \/ Somos El Medio<\/p>\n<p data-start=\"257\" data-end=\"545\"><strong data-start=\"257\" data-end=\"295\">Oaxaca Centro, 8 de julio de 2025.<\/strong>\u2013 Despu\u00e9s de las recientes protestas contra la gentrificaci\u00f3n realizadas en la Ciudad de M\u00e9xico, Oaxaca se prepara para albergar el\u00a0<strong data-start=\"427\" data-end=\"474\">Encuentro Nacional Contra la Gentrificaci\u00f3n<\/strong>, que se llevar\u00e1 a cabo del 16 al 21 de julio en la capital del estado.<\/p>\n<p data-start=\"547\" data-end=\"919\">En conferencia de prensa, la\u00a0<strong data-start=\"589\" data-end=\"685\">Asamblea de los Pueblos Ind\u00edgenas del Istmo en Defensa de la Tierra y el Territorio (APIIDT)<\/strong>\u00a0convoc\u00f3 a dicho encuentro, en el que exigieron la\u00a0<strong data-start=\"736\" data-end=\"918\">anulaci\u00f3n inmediata de megaproyectos, la suspensi\u00f3n de licencias para alojamientos tur\u00edsticos y el reconocimiento pleno de los derechos territoriales de las comunidades ind\u00edgenas<\/strong>.<\/p>\n<p data-start=\"547\" data-end=\"919\"><em data-start=\"921\" data-end=\"1025\">\u201cLa gentrificaci\u00f3n y la turistificaci\u00f3n contin\u00faan devastando nuestras ciudades, pueblos y territorios\u201d<\/em>, advirti\u00f3 Mario Quintero, integrante de la APIIDT.<\/p>\n<p data-start=\"1078\" data-end=\"1430\">Durante el anuncio, las y los convocantes denunciaron que el gobierno de Oaxaca ha optado por\u00a0<strong data-start=\"1172\" data-end=\"1283\">deslegitimar las protestas ciudadanas acus\u00e1ndolas de xenofobia o discriminaci\u00f3n hacia personas extranjeras.<\/strong>\u00a0Sin embargo, aclararon que\u00a0<strong data-start=\"1311\" data-end=\"1430\">la verdadera lucha es contra el modelo extractivista que convierte el suelo, la vivienda y la cultura en mercanc\u00eda.<\/strong><\/p>\n<p data-start=\"1432\" data-end=\"1665\"><em data-start=\"1432\" data-end=\"1653\">\u201cEl Estado ha impulsado una nueva forma de despojo: folkloriza las culturas originarias, las convierte en atractivo tur\u00edstico y las vende al mejor postor, mientras las propias comunidades son desplazadas o empobrecidas\u201d<\/em>, se\u00f1alaron.<\/p>\n<p data-start=\"1667\" data-end=\"1962\">El Encuentro Nacional Contra la Gentrificaci\u00f3n contempla\u00a0<strong data-start=\"1724\" data-end=\"1752\">seis d\u00edas de actividades<\/strong>\u00a0que incluyen mesas de trabajo, di\u00e1logos y talleres. El objetivo es\u00a0<strong data-start=\"1820\" data-end=\"1962\">pensar colectivamente, reflexionar y construir formas de organizaci\u00f3n y movilizaci\u00f3n frente a los problemas que afectan a los territorios.<\/strong><\/p>\n<p data-start=\"1964\" data-end=\"2182\"><em data-start=\"1964\" data-end=\"2138\">\u201cEs importante que nos organicemos, pero tambi\u00e9n que nos movilicemos. Por eso vamos a seguir discutiendo c\u00f3mo actuar desde nuestros territorios para enfrentar este despojo\u201d<\/em>, expres\u00f3 una de las activistas convocantes.<\/p>\n<p data-start=\"2184\" data-end=\"2318\">Finalmente, enfatizaron que la protesta en la Ciudad de M\u00e9xico\u00a0<strong data-start=\"2247\" data-end=\"2317\">no es un hecho aislado, sino que forma parte de una lucha nacional<\/strong>.<\/p>\n<p data-start=\"2184\" data-end=\"2318\"><em data-start=\"2320\" data-end=\"2463\">\u201cEl gobierno tiene que buscar alternativas econ\u00f3micas que realmente beneficien a las poblaciones, no solo a los empresarios y a ellos mismos\u201d<\/em>, concluy\u00f3 una persona integrante del colectivo.<\/p>\n<p><a href=\"https:\/\/www.somoselmedio.com\/oaxaca-sera-sede-del-encuentro-nacional-contra-la-gentrificacion\/\">https:\/\/www.somoselmedio.com\/oaxaca-sera-sede-del-encuentro-nacional-contra-la-gentrificacion\/<\/a><\/p>\n","protected":false},"excerpt":{"rendered":"<p>Imagen: Somos El Medio Del 16 al 21 de julio, organizaciones ind\u00edgenas y colectivos convocan a seis d\u00edas de trabajo y movilizaci\u00f3n en Oaxaca para frenar la gentrificaci\u00f3n y el &hellip; <a href=\"https:\/\/www.grieta.org.mx\/index.php\/2025\/07\/09\/oaxaca-sera-sede-del-encuentro-nacional-contra-la-gentrificacion-comunidades-indigenas-exigen-alto-a-megaproyectos-y-turistificacion\/\" class=\"more-link\">Leer m\u00e1s<\/a><\/p>\n","protected":false},"author":2,"featured_media":71991,"comment_status":"closed","ping_status":"closed","sticky":false,"template":"","format":"standard","meta":{"ngg_post_thumbnail":0,"_jetpack_newsletter_access":"","_jetpack_dont_email_post_to_subs":false,"_jetpack_newsletter_tier_id":0,"_jetpack_memberships_contains_paywalled_content":false,"_jetpack_memberships_contains_paid_content":false,"footnotes":""},"categories":[49,80,1358,1605,1278,1,3,2,25,83],"tags":[4172,1065,2311,4136,870,3513,2528,3823,2231],"class_list":["post-71990","post","type-post","status-publish","format-standard","has-post-thumbnail","hentry","category-5-istmo","category-cintillo","category-conflictos-por-megaproyectos-en-oaxaca","category-despojo-de-tierras-en-oaxaca","category-despojo-de-tierras-y-territorios","category-espejos-de-la-resistencia","category-megaproyectos","category-noticias-nacionales","category-oaxaca","category-temas-nacionales","tag-defensa-de-la-tierra-y-el-territorio","tag-despojo-de-agua-y-tierras","tag-despojo-de-tierras","tag-espejo-5","tag-gentrificacion","tag-protestas-contra-megaproyectos","tag-resistencia-contra-megaproyectos","tag-turismo-depredador","tag-violencia-por-megaproyectos","entry"],"jetpack_featured_media_url":"https:\/\/www.grieta.org.mx\/wp-content\/uploads\/2025\/07\/516596731_24031654596494878_8772883915710158805_n.webp","jetpack_sharing_enabled":true,"jetpack_shortlink":"https:\/\/wp.me\/p7ZJR4-iJ8","jetpack_likes_enabled":false,"jetpack-related-posts":[{"id":72174,"url":"https:\/\/www.grieta.org.mx\/index.php\/2025\/08\/11\/pueblos-indigenas-del-istmo-de-tehuantepec-refuerzan-su-lucha-contra-megaproyectos-extractivistas-oaxaca\/","url_meta":{"origin":71990,"position":0},"title":"Pueblos ind\u00edgenas del Istmo de Tehuantepec refuerzan su lucha contra megaproyectos extractivistas (Oaxaca)","author":"grieta","date":"11 agosto, 2025","format":false,"excerpt":"Imagen: Somos el Medio Comunidades chontales, zapotecas e ikoots denunciaron que megaproyectos como el Corredor Interoce\u00e1nico y la miner\u00eda violan sus derechos colectivos mientras anuncian nuevas estrategias de resistencia territorial. Redacci\u00f3n \/ @Somoselmedio Ciudad de M\u00e9xico, 11 de agosto 2025.- Con un llamado urgente a la unidad de los pueblos\u2026","rel":"","context":"En &quot;5. Istmo&quot;","block_context":{"text":"5. Istmo","link":"https:\/\/www.grieta.org.mx\/index.php\/category\/espejos-de-la-resistencia\/5-istmo\/"},"img":{"alt_text":"","src":"https:\/\/i0.wp.com\/www.grieta.org.mx\/wp-content\/uploads\/2025\/08\/529219594_1183510233813309_6588029443724338084_n.webp?resize=350%2C200&ssl=1","width":350,"height":200,"srcset":"https:\/\/i0.wp.com\/www.grieta.org.mx\/wp-content\/uploads\/2025\/08\/529219594_1183510233813309_6588029443724338084_n.webp?resize=350%2C200&ssl=1 1x, https:\/\/i0.wp.com\/www.grieta.org.mx\/wp-content\/uploads\/2025\/08\/529219594_1183510233813309_6588029443724338084_n.webp?resize=525%2C300&ssl=1 1.5x, https:\/\/i0.wp.com\/www.grieta.org.mx\/wp-content\/uploads\/2025\/08\/529219594_1183510233813309_6588029443724338084_n.webp?resize=700%2C400&ssl=1 2x, https:\/\/i0.wp.com\/www.grieta.org.mx\/wp-content\/uploads\/2025\/08\/529219594_1183510233813309_6588029443724338084_n.webp?resize=1050%2C600&ssl=1 3x, https:\/\/i0.wp.com\/www.grieta.org.mx\/wp-content\/uploads\/2025\/08\/529219594_1183510233813309_6588029443724338084_n.webp?resize=1400%2C800&ssl=1 4x"},"classes":[]},{"id":71632,"url":"https:\/\/www.grieta.org.mx\/index.php\/2025\/04\/14\/14-abril-2025-organizaciones-y-comunidades-de-oaxaca-rechazan-megaproyectos-y-privatizacion-de-tierras-en-segundo-foro-por-la-defensa-del-territorio\/","url_meta":{"origin":71990,"position":1},"title":"Organizaciones y comunidades de Oaxaca rechazan megaproyectos y privatizaci\u00f3n de tierras en Segundo Foro por la Defensa del Territorio","author":"grieta","date":"14 abril, 2025","format":false,"excerpt":"Imagen; Somos el Medio En el marco del Segundo Foro en Defensa del Territorio y la Propiedad Social, m\u00e1s de 70 comunidades y 30 organizaciones denunciaron el avance del modelo extractivista, el despojo territorial impulsado por megaproyectos como el Corredor Interoce\u00e1nico y las concesiones mineras, y exigieron respeto a la\u2026","rel":"","context":"En &quot;CINTILLO&quot;","block_context":{"text":"CINTILLO","link":"https:\/\/www.grieta.org.mx\/index.php\/category\/cintillo\/"},"img":{"alt_text":"","src":"https:\/\/i0.wp.com\/www.grieta.org.mx\/wp-content\/uploads\/2025\/05\/490677205_691821156574339_6868708116099037531_n.webp?resize=350%2C200&ssl=1","width":350,"height":200,"srcset":"https:\/\/i0.wp.com\/www.grieta.org.mx\/wp-content\/uploads\/2025\/05\/490677205_691821156574339_6868708116099037531_n.webp?resize=350%2C200&ssl=1 1x, https:\/\/i0.wp.com\/www.grieta.org.mx\/wp-content\/uploads\/2025\/05\/490677205_691821156574339_6868708116099037531_n.webp?resize=525%2C300&ssl=1 1.5x, https:\/\/i0.wp.com\/www.grieta.org.mx\/wp-content\/uploads\/2025\/05\/490677205_691821156574339_6868708116099037531_n.webp?resize=700%2C400&ssl=1 2x, https:\/\/i0.wp.com\/www.grieta.org.mx\/wp-content\/uploads\/2025\/05\/490677205_691821156574339_6868708116099037531_n.webp?resize=1050%2C600&ssl=1 3x"},"classes":[]},{"id":65997,"url":"https:\/\/www.grieta.org.mx\/index.php\/2022\/12\/14\/ven-en-el-interoceanico-proyecto-de-saqueo-y-despojo-apiidtt-15-anos-de-lucha-y-resistencia-por-la-vida-oaxaca\/","url_meta":{"origin":71990,"position":2},"title":"Ven en el Interoce\u00e1nico proyecto de saqueo y despojo, APIIDTT 15 a\u00f1os de lucha y resistencia por la vida (Oaxaca)","author":"grieta","date":"14 diciembre, 2022","format":false,"excerpt":"Imagen: Cortes\u00eda Gerardo Valdivieso Parada \/ NVINoticias SAN BLAS ATEMPA, Oaxaca.- Integrantes de la Asamblea de los Pueblos Ind\u00edgenas del Istmo en Defensa de la Tierra y el Territorio (APIIDTT) conmemoraron 15 a\u00f1os \u201cen este caminar de lucha y resistencia por la defensa de la vida, tierra y territorio\u201d. En\u2026","rel":"","context":"En &quot;5. Istmo&quot;","block_context":{"text":"5. Istmo","link":"https:\/\/www.grieta.org.mx\/index.php\/category\/espejos-de-la-resistencia\/5-istmo\/"},"img":{"alt_text":"","src":"https:\/\/i0.wp.com\/www.grieta.org.mx\/wp-content\/uploads\/2022\/12\/proyecto_interoceanico.webp?resize=350%2C200&ssl=1","width":350,"height":200,"srcset":"https:\/\/i0.wp.com\/www.grieta.org.mx\/wp-content\/uploads\/2022\/12\/proyecto_interoceanico.webp?resize=350%2C200&ssl=1 1x, https:\/\/i0.wp.com\/www.grieta.org.mx\/wp-content\/uploads\/2022\/12\/proyecto_interoceanico.webp?resize=525%2C300&ssl=1 1.5x, https:\/\/i0.wp.com\/www.grieta.org.mx\/wp-content\/uploads\/2022\/12\/proyecto_interoceanico.webp?resize=700%2C400&ssl=1 2x"},"classes":[]},{"id":35945,"url":"https:\/\/www.grieta.org.mx\/index.php\/2019\/07\/05\/expansion-de-megaproyectos-en-la-peninsula-de-yucatan-video\/","url_meta":{"origin":71990,"position":3},"title":"Expansi\u00f3n de Megaproyectos en la Pen\u00ednsula de Yucat\u00e1n (Video)","author":"grieta","date":"5 julio, 2019","format":false,"excerpt":"https:\/\/youtu.be\/qLBARIAaBsI","rel":"","context":"En &quot;Campeche&quot;","block_context":{"text":"Campeche","link":"https:\/\/www.grieta.org.mx\/index.php\/category\/noticias-nacionales\/campeche\/"},"img":{"alt_text":"","src":"https:\/\/i0.wp.com\/img.youtube.com\/vi\/qLBARIAaBsI\/0.jpg?resize=350%2C200","width":350,"height":200},"classes":[]},{"id":67028,"url":"https:\/\/www.grieta.org.mx\/index.php\/2023\/06\/15\/comunidad-indigena-binniza-de-puente-madera-detiene-polo-de-desarrollo-del-corredor-interoceanico-del-istmo-de-tehuantepec\/","url_meta":{"origin":71990,"position":4},"title":"Comunidad ind\u00edgena Binniza de Puente Madera detiene Polo de Desarrollo del Corredor Interoce\u00e1nico del Istmo de Tehuantepec (Oaxaca)","author":"grieta","date":"15 junio, 2023","format":false,"excerpt":"Imagen: P\u00e1gina 3 Pedro Mat\u00edas \/ P\u00e1gina 3 OAXACA, Oax. (pagina3.mx).- La comunidad ind\u00edgena Binniza de Puente Madera logr\u00f3 detener mediante un juicio de amparo el Polo de Desarrollo para el Bienestar en San Blas Atempa que pretende imponer el presidente Andr\u00e9s Manuel L\u00f3pez Obrador como parte del Corredor Interoce\u00e1nico\u2026","rel":"","context":"En &quot;5. Istmo&quot;","block_context":{"text":"5. Istmo","link":"https:\/\/www.grieta.org.mx\/index.php\/category\/espejos-de-la-resistencia\/5-istmo\/"},"img":{"alt_text":"","src":"https:\/\/i0.wp.com\/www.grieta.org.mx\/wp-content\/uploads\/2023\/06\/IMG_4332.webp?resize=350%2C200&ssl=1","width":350,"height":200,"srcset":"https:\/\/i0.wp.com\/www.grieta.org.mx\/wp-content\/uploads\/2023\/06\/IMG_4332.webp?resize=350%2C200&ssl=1 1x, https:\/\/i0.wp.com\/www.grieta.org.mx\/wp-content\/uploads\/2023\/06\/IMG_4332.webp?resize=525%2C300&ssl=1 1.5x"},"classes":[]},{"id":66947,"url":"https:\/\/www.grieta.org.mx\/index.php\/2023\/05\/18\/amenazan-de-muerte-a-dos-defensores-en-oaxaca-por-denunciar-al-cartel-del-despojo\/","url_meta":{"origin":71990,"position":5},"title":"Amenazan de muerte a dos defensores en Oaxaca por denunciar al cartel del despojo","author":"grieta","date":"18 mayo, 2023","format":false,"excerpt":"Imagen: Diana Manzo Dos defensores del territorio en el Istmo de Tehuantepec recibieron amenaza por \u00abel c\u00e1rtel del despojo\u00bb, un grupo que arrebata tierras de uso com\u00fan para, presuntamente, entregarlas a las obras del Corredor Interoce\u00e1nico Diana Manzo \u00cftsmo Express \/ Pie de P\u00e1gina OAXACA. \u2013 Elliot Escobar G\u00f3mez y\u2026","rel":"","context":"En &quot;CINTILLO&quot;","block_context":{"text":"CINTILLO","link":"https:\/\/www.grieta.org.mx\/index.php\/category\/cintillo\/"},"img":{"alt_text":"","src":"https:\/\/i0.wp.com\/www.grieta.org.mx\/wp-content\/uploads\/2023\/05\/defensor_oaxaca_amenazas_Diana_manzo.jpg?resize=350%2C200&ssl=1","width":350,"height":200,"srcset":"https:\/\/i0.wp.com\/www.grieta.org.mx\/wp-content\/uploads\/2023\/05\/defensor_oaxaca_amenazas_Diana_manzo.jpg?resize=350%2C200&ssl=1 1x, https:\/\/i0.wp.com\/www.grieta.org.mx\/wp-content\/uploads\/2023\/05\/defensor_oaxaca_amenazas_Diana_manzo.jpg?resize=525%2C300&ssl=1 1.5x, https:\/\/i0.wp.com\/www.grieta.org.mx\/wp-content\/uploads\/2023\/05\/defensor_oaxaca_amenazas_Diana_manzo.jpg?resize=700%2C400&ssl=1 2x"},"classes":[]}],"_links":{"self":[{"href":"https:\/\/www.grieta.org.mx\/index.php\/wp-json\/wp\/v2\/posts\/71990","targetHints":{"allow":["GET"]}}],"collection":[{"href":"https:\/\/www.grieta.org.mx\/index.php\/wp-json\/wp\/v2\/posts"}],"about":[{"href":"https:\/\/www.grieta.org.mx\/index.php\/wp-json\/wp\/v2\/types\/post"}],"author":[{"embeddable":true,"href":"https:\/\/www.grieta.org.mx\/index.php\/wp-json\/wp\/v2\/users\/2"}],"replies":[{"embeddable":true,"href":"https:\/\/www.grieta.org.mx\/index.php\/wp-json\/wp\/v2\/comments?post=71990"}],"version-history":[{"count":1,"href":"https:\/\/www.grieta.org.mx\/index.php\/wp-json\/wp\/v2\/posts\/71990\/revisions"}],"predecessor-version":[{"id":71992,"href":"https:\/\/www.grieta.org.mx\/index.php\/wp-json\/wp\/v2\/posts\/71990\/revisions\/71992"}],"wp:featuredmedia":[{"embeddable":true,"href":"https:\/\/www.grieta.org.mx\/index.php\/wp-json\/wp\/v2\/media\/71991"}],"wp:attachment":[{"href":"https:\/\/www.grieta.org.mx\/index.php\/wp-json\/wp\/v2\/media?parent=71990"}],"wp:term":[{"taxonomy":"category","embeddable":true,"href":"https:\/\/www.grieta.org.mx\/index.php\/wp-json\/wp\/v2\/categories?post=71990"},{"taxonomy":"post_tag","embeddable":true,"href":"https:\/\/www.grieta.org.mx\/index.php\/wp-json\/wp\/v2\/tags?post=71990"}],"curies":[{"name":"wp","href":"https:\/\/api.w.org\/{rel}","templated":true}]}}