{"id":71983,"date":"2025-06-04T16:51:51","date_gmt":"2025-06-04T22:51:51","guid":{"rendered":"https:\/\/www.grieta.org.mx\/?p=71983"},"modified":"2025-07-09T16:57:44","modified_gmt":"2025-07-09T22:57:44","slug":"se-supone-que-la-fiscalia-es-la-que-me-tiene-que-proteger-madre-buscadora-recibe-amenazas-anonimas-nayarit","status":"publish","type":"post","link":"https:\/\/www.grieta.org.mx\/index.php\/2025\/06\/04\/se-supone-que-la-fiscalia-es-la-que-me-tiene-que-proteger-madre-buscadora-recibe-amenazas-anonimas-nayarit\/","title":{"rendered":"\u201cSe supone que la Fiscal\u00eda es la que me tiene que proteger\u201d: Madre buscadora recibe amenazas an\u00f3nimas (Nayarit)"},"content":{"rendered":"<p>Imagen: Guerreras en Busca de Nuestros Tesoros Nayarit<\/p>\n<p><strong>La madre buscadora y l\u00edder del colectivo \u201cGuerreras en Busca de Nuestros Tesoros Nayarit\u201d, Virginia Garay, denunci\u00f3 haber recibido amenazas v\u00eda mensaje de\u00a0<i>Messenger<\/i>, en el que le advierten que fiscal\u00edas de varios estados del pa\u00eds est\u00e1n colaborando para da\u00f1arla de manera legal. Incluso, haciendo referencia a Santiago Per\u00e9z, ex l\u00edder del colectivo, quien se encuentra en prisi\u00f3n preventiva por presuntos delitos cometidos hace 15 a\u00f1os.\u00a0<\/strong><\/p>\n<p><strong>Ante esto, la madres buscadora denuncia con indignaci\u00f3n: \u201c\u00bfc\u00f3mo es que la autoridad que deber\u00eda cuidarles, es la que est\u00e1 amenazando?\u201d\u00a0<\/strong><\/p>\n<p>Karen Garc\u00eda \/ Zona Docs<\/p>\n<p>Virginia Garay Cazares es madre de\u00a0<b>Bryan Eduardo Arias Garay<\/b>, desaparecido en Tepic, Nayarit, el 6 de febrero de 2018. En la b\u00fasqueda de su hijo, fund\u00f3 el colectivo\u00a0<i>Guerreras en Busca de Nuestros Tesoros Nayarit<\/i>\u00a0debido a que las autoridades la presionaron a crear un colectivo para atender sus demandas.<\/p>\n<p>A siete a\u00f1os de la fundaci\u00f3n del colectivo, Virginia ha recibido amenazas por la b\u00fasqueda de su hijo y el trabajo hecho en el colectivo. Un mensaje v\u00eda Messenger ha sido la amenaza m\u00e1s reciente, en el mensaje que recibi\u00f3 de manera an\u00f3nima, una persona le pregunt\u00f3 que:<strong>\u00a0\u201cSi ella no tem\u00eda por su integridad f\u00edsica por el verdadero da\u00f1o se est\u00e1 haciendo de manera legal por varias fiscal\u00edas de distintos estados de la rep\u00fablica\u201d.<\/strong><\/p>\n<p>En entrevista para\u00a0<em>ZonaDocs<\/em>, Virginia Garay comparte sus sentir tras recibir la amenaza:<\/p>\n<p><strong>\u201cEl mensaje que recib\u00ed por Messenger suena como en tono de burla, donde me dicen que yo estoy cuid\u00e1ndome de agresiones f\u00edsicas y esta agresi\u00f3n que se est\u00e1 fraguando es legal directamente de las fiscal\u00edas. Y que, no es una fiscal\u00eda de aqu\u00ed, del estado de Nayarit, que es una fiscal\u00eda de otro estado\u201d.\u00a0<\/strong><\/p>\n<p>Tanto Virginia como\u00a0<i>Guerreras en Busca de Nuestros Tesoros Nayarit<\/i>\u00a0han apoyado a colectivos de distintas partes del pa\u00eds, de ah\u00ed la sorpresa tras lo dicho de manera an\u00f3nima:<\/p>\n<p>\u201cVaya sorpresa, tu cuid\u00e1ndote de agresiones, pero te llegar\u00e1n de forma legal, igual que a otro de los integrantes de un colectivo, te fincaran problemas legales muy graves para tenerte presa y sin problemas por muchos a\u00f1os, y no ser\u00e1 de Nayarit, lo har\u00e1n desde otro estado. Como ya en varios estados te has metido con autoridades, se unieron con tu estado\u201d, contin\u00faa el mensaje de Messenger que recibi\u00f3 la madre buscadora.<\/p>\n<p>Virginia se\u00f1ala que el mensaje tambi\u00e9n hace referencia a otro compa\u00f1ero del colectivo, Santiago P\u00e9rez, quien est\u00e1 en prisi\u00f3n preventiva desde el 28 de enero de 2021, por presuntos delitos cometidos hace m\u00e1s de 15 a\u00f1os; sin embargo, se\u00f1alan que esto sucedi\u00f3 despu\u00e9s de que el colectivo denunciara desapariciones forzadas por autoridades del Estado; por ello,\u00a0 la fundadora de\u00a0<i>Guerreras en Busca de Nuestros Tesoros Nayarit\u00a0<\/i>\u00a0hace \u00e9nfasis en una parte del mensaje en la que de forma burlesca se le dice:\u00a0<strong>\u201cYa van a ser dos los que van a estar as\u00ed\u201d.\u00a0<\/strong><\/p>\n<p>Si bien, esta no es la primera vez que Virginia es v\u00edctima de amenazas, pues ha recibido mensajes escritos debajo de la puerta de su casa en el que le avisan que le dan tres d\u00edas para que\u00a0<strong>\u201cSe vaya de Nayarit y se deje de chingaderas\u201d;<\/strong>\u00a0adem\u00e1s tambi\u00e9n est\u00e1n los antecedentes de agresiones a sus familiares a quienes les han molestado por saber el paradero de la madre buscadora.<\/p>\n<p>Ante el amenazante mensaje, Virginia acudi\u00f3 al Mecanismo de Protecci\u00f3n para Personas Defensoras de Derechos Humanos y Periodistas,\u00a0<strong>del cual es beneficiaria<\/strong>, adem\u00e1s de hacer difusi\u00f3n entre colectivos y organizaciones para evidenciar el caso y poder proceder legalmente.<\/p>\n<p><strong>\u201cDebo preparame para ver qu\u00e9 es lo que quieren hacer porque sabemos que legalmente encuentran la manera de c\u00f3mo hacerte da\u00f1o\u201d, expres\u00f3 ante las acciones que toman las fiscal\u00edas, ya que en vez de brindar justicia, reparaci\u00f3n y encontrar a las y los desaparecidos, estas instituciones no hacen m\u00e1s que revictimizar e, incluso, agredir a las madres y familias buscadoras, quienes hacen el trabajo que las fiscal\u00edas no.\u00a0<\/strong><\/p>\n<p>Y agrega:<\/p>\n<p><strong>\u201cSi es desesperante. T\u00fa dices, bueno, se supone que la fiscal\u00eda es la que me tiene que proteger y resulta que me tengo que proteger de la fiscal\u00eda. Y esto es algo con lo que hemos batallado todo el tiempo, todas las personas, todas las buscadoras, de tenernos que defender de qui\u00e9n nos tiene que defender a nosotras\u201d, precisa con indignaci\u00f3n Virginia.\u00a0<\/strong><\/p>\n<p>Este tema particularmente le preocupa por lo que se\u00f1ala el mensaje en su parte final:<\/p>\n<p>\u201cSolo te pongo al tanto, soy una de esas fiscal\u00edas. Habemos gente honesta que no nos gusta la mano negra y eso est\u00e1n haciendo contigo. Pronto tendr\u00e1s noticias al respecto. \u00c1nimo, con las autoridades no se juega\u201d.<\/p>\n<p>Sobre ello, Virginia declara que quiere tener certeza y seguridad sobre si es verdad o no lo que se\u00f1ala la persona an\u00f3nima, pues si bien, el mensaje tiene un tono amenazante, a la vez\u00a0<strong>declara que:<\/strong>\u00a0\u201cno est\u00e1 de acuerdo con esas cosas y por eso le advierte lo que le podr\u00eda pasar\u201d.<\/p>\n<p>Finalmente, la l\u00edder de\u00a0<i>Guerreras en Busca de Nuestros Tesoros Nayarit\u00a0<\/i>pide el apoyo de todas las autoridades y la ciudadan\u00eda para poder protegerse.<\/p>\n<p><strong>\u201cSi alguien se entera, si saben algo, que lo comenten para saber c\u00f3mo protegernos, c\u00f3mo luchar, c\u00f3mo trabajar contra todo esto. Pues necesitamos encontrar a nuestros desaparecidos, no puedo dejar de hacerlo y necesito poder seguir trabajando.\u201d, concluye.<\/strong><\/p>\n<p><a href=\"https:\/\/www.zonadocs.mx\/2025\/06\/04\/se-supone-que-la-fiscalia-es-la-que-me-tiene-que-proteger-madre-buscadora-recibe-amenazas-anonimas\/\">https:\/\/www.zonadocs.mx\/2025\/06\/04\/se-supone-que-la-fiscalia-es-la-que-me-tiene-que-proteger-madre-buscadora-recibe-amenazas-anonimas\/<\/a><\/p>\n","protected":false},"excerpt":{"rendered":"<p>Imagen: Guerreras en Busca de Nuestros Tesoros Nayarit La madre buscadora y l\u00edder del colectivo \u201cGuerreras en Busca de Nuestros Tesoros Nayarit\u201d, Virginia Garay, denunci\u00f3 haber recibido amenazas v\u00eda mensaje &hellip; <a href=\"https:\/\/www.grieta.org.mx\/index.php\/2025\/06\/04\/se-supone-que-la-fiscalia-es-la-que-me-tiene-que-proteger-madre-buscadora-recibe-amenazas-anonimas-nayarit\/\" class=\"more-link\">Leer m\u00e1s<\/a><\/p>\n","protected":false},"author":2,"featured_media":71984,"comment_status":"closed","ping_status":"closed","sticky":false,"template":"","format":"standard","meta":{"ngg_post_thumbnail":0,"_jetpack_newsletter_access":"","_jetpack_dont_email_post_to_subs":false,"_jetpack_newsletter_tier_id":0,"_jetpack_memberships_contains_paywalled_content":false,"_jetpack_memberships_contains_paid_content":false,"footnotes":""},"categories":[80,87,2267,23,2,83],"tags":[4005,2860,1828,3018,121,1668,3975],"class_list":["post-71983","post","type-post","status-publish","format-standard","has-post-thumbnail","hentry","category-cintillo","category-desaparecidos","category-desaparecidos-en-nayarit","category-nayarit","category-noticias-nacionales","category-temas-nacionales","tag-agresiones-a-defensores-y-activistas","tag-amenazas-contra-activistas","tag-busqueda-de-desaparecidos","tag-colectivos-de-busqueda-de-desaparecidos","tag-desaparecidos","tag-familiares-de-desaparecidos","tag-madres-de-desaparecidos","entry"],"jetpack_featured_media_url":"https:\/\/www.grieta.org.mx\/wp-content\/uploads\/2025\/07\/492010336_999063782418760_6671211727385826855_n.jpg","jetpack_sharing_enabled":true,"jetpack_shortlink":"https:\/\/wp.me\/p7ZJR4-iJ1","jetpack_likes_enabled":false,"jetpack-related-posts":[{"id":53921,"url":"https:\/\/www.grieta.org.mx\/index.php\/2020\/10\/01\/crecen-los-levantones-nayarit\/","url_meta":{"origin":71983,"position":0},"title":"Crecen los \u201clevantones\u201d (Nayarit)","author":"grieta","date":"1 octubre, 2020","format":false,"excerpt":"Foto: Realidades de Nayarit Colectivos de familiares de desaparecidos se\u00f1alan que en el gobierno de Antonio Echevarr\u00eda Garc\u00eda sigue habiendo muchos \u201clevantones\u201d y no hay avances de parte de la Fiscal\u00eda de Nayarit a cargo de Petronilo D\u00edaz Ponce, para la localizaci\u00f3n de los desaparecidos Ver\u00f3nica Ram\u00edrez \/ Realidades de\u2026","rel":"","context":"En &quot;CINTILLO&quot;","block_context":{"text":"CINTILLO","link":"https:\/\/www.grieta.org.mx\/index.php\/category\/cintillo\/"},"img":{"alt_text":"","src":"https:\/\/i0.wp.com\/www.grieta.org.mx\/wp-content\/uploads\/2020\/10\/marcha-3.jpg?resize=350%2C200&ssl=1","width":350,"height":200,"srcset":"https:\/\/i0.wp.com\/www.grieta.org.mx\/wp-content\/uploads\/2020\/10\/marcha-3.jpg?resize=350%2C200&ssl=1 1x, https:\/\/i0.wp.com\/www.grieta.org.mx\/wp-content\/uploads\/2020\/10\/marcha-3.jpg?resize=525%2C300&ssl=1 1.5x, https:\/\/i0.wp.com\/www.grieta.org.mx\/wp-content\/uploads\/2020\/10\/marcha-3.jpg?resize=700%2C400&ssl=1 2x"},"classes":[]},{"id":67747,"url":"https:\/\/www.grieta.org.mx\/index.php\/2023\/09\/14\/nayarit-colectivos-de-familiares-de-desaparecidos-temen-represalias-tras-liberacion-de-fiscal\/","url_meta":{"origin":71983,"position":1},"title":"Nayarit: Colectivos de familiares de desaparecidos temen represalias tras liberaci\u00f3n de fiscal","author":"grieta","date":"14 septiembre, 2023","format":false,"excerpt":"Imagen: Crys Ben\u00edtez Crys Ben\u00edtez \/ El Occidental TEPIC, Nayarit (OEM-Informex).- A ra\u00edz de que el juez de control ordenara la liberaci\u00f3n de la fiscal de Desaparecidos de la Fiscal\u00eda General del Estado, quien fue detenida el pasado jueves en las instalaciones de la dependencia,\u00a0los colectivos temen represalias\u00a0en su contra.\u2026","rel":"","context":"En &quot;CINTILLO&quot;","block_context":{"text":"CINTILLO","link":"https:\/\/www.grieta.org.mx\/index.php\/category\/cintillo\/"},"img":{"alt_text":"","src":"https:\/\/i0.wp.com\/www.grieta.org.mx\/wp-content\/uploads\/2023\/09\/Foto.-Por-Crys-Benitez.jpeg?resize=350%2C200&ssl=1","width":350,"height":200,"srcset":"https:\/\/i0.wp.com\/www.grieta.org.mx\/wp-content\/uploads\/2023\/09\/Foto.-Por-Crys-Benitez.jpeg?resize=350%2C200&ssl=1 1x, https:\/\/i0.wp.com\/www.grieta.org.mx\/wp-content\/uploads\/2023\/09\/Foto.-Por-Crys-Benitez.jpeg?resize=525%2C300&ssl=1 1.5x, https:\/\/i0.wp.com\/www.grieta.org.mx\/wp-content\/uploads\/2023\/09\/Foto.-Por-Crys-Benitez.jpeg?resize=700%2C400&ssl=1 2x"},"classes":[]},{"id":72004,"url":"https:\/\/www.grieta.org.mx\/index.php\/2025\/06\/11\/dejenme-escarbar-madre-buscadora-de-bahia-exige-al-gobierno-no-mandar-restos-a-fosas-comunes-nayarit\/","url_meta":{"origin":71983,"position":2},"title":"\u201cD\u00e9jenme escarbar\u201d: Madre buscadora de Bah\u00eda exige al gobierno no mandar restos a fosas comunes (Nayarit)","author":"grieta","date":"11 junio, 2025","format":false,"excerpt":"Imagen: Especial Amanda \u00c1lvarez, activista del colectivo Eh\u00e9catl, exige que se respete el derecho de las familias a buscar a sus desaparecidos sin obst\u00e1culos ni omisiones del Estado Isrrael L\u00f3pez \/ Tribuna de la Bah\u00eda La madre buscadora y activista Amanda \u00c1lvarez Ant\u00fanez, representante del Colectivo Eh\u00e9catl en Bah\u00eda de\u2026","rel":"","context":"En &quot;CINTILLO&quot;","block_context":{"text":"CINTILLO","link":"https:\/\/www.grieta.org.mx\/index.php\/category\/cintillo\/"},"img":{"alt_text":"","src":"https:\/\/i0.wp.com\/www.grieta.org.mx\/wp-content\/uploads\/2025\/07\/madres-buscadoras-ezgif.com-jpg-to-webp-converter-905x613-1.webp?resize=350%2C200&ssl=1","width":350,"height":200,"srcset":"https:\/\/i0.wp.com\/www.grieta.org.mx\/wp-content\/uploads\/2025\/07\/madres-buscadoras-ezgif.com-jpg-to-webp-converter-905x613-1.webp?resize=350%2C200&ssl=1 1x, https:\/\/i0.wp.com\/www.grieta.org.mx\/wp-content\/uploads\/2025\/07\/madres-buscadoras-ezgif.com-jpg-to-webp-converter-905x613-1.webp?resize=525%2C300&ssl=1 1.5x, https:\/\/i0.wp.com\/www.grieta.org.mx\/wp-content\/uploads\/2025\/07\/madres-buscadoras-ezgif.com-jpg-to-webp-converter-905x613-1.webp?resize=700%2C400&ssl=1 2x"},"classes":[]},{"id":49316,"url":"https:\/\/www.grieta.org.mx\/index.php\/2020\/05\/10\/este-10-de-mayo-la-busqueda-no-debe-parar-guerreras-en-busca-de-nuestros-tesoros-en-nayarit\/","url_meta":{"origin":71983,"position":3},"title":"Este 10 de mayo \u201cla b\u00fasqueda no debe parar\u201d: guerreras en busca de nuestros tesoros en Nayarit","author":"grieta","date":"10 mayo, 2020","format":false,"excerpt":"Foto: Zona Docs A trav\u00e9s de un comunicado la organizaci\u00f3n de familiares de personas desaparecidas en Nayarit,\u00a0Guerreras en Busca de Nuestros Tesoros A.C.\u00a0anunciaron que en medio de la emergencia sanitaria por COVID-19 y en el marco del 10 de mayo \u201cD\u00eda de las madres\u201d, no dejar\u00e1n de sumar sus voces\u2026","rel":"","context":"En &quot;CINTILLO&quot;","block_context":{"text":"CINTILLO","link":"https:\/\/www.grieta.org.mx\/index.php\/category\/cintillo\/"},"img":{"alt_text":"","src":"https:\/\/i0.wp.com\/www.grieta.org.mx\/wp-content\/uploads\/2020\/05\/photo5026433495781714084-956x640.jpg?resize=350%2C200&ssl=1","width":350,"height":200,"srcset":"https:\/\/i0.wp.com\/www.grieta.org.mx\/wp-content\/uploads\/2020\/05\/photo5026433495781714084-956x640.jpg?resize=350%2C200&ssl=1 1x, https:\/\/i0.wp.com\/www.grieta.org.mx\/wp-content\/uploads\/2020\/05\/photo5026433495781714084-956x640.jpg?resize=525%2C300&ssl=1 1.5x, https:\/\/i0.wp.com\/www.grieta.org.mx\/wp-content\/uploads\/2020\/05\/photo5026433495781714084-956x640.jpg?resize=700%2C400&ssl=1 2x"},"classes":[]},{"id":40340,"url":"https:\/\/www.grieta.org.mx\/index.php\/2019\/09\/28\/no-solo-son-43-nuestras-hijas-e-hijos-desaparecidos-en-nayarit-tambien-nos-faltan\/","url_meta":{"origin":71983,"position":4},"title":"\u201cNo s\u00f3lo son 43, nuestras hijas e hijos desaparecidos en Nayarit tambi\u00e9n nos faltan\u201d","author":"grieta","date":"28 septiembre, 2019","format":false,"excerpt":"Foto: Cortes\u00eda Guerreras en busca de Nuestros Tesoros, Nayarit \u201cYo quise ir a gritar que en Nayarit tambi\u00e9n tenemos desaparecidos, tambi\u00e9n tenemos muchos hijos que buscamos y estamos esperando que tambi\u00e9n nos ayuden a nosotros\u201d expresa la se\u00f1ora Vicky fundadora del grupo Guerreras en busca de nuestros tesoros, Nayarit. A\u2026","rel":"","context":"En &quot;CINTILLO&quot;","block_context":{"text":"CINTILLO","link":"https:\/\/www.grieta.org.mx\/index.php\/category\/cintillo\/"},"img":{"alt_text":"","src":"https:\/\/i0.wp.com\/www.grieta.org.mx\/wp-content\/uploads\/2019\/10\/WhatsApp-Image-2019-09-27-at-7.12.14-PM-1280x640.jpeg?resize=350%2C200&ssl=1","width":350,"height":200,"srcset":"https:\/\/i0.wp.com\/www.grieta.org.mx\/wp-content\/uploads\/2019\/10\/WhatsApp-Image-2019-09-27-at-7.12.14-PM-1280x640.jpeg?resize=350%2C200&ssl=1 1x, https:\/\/i0.wp.com\/www.grieta.org.mx\/wp-content\/uploads\/2019\/10\/WhatsApp-Image-2019-09-27-at-7.12.14-PM-1280x640.jpeg?resize=525%2C300&ssl=1 1.5x, https:\/\/i0.wp.com\/www.grieta.org.mx\/wp-content\/uploads\/2019\/10\/WhatsApp-Image-2019-09-27-at-7.12.14-PM-1280x640.jpeg?resize=700%2C400&ssl=1 2x, https:\/\/i0.wp.com\/www.grieta.org.mx\/wp-content\/uploads\/2019\/10\/WhatsApp-Image-2019-09-27-at-7.12.14-PM-1280x640.jpeg?resize=1050%2C600&ssl=1 3x"},"classes":[]},{"id":72277,"url":"https:\/\/www.grieta.org.mx\/index.php\/2025\/08\/21\/desaparecen-a-los-desaparecidos-nayarit-registra-doble-desaparicion-de-cuerpos\/","url_meta":{"origin":71983,"position":5},"title":"Desaparecen a los desaparecidos, Nayarit registra doble desaparici\u00f3n de cuerpos","author":"grieta","date":"21 agosto, 2025","format":false,"excerpt":"Imagen:\u00a0 Tomada de Pagina de Facebook, Colectivo Familias Unidas por Nayarit Alberto Cardona\/ Meganoticias Mx En M\u00e9xico, el Registro Nacional de Personas Desaparecidas y No Localizadas (RNPDNO) precisa m\u00e1s de 125 mil personas desaparecidas hasta la fecha, seg\u00fan datos de la Secretar\u00eda de Gobernaci\u00f3n, la mayor\u00eda de estas desapariciones, al\u2026","rel":"","context":"En &quot;CINTILLO&quot;","block_context":{"text":"CINTILLO","link":"https:\/\/www.grieta.org.mx\/index.php\/category\/cintillo\/"},"img":{"alt_text":"","src":"https:\/\/i0.wp.com\/www.grieta.org.mx\/wp-content\/uploads\/2025\/08\/482253949_1068616391976670_6560847312181179540_n.jpg?resize=350%2C200&ssl=1","width":350,"height":200,"srcset":"https:\/\/i0.wp.com\/www.grieta.org.mx\/wp-content\/uploads\/2025\/08\/482253949_1068616391976670_6560847312181179540_n.jpg?resize=350%2C200&ssl=1 1x, https:\/\/i0.wp.com\/www.grieta.org.mx\/wp-content\/uploads\/2025\/08\/482253949_1068616391976670_6560847312181179540_n.jpg?resize=525%2C300&ssl=1 1.5x, https:\/\/i0.wp.com\/www.grieta.org.mx\/wp-content\/uploads\/2025\/08\/482253949_1068616391976670_6560847312181179540_n.jpg?resize=700%2C400&ssl=1 2x, https:\/\/i0.wp.com\/www.grieta.org.mx\/wp-content\/uploads\/2025\/08\/482253949_1068616391976670_6560847312181179540_n.jpg?resize=1050%2C600&ssl=1 3x, https:\/\/i0.wp.com\/www.grieta.org.mx\/wp-content\/uploads\/2025\/08\/482253949_1068616391976670_6560847312181179540_n.jpg?resize=1400%2C800&ssl=1 4x"},"classes":[]}],"_links":{"self":[{"href":"https:\/\/www.grieta.org.mx\/index.php\/wp-json\/wp\/v2\/posts\/71983","targetHints":{"allow":["GET"]}}],"collection":[{"href":"https:\/\/www.grieta.org.mx\/index.php\/wp-json\/wp\/v2\/posts"}],"about":[{"href":"https:\/\/www.grieta.org.mx\/index.php\/wp-json\/wp\/v2\/types\/post"}],"author":[{"embeddable":true,"href":"https:\/\/www.grieta.org.mx\/index.php\/wp-json\/wp\/v2\/users\/2"}],"replies":[{"embeddable":true,"href":"https:\/\/www.grieta.org.mx\/index.php\/wp-json\/wp\/v2\/comments?post=71983"}],"version-history":[{"count":1,"href":"https:\/\/www.grieta.org.mx\/index.php\/wp-json\/wp\/v2\/posts\/71983\/revisions"}],"predecessor-version":[{"id":71985,"href":"https:\/\/www.grieta.org.mx\/index.php\/wp-json\/wp\/v2\/posts\/71983\/revisions\/71985"}],"wp:featuredmedia":[{"embeddable":true,"href":"https:\/\/www.grieta.org.mx\/index.php\/wp-json\/wp\/v2\/media\/71984"}],"wp:attachment":[{"href":"https:\/\/www.grieta.org.mx\/index.php\/wp-json\/wp\/v2\/media?parent=71983"}],"wp:term":[{"taxonomy":"category","embeddable":true,"href":"https:\/\/www.grieta.org.mx\/index.php\/wp-json\/wp\/v2\/categories?post=71983"},{"taxonomy":"post_tag","embeddable":true,"href":"https:\/\/www.grieta.org.mx\/index.php\/wp-json\/wp\/v2\/tags?post=71983"}],"curies":[{"name":"wp","href":"https:\/\/api.w.org\/{rel}","templated":true}]}}