{"id":7191,"date":"2015-06-29T11:47:19","date_gmt":"2015-06-29T11:47:19","guid":{"rendered":"http:\/\/50.22.11.12\/~grietaor\/?p=7191"},"modified":"2016-03-29T11:48:23","modified_gmt":"2016-03-29T11:48:23","slug":"medicos-de-guanajuato-advierten-de-paro-laboral-si-no-mejoran-sus-condiciones-laborales","status":"publish","type":"post","link":"https:\/\/www.grieta.org.mx\/index.php\/2015\/06\/29\/medicos-de-guanajuato-advierten-de-paro-laboral-si-no-mejoran-sus-condiciones-laborales\/","title":{"rendered":"M\u00e9dicos de Guanajuato advierten de paro laboral si no mejoran sus condiciones laborales"},"content":{"rendered":"<p>Edith Dominguez,  Irapuato, Gto. <\/p>\n<p>Pasantes de medicina del estado de Guanajuato dieron a conocer que el manual con el que trabajan data de 1992 adem\u00e1s de que no cuenta con una bibliograf\u00eda y \u2018est\u00e1 por encima de la constituci\u00f3n\u2019.<\/p>\n<p>\u201cEste manual es inconstitucional data de 1992, no esta fundamentado absolutamente en nada, est\u00e1 por encima de la Norma Oficial Mexicana, la Constituci\u00f3n, la ley general de salud y ninguno de ellos tiene bibliograf\u00eda o se basa en uno de ellos por tal es anticonstitucional\u201d.<\/p>\n<p>As\u00ed lo expres\u00f3 Miguel Candela, quien tambi\u00e9n es pasante, quien agreg\u00f3 que no quieren pernoctar en las unidades de salud.<\/p>\n<p>\u201cHay autoridades que en ocasiones si llegan a tener hostigamiento laboral, por ejemplo en ocasiones nos dicen \u2018puedes tener problema con tu liberaci\u00f3n de servicio social\u2019 cuando nosotros cumplimos con metas, con dar consulta, con papeleo entre las diversas funciones que cumplimos tambi\u00e9n somos trabajadores sociales, psic\u00f3logos, administradores\u201d.<\/p>\n<p>Esto tiene lugar despu\u00e9s de una reuni\u00f3n privada de m\u00e1s de tres horas, en la cual los pasantes de medicina contin\u00faan pidiendo seguridad en las \u00e1reas en las que se desempe\u00f1an y mantuvieron la consigna de que si no les brindan seguridad se ir\u00e1n a paro laboral.<\/p>\n<p>Alma Vivanco, m\u00e9dico pasante expres\u00f3 que uno de los puntos primordiales que se debe de atender es la seguridad, mejor salario, trato digno y que haya coordinaci\u00f3n entre las ocho jurisdicciones en el estado porque solo la n\u00famero siete trabaja correctamente.<\/p>\n<p>Ante dichas peticiones, Fernanda Regina, quien tambi\u00e9n es alumna de la carrera de medicina, expres\u00f3 que tras la reuni\u00f3n de m\u00e1s de tres horas que sostuvieron con Armando P\u00e9rez Cabrera director de servicios de salud de la Secretar\u00eda, llegaron a cinco compromisos puntuales en los que esperan tener respuesta en 15 d\u00edas.<\/p>\n<p>Uno de los m\u00e1s demandantes es la seguridad en este punto, la Secretaria de Salud entregar\u00e1 el reporte tras las diversas visitas que han realizado a algunas unidades de salud, pero los pasantes piden que las inspecciones se realicen a todas las unidades en el estado.<\/p>\n<p>Los m\u00e9dicos expresaron que esperan una respuesta por escrito de parte de las autoridades ante la problem\u00e1tica y las soluciones que han planteado.<\/p>\n<p>\u201cEsperemos una respuesta pronta no nada m\u00e1s verbal, por escrito, hemos dado oficio al gobernador, a la Secretar\u00eda de Salud, los casos de los expediente de todos los m\u00e9dicos pasantes que han sido atentados contra su integridad f\u00edsica, psicol\u00f3gica, moral, todo, la Secretaria de Salud nos comenta que ha estado trabajando al respecto, hemos visto a las unidades, sin embargo queremos ver todos los oficios que se han mandado a las diferentes secretarias en cuanto a la vigilancia porque est\u00e1n elaborando ya convenios, por eso les dimos 15 d\u00edas h\u00e1biles para que nos entreguen la evidencia correspondiente\u201d, dijo Miguel Candela.<\/p>\n<p>Sin embargo insisten que al terminar los quince d\u00edas si no hay respuesta, sigue vigente la consiga del paro laboral, puesto que \u2018no han estado pidiendo cosas extras, sino que se cumpla con la ley.<\/p>\n<p>\u201cHab\u00edamos entregado un oficio al secretario de salud el cual nos firm\u00f3 de enterado y ah\u00ed expresamos que nos ir\u00edamos a paro laboral estatal en caso de que no se cumplan todas estas peticiones en cuanto a seguridad ya que se cumplan nuestros derechos humanos como pasantes\u201d, expres\u00f3.\u201d<\/p>\n<p>\u201cEstamos trabajando en ello\u201d: SSG<\/p>\n<p>Por su parte Armando P\u00e9rez Cabrera, director general de servicios de salud, asegur\u00f3 que la secretaria est\u00e1 tomando cartas en el asunto, pues dijo las visitas se realizar\u00e1n en todas las unidades de salud para verificar la seguridad de los pasantes.<\/p>\n<p>\u201cEstamos concretando que se realice en todos los municipios las visita a cada una de las unidades por parte de las autoridades de salud para verificar y consolidar la seguridad de cada uno de nuestros m\u00e9dicos pasantes cuya seguridad es importante que la tengan, de hecho ya se est\u00e1n llevando acciones en cada municipio, otros ya est\u00e1n operando\u201d, dijo.<\/p>\n<p>Adem\u00e1s de que en algunos municipios la polic\u00eda municipal har\u00e1 rondines cerca de los centros de salud y en las comunidades se est\u00e1n volviendo a conformar los comit\u00e9s de salud donde la comunidad le brinda la seguridad al pasante.<\/p>\n<p>P\u00e9rez Cabrera neg\u00f3 que les d\u00e9 un trato indigno a los pasantes pues \u201c es su forma de sentir y ver pero nosotros los tratamos con toda la dignidad porque son profesionales de la salud al igual que nosotros y est\u00e1n sirviendo a la comunidad, somos un equipo de alguna forma\u201d.<\/p>\n<p>Sin embargo al cuestionarle sobre los 15 d\u00edas que ten\u00edan para dar una respuesta a los pasantes sobre el principal tema de seguridad, el funcionario estatal dijo que en esa fecha solo hablar\u00e1n por tel\u00e9fono para concertar una cita y actuar en forma paralela.<\/p>\n<p>El servidor p\u00fablico dijo desconocer las quejas que de los estudiantes pero es algo que est\u00e1n investigando.<\/p>\n<p>\u201cNo sabemos, estamos investigando, por eso est\u00e1 yendo la autoridad de salud unidad por unidad para ver, observar que esto sea cierto o no sea cierto no podemos juzgarlos porque tambi\u00e9n otra situaci\u00f3n es que ellos pueden tener una forma de sentimiento que nosotros no vemos o no comprendemos y hay que apoyarles en todo sentido\u201d.<\/p>\n<p>Compromisos<\/p>\n<p>1. Entrega de un reporte de estatus de seguridad realizada en las visitas a los centros de salud.<br \/>\n2. Evidencia de la consulta del reglamento que ser\u00eda el manual del medico pasante a la federaci\u00f3n, nombre y fecha de a quien ir\u00eda dirigido, calidad y ense\u00f1anza de la Secretar\u00eda de Salud Federal.<br \/>\n3. En quince d\u00edas naturales confirmamos la cita v\u00eda telef\u00f3nica.<br \/>\n4. Atenci\u00f3n a la jurisdicci\u00f3n sanitaria 1 y 3 en cuanto amenazas a m\u00e9dicos pasantes, ya se dio la indicaci\u00f3n verbal en la reuni\u00f3n del 13 y 18 de julio.<br \/>\n5. Trabajo en coordinaci\u00f3n con personal administrativo de Caises y Jurisdicci\u00f3n Sanitaria para la entrega de informes, actividad administrativa que consume tiempo importante que se dedicar\u00eda a la atenci\u00f3n de los pacientes.<\/p>\n<p><a href=\"http:\/\/zonafranca.mx\/pasantes-de-medicina-trabajan-con-manual-obsoleto-es-anticonstitucional-y-data-de-1992-senalan\/\" target=\"_blank\">zonafranca.mx\/pasantes-de-medicina-trabajan-con-manual-obsoleto-es-anticonstitucional-y-data-de-1992-senalan\/<\/a><\/p>\n","protected":false},"excerpt":{"rendered":"<p>Edith Dominguez, Irapuato, Gto. Pasantes de medicina del estado de Guanajuato dieron a conocer que el manual con el que trabajan data de 1992 adem\u00e1s de que no cuenta con &hellip; <a href=\"https:\/\/www.grieta.org.mx\/index.php\/2015\/06\/29\/medicos-de-guanajuato-advierten-de-paro-laboral-si-no-mejoran-sus-condiciones-laborales\/\" class=\"more-link\">Leer m\u00e1s<\/a><\/p>\n","protected":false},"author":2,"featured_media":21928,"comment_status":"closed","ping_status":"open","sticky":false,"template":"","format":"standard","meta":{"ngg_post_thumbnail":0,"_jetpack_newsletter_access":"","_jetpack_dont_email_post_to_subs":false,"_jetpack_newsletter_tier_id":0,"_jetpack_memberships_contains_paywalled_content":false,"_jetpack_memberships_contains_paid_content":false,"footnotes":""},"categories":[80],"tags":[],"class_list":["post-7191","post","type-post","status-publish","format-standard","has-post-thumbnail","hentry","category-cintillo","entry"],"jetpack_featured_media_url":"https:\/\/www.grieta.org.mx\/wp-content\/uploads\/2018\/03\/14524434_1106112876131411_958039263622046936_o.jpg","jetpack_sharing_enabled":true,"jetpack_shortlink":"https:\/\/wp.me\/p7ZJR4-1RZ","jetpack_likes_enabled":false,"jetpack-related-posts":[{"id":40675,"url":"https:\/\/www.grieta.org.mx\/index.php\/2019\/10\/23\/medicos-de-hospital-en-guanajuato-denuncian-maltrato\/","url_meta":{"origin":7191,"position":0},"title":"M\u00e9dicos de hospital en Guanajuato denuncian maltrato","author":"grieta","date":"23 octubre, 2019","format":false,"excerpt":"Piden que sea revisado el actuar de responsables de esta cl\u00ednica La Prensa | Vox Populi, 23 de octubre de 2019. Ante el silencio de autoridades del Instituto Mexicano del Seguro Social (IMSS) a las denuncias de acoso sexual y laboral de que son v\u00edctimas, m\u00e9dicos residentes del servicio de\u2026","rel":"","context":"En &quot;CINTILLO&quot;","block_context":{"text":"CINTILLO","link":"https:\/\/www.grieta.org.mx\/index.php\/category\/cintillo\/"},"img":{"alt_text":"","src":"https:\/\/i0.wp.com\/www.grieta.org.mx\/wp-content\/uploads\/2019\/10\/ClinicaLeon.png?resize=350%2C200&ssl=1","width":350,"height":200,"srcset":"https:\/\/i0.wp.com\/www.grieta.org.mx\/wp-content\/uploads\/2019\/10\/ClinicaLeon.png?resize=350%2C200&ssl=1 1x, https:\/\/i0.wp.com\/www.grieta.org.mx\/wp-content\/uploads\/2019\/10\/ClinicaLeon.png?resize=525%2C300&ssl=1 1.5x, https:\/\/i0.wp.com\/www.grieta.org.mx\/wp-content\/uploads\/2019\/10\/ClinicaLeon.png?resize=700%2C400&ssl=1 2x"},"classes":[]},{"id":14979,"url":"https:\/\/www.grieta.org.mx\/index.php\/2016\/06\/22\/medicos-protestan-en-leon-guanajuato\/","url_meta":{"origin":7191,"position":1},"title":"M\u00e9dicos protestan en Le\u00f3n, Guanajuato","author":"grieta","date":"22 junio, 2016","format":false,"excerpt":"LE\u00d3N, Gto. (SUN).- Un grupo de m\u00e9dicos de diversos hospitales del sector salud se manifest\u00f3 esta ma\u00f1ana en el Arco de la Calzada de esta ciudad, como parte del paro y protestas que a nivel nacional realiza el movimiento \u201c#YosoyM\u00e9dico17\u201d. De bata blanca y con un mo\u00f1o en colores rojo\u2026","rel":"","context":"En &quot;CINTILLO&quot;","block_context":{"text":"CINTILLO","link":"https:\/\/www.grieta.org.mx\/index.php\/category\/cintillo\/"},"img":{"alt_text":"","src":"https:\/\/i0.wp.com\/www.grieta.org.mx\/wp-content\/uploads\/2018\/03\/14524434_1106112876131411_958039263622046936_o.jpg?resize=350%2C200&ssl=1","width":350,"height":200,"srcset":"https:\/\/i0.wp.com\/www.grieta.org.mx\/wp-content\/uploads\/2018\/03\/14524434_1106112876131411_958039263622046936_o.jpg?resize=350%2C200&ssl=1 1x, https:\/\/i0.wp.com\/www.grieta.org.mx\/wp-content\/uploads\/2018\/03\/14524434_1106112876131411_958039263622046936_o.jpg?resize=525%2C300&ssl=1 1.5x, https:\/\/i0.wp.com\/www.grieta.org.mx\/wp-content\/uploads\/2018\/03\/14524434_1106112876131411_958039263622046936_o.jpg?resize=700%2C400&ssl=1 2x"},"classes":[]},{"id":52005,"url":"https:\/\/www.grieta.org.mx\/index.php\/2020\/07\/22\/hace-crisis-falta-de-prestaciones-laborales-a-trabajadores-de-la-salud-en-guanajuato-rechazan-propaganda-oficial\/","url_meta":{"origin":7191,"position":2},"title":"Hace crisis falta de prestaciones laborales a trabajadores de la salud en Guanajuato; rechazan propaganda oficial","author":"grieta","date":"22 julio, 2020","format":false,"excerpt":"Comunidad de profesionales sanitarios cuestiona condiciones laborales \"competitivas\" del Instituto de Salud P\u00fablica de Guanajuato PopLab \/ 22 de julio de 2020 Al tiempo que la entidad se colocaba en el 2\u00b0 lugar de contagios activos por COVID-19, el personal de salud organiz\u00f3 una manifestaci\u00f3n masiva en redes sociales contra\u2026","rel":"","context":"En &quot;CINTILLO&quot;","block_context":{"text":"CINTILLO","link":"https:\/\/www.grieta.org.mx\/index.php\/category\/cintillo\/"},"img":{"alt_text":"","src":"https:\/\/i0.wp.com\/www.grieta.org.mx\/wp-content\/uploads\/2020\/07\/03-1-scaled.jpg?resize=350%2C200&ssl=1","width":350,"height":200,"srcset":"https:\/\/i0.wp.com\/www.grieta.org.mx\/wp-content\/uploads\/2020\/07\/03-1-scaled.jpg?resize=350%2C200&ssl=1 1x, https:\/\/i0.wp.com\/www.grieta.org.mx\/wp-content\/uploads\/2020\/07\/03-1-scaled.jpg?resize=525%2C300&ssl=1 1.5x, https:\/\/i0.wp.com\/www.grieta.org.mx\/wp-content\/uploads\/2020\/07\/03-1-scaled.jpg?resize=700%2C400&ssl=1 2x, https:\/\/i0.wp.com\/www.grieta.org.mx\/wp-content\/uploads\/2020\/07\/03-1-scaled.jpg?resize=1050%2C600&ssl=1 3x, https:\/\/i0.wp.com\/www.grieta.org.mx\/wp-content\/uploads\/2020\/07\/03-1-scaled.jpg?resize=1400%2C800&ssl=1 4x"},"classes":[]},{"id":37466,"url":"https:\/\/www.grieta.org.mx\/index.php\/2019\/08\/01\/tambien-pasantes-de-medicina-de-guanajuato-se-unen-a-paro-nacional\/","url_meta":{"origin":7191,"position":3},"title":"Tambi\u00e9n pasantes de Medicina de Guanajuato se unen a paro nacional","author":"grieta","date":"1 agosto, 2019","format":false,"excerpt":"Reclaman 200 pasantes condiciones dignas; piden que las becas sean proporcionales a la carga de trabajo que tienen, y mayor seguridad. Por: Redacci\u00f3n AM Le\u00f3n Guanajuato 01 de Agosto de 2019 Le\u00f3n.- Decenas de estudiantes y pasantes de medicina del estado de Guanajuato, se manifestaron en las calles de Le\u00f3n,\u2026","rel":"","context":"En &quot;CINTILLO&quot;","block_context":{"text":"CINTILLO","link":"https:\/\/www.grieta.org.mx\/index.php\/category\/cintillo\/"},"img":{"alt_text":"","src":"https:\/\/i0.wp.com\/www.grieta.org.mx\/wp-content\/uploads\/2019\/08\/leon-protesta-estudiantes-pasantes-medicina.png?resize=350%2C200&ssl=1","width":350,"height":200,"srcset":"https:\/\/i0.wp.com\/www.grieta.org.mx\/wp-content\/uploads\/2019\/08\/leon-protesta-estudiantes-pasantes-medicina.png?resize=350%2C200&ssl=1 1x, https:\/\/i0.wp.com\/www.grieta.org.mx\/wp-content\/uploads\/2019\/08\/leon-protesta-estudiantes-pasantes-medicina.png?resize=525%2C300&ssl=1 1.5x, https:\/\/i0.wp.com\/www.grieta.org.mx\/wp-content\/uploads\/2019\/08\/leon-protesta-estudiantes-pasantes-medicina.png?resize=700%2C400&ssl=1 2x"},"classes":[]},{"id":40367,"url":"https:\/\/www.grieta.org.mx\/index.php\/2019\/10\/18\/se-estanca-imss-ante-necesidades-en-guanajuato\/","url_meta":{"origin":7191,"position":4},"title":"Se estanca IMSS ante necesidades en Guanajuato","author":"grieta","date":"18 octubre, 2019","format":false,"excerpt":"Este d\u00e9ficit de infraestructura que presenta el instituto ha provocado que empleados tengan que lidiar con una carga de trabajo Ignacio Ram\u00edrez @nachomxn \/noticias vespertinas, 18 de octubre de 2019 La infraestructura con la que cuenta el Instituto Mexicano del Seguro Social no ha crecido a la par con el\u2026","rel":"","context":"En &quot;CINTILLO&quot;","block_context":{"text":"CINTILLO","link":"https:\/\/www.grieta.org.mx\/index.php\/category\/cintillo\/"},"img":{"alt_text":"","src":"https:\/\/i0.wp.com\/www.grieta.org.mx\/wp-content\/uploads\/2019\/10\/SINDICATO-4.jpg?resize=350%2C200&ssl=1","width":350,"height":200,"srcset":"https:\/\/i0.wp.com\/www.grieta.org.mx\/wp-content\/uploads\/2019\/10\/SINDICATO-4.jpg?resize=350%2C200&ssl=1 1x, https:\/\/i0.wp.com\/www.grieta.org.mx\/wp-content\/uploads\/2019\/10\/SINDICATO-4.jpg?resize=525%2C300&ssl=1 1.5x, https:\/\/i0.wp.com\/www.grieta.org.mx\/wp-content\/uploads\/2019\/10\/SINDICATO-4.jpg?resize=700%2C400&ssl=1 2x"},"classes":[]},{"id":15477,"url":"https:\/\/www.grieta.org.mx\/index.php\/2016\/06\/22\/movilizaciones-del-sector-salud-en-guanajuato\/","url_meta":{"origin":7191,"position":5},"title":"Movilizaciones del sector salud en Guanajuato","author":"grieta","date":"22 junio, 2016","format":false,"excerpt":"22\/06\/2016. M\u00e9dicos protestan en Le\u00f3n, Guanajuato Diario de Yucat\u00e1n 01\/08\/2015. Protestan en Guanajuato contra privatizaci\u00f3n de la saludAM 28\/07\/2015. M\u00e9dicos de Guanajuato advierten de paro laboral si no mejoran sus condiciones laboralesZona Franca 23\/06\/2015. Exigen m\u00e9dicos mayor seguridadAM 23\/06\/2015. Exigen estudiantes de medicina seguridad y mejores condiciones laboralesZona Franca","rel":"","context":"En &quot;Guanajuato&quot;","block_context":{"text":"Guanajuato","link":"https:\/\/www.grieta.org.mx\/index.php\/category\/noticias-nacionales\/guanajuato\/"},"img":{"alt_text":"","src":"https:\/\/i0.wp.com\/www.grieta.org.mx\/wp-content\/uploads\/2018\/03\/14524434_1106112876131411_958039263622046936_o.jpg?resize=350%2C200&ssl=1","width":350,"height":200,"srcset":"https:\/\/i0.wp.com\/www.grieta.org.mx\/wp-content\/uploads\/2018\/03\/14524434_1106112876131411_958039263622046936_o.jpg?resize=350%2C200&ssl=1 1x, https:\/\/i0.wp.com\/www.grieta.org.mx\/wp-content\/uploads\/2018\/03\/14524434_1106112876131411_958039263622046936_o.jpg?resize=525%2C300&ssl=1 1.5x, https:\/\/i0.wp.com\/www.grieta.org.mx\/wp-content\/uploads\/2018\/03\/14524434_1106112876131411_958039263622046936_o.jpg?resize=700%2C400&ssl=1 2x"},"classes":[]}],"_links":{"self":[{"href":"https:\/\/www.grieta.org.mx\/index.php\/wp-json\/wp\/v2\/posts\/7191","targetHints":{"allow":["GET"]}}],"collection":[{"href":"https:\/\/www.grieta.org.mx\/index.php\/wp-json\/wp\/v2\/posts"}],"about":[{"href":"https:\/\/www.grieta.org.mx\/index.php\/wp-json\/wp\/v2\/types\/post"}],"author":[{"embeddable":true,"href":"https:\/\/www.grieta.org.mx\/index.php\/wp-json\/wp\/v2\/users\/2"}],"replies":[{"embeddable":true,"href":"https:\/\/www.grieta.org.mx\/index.php\/wp-json\/wp\/v2\/comments?post=7191"}],"version-history":[{"count":1,"href":"https:\/\/www.grieta.org.mx\/index.php\/wp-json\/wp\/v2\/posts\/7191\/revisions"}],"predecessor-version":[{"id":7193,"href":"https:\/\/www.grieta.org.mx\/index.php\/wp-json\/wp\/v2\/posts\/7191\/revisions\/7193"}],"wp:featuredmedia":[{"embeddable":true,"href":"https:\/\/www.grieta.org.mx\/index.php\/wp-json\/wp\/v2\/media\/21928"}],"wp:attachment":[{"href":"https:\/\/www.grieta.org.mx\/index.php\/wp-json\/wp\/v2\/media?parent=7191"}],"wp:term":[{"taxonomy":"category","embeddable":true,"href":"https:\/\/www.grieta.org.mx\/index.php\/wp-json\/wp\/v2\/categories?post=7191"},{"taxonomy":"post_tag","embeddable":true,"href":"https:\/\/www.grieta.org.mx\/index.php\/wp-json\/wp\/v2\/tags?post=7191"}],"curies":[{"name":"wp","href":"https:\/\/api.w.org\/{rel}","templated":true}]}}