{"id":71829,"date":"2025-06-10T12:38:59","date_gmt":"2025-06-10T18:38:59","guid":{"rendered":"https:\/\/www.grieta.org.mx\/?p=71829"},"modified":"2025-06-10T12:38:59","modified_gmt":"2025-06-10T18:38:59","slug":"como-mujeres-que-somos-mujeres-indigenas-zapatistas","status":"publish","type":"post","link":"https:\/\/www.grieta.org.mx\/index.php\/2025\/06\/10\/como-mujeres-que-somos-mujeres-indigenas-zapatistas\/","title":{"rendered":"COMO MUJERES QUE SOMOS. Mujeres Ind\u00edgenas Zapatistas."},"content":{"rendered":"<p><strong>COMO MUJERES QUE SOMOS.<br \/>\n<\/strong><strong>Mujeres Ind\u00edgenas Zapatistas.<\/strong><\/p>\n<div><iframe title=\"COMO MUJERES QUE SOMOS. Mujeres Ind\u00edgenas Zapatistas\" src=\"https:\/\/player.vimeo.com\/video\/1092214293?h=aa2a9f05a7&amp;badge=0&amp;autopause=0&amp;player_id=0&amp;app_id=58479\" frameborder=\"0\" data-ready=\"true\" data-mce-fragment=\"1\"><\/iframe><\/div>\n<p>Im\u00e1genes de Terci@s Compas Zapatistas<\/p>\n<p>A las maestras ind\u00edgenas de la CNTE.<\/p>\n<p>En al audio de este video, se escucha una poes\u00eda que, en lengua materna de ra\u00edz maya, se present\u00f3 en el encuentro de arte \u201cRebelArte y RevelArte\u201d, en abril del 2025.\u00a0 La poes\u00eda que presentaron las 3 <em>j\u00f3venas<\/em> zapatistas del Caracol Jacinto Canek se llama \u201cSoy Mujer\u201d o \u201cSoy Mujer Ind\u00edgena\u201d, y se hizo con un trabajo previo de investigaci\u00f3n de lo que se platica en los grupos de como mujeres que somos en esa zona.\u00a0 El poema es de las promotoras de educaci\u00f3n de esa zona que, en com\u00fan, sacaron la idea.\u00a0 Hablaron, pero sobre todo escucharon a mujeres ya de edad (de juicio, como decimos ac\u00e1), sus abuelas y bisabuelas; hablaron con sus madres y hermanas mayores; y se miraron en el espejo de su ser mujeres j\u00f3venes zapatistas hoy d\u00eda.\u00a0 Luego buscaron quien presenta y esas jovencitas le entraron.\u00a0 En el video se muestran im\u00e1genes de los cursos de Herbolaria, Parteras, Hueseras y Salud General, as\u00ed como los avances en la construcci\u00f3n del Quir\u00f3fano y taller de bicis, con la participaci\u00f3n de compa\u00f1eras mujeres zapatistas.<\/p>\n<p><strong><em>-*-<\/em><\/strong><\/p>\n<p>En la traducci\u00f3n de las compas de ese puy ser\u00eda, m\u00e1s o menos, as\u00ed:<\/p>\n<p>\u201cSoy una mujer ind\u00edgena \/ topando con problemas \/ en mi mirada se mira el brillo de la tristeza \/ en cada paso que doy queda una huella, una marca \/ de las heridas que me han- hecho, que me ha lastimado \/el hombre y el capitalismo.\u00a0 No es como ser mujer rica \/ sino que es diferente \/ las ricas tambi\u00e9n me miran mal \/ igual los hombres.\u00a0 Me vest\u00ed como ellos quer\u00edan \/ para olvidar que soy mujer que soy \/ el ojo del hombre \/ me convirti\u00f3 en una cosa \/ que no valgo \/ que soy menos \/ que soy d\u00e9bil, sin fuerza \/ para as\u00ed ser muy infeliz \/ as\u00ed aprend\u00ed que la vida es una mierda \/ el sufrimiento me llev\u00f3 a odiar mi cuerpo \/ a odiar lo que soy \/ a olvidar que soy bella, hermosa \/ eso entr\u00f3 en mi cabeza.\u00a0 La palabra zapatista se hizo \/ como mi mejor amiga \/ o mi salvaci\u00f3n \/ hoy es mi comienzo \/ porque aprend\u00ed \/ a quererme como soy \/ y a querer mi ser mujer \/ aprend\u00ed que no nac\u00ed \/ para servir ni agradar al hombre \/ ni a obedecer a alguien \/ sino que nac\u00ed para quererme y amarme \/ como mujer que soy \/ y no ser\u00e9 feliz hasta que me dejen de explotar.\u00a0 Hoy festejo por ser mujer que soy \/ por mi valent\u00eda \/ por mi fuerza \/ porque he entendido que soy mujer cabal.\u00a0 Ahora en adelante ser\u00e9 mujer \/ con paso firme \/ decidida a luchar por la vida.\u00a0 Mi coraz\u00f3n valiente \/ late con fuerza de ser libre \/ mi coraz\u00f3n, coraje y fortaleza \/ me ayudar\u00e1 a ser libre \/ con la mariposa \/ seguir\u00e1 adelante \/ con mi esp\u00edritu de lucha.\u201d<\/p>\n<p>Pero cada o\u00eddo femenino, otra poes\u00eda.<\/p>\n<p>Otras compa\u00f1eras de lengua tzeltal, pero de otras zonas (el tzeltal var\u00eda de una zona a otra) explican: \u201clo que dice <strong><em>la poema<\/em><\/strong> es que ella estaba triste, que no pasa el d\u00eda, que los ricos la desprecian por ser mujer y tambi\u00e9n las mujeres ricas la tratan como que es una cosa, no una persona. O sea que no es lo mismo ser mujer rica que ser mujer pobre.\u00a0 Y no es lo mismo ser mujer de la ciudad, que ser mujer ind\u00edgena.\u00a0 Igual los hombres en su pueblo de lo que decimos machista.<\/p>\n<p>Entonces, como pura tristeza, ella aprendi\u00f3 a odiarse ella misma, as\u00ed lleg\u00f3 en su cabeza, que odia su propio cuerpo y hasta se olvid\u00f3 que es bonita.\u00a0 Y entonces lleg\u00f3 la lucha y ah\u00ed aprendi\u00f3 que no queda otra m\u00e1s que luchar y ahora pues ya aprende otras cosas y de trabajos.\u00a0 Y est\u00e1 contento su coraz\u00f3n de que s\u00ed vale, y que s\u00ed es bonita y que tiene fuerza y valent\u00eda, y por eso tiene valor como mujer.\u00a0 Yo creo que <strong><em>esa poema<\/em><\/strong> la hizo una compa\u00f1era. \u00a0Una zapatista pues\u201d.<\/p>\n<p>Tal vez no muy se mira, pero cuando terminan su participaci\u00f3n con el \u201c\u00a1Vivan las mujeres!\u201d, tambi\u00e9n gritan, gritamos, \u201c\u00a1Vivan las mujeres Palestinas!\u201d.<\/p>\n<p>Por ahora es toda nuestra palabra y nuestra imagen como mujeres que somos.<\/p>\n<p>Desde las monta\u00f1as del Sureste Mexicano.<\/p>\n<p>Mujeres ind\u00edgenas zapatistas.<br \/>\nJunio del 2025.<\/p>\n<p>&nbsp;<\/p>\n<p><a href=\"https:\/\/enlacezapatista.ezln.org.mx\/2025\/06\/10\/como-mujeres-que-somos-mujeres-indigenas-zapatistas\/\" target=\"_blank\">https:\/\/enlacezapatista.ezln.org.mx\/2025\/06\/10\/como-mujeres-que-somos-mujeres-indigenas-zapatistas\/<\/a><\/p>\n","protected":false},"excerpt":{"rendered":"<p>COMO MUJERES QUE SOMOS. Mujeres Ind\u00edgenas Zapatistas. Im\u00e1genes de Terci@s Compas Zapatistas A las maestras ind\u00edgenas de la CNTE. En al audio de este video, se escucha una poes\u00eda que, &hellip; <a href=\"https:\/\/www.grieta.org.mx\/index.php\/2025\/06\/10\/como-mujeres-que-somos-mujeres-indigenas-zapatistas\/\" class=\"more-link\">Leer m\u00e1s<\/a><\/p>\n","protected":false},"author":2,"featured_media":71830,"comment_status":"closed","ping_status":"closed","sticky":false,"template":"","format":"standard","meta":{"ngg_post_thumbnail":0,"_jetpack_newsletter_access":"","_jetpack_dont_email_post_to_subs":false,"_jetpack_newsletter_tier_id":0,"_jetpack_memberships_contains_paywalled_content":false,"_jetpack_memberships_contains_paid_content":false,"footnotes":""},"categories":[80,74,907,2,78],"tags":[2839,466],"class_list":["post-71829","post","type-post","status-publish","format-standard","has-post-thumbnail","hentry","category-cintillo","category-ezln","category-ezln-2","category-noticias-nacionales","category-palabras-del-ezln","tag-comunicados-ezln","tag-ezln","entry"],"jetpack_featured_media_url":"https:\/\/www.grieta.org.mx\/wp-content\/uploads\/2025\/06\/CINMUJERES.jpg","jetpack_sharing_enabled":true,"jetpack_shortlink":"https:\/\/wp.me\/p7ZJR4-iGx","jetpack_likes_enabled":false,"jetpack-related-posts":[{"id":3720,"url":"https:\/\/www.grieta.org.mx\/index.php\/2015\/07\/13\/indice-volumen-uno-participaciones-de-la-comision-sexta-del-ezln-en-el-seminario-el-pensamiento-critico-frente-a-la-hidra-capitalista\/","url_meta":{"origin":71829,"position":0},"title":"\u00cdNDICE volumen Uno (participaciones de la Comisi\u00f3n Sexta del EZLN en el Seminario \u201cEl Pensamiento Cr\u00edtico frente a la Hidra Capitalista\u201d)","author":"grieta","date":"13 julio, 2015","format":false,"excerpt":"\u00cdNDICE volumen Uno (participaciones de la Comisi\u00f3n Sexta del EZLN en el Seminario \u201cEl Pensamiento Cr\u00edtico frente a la Hidra Capitalista\u201d) .- Pr\u00f3logo: De c\u00f3mo llegamos a la Cofa del Vig\u00eda y lo que desde ah\u00ed miramos. SupGaleano. I.- Nuestra mirada hacia dentro. Algunas pistas: .- La Tormenta, el Centinela\u2026","rel":"","context":"En &quot;Comunicados&quot;","block_context":{"text":"Comunicados","link":"https:\/\/www.grieta.org.mx\/index.php\/category\/ezln-2\/ezln\/"},"img":{"alt_text":"","src":"https:\/\/i0.wp.com\/www.grieta.org.mx\/wp-content\/uploads\/2018\/03\/14524434_1106112876131411_958039263622046936_o.jpg?resize=350%2C200&ssl=1","width":350,"height":200,"srcset":"https:\/\/i0.wp.com\/www.grieta.org.mx\/wp-content\/uploads\/2018\/03\/14524434_1106112876131411_958039263622046936_o.jpg?resize=350%2C200&ssl=1 1x, https:\/\/i0.wp.com\/www.grieta.org.mx\/wp-content\/uploads\/2018\/03\/14524434_1106112876131411_958039263622046936_o.jpg?resize=525%2C300&ssl=1 1.5x, https:\/\/i0.wp.com\/www.grieta.org.mx\/wp-content\/uploads\/2018\/03\/14524434_1106112876131411_958039263622046936_o.jpg?resize=700%2C400&ssl=1 2x"},"classes":[]},{"id":57325,"url":"https:\/\/www.grieta.org.mx\/index.php\/2021\/03\/08\/las-que-no-estan\/","url_meta":{"origin":71829,"position":1},"title":"LAS QUE NO EST\u00c1N.","author":"Admin","date":"8 marzo, 2021","format":false,"excerpt":"LAS QUE NO EST\u00c1N. SUS HISTORIAS. SUS ALEGR\u00cdAS Y SUS TRISTEZAS. SUS DOLORES Y SUS RABIAS. SUS OLVIDOS Y SUS MEMORIAS. SUS RISAS Y SUS L\u00c1GRIMAS. SUS PRESENCIAS Y SUS AUSENCIAS. SUS CORAZONES. SUS ESPERANZAS. SU DIGNIDAD. SUS CALENDARIOS. LOS QUE CUMPLIERON. LOS QUE LES QUEDARON Y LES QUEDAMOS A\u2026","rel":"","context":"En &quot;CINTILLO&quot;","block_context":{"text":"CINTILLO","link":"https:\/\/www.grieta.org.mx\/index.php\/category\/cintillo\/"},"img":{"alt_text":"","src":"https:\/\/i0.wp.com\/www.grieta.org.mx\/wp-content\/uploads\/2020\/11\/21841-ezln-ejercito-zapatista_400px.jpg?resize=350%2C200&ssl=1","width":350,"height":200},"classes":[]},{"id":70771,"url":"https:\/\/www.grieta.org.mx\/index.php\/2024\/12\/29\/mesa-rebeldia-y-resistencia-zapatistas-parte-ii-mujeres-sabado-29-de-diciembre-del-2024\/","url_meta":{"origin":71829,"position":2},"title":"Mesa Rebeld\u00eda y Resistencia Zapatistas. Parte II Mujeres S\u00e1bado 29 de diciembre del 2024","author":"grieta","date":"29 diciembre, 2024","format":false,"excerpt":"Mesa Rebeld\u00eda y Resistencia Zapatistas. Parte II Mujeres S\u00e1bado 29 de diciembre del 2024 \u00a0 https:\/\/enlacezapatista.ezln.org.mx\/2024\/12\/27\/transmision-en-vivo-de-las-mesas-de-la-primera-sesion-de-los-encuentros-de-resistencia-y-rebeldia\/ \u00a0","rel":"","context":"En &quot;CINTILLO&quot;","block_context":{"text":"CINTILLO","link":"https:\/\/www.grieta.org.mx\/index.php\/category\/cintillo\/"},"img":{"alt_text":"","src":"https:\/\/i0.wp.com\/www.grieta.org.mx\/wp-content\/uploads\/2024\/12\/Screenshot-2024-12-27-at-22-58-54-Enlace-Zapatista.png?resize=350%2C200&ssl=1","width":350,"height":200,"srcset":"https:\/\/i0.wp.com\/www.grieta.org.mx\/wp-content\/uploads\/2024\/12\/Screenshot-2024-12-27-at-22-58-54-Enlace-Zapatista.png?resize=350%2C200&ssl=1 1x, https:\/\/i0.wp.com\/www.grieta.org.mx\/wp-content\/uploads\/2024\/12\/Screenshot-2024-12-27-at-22-58-54-Enlace-Zapatista.png?resize=525%2C300&ssl=1 1.5x, https:\/\/i0.wp.com\/www.grieta.org.mx\/wp-content\/uploads\/2024\/12\/Screenshot-2024-12-27-at-22-58-54-Enlace-Zapatista.png?resize=700%2C400&ssl=1 2x, https:\/\/i0.wp.com\/www.grieta.org.mx\/wp-content\/uploads\/2024\/12\/Screenshot-2024-12-27-at-22-58-54-Enlace-Zapatista.png?resize=1050%2C600&ssl=1 3x"},"classes":[]},{"id":18527,"url":"https:\/\/www.grieta.org.mx\/index.php\/2016\/07\/30\/hip-hop-zapatista\/","url_meta":{"origin":71829,"position":3},"title":"Participaciones del EZLN en el festival CompArte. 29 de julio, Oventik","author":"grieta","date":"30 julio, 2016","format":false,"excerpt":"Festival compARTE por la humanidad - Comparte Zapatistas Compartici\u00f3n de bases de apoyo del EZLN. Oventic, Chiapas, M\u00e9xico... 29 de Julio 2016 Corrido Zapatista El Gavil\u00e1n y Jos\u00e9 en el #CompArte #Oventik #EZLN #Comparte #CompArte #CIDECI #zapatistas #orgullosamentezapatistas El Querreque Danza Zapatista en el #CompArte Las mujeres zapatistas cant\u00e1ndole a\u2026","rel":"","context":"En &quot;CINTILLO&quot;","block_context":{"text":"CINTILLO","link":"https:\/\/www.grieta.org.mx\/index.php\/category\/cintillo\/"},"img":{"alt_text":"","src":"https:\/\/i0.wp.com\/www.grieta.org.mx\/wp-content\/uploads\/2018\/03\/14524434_1106112876131411_958039263622046936_o.jpg?resize=350%2C200&ssl=1","width":350,"height":200,"srcset":"https:\/\/i0.wp.com\/www.grieta.org.mx\/wp-content\/uploads\/2018\/03\/14524434_1106112876131411_958039263622046936_o.jpg?resize=350%2C200&ssl=1 1x, https:\/\/i0.wp.com\/www.grieta.org.mx\/wp-content\/uploads\/2018\/03\/14524434_1106112876131411_958039263622046936_o.jpg?resize=525%2C300&ssl=1 1.5x, https:\/\/i0.wp.com\/www.grieta.org.mx\/wp-content\/uploads\/2018\/03\/14524434_1106112876131411_958039263622046936_o.jpg?resize=700%2C400&ssl=1 2x"},"classes":[]},{"id":45919,"url":"https:\/\/www.grieta.org.mx\/index.php\/2020\/03\/10\/galeria-fotografica-del-dia-internacional-de-la-mujer-en-oaxaca\/","url_meta":{"origin":71829,"position":4},"title":"Galer\u00eda fotogr\u00e1fica del d\u00eda internacional de la mujer en Oaxaca","author":"grieta","date":"10 marzo, 2020","format":false,"excerpt":"Colectivo Grieta. D\u00eda internacional de la mujer. Actividad: Marcha y jornada de lucha. Lugar: Oaxaca, Oaxaca Fotos: Colectivo Grieta, Centro de Ciencias y Artes \"La Luciernaga\" y Colectivo Colmena. Video: Centro de Ciencias y Artes \"La Luciernaga\" \"Como mujeres zapatistas que somos esto es lo que pensamos y sentimos cuando\u2026","rel":"","context":"En &quot;CINTILLO&quot;","block_context":{"text":"CINTILLO","link":"https:\/\/www.grieta.org.mx\/index.php\/category\/cintillo\/"},"img":{"alt_text":"","src":"https:\/\/i0.wp.com\/www.grieta.org.mx\/wp-content\/uploads\/2020\/03\/Portada.jpeg?resize=350%2C200&ssl=1","width":350,"height":200,"srcset":"https:\/\/i0.wp.com\/www.grieta.org.mx\/wp-content\/uploads\/2020\/03\/Portada.jpeg?resize=350%2C200&ssl=1 1x, https:\/\/i0.wp.com\/www.grieta.org.mx\/wp-content\/uploads\/2020\/03\/Portada.jpeg?resize=525%2C300&ssl=1 1.5x, https:\/\/i0.wp.com\/www.grieta.org.mx\/wp-content\/uploads\/2020\/03\/Portada.jpeg?resize=700%2C400&ssl=1 2x, https:\/\/i0.wp.com\/www.grieta.org.mx\/wp-content\/uploads\/2020\/03\/Portada.jpeg?resize=1050%2C600&ssl=1 3x"},"classes":[]},{"id":70633,"url":"https:\/\/www.grieta.org.mx\/index.php\/2024\/12\/03\/programa-de-la-primera-sesion-de-los-encuentros-internacionales-de-resistencias-y-rebeldias-mesas-y-ponentes\/","url_meta":{"origin":71829,"position":5},"title":"PROGRAMA DE LA PRIMERA SESI\u00d3N DE LOS ENCUENTROS INTERNACIONALES DE RESISTENCIAS Y REBELD\u00cdAS.  Mesas y Ponentes.","author":"grieta","date":"3 diciembre, 2024","format":false,"excerpt":"PROGRAMA DE LA PRIMERA SESI\u00d3N DE LOS ENCUENTROS INTERNACIONALES DE RESISTENCIAS Y REBELD\u00cdAS. Mesas y Ponentes. Aqu\u00ed les ponemos el programa de participaciones: S\u00e1bado 28 de diciembre del 2024. Sede Cideci-Unitierra. SCLC, Chiapas, M\u00e9xico. Mesa I: La tormenta: el crimen, el verdugo y las v\u00edctimas. Participan: Jorge Alonso, John Holloway,\u2026","rel":"","context":"En &quot;CINTILLO&quot;","block_context":{"text":"CINTILLO","link":"https:\/\/www.grieta.org.mx\/index.php\/category\/cintillo\/"},"img":{"alt_text":"","src":"https:\/\/i0.wp.com\/www.grieta.org.mx\/wp-content\/uploads\/2024\/12\/Screenshot-2024-12-03-at-17-09-14-Enlace-Zapatista.png?resize=350%2C200&ssl=1","width":350,"height":200,"srcset":"https:\/\/i0.wp.com\/www.grieta.org.mx\/wp-content\/uploads\/2024\/12\/Screenshot-2024-12-03-at-17-09-14-Enlace-Zapatista.png?resize=350%2C200&ssl=1 1x, https:\/\/i0.wp.com\/www.grieta.org.mx\/wp-content\/uploads\/2024\/12\/Screenshot-2024-12-03-at-17-09-14-Enlace-Zapatista.png?resize=525%2C300&ssl=1 1.5x, https:\/\/i0.wp.com\/www.grieta.org.mx\/wp-content\/uploads\/2024\/12\/Screenshot-2024-12-03-at-17-09-14-Enlace-Zapatista.png?resize=700%2C400&ssl=1 2x, https:\/\/i0.wp.com\/www.grieta.org.mx\/wp-content\/uploads\/2024\/12\/Screenshot-2024-12-03-at-17-09-14-Enlace-Zapatista.png?resize=1050%2C600&ssl=1 3x"},"classes":[]}],"_links":{"self":[{"href":"https:\/\/www.grieta.org.mx\/index.php\/wp-json\/wp\/v2\/posts\/71829","targetHints":{"allow":["GET"]}}],"collection":[{"href":"https:\/\/www.grieta.org.mx\/index.php\/wp-json\/wp\/v2\/posts"}],"about":[{"href":"https:\/\/www.grieta.org.mx\/index.php\/wp-json\/wp\/v2\/types\/post"}],"author":[{"embeddable":true,"href":"https:\/\/www.grieta.org.mx\/index.php\/wp-json\/wp\/v2\/users\/2"}],"replies":[{"embeddable":true,"href":"https:\/\/www.grieta.org.mx\/index.php\/wp-json\/wp\/v2\/comments?post=71829"}],"version-history":[{"count":1,"href":"https:\/\/www.grieta.org.mx\/index.php\/wp-json\/wp\/v2\/posts\/71829\/revisions"}],"predecessor-version":[{"id":71832,"href":"https:\/\/www.grieta.org.mx\/index.php\/wp-json\/wp\/v2\/posts\/71829\/revisions\/71832"}],"wp:featuredmedia":[{"embeddable":true,"href":"https:\/\/www.grieta.org.mx\/index.php\/wp-json\/wp\/v2\/media\/71830"}],"wp:attachment":[{"href":"https:\/\/www.grieta.org.mx\/index.php\/wp-json\/wp\/v2\/media?parent=71829"}],"wp:term":[{"taxonomy":"category","embeddable":true,"href":"https:\/\/www.grieta.org.mx\/index.php\/wp-json\/wp\/v2\/categories?post=71829"},{"taxonomy":"post_tag","embeddable":true,"href":"https:\/\/www.grieta.org.mx\/index.php\/wp-json\/wp\/v2\/tags?post=71829"}],"curies":[{"name":"wp","href":"https:\/\/api.w.org\/{rel}","templated":true}]}}