{"id":71828,"date":"2025-06-10T08:02:33","date_gmt":"2025-06-10T14:02:33","guid":{"rendered":"https:\/\/www.grieta.org.mx\/?p=71828"},"modified":"2025-06-11T06:36:09","modified_gmt":"2025-06-11T12:36:09","slug":"ahora-la-utm-se-une-al-paro-yucatan","status":"publish","type":"post","link":"https:\/\/www.grieta.org.mx\/index.php\/2025\/06\/10\/ahora-la-utm-se-une-al-paro-yucatan\/","title":{"rendered":"Ahora la UTM se une al paro (Yucat\u00e1n)"},"content":{"rendered":"<p>Herbeth Escalante \/ Haz Ruido<\/p>\n<blockquote><p>Los docentes y el personal administrativo exigen mejores condiciones laborales y mejorar la infraestructura para sus estudiantes<\/p><\/blockquote>\n<p>M\u00e9rida, Yucat\u00e1n, 10 de junio de 2025.- Desde temprana hora, docentes y personal administrativo cerraron con candados las rejas de las instalaciones de la Universidad Tecnol\u00f3gica Metropolitana (UTM) para sumarse al paro magisterial de Yucat\u00e1n.<\/p>\n<p>Las y los trabajadores de esta instituci\u00f3n educativa, que forman parte del Sindicato Nacional de Educaci\u00f3n Superior (SNES), exigen mejores condiciones laborales y mejorar la infraestructura para sus estudiantes.<\/p>\n<p>Demandan al Gobierno del Estado la firma de un contrato colectivo, abrogar la Ley del Isstey y recontratar a personal despedido injustificadamente.<\/p>\n<p>Adem\u00e1s, mejorar las instalaciones universitarias para que todos los aires acondicionados que sirvan, laboratorios que funcionen y computadoras que no est\u00e9n obsoletas. Asimismo para todo el alumnado, equipo moderno y aulas en excelente estado.<\/p>\n<p>Cabe se\u00f1alar que la UTM se une a las diversas universidades e institutos tecnol\u00f3gicos de Yucat\u00e1n que est\u00e1n en paro desde hace varias semanas.<\/p>\n<p>De hecho, el gobernador Joaqu\u00edn D\u00edaz Mena ha instruido a la Secretar\u00eda de Educaci\u00f3n que busque sedes alternas para impartir clases a las y a los estudiantes de esos planteles.<\/p>\n<p><a href=\"https:\/\/www.hazruido.mx\/principales\/ahora-la-utm-se-une-al-paro\/\" target=\"_blank\">https:\/\/www.hazruido.mx\/principales\/ahora-la-utm-se-une-al-paro\/<\/a><\/p>\n","protected":false},"excerpt":{"rendered":"<p>Herbeth Escalante \/ Haz Ruido Los docentes y el personal administrativo exigen mejores condiciones laborales y mejorar la infraestructura para sus estudiantes M\u00e9rida, Yucat\u00e1n, 10 de junio de 2025.- Desde &hellip; <a href=\"https:\/\/www.grieta.org.mx\/index.php\/2025\/06\/10\/ahora-la-utm-se-une-al-paro-yucatan\/\" class=\"more-link\">Leer m\u00e1s<\/a><\/p>\n","protected":false},"author":2,"featured_media":71834,"comment_status":"closed","ping_status":"closed","sticky":false,"template":"","format":"standard","meta":{"ngg_post_thumbnail":0,"_jetpack_newsletter_access":"","_jetpack_dont_email_post_to_subs":false,"_jetpack_newsletter_tier_id":0,"_jetpack_memberships_contains_paywalled_content":false,"_jetpack_memberships_contains_paid_content":false,"footnotes":""},"categories":[80,1072,916,910,2,3211,1446,83,36],"tags":[634,2463,105,3549,1893,2841,858],"class_list":["post-71828","post","type-post","status-publish","format-standard","has-post-thumbnail","hentry","category-cintillo","category-conflictos-laborales-en-yucatan","category-privatizacion-del-la-educacion-publica","category-explotacion-y-precariedad-laboral","category-noticias-nacionales","category-precariedad-laboral-en-yucatan","category-privatizacion-de-la-educacion-publica-en-yucatan","category-temas-nacionales","category-yucatan","tag-condiciones-laborales","tag-demandas-laborales","tag-derechos-laborales","tag-despidos-injustificados","tag-escuelas-en-paro","tag-explotacion-y-precariedad-laboral","tag-paro-laboral","entry"],"jetpack_featured_media_url":"https:\/\/www.grieta.org.mx\/wp-content\/uploads\/2025\/06\/Utm-e1749645096482.jpg","jetpack_sharing_enabled":true,"jetpack_shortlink":"https:\/\/wp.me\/p7ZJR4-iGw","jetpack_likes_enabled":false,"jetpack-related-posts":[{"id":69160,"url":"https:\/\/www.grieta.org.mx\/index.php\/2024\/06\/14\/paro-indefinido-en-instituciones-educativas-de-yucatan\/","url_meta":{"origin":71828,"position":0},"title":"Paro indefinido en instituciones educativas de Yucat\u00e1n","author":"grieta","date":"14 junio, 2024","format":false,"excerpt":"Reporteros Hoy Inici\u00f3 un paro de labores de manera indefinida en diversas instituciones de educaci\u00f3n b\u00e1sica en Yucat\u00e1n. Los docentes se\u00f1alan que, al no hallar respuesta formal a sus demandas salariales y de prestaciones, decidieron iniciar con esta manifestaci\u00f3n, con el objetivo de que las autoridades volteen hacia estos y\u2026","rel":"","context":"En &quot;CINTILLO&quot;","block_context":{"text":"CINTILLO","link":"https:\/\/www.grieta.org.mx\/index.php\/category\/cintillo\/"},"img":{"alt_text":"","src":"https:\/\/i0.wp.com\/www.grieta.org.mx\/wp-content\/uploads\/2024\/06\/ParoMaestros-e1718578057215.jpg?resize=350%2C200&ssl=1","width":350,"height":200,"srcset":"https:\/\/i0.wp.com\/www.grieta.org.mx\/wp-content\/uploads\/2024\/06\/ParoMaestros-e1718578057215.jpg?resize=350%2C200&ssl=1 1x, https:\/\/i0.wp.com\/www.grieta.org.mx\/wp-content\/uploads\/2024\/06\/ParoMaestros-e1718578057215.jpg?resize=525%2C300&ssl=1 1.5x, https:\/\/i0.wp.com\/www.grieta.org.mx\/wp-content\/uploads\/2024\/06\/ParoMaestros-e1718578057215.jpg?resize=700%2C400&ssl=1 2x"},"classes":[]},{"id":69834,"url":"https:\/\/www.grieta.org.mx\/index.php\/2024\/09\/24\/anuncian-paro-laboral-en-diversas-universidades-de-yucatan-por-derechos-laborales\/","url_meta":{"origin":71828,"position":1},"title":"Anuncian Paro Laboral en Diversas Universidades de Yucat\u00e1n por Derechos Laborales","author":"grieta","date":"24 septiembre, 2024","format":false,"excerpt":"Erick Mart\u00edn Huh\/CAMBIO 22 Instituciones de educaci\u00f3n superior en el estado se preparan para suspender actividades el pr\u00f3ximo viernes en demanda de mejoras laborales VALLADOLID, YUCAT\u00c1N, 24 DE SEPTIEMBRE DE 2024.Diversas universidades de Yucat\u00e1n, incluidas el Tecnol\u00f3gico Superior Campus Valladolid, la Universidad Tecnol\u00f3gica Metropolitana de M\u00e9rida y la Universidad Tecnol\u00f3gica\u2026","rel":"","context":"En &quot;CINTILLO&quot;","block_context":{"text":"CINTILLO","link":"https:\/\/www.grieta.org.mx\/index.php\/category\/cintillo\/"},"img":{"alt_text":"","src":"https:\/\/i0.wp.com\/www.grieta.org.mx\/wp-content\/uploads\/2024\/09\/UniversidadesYucatan-e1727230420440.jpg?resize=350%2C200&ssl=1","width":350,"height":200,"srcset":"https:\/\/i0.wp.com\/www.grieta.org.mx\/wp-content\/uploads\/2024\/09\/UniversidadesYucatan-e1727230420440.jpg?resize=350%2C200&ssl=1 1x, https:\/\/i0.wp.com\/www.grieta.org.mx\/wp-content\/uploads\/2024\/09\/UniversidadesYucatan-e1727230420440.jpg?resize=525%2C300&ssl=1 1.5x, https:\/\/i0.wp.com\/www.grieta.org.mx\/wp-content\/uploads\/2024\/09\/UniversidadesYucatan-e1727230420440.jpg?resize=700%2C400&ssl=1 2x"},"classes":[]},{"id":71661,"url":"https:\/\/www.grieta.org.mx\/index.php\/2025\/05\/06\/paro-en-la-utm-por-recorte-de-horas-a-profesores-yucatan\/","url_meta":{"origin":71828,"position":2},"title":"Paro en la UTM por recorte de horas a profesores (Yucat\u00e1n)","author":"grieta","date":"6 mayo, 2025","format":false,"excerpt":"Haz Ruido Docentes y personal administrativo realizan una protesta de brazos ca\u00eddos para exigir estabilidad laboral, respeto a su antig\u00fcedad para una jubilaci\u00f3n digna y reducci\u00f3n de la tarifa del 15% para las cuotas del ISSTEY, lo que aseguran ha afectado la estabilidad econ\u00f3mica de al menos 400 familias. M\u00e9rida,\u2026","rel":"","context":"En &quot;CINTILLO&quot;","block_context":{"text":"CINTILLO","link":"https:\/\/www.grieta.org.mx\/index.php\/category\/cintillo\/"},"img":{"alt_text":"","src":"https:\/\/i0.wp.com\/www.grieta.org.mx\/wp-content\/uploads\/2025\/05\/ParoUTM-e1746638561475.jpg?resize=350%2C200&ssl=1","width":350,"height":200,"srcset":"https:\/\/i0.wp.com\/www.grieta.org.mx\/wp-content\/uploads\/2025\/05\/ParoUTM-e1746638561475.jpg?resize=350%2C200&ssl=1 1x, https:\/\/i0.wp.com\/www.grieta.org.mx\/wp-content\/uploads\/2025\/05\/ParoUTM-e1746638561475.jpg?resize=525%2C300&ssl=1 1.5x, https:\/\/i0.wp.com\/www.grieta.org.mx\/wp-content\/uploads\/2025\/05\/ParoUTM-e1746638561475.jpg?resize=700%2C400&ssl=1 2x"},"classes":[]},{"id":71779,"url":"https:\/\/www.grieta.org.mx\/index.php\/2025\/06\/02\/la-upy-se-une-a-las-huelgas-yucatan\/","url_meta":{"origin":71828,"position":3},"title":"La UPY se une a las huelgas (Yucat\u00e1n)","author":"grieta","date":"2 junio, 2025","format":false,"excerpt":"Redacci\u00f3n \/ Sol Yucat\u00e1n Contin\u00faan uni\u00e9ndose m\u00e1s centros educativos, personal docente y administrativo a las huelgas educacionales, y esta vez se trat\u00f3 de la Universidad Polit\u00e9cnica de Yucat\u00e1n (UPY). Los protestantes tomaron las instalaciones de forma simb\u00f3lica para que sus peticiones sean escuchadas y como demostraci\u00f3n de que apoyan la\u2026","rel":"","context":"En &quot;CINTILLO&quot;","block_context":{"text":"CINTILLO","link":"https:\/\/www.grieta.org.mx\/index.php\/category\/cintillo\/"},"img":{"alt_text":"","src":"https:\/\/i0.wp.com\/www.grieta.org.mx\/wp-content\/uploads\/2025\/06\/Upy.jpg?resize=350%2C200&ssl=1","width":350,"height":200,"srcset":"https:\/\/i0.wp.com\/www.grieta.org.mx\/wp-content\/uploads\/2025\/06\/Upy.jpg?resize=350%2C200&ssl=1 1x, https:\/\/i0.wp.com\/www.grieta.org.mx\/wp-content\/uploads\/2025\/06\/Upy.jpg?resize=525%2C300&ssl=1 1.5x, https:\/\/i0.wp.com\/www.grieta.org.mx\/wp-content\/uploads\/2025\/06\/Upy.jpg?resize=700%2C400&ssl=1 2x, https:\/\/i0.wp.com\/www.grieta.org.mx\/wp-content\/uploads\/2025\/06\/Upy.jpg?resize=1050%2C600&ssl=1 3x, https:\/\/i0.wp.com\/www.grieta.org.mx\/wp-content\/uploads\/2025\/06\/Upy.jpg?resize=1400%2C800&ssl=1 4x"},"classes":[]},{"id":71764,"url":"https:\/\/www.grieta.org.mx\/index.php\/2025\/05\/27\/maestros-protestan-en-merida-e-intentan-arrollarlos-yucatan\/","url_meta":{"origin":71828,"position":4},"title":"Maestros protestan en M\u00e9rida e intentan arrollarlos (Yucat\u00e1n)","author":"grieta","date":"27 mayo, 2025","format":false,"excerpt":"Herbeth Escalante \/ Haz Ruido Las y los maestros yucatecos se han sumado a la huelga nacional convocada por la CNTE, aunque tambi\u00e9n est\u00e1n protestando profesores del SNTE. M\u00e1s de 180 escuelas de Yucat\u00e1n est\u00e1n en paro desde hace una semana. M\u00e9rida, Yucat\u00e1n, 27 de mayo de 2025.- M\u00e1s de\u2026","rel":"","context":"En &quot;CINTILLO&quot;","block_context":{"text":"CINTILLO","link":"https:\/\/www.grieta.org.mx\/index.php\/category\/cintillo\/"},"img":{"alt_text":"","src":"https:\/\/i0.wp.com\/www.grieta.org.mx\/wp-content\/uploads\/2025\/06\/Paro-e1749035806353.jpg?resize=350%2C200&ssl=1","width":350,"height":200,"srcset":"https:\/\/i0.wp.com\/www.grieta.org.mx\/wp-content\/uploads\/2025\/06\/Paro-e1749035806353.jpg?resize=350%2C200&ssl=1 1x, https:\/\/i0.wp.com\/www.grieta.org.mx\/wp-content\/uploads\/2025\/06\/Paro-e1749035806353.jpg?resize=525%2C300&ssl=1 1.5x, https:\/\/i0.wp.com\/www.grieta.org.mx\/wp-content\/uploads\/2025\/06\/Paro-e1749035806353.jpg?resize=700%2C400&ssl=1 2x"},"classes":[]},{"id":67187,"url":"https:\/\/www.grieta.org.mx\/index.php\/2023\/07\/14\/yucatan-las-autoridades-siguen-mudas-docentes-de-la-utm-amagan-con-tomar-medidas-mas-drasticas-para-ser-escuchados\/","url_meta":{"origin":71828,"position":5},"title":"Yucat\u00e1n | &#8220;Las autoridades siguen mudas&#8221;: Docentes de la UTM amagan con tomar medidas m\u00e1s dr\u00e1sticas para ser escuchados","author":"grieta","date":"14 julio, 2023","format":false,"excerpt":"Itzel Chan \/ Noticaribe M\u00c9RIDA, MX.- Las y los docentes de la Universidad Tecnol\u00f3gica Metropolitana (UTM) denuncian que sus peticiones no han sido escuchadas por parte de las autoridades educativas y ante tal motivo, advierten con tomar medidas m\u00e1s dr\u00e1sticas. \u201cLa autoridad sigue muda\u201d, denunciaron ante este medio de comunicaci\u00f3n\u2026","rel":"","context":"En &quot;CINTILLO&quot;","block_context":{"text":"CINTILLO","link":"https:\/\/www.grieta.org.mx\/index.php\/category\/cintillo\/"},"img":{"alt_text":"","src":"https:\/\/i0.wp.com\/www.grieta.org.mx\/wp-content\/uploads\/2023\/07\/Unacar3-e1689628835702.jpg?resize=350%2C200&ssl=1","width":350,"height":200,"srcset":"https:\/\/i0.wp.com\/www.grieta.org.mx\/wp-content\/uploads\/2023\/07\/Unacar3-e1689628835702.jpg?resize=350%2C200&ssl=1 1x, https:\/\/i0.wp.com\/www.grieta.org.mx\/wp-content\/uploads\/2023\/07\/Unacar3-e1689628835702.jpg?resize=525%2C300&ssl=1 1.5x, https:\/\/i0.wp.com\/www.grieta.org.mx\/wp-content\/uploads\/2023\/07\/Unacar3-e1689628835702.jpg?resize=700%2C400&ssl=1 2x"},"classes":[]}],"_links":{"self":[{"href":"https:\/\/www.grieta.org.mx\/index.php\/wp-json\/wp\/v2\/posts\/71828","targetHints":{"allow":["GET"]}}],"collection":[{"href":"https:\/\/www.grieta.org.mx\/index.php\/wp-json\/wp\/v2\/posts"}],"about":[{"href":"https:\/\/www.grieta.org.mx\/index.php\/wp-json\/wp\/v2\/types\/post"}],"author":[{"embeddable":true,"href":"https:\/\/www.grieta.org.mx\/index.php\/wp-json\/wp\/v2\/users\/2"}],"replies":[{"embeddable":true,"href":"https:\/\/www.grieta.org.mx\/index.php\/wp-json\/wp\/v2\/comments?post=71828"}],"version-history":[{"count":1,"href":"https:\/\/www.grieta.org.mx\/index.php\/wp-json\/wp\/v2\/posts\/71828\/revisions"}],"predecessor-version":[{"id":71833,"href":"https:\/\/www.grieta.org.mx\/index.php\/wp-json\/wp\/v2\/posts\/71828\/revisions\/71833"}],"wp:featuredmedia":[{"embeddable":true,"href":"https:\/\/www.grieta.org.mx\/index.php\/wp-json\/wp\/v2\/media\/71834"}],"wp:attachment":[{"href":"https:\/\/www.grieta.org.mx\/index.php\/wp-json\/wp\/v2\/media?parent=71828"}],"wp:term":[{"taxonomy":"category","embeddable":true,"href":"https:\/\/www.grieta.org.mx\/index.php\/wp-json\/wp\/v2\/categories?post=71828"},{"taxonomy":"post_tag","embeddable":true,"href":"https:\/\/www.grieta.org.mx\/index.php\/wp-json\/wp\/v2\/tags?post=71828"}],"curies":[{"name":"wp","href":"https:\/\/api.w.org\/{rel}","templated":true}]}}