{"id":71825,"date":"2025-06-05T07:54:13","date_gmt":"2025-06-05T13:54:13","guid":{"rendered":"https:\/\/www.grieta.org.mx\/?p=71825"},"modified":"2025-06-09T08:02:03","modified_gmt":"2025-06-09T14:02:03","slug":"maestros-bloquean-acceso-al-aeropuerto-de-merida-yucatan","status":"publish","type":"post","link":"https:\/\/www.grieta.org.mx\/index.php\/2025\/06\/05\/maestros-bloquean-acceso-al-aeropuerto-de-merida-yucatan\/","title":{"rendered":"Maestros bloquean acceso al aeropuerto de M\u00e9rida (Yucat\u00e1n)"},"content":{"rendered":"<p> Herbeth Escalante \/ Haz Ruido<\/p>\n<blockquote><p>Desde temprana hora, docentes de la CNTE han tomado la avenida Aviaci\u00f3n e incluso protestaron en las puertas del aeropuerto.\n<\/p><\/blockquote>\n<p>M\u00e9rida, Yucat\u00e1n, 5 de junio de 2025.- Aproximadamente 3 mil maestros de la Coordinadora Nacional de Trabajadores de la Educaci\u00f3n (CNTE) mantienen bloqueado el acceso al aeropuerto Internacional de M\u00e9rida, porque no me permiten el tr\u00e1nsito de veh\u00edculos en la avenida Aviaci\u00f3n.<\/p>\n<p>Como parte de la protesta, los maestros incluso caminaron hasta la estaci\u00f3n aeroportuaria para gritar consignas en las puertas, mientras los pasajeros buscaban alternativas para ingresar.<\/p>\n<p>La manifestaci\u00f3n inici\u00f3 desde temprana hora, generando un fuerte tr\u00e1fico vehicular en esa zona sur de la ciudad, desde Circuito Colonias hasta el Perif\u00e9rico y la salida a Um\u00e1n.<\/p>\n<p>Los cientos de pasajeros que ten\u00edan programados vuelos este d\u00eda han tenido que caminar varios kil\u00f3metros con sus maletas para poder llegar al aeropuerto.<\/p>\n<p>La terminal a\u00e9rea tiene dispuestas varias salidas alternas en caso de que las operaciones se compliquen durante el d\u00eda<\/p>\n<p>Esta protesta forma parte de las movilizaciones nacionales de la CNTE para exigir principalmente la abrogaci\u00f3n de la Ley del Issste del 2007.<\/p>\n<p>Cabe mencionar que una comitiva de entre 20 y 50 maestros se ha trasladado al Palacio de Gobierno de Yucat\u00e1n para ser recibidos por autoridades estatales para tratar de llegar a un acuerdo.<\/p>\n<p>Los maestros yucatecos est\u00e1n en paro desde hace dos semanas, afectando a 230 escuelas y a cerca de 15 mil estudiantes<\/p>\n<p>El gobernador Joaqu\u00edn D\u00edaz Mena les ha hecho un llamado a regresar a las aulas, aunque sea tres semanas, para poder finalizar el curso escolar y entregar los certificados de estudios a los alumnos que necesitan cambiar de nivel educativo.<\/p>\n<p><a href=\"https:\/\/www.hazruido.mx\/reportes\/maestros-bloquean-acceso-al-aeropuerto-de-merida\/\" target=\"_blank\">https:\/\/www.hazruido.mx\/reportes\/maestros-bloquean-acceso-al-aeropuerto-de-merida\/<\/a><\/p>\n","protected":false},"excerpt":{"rendered":"<p>Herbeth Escalante \/ Haz Ruido Desde temprana hora, docentes de la CNTE han tomado la avenida Aviaci\u00f3n e incluso protestaron en las puertas del aeropuerto. M\u00e9rida, Yucat\u00e1n, 5 de junio &hellip; <a href=\"https:\/\/www.grieta.org.mx\/index.php\/2025\/06\/05\/maestros-bloquean-acceso-al-aeropuerto-de-merida-yucatan\/\" class=\"more-link\">Leer m\u00e1s<\/a><\/p>\n","protected":false},"author":2,"featured_media":71826,"comment_status":"closed","ping_status":"closed","sticky":false,"template":"","format":"standard","meta":{"ngg_post_thumbnail":0,"_jetpack_newsletter_access":"","_jetpack_dont_email_post_to_subs":false,"_jetpack_newsletter_tier_id":0,"_jetpack_memberships_contains_paywalled_content":false,"_jetpack_memberships_contains_paid_content":false,"footnotes":""},"categories":[80,1072,916,2658,910,2,3211,1755,83,36],"tags":[134,634,113,2841,492,674],"class_list":["post-71825","post","type-post","status-publish","format-standard","has-post-thumbnail","hentry","category-cintillo","category-conflictos-laborales-en-yucatan","category-privatizacion-del-la-educacion-publica","category-crisis-de-la-educacion-publica-en-yucatan","category-explotacion-y-precariedad-laboral","category-noticias-nacionales","category-precariedad-laboral-en-yucatan","category-protestas-del-magisterio-en-yucatan","category-temas-nacionales","category-yucatan","tag-cnte","tag-condiciones-laborales","tag-conflictos-laborales","tag-explotacion-y-precariedad-laboral","tag-issste","tag-movilizaciones-maestros","entry"],"jetpack_featured_media_url":"https:\/\/www.grieta.org.mx\/wp-content\/uploads\/2025\/06\/Maestros-e1749477518770.jpg","jetpack_sharing_enabled":true,"jetpack_shortlink":"https:\/\/wp.me\/p7ZJR4-iGt","jetpack_likes_enabled":false,"jetpack-related-posts":[{"id":71764,"url":"https:\/\/www.grieta.org.mx\/index.php\/2025\/05\/27\/maestros-protestan-en-merida-e-intentan-arrollarlos-yucatan\/","url_meta":{"origin":71825,"position":0},"title":"Maestros protestan en M\u00e9rida e intentan arrollarlos (Yucat\u00e1n)","author":"grieta","date":"27 mayo, 2025","format":false,"excerpt":"Herbeth Escalante \/ Haz Ruido Las y los maestros yucatecos se han sumado a la huelga nacional convocada por la CNTE, aunque tambi\u00e9n est\u00e1n protestando profesores del SNTE. M\u00e1s de 180 escuelas de Yucat\u00e1n est\u00e1n en paro desde hace una semana. M\u00e9rida, Yucat\u00e1n, 27 de mayo de 2025.- M\u00e1s de\u2026","rel":"","context":"En &quot;CINTILLO&quot;","block_context":{"text":"CINTILLO","link":"https:\/\/www.grieta.org.mx\/index.php\/category\/cintillo\/"},"img":{"alt_text":"","src":"https:\/\/i0.wp.com\/www.grieta.org.mx\/wp-content\/uploads\/2025\/06\/Paro-e1749035806353.jpg?resize=350%2C200&ssl=1","width":350,"height":200,"srcset":"https:\/\/i0.wp.com\/www.grieta.org.mx\/wp-content\/uploads\/2025\/06\/Paro-e1749035806353.jpg?resize=350%2C200&ssl=1 1x, https:\/\/i0.wp.com\/www.grieta.org.mx\/wp-content\/uploads\/2025\/06\/Paro-e1749035806353.jpg?resize=525%2C300&ssl=1 1.5x, https:\/\/i0.wp.com\/www.grieta.org.mx\/wp-content\/uploads\/2025\/06\/Paro-e1749035806353.jpg?resize=700%2C400&ssl=1 2x"},"classes":[]},{"id":69101,"url":"https:\/\/www.grieta.org.mx\/index.php\/2024\/06\/04\/maestros-toman-instalaciones-de-la-seccion-33-del-snte-en-yucatan\/","url_meta":{"origin":71825,"position":1},"title":"Maestros toman instalaciones de la Secci\u00f3n 33 del SNTE en Yucat\u00e1n","author":"grieta","date":"4 junio, 2024","format":false,"excerpt":"Yazm\u00edn Rodr\u00edguez Galaz \/ El Universal M\u00e9rida.- Unos 60 profesores tomaron las instalaciones de la Secci\u00f3n 33 del Sindicato Nacional de los Trabajadores de la Educaci\u00f3n (SNTE), ubicado en la colonia Yucalpet\u00e9n de M\u00e9rida, para exigir el pago de la homologaci\u00f3n que prometi\u00f3 el presidente Andr\u00e9s Manuel L\u00f3pez Obrador desde\u2026","rel":"","context":"En &quot;CINTILLO&quot;","block_context":{"text":"CINTILLO","link":"https:\/\/www.grieta.org.mx\/index.php\/category\/cintillo\/"},"img":{"alt_text":"","src":"https:\/\/i0.wp.com\/www.grieta.org.mx\/wp-content\/uploads\/2024\/06\/Maestroe-e1717976976401.jpg?resize=350%2C200&ssl=1","width":350,"height":200,"srcset":"https:\/\/i0.wp.com\/www.grieta.org.mx\/wp-content\/uploads\/2024\/06\/Maestroe-e1717976976401.jpg?resize=350%2C200&ssl=1 1x, https:\/\/i0.wp.com\/www.grieta.org.mx\/wp-content\/uploads\/2024\/06\/Maestroe-e1717976976401.jpg?resize=525%2C300&ssl=1 1.5x, https:\/\/i0.wp.com\/www.grieta.org.mx\/wp-content\/uploads\/2024\/06\/Maestroe-e1717976976401.jpg?resize=700%2C400&ssl=1 2x"},"classes":[]},{"id":69104,"url":"https:\/\/www.grieta.org.mx\/index.php\/2024\/06\/06\/asi-se-vivio-la-protesta-de-maestros-en-el-aeropuerto-internacional-de-merida-yucatan\/","url_meta":{"origin":71825,"position":2},"title":"As\u00ed se vivi\u00f3 la protesta de maestros en el Aeropuerto Internacional de M\u00e9rida (Yucat\u00e1n)","author":"grieta","date":"6 junio, 2024","format":false,"excerpt":"Texto y Fotos Astrid S\u00e1nchez \/ La Jornada Maya Profesores de Yucat\u00e1n exigen 30 por ciento de incremento salarial 06\/06\/2024 | M\u00e9rida, Yucat\u00e1n Maestros que exigen el incremento salarial de 30 por ciento en Yucat\u00e1n organizaron una protesta m\u00e1s dr\u00e1stica en comparaci\u00f3n con las que llevaron a cabo al inicio\u2026","rel":"","context":"En &quot;CINTILLO&quot;","block_context":{"text":"CINTILLO","link":"https:\/\/www.grieta.org.mx\/index.php\/category\/cintillo\/"},"img":{"alt_text":"","src":"https:\/\/i0.wp.com\/www.grieta.org.mx\/wp-content\/uploads\/2024\/06\/Segey-e1717978220617.jpg?resize=350%2C200&ssl=1","width":350,"height":200,"srcset":"https:\/\/i0.wp.com\/www.grieta.org.mx\/wp-content\/uploads\/2024\/06\/Segey-e1717978220617.jpg?resize=350%2C200&ssl=1 1x, https:\/\/i0.wp.com\/www.grieta.org.mx\/wp-content\/uploads\/2024\/06\/Segey-e1717978220617.jpg?resize=525%2C300&ssl=1 1.5x, https:\/\/i0.wp.com\/www.grieta.org.mx\/wp-content\/uploads\/2024\/06\/Segey-e1717978220617.jpg?resize=700%2C400&ssl=1 2x"},"classes":[]},{"id":71779,"url":"https:\/\/www.grieta.org.mx\/index.php\/2025\/06\/02\/la-upy-se-une-a-las-huelgas-yucatan\/","url_meta":{"origin":71825,"position":3},"title":"La UPY se une a las huelgas (Yucat\u00e1n)","author":"grieta","date":"2 junio, 2025","format":false,"excerpt":"Redacci\u00f3n \/ Sol Yucat\u00e1n Contin\u00faan uni\u00e9ndose m\u00e1s centros educativos, personal docente y administrativo a las huelgas educacionales, y esta vez se trat\u00f3 de la Universidad Polit\u00e9cnica de Yucat\u00e1n (UPY). Los protestantes tomaron las instalaciones de forma simb\u00f3lica para que sus peticiones sean escuchadas y como demostraci\u00f3n de que apoyan la\u2026","rel":"","context":"En &quot;CINTILLO&quot;","block_context":{"text":"CINTILLO","link":"https:\/\/www.grieta.org.mx\/index.php\/category\/cintillo\/"},"img":{"alt_text":"","src":"https:\/\/i0.wp.com\/www.grieta.org.mx\/wp-content\/uploads\/2025\/06\/Upy.jpg?resize=350%2C200&ssl=1","width":350,"height":200,"srcset":"https:\/\/i0.wp.com\/www.grieta.org.mx\/wp-content\/uploads\/2025\/06\/Upy.jpg?resize=350%2C200&ssl=1 1x, https:\/\/i0.wp.com\/www.grieta.org.mx\/wp-content\/uploads\/2025\/06\/Upy.jpg?resize=525%2C300&ssl=1 1.5x, https:\/\/i0.wp.com\/www.grieta.org.mx\/wp-content\/uploads\/2025\/06\/Upy.jpg?resize=700%2C400&ssl=1 2x, https:\/\/i0.wp.com\/www.grieta.org.mx\/wp-content\/uploads\/2025\/06\/Upy.jpg?resize=1050%2C600&ssl=1 3x, https:\/\/i0.wp.com\/www.grieta.org.mx\/wp-content\/uploads\/2025\/06\/Upy.jpg?resize=1400%2C800&ssl=1 4x"},"classes":[]},{"id":69250,"url":"https:\/\/www.grieta.org.mx\/index.php\/2024\/06\/29\/sindicato-de-maestros-advierte-que-radicalizara-su-movimiento-yucatan\/","url_meta":{"origin":71825,"position":4},"title":"Sindicato de maestros advierte que radicalizar\u00e1 su movimiento (Yucat\u00e1n)","author":"grieta","date":"29 junio, 2024","format":false,"excerpt":"Haz Ruido Docentes de universidades Tecnol\u00f3gicas recalcaron que no permitir\u00e1n hostigamientos y amenazas por salir a protestar, ni que se discrimine a sus afiliados en las mesas de negociaci\u00f3n. M\u00e9rida, Yucat\u00e1n, 29 de junio de 2024.- El Sindicato Nacional de Educaci\u00f3n Superior (SNES) advirti\u00f3 que en ante hostigamientos y amenazas\u2026","rel":"","context":"En &quot;CINTILLO&quot;","block_context":{"text":"CINTILLO","link":"https:\/\/www.grieta.org.mx\/index.php\/category\/cintillo\/"},"img":{"alt_text":"","src":"https:\/\/i0.wp.com\/www.grieta.org.mx\/wp-content\/uploads\/2024\/06\/MaestrosYuc-e1719697438812.jpg?resize=350%2C200&ssl=1","width":350,"height":200,"srcset":"https:\/\/i0.wp.com\/www.grieta.org.mx\/wp-content\/uploads\/2024\/06\/MaestrosYuc-e1719697438812.jpg?resize=350%2C200&ssl=1 1x, https:\/\/i0.wp.com\/www.grieta.org.mx\/wp-content\/uploads\/2024\/06\/MaestrosYuc-e1719697438812.jpg?resize=525%2C300&ssl=1 1.5x, https:\/\/i0.wp.com\/www.grieta.org.mx\/wp-content\/uploads\/2024\/06\/MaestrosYuc-e1719697438812.jpg?resize=700%2C400&ssl=1 2x"},"classes":[]},{"id":66918,"url":"https:\/\/www.grieta.org.mx\/index.php\/2023\/05\/12\/maestros-de-educacion-indigena-de-yucatan-protestan-contra-ley-de-amlo\/","url_meta":{"origin":71825,"position":5},"title":"Maestros de educaci\u00f3n ind\u00edgena de Yucat\u00e1n protestan contra ley de AMLO","author":"grieta","date":"12 mayo, 2023","format":false,"excerpt":"Redacci\u00f3n Haz Ruido En la manifestaci\u00f3n en el Congreso del Estado exigen que no desaparezca la educaci\u00f3n ind\u00edgena de la SEP, porque se tratar\u00eda de un retroceso y afectar\u00eda sus derechos laborales. M\u00e9rida, Yucat\u00e1n, 12 de mayo de 2023.- Aproximadamente 300 maestras y maestros de zonas rurales de Yucat\u00e1n protestan\u2026","rel":"","context":"En &quot;CINTILLO&quot;","block_context":{"text":"CINTILLO","link":"https:\/\/www.grieta.org.mx\/index.php\/category\/cintillo\/"},"img":{"alt_text":"","src":"https:\/\/i0.wp.com\/www.grieta.org.mx\/wp-content\/uploads\/2023\/05\/EducacionIndigenaYuc-e1684000284172.jpg?resize=350%2C200&ssl=1","width":350,"height":200,"srcset":"https:\/\/i0.wp.com\/www.grieta.org.mx\/wp-content\/uploads\/2023\/05\/EducacionIndigenaYuc-e1684000284172.jpg?resize=350%2C200&ssl=1 1x, https:\/\/i0.wp.com\/www.grieta.org.mx\/wp-content\/uploads\/2023\/05\/EducacionIndigenaYuc-e1684000284172.jpg?resize=525%2C300&ssl=1 1.5x, https:\/\/i0.wp.com\/www.grieta.org.mx\/wp-content\/uploads\/2023\/05\/EducacionIndigenaYuc-e1684000284172.jpg?resize=700%2C400&ssl=1 2x"},"classes":[]}],"_links":{"self":[{"href":"https:\/\/www.grieta.org.mx\/index.php\/wp-json\/wp\/v2\/posts\/71825","targetHints":{"allow":["GET"]}}],"collection":[{"href":"https:\/\/www.grieta.org.mx\/index.php\/wp-json\/wp\/v2\/posts"}],"about":[{"href":"https:\/\/www.grieta.org.mx\/index.php\/wp-json\/wp\/v2\/types\/post"}],"author":[{"embeddable":true,"href":"https:\/\/www.grieta.org.mx\/index.php\/wp-json\/wp\/v2\/users\/2"}],"replies":[{"embeddable":true,"href":"https:\/\/www.grieta.org.mx\/index.php\/wp-json\/wp\/v2\/comments?post=71825"}],"version-history":[{"count":1,"href":"https:\/\/www.grieta.org.mx\/index.php\/wp-json\/wp\/v2\/posts\/71825\/revisions"}],"predecessor-version":[{"id":71827,"href":"https:\/\/www.grieta.org.mx\/index.php\/wp-json\/wp\/v2\/posts\/71825\/revisions\/71827"}],"wp:featuredmedia":[{"embeddable":true,"href":"https:\/\/www.grieta.org.mx\/index.php\/wp-json\/wp\/v2\/media\/71826"}],"wp:attachment":[{"href":"https:\/\/www.grieta.org.mx\/index.php\/wp-json\/wp\/v2\/media?parent=71825"}],"wp:term":[{"taxonomy":"category","embeddable":true,"href":"https:\/\/www.grieta.org.mx\/index.php\/wp-json\/wp\/v2\/categories?post=71825"},{"taxonomy":"post_tag","embeddable":true,"href":"https:\/\/www.grieta.org.mx\/index.php\/wp-json\/wp\/v2\/tags?post=71825"}],"curies":[{"name":"wp","href":"https:\/\/api.w.org\/{rel}","templated":true}]}}