{"id":71821,"date":"2025-05-27T18:10:09","date_gmt":"2025-05-28T00:10:09","guid":{"rendered":"https:\/\/www.grieta.org.mx\/?p=71821"},"modified":"2025-06-08T18:21:01","modified_gmt":"2025-06-09T00:21:01","slug":"habitantes-de-el-salto-denuncian-megaproyecto-termoelectrico-pretenden-seguir-tratandonos-como-zona-de-sacrificio-jalisco","status":"publish","type":"post","link":"https:\/\/www.grieta.org.mx\/index.php\/2025\/05\/27\/habitantes-de-el-salto-denuncian-megaproyecto-termoelectrico-pretenden-seguir-tratandonos-como-zona-de-sacrificio-jalisco\/","title":{"rendered":"Habitantes de El Salto denuncian megaproyecto termoel\u00e9ctrico: \u201cPretenden seguir trat\u00e1ndonos como zona de sacrificio\u201d (Jalisco)"},"content":{"rendered":"<p>Imagen: Shiebi Aguilar<\/p>\n<p>Mario Marlo \/ Somos El Medio<\/p>\n<p>El Salto, Jalisco, 27 de mayo 2025.- Comunidades organizadas de El Salto y Juanacatl\u00e1n advirtieron sobre la reactivaci\u00f3n del proyecto termoel\u00e9ctrico El Salto I, promovido por la empresa Ad Astra Energ\u00eda del Grupo VAZ, con v\u00ednculos con las corporaciones transnacionales Anschutz Corporation (hidrocarburos) y Sprint Corporation (telecomunicaciones). En un comunicado emitido por Un Salto de Vida, habitantes se\u00f1alaron que el sitio elegido para la planta es el corredor industrial del municipio de El Salto, en sus l\u00edmites con Tlajomulco e Ixtlahuac\u00e1n de los Membrillos.<\/p>\n<p>\u201cLa central de ciclo combinado EL SALTO I es un proyecto de la empresa Ad Astra Energ\u00eda, S.A.P.I. de C.V. que pertenece al corporativo inmobiliario Grupo VAZ\u201d, se lee en el comunicado. \u201cLa fundaci\u00f3n de Ad Astra est\u00e1 ligada a las trasnacionales Anschutz Corporation de hidrocarburos y Sprint Corporation de telecomunicaciones\u201d.<\/p>\n<p>El proyecto plantea operar con una capacidad bruta de 552.32 megawatts, utilizando gas metano extra\u00eddo por fracking en Texas, transportado por el gasoducto Villa de Reyes\u2013Aguascalientes\u2013Guadalajara. La planta se instalar\u00eda a menos de un kil\u00f3metro de la subestaci\u00f3n el\u00e9ctrica Atequiza y cerca de empresas de alto riesgo como Quimikao, Mexichem, ZF Suspensiones, RECAL (Aceros Corey) y Corporaci\u00f3n de Occidente (antes Euzkadi).<\/p>\n<p>Una de las principales preocupaciones expresadas en el documento es el uso del recurso h\u00eddrico. Contrario a lo declarado por el gobernador Pablo Lemus, quien afirm\u00f3 que la planta se abastecer\u00eda de agua tratada de la planta El Ahogado, la MIA (Manifestaci\u00f3n de Impacto Ambiental) se\u00f1ala que se extraer\u00edan 749,520 litros de agua al d\u00eda del acu\u00edfero Toluquilla, el m\u00e1s sobreexplotado de Jalisco.<\/p>\n<p>\u201cLa termoel\u00e9ctrica de ciclo combinado no utilizar\u00eda agua de la PTAR El Ahogado, sino que pretende abastecerse [\u2026] del acu\u00edfero Toluquilla\u201d, enfatiz\u00f3 el comunicado.<\/p>\n<p>Adem\u00e1s del riesgo ambiental, el proyecto representa una amenaza directa para la poblaci\u00f3n. El sitio se encuentra a 130 metros del fraccionamiento La Pur\u00edsima y a 260 metros de la escuela primaria Efra\u00edn Gonz\u00e1lez Luna, mientras que otras colonias cercanas \u2014como Los Silos, Rancho Alegre, La Alameda, Los Sauces y Los Olivos\u2014 sufren de forma permanente por la escasez de agua potable.<\/p>\n<p>\u201cEste proyecto es considerablemente m\u00e1s riesgoso que el de La Charrer\u00eda\u201d, advierten, \u201cya que, adem\u00e1s de encontrarse en medio de otras empresas manufactureras de industria pesada, estar\u00eda a pocos metros de la industria qu\u00edmica\u201d.<\/p>\n<p>Los firmantes del comunicado tambi\u00e9n denuncian omisiones graves y manipulaci\u00f3n de datos en la Manifestaci\u00f3n de Impacto Ambiental presentada a la SEMARNAT, con clave 14JA2025E0043. Exigen que la titular de esa dependencia, Alicia B\u00e1rcena, act\u00fae con congruencia frente a este proyecto, especialmente considerando que tambi\u00e9n es responsable del plan de restauraci\u00f3n del r\u00edo Santiago anunciado por la presidenta Claudia Sheinbaum.<\/p>\n<p>\u201cDebe erradicarse la idea de los empresarios y de los gobiernos, de que aqu\u00ed todo se permite y de que seguimos siendo su zona de sacrificio\u201d, se\u00f1alaron los habitantes. \u201cEl impacto acumulado por la operaci\u00f3n de cientos de empresas que incumplen con la laxa legislaci\u00f3n ambiental nos tiene en una condici\u00f3n bastante grave\u201d.<\/p>\n<p>El comunicado concluy\u00f3 con un llamado a frenar el megaproyecto antes de que se apruebe la MIA y se profundice la crisis ambiental y social que por d\u00e9cadas ha afectado a esta regi\u00f3n industrial de Jalisco.<\/p>\n<p><a href=\"https:\/\/www.somoselmedio.com\/habitantes-de-el-salto-denuncian-megaproyecto-termoelectrico-pretenden-seguir-tratandonos-como-zona-de-sacrificio\/\">https:\/\/www.somoselmedio.com\/habitantes-de-el-salto-denuncian-megaproyecto-termoelectrico-pretenden-seguir-tratandonos-como-zona-de-sacrificio\/<\/a><\/p>\n","protected":false},"excerpt":{"rendered":"<p>Imagen: Shiebi Aguilar Mario Marlo \/ Somos El Medio El Salto, Jalisco, 27 de mayo 2025.- Comunidades organizadas de El Salto y Juanacatl\u00e1n advirtieron sobre la reactivaci\u00f3n del proyecto termoel\u00e9ctrico &hellip; <a href=\"https:\/\/www.grieta.org.mx\/index.php\/2025\/05\/27\/habitantes-de-el-salto-denuncian-megaproyecto-termoelectrico-pretenden-seguir-tratandonos-como-zona-de-sacrificio-jalisco\/\" class=\"more-link\">Leer m\u00e1s<\/a><\/p>\n","protected":false},"author":2,"featured_media":71822,"comment_status":"closed","ping_status":"closed","sticky":false,"template":"","format":"standard","meta":{"ngg_post_thumbnail":0,"_jetpack_newsletter_access":"","_jetpack_dont_email_post_to_subs":false,"_jetpack_newsletter_tier_id":0,"_jetpack_memberships_contains_paywalled_content":false,"_jetpack_memberships_contains_paid_content":false,"footnotes":""},"categories":[80,1736,1278,2561,20,2731,1782,922,936,2,83],"tags":[3041,4172,463,321,350,3703,2528,428],"class_list":["post-71821","post","type-post","status-publish","format-standard","has-post-thumbnail","hentry","category-cintillo","category-despojo-de-territorio-en-jalisco","category-despojo-de-tierras-y-territorios","category-destruccion-ambiental-en-jalisco","category-jalisco","category-lucha-y-resistencia-contra-instalacion-de-hidroelectricas-en-jalisco","category-lucha-y-resistencia-del-pueblo-en-jalisco","category-megaproyectos-estados","category-mp-jalisco","category-noticias-nacionales","category-temas-nacionales","tag-contaminacion-de-rios","tag-defensa-de-la-tierra-y-el-territorio","tag-defensa-del-agua","tag-el-salto","tag-gasoducto","tag-lucha-contra-megapoyectos","tag-resistencia-contra-megaproyectos","tag-termoelectrica","entry"],"jetpack_featured_media_url":"https:\/\/www.grieta.org.mx\/wp-content\/uploads\/2025\/06\/WhatsApp-Image-2025-02-28-at-4.07.33-PM-2.webp","jetpack_sharing_enabled":true,"jetpack_shortlink":"https:\/\/wp.me\/p7ZJR4-iGp","jetpack_likes_enabled":false,"jetpack-related-posts":[{"id":39650,"url":"https:\/\/www.grieta.org.mx\/index.php\/2019\/09\/22\/poblacion-de-juanacatlan-se-opone-a-gasoducto-y-termoelectrica-jalisco\/","url_meta":{"origin":71821,"position":0},"title":"Poblaci\u00f3n de Juanacatl\u00e1n se opone a gasoducto y termoel\u00e9ctrica (Jalisco)","author":"grieta","date":"22 septiembre, 2019","format":false,"excerpt":"Foto: Isaura L\u00f3pez Rebeca Nu\u00f1o, integrante del Colectivo Un Salto de Vida, denuncia que al instalarse estos proyectos, habr\u00eda da\u00f1os ambientales, agr\u00edcolas y en la salud de los habitantes Isaura L\u00f3pez Villalobos \/ UDGTV Juanacatl\u00e1n, Jalisco. La poblaci\u00f3n de Juanacatl\u00e1n se opone a los megaproyectos del gasoducto Villa de Reyes-Aguascalientes-Guadalajara\u2026","rel":"","context":"En &quot;CINTILLO&quot;","block_context":{"text":"CINTILLO","link":"https:\/\/www.grieta.org.mx\/index.php\/category\/cintillo\/"},"img":{"alt_text":"","src":"https:\/\/i0.wp.com\/www.grieta.org.mx\/wp-content\/uploads\/2019\/09\/Juanacatlan-ISaura-lopez.jpeg-cartel-696x522.jpeg?resize=350%2C200&ssl=1","width":350,"height":200,"srcset":"https:\/\/i0.wp.com\/www.grieta.org.mx\/wp-content\/uploads\/2019\/09\/Juanacatlan-ISaura-lopez.jpeg-cartel-696x522.jpeg?resize=350%2C200&ssl=1 1x, https:\/\/i0.wp.com\/www.grieta.org.mx\/wp-content\/uploads\/2019\/09\/Juanacatlan-ISaura-lopez.jpeg-cartel-696x522.jpeg?resize=525%2C300&ssl=1 1.5x"},"classes":[]},{"id":71024,"url":"https:\/\/www.grieta.org.mx\/index.php\/2025\/02\/10\/termoelectricas-aumentarian-la-contaminacion-jalisco\/","url_meta":{"origin":71821,"position":1},"title":"Termoel\u00e9ctricas aumentar\u00edan la contaminaci\u00f3n (Jalisco)","author":"grieta","date":"10 febrero, 2025","format":false,"excerpt":"Imagen: Especial Redacci\u00f3n \/ El Diario NTR Habitantes de Juanacatl\u00e1n y El Salto que hanluchado contra la\u00a0termoel\u00e9ctrica La Charrer\u00eda se manifestaron este lunes ante su posible reactivaci\u00f3n. La semana pasada, el gobierno federal anunci\u00f3 una nueva central de ciclo combinado en Jalisco, lo que reactiv\u00f3 las pl\u00e1ticas sobre el proyecto\u2026","rel":"","context":"En &quot;CINTILLO&quot;","block_context":{"text":"CINTILLO","link":"https:\/\/www.grieta.org.mx\/index.php\/category\/cintillo\/"},"img":{"alt_text":"","src":"https:\/\/i0.wp.com\/www.grieta.org.mx\/wp-content\/uploads\/2025\/02\/2025-02-10_04-02-38___1980.jpg?resize=350%2C200&ssl=1","width":350,"height":200,"srcset":"https:\/\/i0.wp.com\/www.grieta.org.mx\/wp-content\/uploads\/2025\/02\/2025-02-10_04-02-38___1980.jpg?resize=350%2C200&ssl=1 1x, https:\/\/i0.wp.com\/www.grieta.org.mx\/wp-content\/uploads\/2025\/02\/2025-02-10_04-02-38___1980.jpg?resize=525%2C300&ssl=1 1.5x, https:\/\/i0.wp.com\/www.grieta.org.mx\/wp-content\/uploads\/2025\/02\/2025-02-10_04-02-38___1980.jpg?resize=700%2C400&ssl=1 2x"},"classes":[]},{"id":41481,"url":"https:\/\/www.grieta.org.mx\/index.php\/2019\/11\/21\/juanacatlan-y-el-salto-luchan-contra-termoelectrica-y-gasoducto-jalisco\/","url_meta":{"origin":71821,"position":2},"title":"Juanacatl\u00e1n y El Salto luchan contra termoel\u00e9ctrica y gasoducto (Jalisco)","author":"grieta","date":"21 noviembre, 2019","format":false,"excerpt":"Foto: Especial Redacci\u00f3n \/ El Diario NTR La cercan\u00eda del gasoducto con las casas de habitantes y la contaminaci\u00f3n del suelo son algunos de los temores que habitantes de El Salto y Juanacatl\u00e1n tiene con respecto a la instalaci\u00f3n de una termoel\u00e9ctrica y el paso del gasoducto, proveniente de Aguascalientes,\u2026","rel":"","context":"En &quot;CINTILLO&quot;","block_context":{"text":"CINTILLO","link":"https:\/\/www.grieta.org.mx\/index.php\/category\/cintillo\/"},"img":{"alt_text":"","src":"https:\/\/i0.wp.com\/www.grieta.org.mx\/wp-content\/uploads\/2019\/11\/2019-11-21_02-11-33___8437.jpg?resize=350%2C200&ssl=1","width":350,"height":200,"srcset":"https:\/\/i0.wp.com\/www.grieta.org.mx\/wp-content\/uploads\/2019\/11\/2019-11-21_02-11-33___8437.jpg?resize=350%2C200&ssl=1 1x, https:\/\/i0.wp.com\/www.grieta.org.mx\/wp-content\/uploads\/2019\/11\/2019-11-21_02-11-33___8437.jpg?resize=525%2C300&ssl=1 1.5x, https:\/\/i0.wp.com\/www.grieta.org.mx\/wp-content\/uploads\/2019\/11\/2019-11-21_02-11-33___8437.jpg?resize=700%2C400&ssl=1 2x"},"classes":[]},{"id":72291,"url":"https:\/\/www.grieta.org.mx\/index.php\/2025\/09\/05\/frente-unido-convoca-a-apoyar-a-familias-desplazadas-en-san-sebastian-jalisco\/","url_meta":{"origin":71821,"position":3},"title":"Frente Unido convoca a apoyar a familias desplazadas en San Sebasti\u00e1n (Jalisco)","author":"grieta","date":"5 septiembre, 2025","format":false,"excerpt":"Imagen: Michelle V\u00e1zquez\/Archivo Miguel \u00c1ngel Vidal \/ El Diario NTR El Frente Unido por la Vivienda Digna y el Territorio lanz\u00f3 un llamado a la ciudadan\u00eda para apoyar a m\u00e1s de 300 familias desplazadas por de San Sebasti\u00e1n El Grande, Tlajomulco, por el mismo municipio, y quienes actualmente se encuentran\u2026","rel":"","context":"En &quot;CINTILLO&quot;","block_context":{"text":"CINTILLO","link":"https:\/\/www.grieta.org.mx\/index.php\/category\/cintillo\/"},"img":{"alt_text":"","src":"https:\/\/i0.wp.com\/www.grieta.org.mx\/wp-content\/uploads\/2025\/09\/2025-09-05_12-09-31___8052.jpg?resize=350%2C200&ssl=1","width":350,"height":200,"srcset":"https:\/\/i0.wp.com\/www.grieta.org.mx\/wp-content\/uploads\/2025\/09\/2025-09-05_12-09-31___8052.jpg?resize=350%2C200&ssl=1 1x, https:\/\/i0.wp.com\/www.grieta.org.mx\/wp-content\/uploads\/2025\/09\/2025-09-05_12-09-31___8052.jpg?resize=525%2C300&ssl=1 1.5x, https:\/\/i0.wp.com\/www.grieta.org.mx\/wp-content\/uploads\/2025\/09\/2025-09-05_12-09-31___8052.jpg?resize=700%2C400&ssl=1 2x"},"classes":[]},{"id":58493,"url":"https:\/\/www.grieta.org.mx\/index.php\/2021\/04\/11\/denuncian-agresion-contra-un-salto-de-vida-jalisco\/","url_meta":{"origin":71821,"position":4},"title":"Denuncian agresi\u00f3n contra Un Salto de Vida (Jalisco)","author":"grieta","date":"11 abril, 2021","format":false,"excerpt":"Foto:\u00a0 Jorge Alberto Mendoza Redacci\u00f3n \/ El Diario NTR La agrupaci\u00f3n Un Salto de Vida, cuya lucha es por la salud y por un medio ambiente sano en la cuenca Chapala-Santiago, denunci\u00f3 una agresi\u00f3n hacia dos integrantes del colectivo y su familia. De acuerdo con un comunicado, el s\u00e1bado en\u2026","rel":"","context":"En &quot;CINTILLO&quot;","block_context":{"text":"CINTILLO","link":"https:\/\/www.grieta.org.mx\/index.php\/category\/cintillo\/"},"img":{"alt_text":"","src":"https:\/\/i0.wp.com\/www.grieta.org.mx\/wp-content\/uploads\/2021\/04\/2021-04-11_09-04-00___8866.jpg?resize=350%2C200&ssl=1","width":350,"height":200,"srcset":"https:\/\/i0.wp.com\/www.grieta.org.mx\/wp-content\/uploads\/2021\/04\/2021-04-11_09-04-00___8866.jpg?resize=350%2C200&ssl=1 1x, https:\/\/i0.wp.com\/www.grieta.org.mx\/wp-content\/uploads\/2021\/04\/2021-04-11_09-04-00___8866.jpg?resize=525%2C300&ssl=1 1.5x, https:\/\/i0.wp.com\/www.grieta.org.mx\/wp-content\/uploads\/2021\/04\/2021-04-11_09-04-00___8866.jpg?resize=700%2C400&ssl=1 2x"},"classes":[]},{"id":5751,"url":"https:\/\/www.grieta.org.mx\/index.php\/2016\/09\/09\/contaminacion-y-danos-a-la-salud-por-desechos-urbanos-e-industriales-en-jalisco\/","url_meta":{"origin":71821,"position":5},"title":"Conflictos por contaminaci\u00f3n y da\u00f1os a la salud debido a desechos urbanos e industriales en Jalisco","author":"grieta","date":"9 septiembre, 2016","format":false,"excerpt":"Habitantes del Salto contra la contaminaci\u00f3n del Rio Santiago 09\/09\/16. El R\u00edo Santiago una cat\u00e1strofe ambientalSomos el Medio 07\/01\/15. R\u00edo entre metales pesados M\u00e1s por m\u00e1s Guadalajara\/Cr\u00f3nica de Sociales 08\/10\/15. Demandaremos a empresas por da\u00f1os al medio ambiente P\u00e1gina 24 Jalisco 02\/08\/15. M\u00e1s muertes cerca de r\u00edo contaminado Ntr Guadajara\u2026","rel":"","context":"En &quot;Jalisco&quot;","block_context":{"text":"Jalisco","link":"https:\/\/www.grieta.org.mx\/index.php\/category\/noticias-nacionales\/jalisco\/"},"img":{"alt_text":"","src":"https:\/\/i0.wp.com\/www.grieta.org.mx\/wp-content\/uploads\/2018\/03\/14524434_1106112876131411_958039263622046936_o.jpg?resize=350%2C200&ssl=1","width":350,"height":200,"srcset":"https:\/\/i0.wp.com\/www.grieta.org.mx\/wp-content\/uploads\/2018\/03\/14524434_1106112876131411_958039263622046936_o.jpg?resize=350%2C200&ssl=1 1x, https:\/\/i0.wp.com\/www.grieta.org.mx\/wp-content\/uploads\/2018\/03\/14524434_1106112876131411_958039263622046936_o.jpg?resize=525%2C300&ssl=1 1.5x, https:\/\/i0.wp.com\/www.grieta.org.mx\/wp-content\/uploads\/2018\/03\/14524434_1106112876131411_958039263622046936_o.jpg?resize=700%2C400&ssl=1 2x"},"classes":[]}],"_links":{"self":[{"href":"https:\/\/www.grieta.org.mx\/index.php\/wp-json\/wp\/v2\/posts\/71821","targetHints":{"allow":["GET"]}}],"collection":[{"href":"https:\/\/www.grieta.org.mx\/index.php\/wp-json\/wp\/v2\/posts"}],"about":[{"href":"https:\/\/www.grieta.org.mx\/index.php\/wp-json\/wp\/v2\/types\/post"}],"author":[{"embeddable":true,"href":"https:\/\/www.grieta.org.mx\/index.php\/wp-json\/wp\/v2\/users\/2"}],"replies":[{"embeddable":true,"href":"https:\/\/www.grieta.org.mx\/index.php\/wp-json\/wp\/v2\/comments?post=71821"}],"version-history":[{"count":1,"href":"https:\/\/www.grieta.org.mx\/index.php\/wp-json\/wp\/v2\/posts\/71821\/revisions"}],"predecessor-version":[{"id":71823,"href":"https:\/\/www.grieta.org.mx\/index.php\/wp-json\/wp\/v2\/posts\/71821\/revisions\/71823"}],"wp:featuredmedia":[{"embeddable":true,"href":"https:\/\/www.grieta.org.mx\/index.php\/wp-json\/wp\/v2\/media\/71822"}],"wp:attachment":[{"href":"https:\/\/www.grieta.org.mx\/index.php\/wp-json\/wp\/v2\/media?parent=71821"}],"wp:term":[{"taxonomy":"category","embeddable":true,"href":"https:\/\/www.grieta.org.mx\/index.php\/wp-json\/wp\/v2\/categories?post=71821"},{"taxonomy":"post_tag","embeddable":true,"href":"https:\/\/www.grieta.org.mx\/index.php\/wp-json\/wp\/v2\/tags?post=71821"}],"curies":[{"name":"wp","href":"https:\/\/api.w.org\/{rel}","templated":true}]}}