{"id":71818,"date":"2025-05-27T17:46:45","date_gmt":"2025-05-27T23:46:45","guid":{"rendered":"https:\/\/www.grieta.org.mx\/?p=71818"},"modified":"2025-06-08T18:02:10","modified_gmt":"2025-06-09T00:02:10","slug":"el-despojo-de-clase-mundial-de-la-cfe-en-tierras-zapotecas-oaxaca","status":"publish","type":"post","link":"https:\/\/www.grieta.org.mx\/index.php\/2025\/05\/27\/el-despojo-de-clase-mundial-de-la-cfe-en-tierras-zapotecas-oaxaca\/","title":{"rendered":"El despojo de clase mundial de la CFE en tierras zapotecas (Oaxaca)"},"content":{"rendered":"<p>Imagen: Istmo Press<\/p>\n<p>Diana Manzo \/ Istmos Press<\/p>\n<p>Oaxaca, Oax.- La subestaci\u00f3n el\u00e9ctrica que recibe, transforma y distribuye la energ\u00eda que producen 29 parques e\u00f3licos en Oaxaca fue construida sobre la injusticia denuncian comuneras y comuneros de Ixtepec, Oaxaca; quienes aseguran que hoy en sus tierras agrarias en vez de sembrar ma\u00edz, sorgo o ajonjol\u00ed, lo que hay son m\u00e1s de 300 torres y cables de alta tensi\u00f3n.<\/p>\n<p>As\u00ed es el despojo de clase mundial que desde hace 17 a\u00f1os luchan sin recibir respuesta de la empresa mexicana, qui\u00e9n se defiende que hay contratos, pagos y que se trat\u00f3 de una expropiaci\u00f3n avalada en asamblea, sin embargo, campesinas y campesinos confirman que no han recibido nada a pesar de las exigencias.<\/p>\n<p>El acceso ya no est\u00e1 permitido, porque sus tierras ya est\u00e1n siendo usadas para recibir la energ\u00eda que producen las m\u00e1s de mil 500 aerogeneradores, de los 29 parques e\u00f3licos instalados en el Istmo de Tehuantepec.<\/p>\n<p>En un recorrido por la subestaci\u00f3n, las comuneras y comuneros de 65 y 70 a\u00f1os de edad mostraron como en sus terrenos que antes produc\u00edan alimentos para la vida; hoy se les niega el acceso y hay vigilancia d\u00eda y noche los 365 d\u00edas.<\/p>\n<p>\u201cEs mi terreno y no puedo entrar, mira tiene una tremenda barda, un gran candado. Me da mucha tristeza y coraje ver que hay una enorme construcci\u00f3n con vigilancia, mi pap\u00e1 muri\u00f3 luchando por recuperar sus tierras\u201d, dijo Carmen Toledo Guzm\u00e1n de 70 a\u00f1os.<\/p>\n<p>Documentos oficiales emitidos por diversas autoridades federales, entre ellos, el Instituto de Administraci\u00f3n y Aval\u00faos de Bienes Nacionales (INDABIN) y el Registro Agrario Nacional (RAN) confirman este despojo colectivo, confirmando que no hubo ninguna acta de asamblea que avale que la comunidad agraria cedi\u00f3 sus terrenos para la obra de clase mundial.<\/p>\n<p>La defensa de las y comuneros a cargo de \u201cDefensores de la Justicia\u201d, confirman que no hubo expropiaci\u00f3n, pero s\u00ed un despojo; adem\u00e1s la empresa mexicana violent\u00f3 el Convenio 169 de la OIT, al no existir una consulta libre, previa e informada como lo marca el est\u00e1ndar internacional.<\/p>\n<p>El despojo de clase mundial es evidente de parte de la CFE se\u00f1alan las campesinas y campesinos quienes acusan que fue avalado por sus representantes agrarios de Ixtepec, Oaxaca, en ese entonces representado por Germ\u00e1n Rosado conocido como \u201cChebola\u201d, Alfonso de los Santos Santiago, en el 2008, -fecha se entregaron los terrenos a CFE-, y Baldomero Rosado y Juan Arrona.<\/p>\n<p>Aunque el desgaste f\u00edsico y emocional que ha dejado esos 17 a\u00f1os de lucha es evidente, no se rinden y aseguran que lo que queda es resistir por la v\u00eda legal.<\/p>\n<p>\u201cEl 25 de abril del 2024, promovimos con los abogados que nos acompa\u00f1an un amparo ante el juzgado federal donde con pruebas pedimos que CFE cumpla y nos pague, es evidente que lo que hizo ac\u00e1, fue un despojo de clase mundial\u201d.<\/p>\n<p>**Una injusticia al pueblo **<\/p>\n<p>\u201cHa sido una batalla muy dura y dif\u00edcil, hemos denunciado por todos lados, pero no nos hacen caso\u201d dice Jos\u00e9 Luis Palomec, campesino zapoteca de 70 a\u00f1os de edad y comunero de Ixtepec, Oaxaca que sigue en pie de lucha.<\/p>\n<p>En su terreno que abarca 2 hect\u00e1reas justo a la mitad est\u00e1n colocados unos enormes cables de alta tensi\u00f3n y dos torres de alta tensi\u00f3n, que impiden que haga vida en su patrimonio.<\/p>\n<p>La hija de Jos\u00e9 Luis Palomec de nombre Antonia se ha convertido en activista comunitaria, con el \u00fanico fin de que se le haga justicia a su gente.<\/p>\n<p>\u201cLlevamos 17 a\u00f1os, desde el 2008, pidi\u00e9ndole a las autoridades justicia para las y los campesinos, muchos porque creen que los campesinos son analfabetos y no. Por ejemplo, la Comisi\u00f3n Nacional de Derechos Humanos (CNDH) desech\u00f3 una queja donde le contamos de las violaciones graves que han vivido ellas y ellos, por ejemplo, que sus tierras no fueron expropiadas si no despojadas\u201d.<\/p>\n<p>La activista reafirma que la CFE argumenta que no afect\u00f3 a nadie, porque supuestamente dichas tierras son de uso com\u00fan, lo cual es una mentira, pues cada hect\u00e1rea cuenta con t\u00edtulo de propiedad de comuneras y comuneros, entonces dice es otra mentira de CFE y as\u00ed lo quiso hacer pasar con la jueza.<\/p>\n<p>Pero eso no es todo, Carmen Toledo Guzm\u00e1n de 70 a\u00f1os relata que siente mucha tristeza ver en las tierras de su padre, la CFE construy\u00f3 la subestaci\u00f3n que distribuye toda la energ\u00eda que producen los parques e\u00f3licos del Istmo.<\/p>\n<p>\u201cMi padre Luis Toledo Hern\u00e1ndez muri\u00f3 sin ver la justicia por sus tierras. La CFE la ocup\u00f3 para construir la subestaci\u00f3n, pero eso no es todo, se apoderaron de otro terreno de dos hect\u00e1reas donde desechan todos sus residuos, en fin, un despojo muy grande. No hubo contrato y no hemos recibido un solo peso\u201d, se\u00f1ala.<\/p>\n<p>* *Las tierras o la c\u00e1rcel **<\/p>\n<p>Cuando Alejandrino Mart\u00ednez Mendoza de 64 a\u00f1os edad lleg\u00f3 a su terreno ya estaba cercado con troncos de madera y alambres de p\u00faas. Tambi\u00e9n hab\u00eda unos hombres vestidos con ropa caf\u00e9 claro y logotipo de la CFE, ellos le dijeron que no pod\u00eda entrar a su terreno porque ah\u00ed se colocar\u00edan unas torres de una subestaci\u00f3n, entonces comenz\u00f3 la batalla.<\/p>\n<p>\u201cYo no entend\u00eda nada. Ese d\u00eda me enoj\u00e9 mucho, les dije a esos hombres que era mi terreno. Ellos mandaron a la polic\u00eda, y les dije, no porque me ves analfabeta, no voy a defender mi terreno. Ll\u00e9venme a la c\u00e1rcel, pero es mi terreno, sin embargo, las torres est\u00e1n en el centro de mi terreno, entonces no puedo ni meter mis ganados ni mucho menos cultivar mi ma\u00edz o mi calabaza\u201d.<\/p>\n<p>Alejandrino reconoce que el desgaste ha sido generalizado para todas y todos. \u201cA veces me enojo mucho y pienso, c\u00f3mo es posible que una empresa, que supuestamente es de todas y todos los mexicanos, nos quite nuestras tierras. Esto es un despojo\u201d.<\/p>\n<p>*Luchar\u00e9 por mi tierra hasta mi \u00faltimo d\u00eda *<\/p>\n<p>Aunque visiblemente desgastada por una enfermedad, no impide a Imelda Saavedra Palomec defender sus tierras que tambi\u00e9n hered\u00f3 de su padre.<\/p>\n<p>Relata qu\u00e9 tras acudir personalmente a las oficinas de la CFE ubicadas en Juchit\u00e1n, Oaxaca a media hora de Ciudad Ixtepec y la sorpresa que se llev\u00f3 fue que el encargado le coment\u00f3, qu\u00e9 a German Rosado, ex comisariado le pagaron por ocupar las 42 hect\u00e1reas.<\/p>\n<p>Imelda refiere que luchar\u00e1 hasta sus \u00faltimos d\u00edas, pues esas tierras significaron mucho para su pap\u00e1, qui\u00e9n falleci\u00f3 en el intento de ver una indemnizaci\u00f3n justa.<\/p>\n<p>Lo mismo ocurre con Isaura Morales Antonio de 70 a\u00f1os, con la muerte de su esposo, decide continuar luchando porque es lo justo.<\/p>\n<p>Recorre sus tierras mostrando que antes sembraba ma\u00edz, sorgo y ajonjol\u00ed y ahora no puede, porque en las 6 hect\u00e1reas de su terreno colocaron 3 torres de alta tensi\u00f3n de unos 40 metros cada uno.<\/p>\n<p>\u201cLas tierras se echaron a perder, es imposible sembrar, nos da mucha tristeza y coraje, porque nunca nos pidieron permiso, simplemente llegaron y colocaron esas enormes torres\u201d, afirma.<\/p>\n<p>*Una lucha de m\u00e1s de 6 mil d\u00edas *<\/p>\n<p>Laura Morales Ju\u00e1rez y Jos\u00e9 Juan Juli\u00e1n Santiago, son abogados ind\u00edgenas que forman parte de \u00abDefensores por la Justicia\u00bb, as\u00ed se llama el colectivo que crearon y que acompa\u00f1a a las y los comuneros en su lucha por buscar justicia intercultural, con perspectiva de g\u00e9nero y derechos humanos.<\/p>\n<p>Reconocen que la lucha que lleva m\u00e1s de 6 mil 200 d\u00edas no es una tarea f\u00e1cil, pues se trata de una encrucijada que surgi\u00f3 desde las instituciones p\u00fablicas, quienes han utilizado las pr\u00e1cticas comunitarias y cooptado a sus representantes, para implementar proyectos que lejos de beneficiar a quienes han sido afectados de la comunidad de Ciudad Ixtepec, ha ocasionado su divisi\u00f3n y violentado sus derechos a la tierra, territorio y recursos naturales.<\/p>\n<p>Adem\u00e1s, es de precisarse, que el resto de la comunidad o no sabe lo que ocurre, o simplemente normaliza o no toma en consideraci\u00f3n esta lucha que encabezan las comuneras y comuneros, pues como ellas y ellos mismos dicen, no se trata de exigir dinero, si no que no se violente m\u00e1s sus derechos nunca m\u00e1s.<\/p>\n<p>\u201cLa lucha de las comuneras y comuneros zapotecas es una lucha justa, pero en este pa\u00eds, esto no se acepta cuando se impulsan proyectos de supuesto desarrollo, ya que solo se busca impedir reconocer los derechos a la propiedad, posesi\u00f3n, uso y disfrute de las tierras, territorios y recursos naturales de quienes integran las comunidades ind\u00edgenas, y eso es una verg\u00fcenza, en un pa\u00eds que dice reconocer la diversidad cultural\u201d, se\u00f1alan los defensores.<\/p>\n<p>Dicen que a ra\u00edz de un amparo interpuesto han podido corroborar que existen irregularidades en torno a la actuaci\u00f3n de la CFE y la supuesta expropiaci\u00f3n de las tierras de la comunidad de Ciudad Ixtepec.<\/p>\n<p>La esperanza ahora, es la resoluci\u00f3n judicial, que esperan sea a su favor. \u201cEsperemos que por fin haya justicia, casi son 20 a\u00f1os de lucha contra el despojo de una empresa de clase mundial\u201d.<\/p>\n<p><a href=\"https:\/\/www.istmopress.com.mx\/uni\/uncategorized\/el-despojo-de-clase-mundial-de-la-cfe-en-tierras-zapotecas-de-oaxaca\/\">https:\/\/www.istmopress.com.mx\/uni\/uncategorized\/el-despojo-de-clase-mundial-de-la-cfe-en-tierras-zapotecas-de-oaxaca\/<\/a><\/p>\n","protected":false},"excerpt":{"rendered":"<p>Imagen: Istmo Press Diana Manzo \/ Istmos Press Oaxaca, Oax.- La subestaci\u00f3n el\u00e9ctrica que recibe, transforma y distribuye la energ\u00eda que producen 29 parques e\u00f3licos en Oaxaca fue construida sobre &hellip; <a href=\"https:\/\/www.grieta.org.mx\/index.php\/2025\/05\/27\/el-despojo-de-clase-mundial-de-la-cfe-en-tierras-zapotecas-oaxaca\/\" class=\"more-link\">Leer m\u00e1s<\/a><\/p>\n","protected":false},"author":2,"featured_media":71819,"comment_status":"closed","ping_status":"closed","sticky":false,"template":"","format":"standard","meta":{"ngg_post_thumbnail":0,"_jetpack_newsletter_access":"","_jetpack_dont_email_post_to_subs":false,"_jetpack_newsletter_tier_id":0,"_jetpack_memberships_contains_paywalled_content":false,"_jetpack_memberships_contains_paid_content":false,"footnotes":""},"categories":[49,80,1358,1306,1605,1278,1,3,922,941,2,25,37],"tags":[291,2849,628,2793,2465,2285,4136,3703,516,3425],"class_list":["post-71818","post","type-post","status-publish","format-standard","has-post-thumbnail","hentry","category-5-istmo","category-cintillo","category-conflictos-por-megaproyectos-en-oaxaca","category-conflictos-por-parques-eolicos-en-oaxaca","category-despojo-de-tierras-en-oaxaca","category-despojo-de-tierras-y-territorios","category-espejos-de-la-resistencia","category-megaproyectos","category-megaproyectos-estados","category-mp-oaxaca","category-noticias-nacionales","category-oaxaca","category-parques-eolicos","tag-cfe","tag-conflictos-con-la-cfe","tag-defensa-del-territorio","tag-defensores-territorio","tag-despojo-de-territorios-indigenas","tag-despojo-de-tierra","tag-espejo-5","tag-lucha-contra-megapoyectos","tag-parques-eolicos","tag-zapoteco","entry"],"jetpack_featured_media_url":"https:\/\/www.grieta.org.mx\/wp-content\/uploads\/2025\/06\/IMG_7479-800x445-1.jpeg","jetpack_sharing_enabled":true,"jetpack_shortlink":"https:\/\/wp.me\/p7ZJR4-iGm","jetpack_likes_enabled":false,"jetpack-related-posts":[{"id":66213,"url":"https:\/\/www.grieta.org.mx\/index.php\/2023\/02\/07\/amlo-decreta-expropiacion-de-tierras-en-el-istmo-para-construccion-de-parques-industriales-oaxaca\/","url_meta":{"origin":71818,"position":0},"title":"AMLO decreta expropiaci\u00f3n de tierras en el Istmo para construcci\u00f3n de parques industriales (Oaxaca)","author":"grieta","date":"7 febrero, 2023","format":false,"excerpt":"Imagen: Avispa Midia Redacci\u00f3n \/ Avispa Midia El pasado jueves 2 de febrero, el presidente de M\u00e9xico, Andr\u00e9s Manuel L\u00f3pez Obrador, public\u00f3 en el Diario Oficial de la Federaci\u00f3n (DOF) dos decretos que consolidan la expropiaci\u00f3n de 412 hect\u00e1reas de tierras comunales en\u00a0Ciudad Ixtepec\u00a0y de 502 en\u00a0Santa Mar\u00eda Mixtequilla, en\u2026","rel":"","context":"En &quot;CINTILLO&quot;","block_context":{"text":"CINTILLO","link":"https:\/\/www.grieta.org.mx\/index.php\/category\/cintillo\/"},"img":{"alt_text":"","src":"https:\/\/i0.wp.com\/www.grieta.org.mx\/wp-content\/uploads\/2023\/02\/Istmo.jpg?resize=350%2C200&ssl=1","width":350,"height":200,"srcset":"https:\/\/i0.wp.com\/www.grieta.org.mx\/wp-content\/uploads\/2023\/02\/Istmo.jpg?resize=350%2C200&ssl=1 1x, https:\/\/i0.wp.com\/www.grieta.org.mx\/wp-content\/uploads\/2023\/02\/Istmo.jpg?resize=525%2C300&ssl=1 1.5x, https:\/\/i0.wp.com\/www.grieta.org.mx\/wp-content\/uploads\/2023\/02\/Istmo.jpg?resize=700%2C400&ssl=1 2x"},"classes":[]},{"id":65745,"url":"https:\/\/www.grieta.org.mx\/index.php\/2022\/11\/16\/despues-de-nueve-anos-de-lucha-y-resistencia-empresa-eolica-devolvera-territorio-a-comunidad-zapoteca-de-union-hidalgo-oaxaca\/","url_meta":{"origin":71818,"position":1},"title":"Despu\u00e9s de nueve a\u00f1os de lucha y resistencia, empresa e\u00f3lica devolver\u00e1 territorio a comunidad zapoteca de Uni\u00f3n Hidalgo (Oaxaca)","author":"grieta","date":"16 noviembre, 2022","format":false,"excerpt":"Imagen: ProDESC *Declara la nulidad de contratos de empresa e\u00f3lica filial de Renovalia Energy. *Es el segundo triunfo de la comunidad zapoteca de Uni\u00f3n Hidalgo contra empresas e\u00f3licas transnacionales. *Ahora la empresa Demex deber\u00e1 desocupar y regresar parte de los terrenos que ocup\u00f3 para su parque e\u00f3lico Piedra Larga. Pedro\u2026","rel":"","context":"En &quot;5. Istmo&quot;","block_context":{"text":"5. Istmo","link":"https:\/\/www.grieta.org.mx\/index.php\/category\/espejos-de-la-resistencia\/5-istmo\/"},"img":{"alt_text":"","src":"https:\/\/i0.wp.com\/www.grieta.org.mx\/wp-content\/uploads\/2022\/11\/union-hidalgo-demex-prodesc-nulidad-contrato-1.webp?resize=350%2C200&ssl=1","width":350,"height":200,"srcset":"https:\/\/i0.wp.com\/www.grieta.org.mx\/wp-content\/uploads\/2022\/11\/union-hidalgo-demex-prodesc-nulidad-contrato-1.webp?resize=350%2C200&ssl=1 1x, https:\/\/i0.wp.com\/www.grieta.org.mx\/wp-content\/uploads\/2022\/11\/union-hidalgo-demex-prodesc-nulidad-contrato-1.webp?resize=525%2C300&ssl=1 1.5x"},"classes":[]},{"id":1845,"url":"https:\/\/www.grieta.org.mx\/index.php\/2016\/01\/03\/este-ano-habra-27-parques-eolicos-en-el-istmo\/","url_meta":{"origin":71818,"position":2},"title":"Este a\u00f1o habr\u00e1 27 parques e\u00f3licos en el Istmo","author":"grieta","date":"3 enero, 2016","format":false,"excerpt":"Noticias Net Roselia Chaca, Juchit\u00e1n, Oaxaca.- De acuerdo al mapa de parques e\u00f3licos que muestra en su p\u00e1gina electr\u00f3nica la Asociaci\u00f3n Mexicana de Energ\u00eda E\u00f3lica (AMDEE) el Istmo de Tehuantepec tendr\u00e1 para este 2016 un total de 27 parques e\u00f3licos, con m\u00e1s de mil 500 aerogeneradores. Al cierre del 2015\u2026","rel":"","context":"En &quot;CINTILLO&quot;","block_context":{"text":"CINTILLO","link":"https:\/\/www.grieta.org.mx\/index.php\/category\/cintillo\/"},"img":{"alt_text":"","src":"https:\/\/i0.wp.com\/www.grieta.org.mx\/wp-content\/uploads\/2018\/03\/14524434_1106112876131411_958039263622046936_o.jpg?resize=350%2C200&ssl=1","width":350,"height":200,"srcset":"https:\/\/i0.wp.com\/www.grieta.org.mx\/wp-content\/uploads\/2018\/03\/14524434_1106112876131411_958039263622046936_o.jpg?resize=350%2C200&ssl=1 1x, https:\/\/i0.wp.com\/www.grieta.org.mx\/wp-content\/uploads\/2018\/03\/14524434_1106112876131411_958039263622046936_o.jpg?resize=525%2C300&ssl=1 1.5x, https:\/\/i0.wp.com\/www.grieta.org.mx\/wp-content\/uploads\/2018\/03\/14524434_1106112876131411_958039263622046936_o.jpg?resize=700%2C400&ssl=1 2x"},"classes":[]},{"id":72174,"url":"https:\/\/www.grieta.org.mx\/index.php\/2025\/08\/11\/pueblos-indigenas-del-istmo-de-tehuantepec-refuerzan-su-lucha-contra-megaproyectos-extractivistas-oaxaca\/","url_meta":{"origin":71818,"position":3},"title":"Pueblos ind\u00edgenas del Istmo de Tehuantepec refuerzan su lucha contra megaproyectos extractivistas (Oaxaca)","author":"grieta","date":"11 agosto, 2025","format":false,"excerpt":"Imagen: Somos el Medio Comunidades chontales, zapotecas e ikoots denunciaron que megaproyectos como el Corredor Interoce\u00e1nico y la miner\u00eda violan sus derechos colectivos mientras anuncian nuevas estrategias de resistencia territorial. Redacci\u00f3n \/ @Somoselmedio Ciudad de M\u00e9xico, 11 de agosto 2025.- Con un llamado urgente a la unidad de los pueblos\u2026","rel":"","context":"En &quot;5. Istmo&quot;","block_context":{"text":"5. Istmo","link":"https:\/\/www.grieta.org.mx\/index.php\/category\/espejos-de-la-resistencia\/5-istmo\/"},"img":{"alt_text":"","src":"https:\/\/i0.wp.com\/www.grieta.org.mx\/wp-content\/uploads\/2025\/08\/529219594_1183510233813309_6588029443724338084_n.webp?resize=350%2C200&ssl=1","width":350,"height":200,"srcset":"https:\/\/i0.wp.com\/www.grieta.org.mx\/wp-content\/uploads\/2025\/08\/529219594_1183510233813309_6588029443724338084_n.webp?resize=350%2C200&ssl=1 1x, https:\/\/i0.wp.com\/www.grieta.org.mx\/wp-content\/uploads\/2025\/08\/529219594_1183510233813309_6588029443724338084_n.webp?resize=525%2C300&ssl=1 1.5x, https:\/\/i0.wp.com\/www.grieta.org.mx\/wp-content\/uploads\/2025\/08\/529219594_1183510233813309_6588029443724338084_n.webp?resize=700%2C400&ssl=1 2x, https:\/\/i0.wp.com\/www.grieta.org.mx\/wp-content\/uploads\/2025\/08\/529219594_1183510233813309_6588029443724338084_n.webp?resize=1050%2C600&ssl=1 3x, https:\/\/i0.wp.com\/www.grieta.org.mx\/wp-content\/uploads\/2025\/08\/529219594_1183510233813309_6588029443724338084_n.webp?resize=1400%2C800&ssl=1 4x"},"classes":[]},{"id":65997,"url":"https:\/\/www.grieta.org.mx\/index.php\/2022\/12\/14\/ven-en-el-interoceanico-proyecto-de-saqueo-y-despojo-apiidtt-15-anos-de-lucha-y-resistencia-por-la-vida-oaxaca\/","url_meta":{"origin":71818,"position":4},"title":"Ven en el Interoce\u00e1nico proyecto de saqueo y despojo, APIIDTT 15 a\u00f1os de lucha y resistencia por la vida (Oaxaca)","author":"grieta","date":"14 diciembre, 2022","format":false,"excerpt":"Imagen: Cortes\u00eda Gerardo Valdivieso Parada \/ NVINoticias SAN BLAS ATEMPA, Oaxaca.- Integrantes de la Asamblea de los Pueblos Ind\u00edgenas del Istmo en Defensa de la Tierra y el Territorio (APIIDTT) conmemoraron 15 a\u00f1os \u201cen este caminar de lucha y resistencia por la defensa de la vida, tierra y territorio\u201d. En\u2026","rel":"","context":"En &quot;5. Istmo&quot;","block_context":{"text":"5. Istmo","link":"https:\/\/www.grieta.org.mx\/index.php\/category\/espejos-de-la-resistencia\/5-istmo\/"},"img":{"alt_text":"","src":"https:\/\/i0.wp.com\/www.grieta.org.mx\/wp-content\/uploads\/2022\/12\/proyecto_interoceanico.webp?resize=350%2C200&ssl=1","width":350,"height":200,"srcset":"https:\/\/i0.wp.com\/www.grieta.org.mx\/wp-content\/uploads\/2022\/12\/proyecto_interoceanico.webp?resize=350%2C200&ssl=1 1x, https:\/\/i0.wp.com\/www.grieta.org.mx\/wp-content\/uploads\/2022\/12\/proyecto_interoceanico.webp?resize=525%2C300&ssl=1 1.5x, https:\/\/i0.wp.com\/www.grieta.org.mx\/wp-content\/uploads\/2022\/12\/proyecto_interoceanico.webp?resize=700%2C400&ssl=1 2x"},"classes":[]},{"id":67028,"url":"https:\/\/www.grieta.org.mx\/index.php\/2023\/06\/15\/comunidad-indigena-binniza-de-puente-madera-detiene-polo-de-desarrollo-del-corredor-interoceanico-del-istmo-de-tehuantepec\/","url_meta":{"origin":71818,"position":5},"title":"Comunidad ind\u00edgena Binniza de Puente Madera detiene Polo de Desarrollo del Corredor Interoce\u00e1nico del Istmo de Tehuantepec (Oaxaca)","author":"grieta","date":"15 junio, 2023","format":false,"excerpt":"Imagen: P\u00e1gina 3 Pedro Mat\u00edas \/ P\u00e1gina 3 OAXACA, Oax. (pagina3.mx).- La comunidad ind\u00edgena Binniza de Puente Madera logr\u00f3 detener mediante un juicio de amparo el Polo de Desarrollo para el Bienestar en San Blas Atempa que pretende imponer el presidente Andr\u00e9s Manuel L\u00f3pez Obrador como parte del Corredor Interoce\u00e1nico\u2026","rel":"","context":"En &quot;5. Istmo&quot;","block_context":{"text":"5. Istmo","link":"https:\/\/www.grieta.org.mx\/index.php\/category\/espejos-de-la-resistencia\/5-istmo\/"},"img":{"alt_text":"","src":"https:\/\/i0.wp.com\/www.grieta.org.mx\/wp-content\/uploads\/2023\/06\/IMG_4332.webp?resize=350%2C200&ssl=1","width":350,"height":200,"srcset":"https:\/\/i0.wp.com\/www.grieta.org.mx\/wp-content\/uploads\/2023\/06\/IMG_4332.webp?resize=350%2C200&ssl=1 1x, https:\/\/i0.wp.com\/www.grieta.org.mx\/wp-content\/uploads\/2023\/06\/IMG_4332.webp?resize=525%2C300&ssl=1 1.5x"},"classes":[]}],"_links":{"self":[{"href":"https:\/\/www.grieta.org.mx\/index.php\/wp-json\/wp\/v2\/posts\/71818","targetHints":{"allow":["GET"]}}],"collection":[{"href":"https:\/\/www.grieta.org.mx\/index.php\/wp-json\/wp\/v2\/posts"}],"about":[{"href":"https:\/\/www.grieta.org.mx\/index.php\/wp-json\/wp\/v2\/types\/post"}],"author":[{"embeddable":true,"href":"https:\/\/www.grieta.org.mx\/index.php\/wp-json\/wp\/v2\/users\/2"}],"replies":[{"embeddable":true,"href":"https:\/\/www.grieta.org.mx\/index.php\/wp-json\/wp\/v2\/comments?post=71818"}],"version-history":[{"count":1,"href":"https:\/\/www.grieta.org.mx\/index.php\/wp-json\/wp\/v2\/posts\/71818\/revisions"}],"predecessor-version":[{"id":71820,"href":"https:\/\/www.grieta.org.mx\/index.php\/wp-json\/wp\/v2\/posts\/71818\/revisions\/71820"}],"wp:featuredmedia":[{"embeddable":true,"href":"https:\/\/www.grieta.org.mx\/index.php\/wp-json\/wp\/v2\/media\/71819"}],"wp:attachment":[{"href":"https:\/\/www.grieta.org.mx\/index.php\/wp-json\/wp\/v2\/media?parent=71818"}],"wp:term":[{"taxonomy":"category","embeddable":true,"href":"https:\/\/www.grieta.org.mx\/index.php\/wp-json\/wp\/v2\/categories?post=71818"},{"taxonomy":"post_tag","embeddable":true,"href":"https:\/\/www.grieta.org.mx\/index.php\/wp-json\/wp\/v2\/tags?post=71818"}],"curies":[{"name":"wp","href":"https:\/\/api.w.org\/{rel}","templated":true}]}}