{"id":71812,"date":"2025-06-07T17:09:33","date_gmt":"2025-06-07T23:09:33","guid":{"rendered":"https:\/\/www.grieta.org.mx\/?p=71812"},"modified":"2025-06-08T17:32:20","modified_gmt":"2025-06-08T23:32:20","slug":"manifestacion-en-puerto-vallarta-exigen-al-hotel-sunscape-abrir-acceso-a-playa-holi-jalisco","status":"publish","type":"post","link":"https:\/\/www.grieta.org.mx\/index.php\/2025\/06\/07\/manifestacion-en-puerto-vallarta-exigen-al-hotel-sunscape-abrir-acceso-a-playa-holi-jalisco\/","title":{"rendered":"Manifestaci\u00f3n en Puerto Vallarta; exigen al Hotel Sunscape abrir acceso a playa Holi (Jalisco)"},"content":{"rendered":"<p>Imagen: Tribuna de la Bah\u00eda<\/p>\n<p>Miguel Gonz\u00e1lez Guerra \/ Tribuna de la Bah\u00eda<\/p>\n<p>Aproximadamente un centenar de ciudadanos se manifest\u00f3 la ma\u00f1ana de este s\u00e1bado sobre el bulevar Francisco Medina Ascencio, en el cruce con la avenida Fluvial Vallarta, en plena Zona Hotelera Norte, para exigir la reapertura del viejo callej\u00f3n del que fuera el hotel Holiday Inn, hoy Hyatt Sunscape, ya que tambi\u00e9n se ha bloqueado el acceso a la playa a los propietarios del edificio vecino, Condomar.<\/p>\n<p>Exigen abrir acceso a playa Holi<\/p>\n<p>La protesta se desarroll\u00f3 de forma pac\u00edfica, sin afectar a la poblaci\u00f3n ni al tr\u00e1fico vehicular, aunque por unos momentos un representante de la organizaci\u00f3n RCPN se infiltr\u00f3 e intent\u00f3 agitar los \u00e1nimos, alentando a la gente a ingresar por la fuerza. Sin embargo, los organizadores y ciudadanos contuvieron la situaci\u00f3n. Incluso, varios automovilistas que pasaban sonaron el claxon en se\u00f1al de apoyo.<\/p>\n<p>Vallartenses y residentes de todas las edades, incluso algunos en sillas de ruedas, se apostaron en la transitada avenida. A gritos, con trompetillas, cartulinas y lonas, expresaron su rechazo a lo que ocurre en las inmediaciones de la popular Playa Holi. Entre las pancartas se le\u00eda:<\/p>\n<p>\u201cHoteles Hyatt Sunscape bloquearon nuestro acceso a la playa. \u00a1En M\u00e9xico las playas son de todos!\u201d; \u201cExigimos respeto a nuestros derechos y libre acceso a nuestro patrimonio natural\u201d; \u201c\u00a1No m\u00e1s privatizaci\u00f3n ilegal de las playas!\u201d; \u201cAcceso libre y gratuito a la playa; la playa es de todos\u201d y \u201cNo m\u00e1s injusticia: playa p\u00fablica\u201d<br \/>\nQuienes viven en los departamentos Condomar denunciaron que se les cobra por ingresar a las instalaciones y la playa, a pesar de ser propietarios. Han llegado al hartazgo, pues ahora deben portar un brazalete como si fueran turistas, ya que se les ha restringido el libre acceso. Aun cuando el hotel afirma que se trata de propiedad privada, los residentes insisten en que deben tener un paso garantizado.<\/p>\n<p>Exigen abrir acceso a playa Holi<\/p>\n<p>Uno de los manifestantes, Alonso Soto, explic\u00f3:<\/p>\n<p>\u201cOriginalmente, los propietarios compraron compartiendo instalaciones con el hotel; se les vendi\u00f3 con acceso gratuito. Despu\u00e9s, se les quiso cobrar 11 mil d\u00f3lares al a\u00f1o para acceder a las instalaciones, incluida la playa. Si se pagaba a tiempo, eran 5,500 d\u00f3lares anuales. Luego lo quitaron y ahora deben dejar un dep\u00f3sito de 2 mil d\u00f3lares y pagar un \u2018todo incluido\u2019 de 100 d\u00f3lares por adulto y 50 por ni\u00f1o aproximadamente.\u201d<br \/>\n\u00c9l mismo subray\u00f3:<\/p>\n<p>\u201cSabemos que los que viven ah\u00ed no pagan un todo incluido solo para ir a la playa. Son personas discapacitadas, de la tercera edad, nativos de Vallarta, profesores\u2026 Cuentan historias de cuando pod\u00edan pasar libremente. Poco a poco fueron cerrando el paso y ahora ya definitivamente cobran 100 d\u00f3lares.\u201d<br \/>\nLos manifestantes caminaron hasta la calle empedrada de ingreso al hotel y a los condominios, donde encontraron la reja cerrada y un letrero de \u201cPropiedad Privada\u201d. El guardia de seguridad les neg\u00f3 el paso y llam\u00f3 a sus superiores. Sali\u00f3 entonces el gerente general, Miguel Beltr\u00e1n, quien fue recibido con gritos como \u201c\u00a1Verg\u00fcenza te deber\u00eda dar como mexicano!\u201d y \u201c\u00a1Son muy arbitrarios!\u201d<\/p>\n<p>El ejecutivo asegur\u00f3 que no hay problema para permitir el acceso a propietarios y visitantes, pero los invitados deben ser reportados previamente, conforme a sus protocolos. Aclar\u00f3 que la propiedad en Condomar es independiente del hotel. Sin embargo, los presentes le reprocharon no haber respondido correos ni solicitudes anteriores.<\/p>\n<p>Exigen abrir acceso a playa Holi<\/p>\n<p>Beltr\u00e1n puntualiz\u00f3 que se trata de una propiedad privada y que nunca ha existido un paso p\u00fablico por esa v\u00eda. Reconoci\u00f3 que no son due\u00f1os de la playa, pero argument\u00f3 que s\u00ed pueden decidir si dan acceso por esa calle.<\/p>\n<p>\u201cHabr\u00e1 que demostrarlo legalmente si estamos obligados a dar el acceso. Existe un paso peatonal a 190 metros de aqu\u00ed\u201d, afirm\u00f3. Sin embargo, los manifestantes replicaron que el paso est\u00e1 a 850 metros y que no buscan acceder a las albercas o restaurantes, sino \u00fanicamente a la playa.<br \/>\nEl gerente insisti\u00f3:<\/p>\n<p>\u201cEs privado. Pueden pasar\u2026 pero no a la playa. Formen una comisi\u00f3n y entonces legalmente pueden defender lo que dicen.\u201d<br \/>\nEntre las manifestantes se encontraba la se\u00f1ora Esperanza L\u00f3pez, quien, visiblemente molesta, increp\u00f3 al gerente y expres\u00f3 su indignaci\u00f3n:<\/p>\n<p>\u201cSomos propietarios. Llegamos y nos ponen brazalete, letreros de propiedad privada, tenemos que decir a d\u00f3nde vamos. \u00bfPor qu\u00e9? \u00a1Si voy a mi casa! \u00a1Soy due\u00f1a! Me cost\u00f3 trabajo comprarlo hace seis a\u00f1os, y en ese entonces ten\u00edamos otras condiciones. Ahora simplemente no nos dejan pasar y nos rodean de seguridad. \u00a1No somos delincuentes!\u201d<br \/>\nExigen abrir acceso a playa Holi<\/p>\n<p>El regidor del Ayuntamiento de Puerto Vallarta, Christian Omar Bravo Carbajal, presidente de la comisi\u00f3n edilicia de Playas libres, limpias y certificadas, estuvo presente como observador. En entrevista declar\u00f3:<\/p>\n<p>\u201cMe invitaron a escuchar. Se trata del tema del libre acceso. Tendremos que analizarlo para saber si existe legalmente, y si es as\u00ed, lucharemos por \u00e9l. Por ahora, vengo a informarme de ambas partes y, a partir de ah\u00ed, trabajar.\u201d<br \/>\nComo no se abri\u00f3 la reja, los manifestantes caminaron aproximadamente un kil\u00f3metro por el parque lineal de la ribera del r\u00edo Pitillal para llegar a la Playa Holi, donde constataron la existencia de infraestructura que delimita el hotel, elementos de seguridad y m\u00e1s letreros de propiedad privada.<\/p>\n<p>Anunciaron que seguir\u00e1n exigiendo la reapertura del acceso de forma legal y p\u00fablica.<\/p>\n<p><a href=\"https:\/\/tribunadelabahia.com.mx\/manifestacion-sunscape-cceso-playa-holi\/\">https:\/\/tribunadelabahia.com.mx\/manifestacion-sunscape-cceso-playa-holi\/<\/a><\/p>\n","protected":false},"excerpt":{"rendered":"<p>Imagen: Tribuna de la Bah\u00eda Miguel Gonz\u00e1lez Guerra \/ Tribuna de la Bah\u00eda Aproximadamente un centenar de ciudadanos se manifest\u00f3 la ma\u00f1ana de este s\u00e1bado sobre el bulevar Francisco Medina &hellip; <a href=\"https:\/\/www.grieta.org.mx\/index.php\/2025\/06\/07\/manifestacion-en-puerto-vallarta-exigen-al-hotel-sunscape-abrir-acceso-a-playa-holi-jalisco\/\" class=\"more-link\">Leer m\u00e1s<\/a><\/p>\n","protected":false},"author":2,"featured_media":71813,"comment_status":"closed","ping_status":"closed","sticky":false,"template":"","format":"standard","meta":{"ngg_post_thumbnail":0,"_jetpack_newsletter_access":"","_jetpack_dont_email_post_to_subs":false,"_jetpack_newsletter_tier_id":0,"_jetpack_memberships_contains_paywalled_content":false,"_jetpack_memberships_contains_paid_content":false,"footnotes":""},"categories":[80,1736,1278,2561,20,2,83],"tags":[628,2311,2630,3100,880,285,3823],"class_list":["post-71812","post","type-post","status-publish","format-standard","has-post-thumbnail","hentry","category-cintillo","category-despojo-de-territorio-en-jalisco","category-despojo-de-tierras-y-territorios","category-destruccion-ambiental-en-jalisco","category-jalisco","category-noticias-nacionales","category-temas-nacionales","tag-defensa-del-territorio","tag-despojo-de-tierras","tag-playas","tag-privatizacion-de-playas","tag-protestas","tag-turismo","tag-turismo-depredador","entry"],"jetpack_featured_media_url":"https:\/\/www.grieta.org.mx\/wp-content\/uploads\/2025\/06\/Exigen-abrir-acceso-a-playa-Holi6.jpeg","jetpack_sharing_enabled":true,"jetpack_shortlink":"https:\/\/wp.me\/p7ZJR4-iGg","jetpack_likes_enabled":false,"jetpack-related-posts":[{"id":71809,"url":"https:\/\/www.grieta.org.mx\/index.php\/2025\/06\/02\/hotel-plaza-pelicanos-bloquea-acceso-a-playa-las-glorias-con-macetones-jalisco\/","url_meta":{"origin":71812,"position":0},"title":"Hotel Plaza Pel\u00edcanos bloquea acceso a playa Las Glorias con macetones (Jalisco)","author":"grieta","date":"2 junio, 2025","format":false,"excerpt":"Imagen: Tribuna de la Bah\u00eda Miguel Gonz\u00e1lez Guerra \/ Tribuna de la Bah\u00eda Denuncias ciudadanas recibidas por CPS Noticias\u2013Tribuna de la Bah\u00eda alertaron sobre el presunto intento del hotel Plaza Pel\u00edcanos de privatizar arbitrariamente la calle Pablo Picasso, \u00fanico acceso vehicular a la popular playa Las Glorias, en la zona\u2026","rel":"","context":"En &quot;CINTILLO&quot;","block_context":{"text":"CINTILLO","link":"https:\/\/www.grieta.org.mx\/index.php\/category\/cintillo\/"},"img":{"alt_text":"","src":"https:\/\/i0.wp.com\/www.grieta.org.mx\/wp-content\/uploads\/2025\/06\/Bloquean-acceso-a-playa-Las-Glorias1.jpg?resize=350%2C200&ssl=1","width":350,"height":200,"srcset":"https:\/\/i0.wp.com\/www.grieta.org.mx\/wp-content\/uploads\/2025\/06\/Bloquean-acceso-a-playa-Las-Glorias1.jpg?resize=350%2C200&ssl=1 1x, https:\/\/i0.wp.com\/www.grieta.org.mx\/wp-content\/uploads\/2025\/06\/Bloquean-acceso-a-playa-Las-Glorias1.jpg?resize=525%2C300&ssl=1 1.5x, https:\/\/i0.wp.com\/www.grieta.org.mx\/wp-content\/uploads\/2025\/06\/Bloquean-acceso-a-playa-Las-Glorias1.jpg?resize=700%2C400&ssl=1 2x, https:\/\/i0.wp.com\/www.grieta.org.mx\/wp-content\/uploads\/2025\/06\/Bloquean-acceso-a-playa-Las-Glorias1.jpg?resize=1050%2C600&ssl=1 3x"},"classes":[]},{"id":62398,"url":"https:\/\/www.grieta.org.mx\/index.php\/2021\/10\/12\/persiste-la-privatizacion-de-playas-en-marina-vallarta-jalisco\/","url_meta":{"origin":71812,"position":1},"title":"Persiste la privatizaci\u00f3n de playas en Marina Vallarta (Jalisco)","author":"grieta","date":"12 octubre, 2021","format":false,"excerpt":"Foto: Tribuna de la Bah\u00eda Alberto Garc\u00eda \/ Tribuna de la Bah\u00eda Instituida el pasado 22 de octubre del 2020 en el Congreso de La Uni\u00f3n, esta ley entr\u00f3 en vigor como decreto para prohibir la privatizaci\u00f3n de playas, y es obligaci\u00f3n de la SEMARNAT coordinarse con autoridades estatales y\u2026","rel":"","context":"En &quot;CINTILLO&quot;","block_context":{"text":"CINTILLO","link":"https:\/\/www.grieta.org.mx\/index.php\/category\/cintillo\/"},"img":{"alt_text":"","src":"https:\/\/i0.wp.com\/www.grieta.org.mx\/wp-content\/uploads\/2021\/10\/la-nueva-la-nueva-ley-general-de-bienes-nacionales-en-la-que-se-prohibe-la-privatizacion-y-la-obstaculizacion-de-ingreso-a-las-playas-en-marina-vallarta-es-letra-muerta-cover.jpg?resize=350%2C200&ssl=1","width":350,"height":200,"srcset":"https:\/\/i0.wp.com\/www.grieta.org.mx\/wp-content\/uploads\/2021\/10\/la-nueva-la-nueva-ley-general-de-bienes-nacionales-en-la-que-se-prohibe-la-privatizacion-y-la-obstaculizacion-de-ingreso-a-las-playas-en-marina-vallarta-es-letra-muerta-cover.jpg?resize=350%2C200&ssl=1 1x, https:\/\/i0.wp.com\/www.grieta.org.mx\/wp-content\/uploads\/2021\/10\/la-nueva-la-nueva-ley-general-de-bienes-nacionales-en-la-que-se-prohibe-la-privatizacion-y-la-obstaculizacion-de-ingreso-a-las-playas-en-marina-vallarta-es-letra-muerta-cover.jpg?resize=525%2C300&ssl=1 1.5x, https:\/\/i0.wp.com\/www.grieta.org.mx\/wp-content\/uploads\/2021\/10\/la-nueva-la-nueva-ley-general-de-bienes-nacionales-en-la-que-se-prohibe-la-privatizacion-y-la-obstaculizacion-de-ingreso-a-las-playas-en-marina-vallarta-es-letra-muerta-cover.jpg?resize=700%2C400&ssl=1 2x"},"classes":[]},{"id":57366,"url":"https:\/\/www.grieta.org.mx\/index.php\/2021\/03\/03\/bloquean-ejidatarios-acceso-a-vallarta-por-la-via-mascota-exigen-al-gobierno-pago-de-sus-tierras-jalisco\/","url_meta":{"origin":71812,"position":2},"title":"Bloquean ejidatarios acceso a Vallarta por la v\u00eda Mascota, exigen al gobierno pago de sus tierras (Jalisco)","author":"grieta","date":"3 marzo, 2021","format":false,"excerpt":"Foto: Tribuna de la Bah\u00eda Alberto Garc\u00eda \/ Tribuna de la Bah\u00eda Al menos un medio centenar de ejidatarios del Ejido Soyat\u00e1n tienen cerrada la carretera Estatal 544 por falta de pago a sus terrenos afectados por el gobierno del Estado. Contando apenas con la presencia del personal de la\u2026","rel":"","context":"En &quot;CINTILLO&quot;","block_context":{"text":"CINTILLO","link":"https:\/\/www.grieta.org.mx\/index.php\/category\/cintillo\/"},"img":{"alt_text":"","src":"https:\/\/i0.wp.com\/www.grieta.org.mx\/wp-content\/uploads\/2021\/03\/96xKmdrXPnpxAeklrhOUEb9A58Z0WBb9kzTNgTg7-portada.jpg?resize=350%2C200&ssl=1","width":350,"height":200,"srcset":"https:\/\/i0.wp.com\/www.grieta.org.mx\/wp-content\/uploads\/2021\/03\/96xKmdrXPnpxAeklrhOUEb9A58Z0WBb9kzTNgTg7-portada.jpg?resize=350%2C200&ssl=1 1x, https:\/\/i0.wp.com\/www.grieta.org.mx\/wp-content\/uploads\/2021\/03\/96xKmdrXPnpxAeklrhOUEb9A58Z0WBb9kzTNgTg7-portada.jpg?resize=525%2C300&ssl=1 1.5x, https:\/\/i0.wp.com\/www.grieta.org.mx\/wp-content\/uploads\/2021\/03\/96xKmdrXPnpxAeklrhOUEb9A58Z0WBb9kzTNgTg7-portada.jpg?resize=700%2C400&ssl=1 2x"},"classes":[]},{"id":71751,"url":"https:\/\/www.grieta.org.mx\/index.php\/2025\/05\/19\/sayulita-y-san-pancho-alzan-la-voz-exigen-derribar-muro-y-restituir-acceso-a-playa-malpaso-nayarit\/","url_meta":{"origin":71812,"position":3},"title":"Sayulita y San Pancho alzan la voz: exigen derribar muro y restituir acceso a playa Malpaso (Nayarit)","author":"grieta","date":"19 mayo, 2025","format":false,"excerpt":"Imagen: Isrrael Torres \/ Tribuna de la Bahia Sayulita y San Pancho alzan la voz: exigen derribar muro y restituir acceso a playa Malpaso Ambientalistas marcharon con batucada y rituales para exigir a las autoridades la demolici\u00f3n del muro y la recuperaci\u00f3n de playa Malpaso Isrrael Torres19 mayo, 2025 Protesta\u2026","rel":"","context":"En &quot;CINTILLO&quot;","block_context":{"text":"CINTILLO","link":"https:\/\/www.grieta.org.mx\/index.php\/category\/cintillo\/"},"img":{"alt_text":"","src":"https:\/\/i0.wp.com\/www.grieta.org.mx\/wp-content\/uploads\/2025\/06\/Protesta-contra-playa-Malpaso4.jpeg?resize=350%2C200&ssl=1","width":350,"height":200,"srcset":"https:\/\/i0.wp.com\/www.grieta.org.mx\/wp-content\/uploads\/2025\/06\/Protesta-contra-playa-Malpaso4.jpeg?resize=350%2C200&ssl=1 1x, https:\/\/i0.wp.com\/www.grieta.org.mx\/wp-content\/uploads\/2025\/06\/Protesta-contra-playa-Malpaso4.jpeg?resize=525%2C300&ssl=1 1.5x, https:\/\/i0.wp.com\/www.grieta.org.mx\/wp-content\/uploads\/2025\/06\/Protesta-contra-playa-Malpaso4.jpeg?resize=700%2C400&ssl=1 2x, https:\/\/i0.wp.com\/www.grieta.org.mx\/wp-content\/uploads\/2025\/06\/Protesta-contra-playa-Malpaso4.jpeg?resize=1050%2C600&ssl=1 3x"},"classes":[]},{"id":72253,"url":"https:\/\/www.grieta.org.mx\/index.php\/2025\/08\/18\/ciudadanos-denuncian-ecocidio-en-punta-de-mita-desarrollo-destruye-manglar-y-limita-acceso-a-playa-la-cocina-nayarit\/","url_meta":{"origin":71812,"position":4},"title":"Ciudadanos denuncian ecocidio en Punta de Mita: desarrollo destruye manglar y limita acceso a playa La Cocina (Nayarit)","author":"grieta","date":"18 agosto, 2025","format":false,"excerpt":"Imagen: Tribuna de la Bah\u00eda Isrrael Torres \/ Tribuna de la Bah\u00eda Pobladores de\u00a0Punta de Mita, en Bah\u00eda de Banderas, hicieron un en\u00e9rgico llamado a las autoridades federales, entre ellas la\u00a0Profepa\u00a0y la\u00a0Semarnat, para intervenir en la construcci\u00f3n de un desarrollo tur\u00edstico que, aseguran, est\u00e1 devastando la flora y fauna en\u00a0playa\u2026","rel":"","context":"En &quot;CINTILLO&quot;","block_context":{"text":"CINTILLO","link":"https:\/\/www.grieta.org.mx\/index.php\/category\/cintillo\/"},"img":{"alt_text":"","src":"https:\/\/i0.wp.com\/www.grieta.org.mx\/wp-content\/uploads\/2025\/08\/WhatsApp-Image-2025-08-18-at-5.44.25-PM.jpeg.webp?resize=350%2C200&ssl=1","width":350,"height":200,"srcset":"https:\/\/i0.wp.com\/www.grieta.org.mx\/wp-content\/uploads\/2025\/08\/WhatsApp-Image-2025-08-18-at-5.44.25-PM.jpeg.webp?resize=350%2C200&ssl=1 1x, https:\/\/i0.wp.com\/www.grieta.org.mx\/wp-content\/uploads\/2025\/08\/WhatsApp-Image-2025-08-18-at-5.44.25-PM.jpeg.webp?resize=525%2C300&ssl=1 1.5x, https:\/\/i0.wp.com\/www.grieta.org.mx\/wp-content\/uploads\/2025\/08\/WhatsApp-Image-2025-08-18-at-5.44.25-PM.jpeg.webp?resize=700%2C400&ssl=1 2x, https:\/\/i0.wp.com\/www.grieta.org.mx\/wp-content\/uploads\/2025\/08\/WhatsApp-Image-2025-08-18-at-5.44.25-PM.jpeg.webp?resize=1050%2C600&ssl=1 3x"},"classes":[]},{"id":71687,"url":"https:\/\/www.grieta.org.mx\/index.php\/2025\/05\/16\/desarrollo-turistico-privatiza-camino-ancestral-y-playa-en-nayarit\/","url_meta":{"origin":71812,"position":5},"title":"Desarrollo tur\u00edstico privatiza camino ancestral y playa en Nayarit","author":"grieta","date":"16 mayo, 2025","format":false,"excerpt":"Imagen:\u00a0Javier Fr\u00edas\/Quadrat\u00edn Jalisco BAH\u00cdA DE BANDERAS, Nay., 16 de mayo de 2025.- El camino ancestral que conecta a los poblados costeros de Sayulita y San Pancho, en el municipio de Bah\u00eda de Banderas, Nayarit, est\u00e1 bloqueado por un desarrollo tur\u00edstico que tambi\u00e9n est\u00e1 privatizado la playa Malpaso. Se trata del\u2026","rel":"","context":"En &quot;CINTILLO&quot;","block_context":{"text":"CINTILLO","link":"https:\/\/www.grieta.org.mx\/index.php\/category\/cintillo\/"},"img":{"alt_text":"","src":"https:\/\/i0.wp.com\/www.grieta.org.mx\/wp-content\/uploads\/2025\/05\/IMG_7582-1160x700-1.jpeg?resize=350%2C200&ssl=1","width":350,"height":200,"srcset":"https:\/\/i0.wp.com\/www.grieta.org.mx\/wp-content\/uploads\/2025\/05\/IMG_7582-1160x700-1.jpeg?resize=350%2C200&ssl=1 1x, https:\/\/i0.wp.com\/www.grieta.org.mx\/wp-content\/uploads\/2025\/05\/IMG_7582-1160x700-1.jpeg?resize=525%2C300&ssl=1 1.5x, https:\/\/i0.wp.com\/www.grieta.org.mx\/wp-content\/uploads\/2025\/05\/IMG_7582-1160x700-1.jpeg?resize=700%2C400&ssl=1 2x, https:\/\/i0.wp.com\/www.grieta.org.mx\/wp-content\/uploads\/2025\/05\/IMG_7582-1160x700-1.jpeg?resize=1050%2C600&ssl=1 3x"},"classes":[]}],"_links":{"self":[{"href":"https:\/\/www.grieta.org.mx\/index.php\/wp-json\/wp\/v2\/posts\/71812","targetHints":{"allow":["GET"]}}],"collection":[{"href":"https:\/\/www.grieta.org.mx\/index.php\/wp-json\/wp\/v2\/posts"}],"about":[{"href":"https:\/\/www.grieta.org.mx\/index.php\/wp-json\/wp\/v2\/types\/post"}],"author":[{"embeddable":true,"href":"https:\/\/www.grieta.org.mx\/index.php\/wp-json\/wp\/v2\/users\/2"}],"replies":[{"embeddable":true,"href":"https:\/\/www.grieta.org.mx\/index.php\/wp-json\/wp\/v2\/comments?post=71812"}],"version-history":[{"count":1,"href":"https:\/\/www.grieta.org.mx\/index.php\/wp-json\/wp\/v2\/posts\/71812\/revisions"}],"predecessor-version":[{"id":71814,"href":"https:\/\/www.grieta.org.mx\/index.php\/wp-json\/wp\/v2\/posts\/71812\/revisions\/71814"}],"wp:featuredmedia":[{"embeddable":true,"href":"https:\/\/www.grieta.org.mx\/index.php\/wp-json\/wp\/v2\/media\/71813"}],"wp:attachment":[{"href":"https:\/\/www.grieta.org.mx\/index.php\/wp-json\/wp\/v2\/media?parent=71812"}],"wp:term":[{"taxonomy":"category","embeddable":true,"href":"https:\/\/www.grieta.org.mx\/index.php\/wp-json\/wp\/v2\/categories?post=71812"},{"taxonomy":"post_tag","embeddable":true,"href":"https:\/\/www.grieta.org.mx\/index.php\/wp-json\/wp\/v2\/tags?post=71812"}],"curies":[{"name":"wp","href":"https:\/\/api.w.org\/{rel}","templated":true}]}}