{"id":71809,"date":"2025-06-02T16:57:11","date_gmt":"2025-06-02T22:57:11","guid":{"rendered":"https:\/\/www.grieta.org.mx\/?p=71809"},"modified":"2025-06-08T17:05:01","modified_gmt":"2025-06-08T23:05:01","slug":"hotel-plaza-pelicanos-bloquea-acceso-a-playa-las-glorias-con-macetones-jalisco","status":"publish","type":"post","link":"https:\/\/www.grieta.org.mx\/index.php\/2025\/06\/02\/hotel-plaza-pelicanos-bloquea-acceso-a-playa-las-glorias-con-macetones-jalisco\/","title":{"rendered":"Hotel Plaza Pel\u00edcanos bloquea acceso a playa Las Glorias con macetones (Jalisco)"},"content":{"rendered":"<p>Imagen: Tribuna de la Bah\u00eda<\/p>\n<p>Miguel Gonz\u00e1lez Guerra \/ Tribuna de la Bah\u00eda<\/p>\n<p>Denuncias ciudadanas recibidas por CPS Noticias\u2013Tribuna de la Bah\u00eda alertaron sobre el presunto intento del hotel Plaza Pel\u00edcanos de privatizar arbitrariamente la calle Pablo Picasso, \u00fanico acceso vehicular a la popular playa Las Glorias, en la zona Hotelera Norte de Puerto Vallarta. Seg\u00fan los reportes, primero colocaron conos y cinta roja, y despu\u00e9s instalaron grandes macetones para bloquear el paso.<\/p>\n<p>Nuestro equipo acudi\u00f3 al lugar y constat\u00f3 la colocaci\u00f3n de cuatro grandes macetas en la v\u00eda, espec\u00edficamente en la extensi\u00f3n de la calle Pablo Picasso, entre Plaza Genovesa y Villas Vallarta, donde tambi\u00e9n se ubican ba\u00f1os p\u00fablicos. El \u00e1rea luce descuidada, con escombros y basura, adem\u00e1s de que algunos veh\u00edculos est\u00e1n estacionados aprovechando el cierre.<\/p>\n<p>Basura en acceso a playa Las Glorias<\/p>\n<p>Vecinos preocupados manifestaron que, en caso de emergencias en la playa, como rescates o personas que requieren atenci\u00f3n m\u00e9dica, las ambulancias y veh\u00edculos de rescate acceden por esta v\u00eda. Por ello, expresaron su rechazo a que particulares intenten apropiarse del acceso o restringirlo, y pidieron la intervenci\u00f3n de las autoridades competentes.<\/p>\n<p><a href=\"https:\/\/tribunadelabahia.com.mx\/plaza-pelicanos-bloquea-playa-las-glorias\/\">https:\/\/tribunadelabahia.com.mx\/plaza-pelicanos-bloquea-playa-las-glorias\/<\/a><\/p>\n","protected":false},"excerpt":{"rendered":"<p>Imagen: Tribuna de la Bah\u00eda Miguel Gonz\u00e1lez Guerra \/ Tribuna de la Bah\u00eda Denuncias ciudadanas recibidas por CPS Noticias\u2013Tribuna de la Bah\u00eda alertaron sobre el presunto intento del hotel Plaza &hellip; <a href=\"https:\/\/www.grieta.org.mx\/index.php\/2025\/06\/02\/hotel-plaza-pelicanos-bloquea-acceso-a-playa-las-glorias-con-macetones-jalisco\/\" class=\"more-link\">Leer m\u00e1s<\/a><\/p>\n","protected":false},"author":2,"featured_media":71810,"comment_status":"closed","ping_status":"closed","sticky":false,"template":"","format":"standard","meta":{"ngg_post_thumbnail":0,"_jetpack_newsletter_access":"","_jetpack_dont_email_post_to_subs":false,"_jetpack_newsletter_tier_id":0,"_jetpack_memberships_contains_paywalled_content":false,"_jetpack_memberships_contains_paid_content":false,"footnotes":""},"categories":[80,1736,1278,2561,20,2,83],"tags":[628,1645,4108,3100,3823],"class_list":["post-71809","post","type-post","status-publish","format-standard","has-post-thumbnail","hentry","category-cintillo","category-despojo-de-territorio-en-jalisco","category-despojo-de-tierras-y-territorios","category-destruccion-ambiental-en-jalisco","category-jalisco","category-noticias-nacionales","category-temas-nacionales","tag-defensa-del-territorio","tag-industria-hotelera","tag-privatizacion-de-espacios-publicos","tag-privatizacion-de-playas","tag-turismo-depredador","entry"],"jetpack_featured_media_url":"https:\/\/www.grieta.org.mx\/wp-content\/uploads\/2025\/06\/Bloquean-acceso-a-playa-Las-Glorias1.jpg","jetpack_sharing_enabled":true,"jetpack_shortlink":"https:\/\/wp.me\/p7ZJR4-iGd","jetpack_likes_enabled":false,"jetpack-related-posts":[{"id":62398,"url":"https:\/\/www.grieta.org.mx\/index.php\/2021\/10\/12\/persiste-la-privatizacion-de-playas-en-marina-vallarta-jalisco\/","url_meta":{"origin":71809,"position":0},"title":"Persiste la privatizaci\u00f3n de playas en Marina Vallarta (Jalisco)","author":"grieta","date":"12 octubre, 2021","format":false,"excerpt":"Foto: Tribuna de la Bah\u00eda Alberto Garc\u00eda \/ Tribuna de la Bah\u00eda Instituida el pasado 22 de octubre del 2020 en el Congreso de La Uni\u00f3n, esta ley entr\u00f3 en vigor como decreto para prohibir la privatizaci\u00f3n de playas, y es obligaci\u00f3n de la SEMARNAT coordinarse con autoridades estatales y\u2026","rel":"","context":"En &quot;CINTILLO&quot;","block_context":{"text":"CINTILLO","link":"https:\/\/www.grieta.org.mx\/index.php\/category\/cintillo\/"},"img":{"alt_text":"","src":"https:\/\/i0.wp.com\/www.grieta.org.mx\/wp-content\/uploads\/2021\/10\/la-nueva-la-nueva-ley-general-de-bienes-nacionales-en-la-que-se-prohibe-la-privatizacion-y-la-obstaculizacion-de-ingreso-a-las-playas-en-marina-vallarta-es-letra-muerta-cover.jpg?resize=350%2C200&ssl=1","width":350,"height":200,"srcset":"https:\/\/i0.wp.com\/www.grieta.org.mx\/wp-content\/uploads\/2021\/10\/la-nueva-la-nueva-ley-general-de-bienes-nacionales-en-la-que-se-prohibe-la-privatizacion-y-la-obstaculizacion-de-ingreso-a-las-playas-en-marina-vallarta-es-letra-muerta-cover.jpg?resize=350%2C200&ssl=1 1x, https:\/\/i0.wp.com\/www.grieta.org.mx\/wp-content\/uploads\/2021\/10\/la-nueva-la-nueva-ley-general-de-bienes-nacionales-en-la-que-se-prohibe-la-privatizacion-y-la-obstaculizacion-de-ingreso-a-las-playas-en-marina-vallarta-es-letra-muerta-cover.jpg?resize=525%2C300&ssl=1 1.5x, https:\/\/i0.wp.com\/www.grieta.org.mx\/wp-content\/uploads\/2021\/10\/la-nueva-la-nueva-ley-general-de-bienes-nacionales-en-la-que-se-prohibe-la-privatizacion-y-la-obstaculizacion-de-ingreso-a-las-playas-en-marina-vallarta-es-letra-muerta-cover.jpg?resize=700%2C400&ssl=1 2x"},"classes":[]},{"id":71812,"url":"https:\/\/www.grieta.org.mx\/index.php\/2025\/06\/07\/manifestacion-en-puerto-vallarta-exigen-al-hotel-sunscape-abrir-acceso-a-playa-holi-jalisco\/","url_meta":{"origin":71809,"position":1},"title":"Manifestaci\u00f3n en Puerto Vallarta; exigen al Hotel Sunscape abrir acceso a playa Holi (Jalisco)","author":"grieta","date":"7 junio, 2025","format":false,"excerpt":"Imagen: Tribuna de la Bah\u00eda Miguel Gonz\u00e1lez Guerra \/ Tribuna de la Bah\u00eda Aproximadamente un centenar de ciudadanos se manifest\u00f3 la ma\u00f1ana de este s\u00e1bado sobre el bulevar Francisco Medina Ascencio, en el cruce con la avenida Fluvial Vallarta, en plena Zona Hotelera Norte, para exigir la reapertura del viejo\u2026","rel":"","context":"En &quot;CINTILLO&quot;","block_context":{"text":"CINTILLO","link":"https:\/\/www.grieta.org.mx\/index.php\/category\/cintillo\/"},"img":{"alt_text":"","src":"https:\/\/i0.wp.com\/www.grieta.org.mx\/wp-content\/uploads\/2025\/06\/Exigen-abrir-acceso-a-playa-Holi6.jpeg?resize=350%2C200&ssl=1","width":350,"height":200,"srcset":"https:\/\/i0.wp.com\/www.grieta.org.mx\/wp-content\/uploads\/2025\/06\/Exigen-abrir-acceso-a-playa-Holi6.jpeg?resize=350%2C200&ssl=1 1x, https:\/\/i0.wp.com\/www.grieta.org.mx\/wp-content\/uploads\/2025\/06\/Exigen-abrir-acceso-a-playa-Holi6.jpeg?resize=525%2C300&ssl=1 1.5x, https:\/\/i0.wp.com\/www.grieta.org.mx\/wp-content\/uploads\/2025\/06\/Exigen-abrir-acceso-a-playa-Holi6.jpeg?resize=700%2C400&ssl=1 2x, https:\/\/i0.wp.com\/www.grieta.org.mx\/wp-content\/uploads\/2025\/06\/Exigen-abrir-acceso-a-playa-Holi6.jpeg?resize=1050%2C600&ssl=1 3x"},"classes":[]},{"id":57366,"url":"https:\/\/www.grieta.org.mx\/index.php\/2021\/03\/03\/bloquean-ejidatarios-acceso-a-vallarta-por-la-via-mascota-exigen-al-gobierno-pago-de-sus-tierras-jalisco\/","url_meta":{"origin":71809,"position":2},"title":"Bloquean ejidatarios acceso a Vallarta por la v\u00eda Mascota, exigen al gobierno pago de sus tierras (Jalisco)","author":"grieta","date":"3 marzo, 2021","format":false,"excerpt":"Foto: Tribuna de la Bah\u00eda Alberto Garc\u00eda \/ Tribuna de la Bah\u00eda Al menos un medio centenar de ejidatarios del Ejido Soyat\u00e1n tienen cerrada la carretera Estatal 544 por falta de pago a sus terrenos afectados por el gobierno del Estado. Contando apenas con la presencia del personal de la\u2026","rel":"","context":"En &quot;CINTILLO&quot;","block_context":{"text":"CINTILLO","link":"https:\/\/www.grieta.org.mx\/index.php\/category\/cintillo\/"},"img":{"alt_text":"","src":"https:\/\/i0.wp.com\/www.grieta.org.mx\/wp-content\/uploads\/2021\/03\/96xKmdrXPnpxAeklrhOUEb9A58Z0WBb9kzTNgTg7-portada.jpg?resize=350%2C200&ssl=1","width":350,"height":200,"srcset":"https:\/\/i0.wp.com\/www.grieta.org.mx\/wp-content\/uploads\/2021\/03\/96xKmdrXPnpxAeklrhOUEb9A58Z0WBb9kzTNgTg7-portada.jpg?resize=350%2C200&ssl=1 1x, https:\/\/i0.wp.com\/www.grieta.org.mx\/wp-content\/uploads\/2021\/03\/96xKmdrXPnpxAeklrhOUEb9A58Z0WBb9kzTNgTg7-portada.jpg?resize=525%2C300&ssl=1 1.5x, https:\/\/i0.wp.com\/www.grieta.org.mx\/wp-content\/uploads\/2021\/03\/96xKmdrXPnpxAeklrhOUEb9A58Z0WBb9kzTNgTg7-portada.jpg?resize=700%2C400&ssl=1 2x"},"classes":[]},{"id":72253,"url":"https:\/\/www.grieta.org.mx\/index.php\/2025\/08\/18\/ciudadanos-denuncian-ecocidio-en-punta-de-mita-desarrollo-destruye-manglar-y-limita-acceso-a-playa-la-cocina-nayarit\/","url_meta":{"origin":71809,"position":3},"title":"Ciudadanos denuncian ecocidio en Punta de Mita: desarrollo destruye manglar y limita acceso a playa La Cocina (Nayarit)","author":"grieta","date":"18 agosto, 2025","format":false,"excerpt":"Imagen: Tribuna de la Bah\u00eda Isrrael Torres \/ Tribuna de la Bah\u00eda Pobladores de\u00a0Punta de Mita, en Bah\u00eda de Banderas, hicieron un en\u00e9rgico llamado a las autoridades federales, entre ellas la\u00a0Profepa\u00a0y la\u00a0Semarnat, para intervenir en la construcci\u00f3n de un desarrollo tur\u00edstico que, aseguran, est\u00e1 devastando la flora y fauna en\u00a0playa\u2026","rel":"","context":"En &quot;CINTILLO&quot;","block_context":{"text":"CINTILLO","link":"https:\/\/www.grieta.org.mx\/index.php\/category\/cintillo\/"},"img":{"alt_text":"","src":"https:\/\/i0.wp.com\/www.grieta.org.mx\/wp-content\/uploads\/2025\/08\/WhatsApp-Image-2025-08-18-at-5.44.25-PM.jpeg.webp?resize=350%2C200&ssl=1","width":350,"height":200,"srcset":"https:\/\/i0.wp.com\/www.grieta.org.mx\/wp-content\/uploads\/2025\/08\/WhatsApp-Image-2025-08-18-at-5.44.25-PM.jpeg.webp?resize=350%2C200&ssl=1 1x, https:\/\/i0.wp.com\/www.grieta.org.mx\/wp-content\/uploads\/2025\/08\/WhatsApp-Image-2025-08-18-at-5.44.25-PM.jpeg.webp?resize=525%2C300&ssl=1 1.5x, https:\/\/i0.wp.com\/www.grieta.org.mx\/wp-content\/uploads\/2025\/08\/WhatsApp-Image-2025-08-18-at-5.44.25-PM.jpeg.webp?resize=700%2C400&ssl=1 2x, https:\/\/i0.wp.com\/www.grieta.org.mx\/wp-content\/uploads\/2025\/08\/WhatsApp-Image-2025-08-18-at-5.44.25-PM.jpeg.webp?resize=1050%2C600&ssl=1 3x"},"classes":[]},{"id":48838,"url":"https:\/\/www.grieta.org.mx\/index.php\/2020\/05\/05\/nos-estan-matando-de-hambre-dicen-comerciantes-de-el-pitillal-jalisco\/","url_meta":{"origin":71809,"position":4},"title":"\u201cNos est\u00e1n matando de hambre\u201d, dicen comerciantes de El Pitillal (Jalisco)","author":"grieta","date":"5 mayo, 2020","format":false,"excerpt":"Foto: Tribuna de la Bah\u00eda Alberto Garc\u00eda \/ Tribuna de la Bah\u00eda Un buen n\u00famero de comerciantes de la ciudad piden que se reactive\u00a0 el comercio no esencial, \"Nos estan matando de hambre\" Con estas consignas se reunieron en la plaza Aquiles Serdan frente a la presidencia donde solicitan la\u2026","rel":"","context":"En &quot;CINTILLO&quot;","block_context":{"text":"CINTILLO","link":"https:\/\/www.grieta.org.mx\/index.php\/category\/cintillo\/"},"img":{"alt_text":"","src":"https:\/\/i0.wp.com\/www.grieta.org.mx\/wp-content\/uploads\/2020\/05\/OJ54s3xd5eHuxlIcDRFuJAEt4jc5cJiECUemVjnd-p.jpg?resize=350%2C200&ssl=1","width":350,"height":200,"srcset":"https:\/\/i0.wp.com\/www.grieta.org.mx\/wp-content\/uploads\/2020\/05\/OJ54s3xd5eHuxlIcDRFuJAEt4jc5cJiECUemVjnd-p.jpg?resize=350%2C200&ssl=1 1x, https:\/\/i0.wp.com\/www.grieta.org.mx\/wp-content\/uploads\/2020\/05\/OJ54s3xd5eHuxlIcDRFuJAEt4jc5cJiECUemVjnd-p.jpg?resize=525%2C300&ssl=1 1.5x, https:\/\/i0.wp.com\/www.grieta.org.mx\/wp-content\/uploads\/2020\/05\/OJ54s3xd5eHuxlIcDRFuJAEt4jc5cJiECUemVjnd-p.jpg?resize=700%2C400&ssl=1 2x"},"classes":[]},{"id":4450,"url":"https:\/\/www.grieta.org.mx\/index.php\/2016\/05\/30\/akumal-historia-de-un-despojo-anunciado-2\/","url_meta":{"origin":71809,"position":5},"title":"Akumal, historia de un despojo anunciado","author":"grieta","date":"30 mayo, 2016","format":false,"excerpt":"30\/05\/16. Arde Akumal 20 heridos por defender acceso a la playa; polic\u00eda no permite entrada de ambulancias .700 pobladores queman patrullas y la delegaci\u00f3n en protestaPedro Canch\u00e9 Noticias 30\/05\/16. Pobladores de Akumal se enfrentan a polic\u00edas en Canc\u00fanEl Universal 29\/02\/16. \u201cNo a la privatizaci\u00f3n de las playas\u201d; marchan en AkumalNovedades\u2026","rel":"","context":"En &quot;NOTICIAS NACIONALES&quot;","block_context":{"text":"NOTICIAS NACIONALES","link":"https:\/\/www.grieta.org.mx\/index.php\/category\/noticias-nacionales\/"},"img":{"alt_text":"","src":"https:\/\/i0.wp.com\/www.grieta.org.mx\/wp-content\/uploads\/2018\/03\/14524434_1106112876131411_958039263622046936_o.jpg?resize=350%2C200&ssl=1","width":350,"height":200,"srcset":"https:\/\/i0.wp.com\/www.grieta.org.mx\/wp-content\/uploads\/2018\/03\/14524434_1106112876131411_958039263622046936_o.jpg?resize=350%2C200&ssl=1 1x, https:\/\/i0.wp.com\/www.grieta.org.mx\/wp-content\/uploads\/2018\/03\/14524434_1106112876131411_958039263622046936_o.jpg?resize=525%2C300&ssl=1 1.5x, https:\/\/i0.wp.com\/www.grieta.org.mx\/wp-content\/uploads\/2018\/03\/14524434_1106112876131411_958039263622046936_o.jpg?resize=700%2C400&ssl=1 2x"},"classes":[]}],"_links":{"self":[{"href":"https:\/\/www.grieta.org.mx\/index.php\/wp-json\/wp\/v2\/posts\/71809","targetHints":{"allow":["GET"]}}],"collection":[{"href":"https:\/\/www.grieta.org.mx\/index.php\/wp-json\/wp\/v2\/posts"}],"about":[{"href":"https:\/\/www.grieta.org.mx\/index.php\/wp-json\/wp\/v2\/types\/post"}],"author":[{"embeddable":true,"href":"https:\/\/www.grieta.org.mx\/index.php\/wp-json\/wp\/v2\/users\/2"}],"replies":[{"embeddable":true,"href":"https:\/\/www.grieta.org.mx\/index.php\/wp-json\/wp\/v2\/comments?post=71809"}],"version-history":[{"count":1,"href":"https:\/\/www.grieta.org.mx\/index.php\/wp-json\/wp\/v2\/posts\/71809\/revisions"}],"predecessor-version":[{"id":71811,"href":"https:\/\/www.grieta.org.mx\/index.php\/wp-json\/wp\/v2\/posts\/71809\/revisions\/71811"}],"wp:featuredmedia":[{"embeddable":true,"href":"https:\/\/www.grieta.org.mx\/index.php\/wp-json\/wp\/v2\/media\/71810"}],"wp:attachment":[{"href":"https:\/\/www.grieta.org.mx\/index.php\/wp-json\/wp\/v2\/media?parent=71809"}],"wp:term":[{"taxonomy":"category","embeddable":true,"href":"https:\/\/www.grieta.org.mx\/index.php\/wp-json\/wp\/v2\/categories?post=71809"},{"taxonomy":"post_tag","embeddable":true,"href":"https:\/\/www.grieta.org.mx\/index.php\/wp-json\/wp\/v2\/tags?post=71809"}],"curies":[{"name":"wp","href":"https:\/\/api.w.org\/{rel}","templated":true}]}}