{"id":71803,"date":"2025-06-04T16:21:04","date_gmt":"2025-06-04T22:21:04","guid":{"rendered":"https:\/\/www.grieta.org.mx\/?p=71803"},"modified":"2025-06-08T16:27:05","modified_gmt":"2025-06-08T22:27:05","slug":"desaparecen-20-personas-en-bahia-en-lo-que-va-de-2025-14-siguen-sin-ser-localizadas-nayarit","status":"publish","type":"post","link":"https:\/\/www.grieta.org.mx\/index.php\/2025\/06\/04\/desaparecen-20-personas-en-bahia-en-lo-que-va-de-2025-14-siguen-sin-ser-localizadas-nayarit\/","title":{"rendered":"Desaparecen 20 personas en Bah\u00eda en lo que va de 2025; 14 siguen sin ser localizadas (Nayarit)"},"content":{"rendered":"<p>Imagen: Especial<\/p>\n<p>Isrrael Torres \/ Tribuna de la Bah\u00eda<\/p>\n<p>En lo que va del a\u00f1o 2025, 20 personas han sido reportadas como desaparecidas en Bah\u00eda de Banderas, seg\u00fan datos del Registro Nacional de Personas Desaparecidas y No Localizadas del Gobierno Federal. De ellas, solo seis han sido localizadas, mientras que 14 contin\u00faan sin ser encontradas.<\/p>\n<p>Las cifras abarcan el periodo de enero a mayo y corresponden a 16 hombres y 4 mujeres, incluyendo tres menores de edad y un hombre de nacionalidad estadounidense.<\/p>\n<p>PUBLICIDAD<\/p>\n<p>La mayor concentraci\u00f3n de casos se registra en la zona costera, con cinco desapariciones; Sayulita reporta tres, mientras que Higuera Blanca y Bucer\u00edas presentan un caso cada una. En la zona urbana, Mezcales acumula cuatro reportes, seguido por San Jos\u00e9 y San Vicente con tres cada uno.<\/p>\n<p>Abril fue el mes con m\u00e1s desapariciones, con nueve casos, todos hombres y uno de ellos extranjero. Le sigue mayo, con cinco desapariciones.<\/p>\n<p>De acuerdo con el registro oficial, los casos est\u00e1n relacionados con delitos cometidos por particulares y posibles desapariciones forzadas. Todos cuentan con una carpeta de investigaci\u00f3n abierta en la Fiscal\u00eda General de Nayarit.<\/p>\n<p>La situaci\u00f3n genera preocupaci\u00f3n entre autoridades y ciudadanos, ante un fen\u00f3meno que sigue creciendo en zonas tur\u00edsticas y urbanas del municipio.<\/p>\n<p><a href=\"https:\/\/tribunadelabahia.com.mx\/desaparecen-personas-bahia-2025\/\">https:\/\/tribunadelabahia.com.mx\/desaparecen-personas-bahia-2025\/<\/a><\/p>\n","protected":false},"excerpt":{"rendered":"<p>Imagen: Especial Isrrael Torres \/ Tribuna de la Bah\u00eda En lo que va del a\u00f1o 2025, 20 personas han sido reportadas como desaparecidas en Bah\u00eda de Banderas, seg\u00fan datos del &hellip; <a href=\"https:\/\/www.grieta.org.mx\/index.php\/2025\/06\/04\/desaparecen-20-personas-en-bahia-en-lo-que-va-de-2025-14-siguen-sin-ser-localizadas-nayarit\/\" class=\"more-link\">Leer m\u00e1s<\/a><\/p>\n","protected":false},"author":2,"featured_media":71804,"comment_status":"closed","ping_status":"closed","sticky":false,"template":"","format":"standard","meta":{"ngg_post_thumbnail":0,"_jetpack_newsletter_access":"","_jetpack_dont_email_post_to_subs":false,"_jetpack_newsletter_tier_id":0,"_jetpack_memberships_contains_paywalled_content":false,"_jetpack_memberships_contains_paid_content":false,"footnotes":""},"categories":[80,87,2267,23,2,83],"tags":[3700,1828,121,3775],"class_list":["post-71803","post","type-post","status-publish","format-standard","has-post-thumbnail","hentry","category-cintillo","category-desaparecidos","category-desaparecidos-en-nayarit","category-nayarit","category-noticias-nacionales","category-temas-nacionales","tag-aumento-desaparecidos","tag-busqueda-de-desaparecidos","tag-desaparecidos","tag-estadisticas-de-desaparecidos","entry"],"jetpack_featured_media_url":"https:\/\/www.grieta.org.mx\/wp-content\/uploads\/2025\/06\/personas-desaparecidas-1024x695-1.jpg","jetpack_sharing_enabled":true,"jetpack_shortlink":"https:\/\/wp.me\/p7ZJR4-iG7","jetpack_likes_enabled":false,"jetpack-related-posts":[{"id":68443,"url":"https:\/\/www.grieta.org.mx\/index.php\/2024\/01\/09\/madres-buscadoras-y-familiares-realizan-busqueda-de-desaparecidos-en-el-guamuchil\/","url_meta":{"origin":71803,"position":0},"title":"Madres buscadoras y familiares realizan b\u00fasqueda de desaparecidos en El Guam\u00fachil","author":"grieta","date":"9 enero, 2024","format":false,"excerpt":"Imagen:Especial Isrrael Torres \/ Tribuna de la Bah\u00eda La Comisi\u00f3n Estatal de Personas Desaparecidas, en conjunto con familias de desaparecidos y apoyados por la Guardia Nacional y la Polic\u00eda Estatal Coordinada,\u00a0realizaron labores de b\u00fasqueda en la ribera del r\u00edo de la localidad El Guam\u00fachil, en Bah\u00eda de Banderas. Hubo excavaciones\u2026","rel":"","context":"En &quot;CINTILLO&quot;","block_context":{"text":"CINTILLO","link":"https:\/\/www.grieta.org.mx\/index.php\/category\/cintillo\/"},"img":{"alt_text":"","src":"https:\/\/i0.wp.com\/www.grieta.org.mx\/wp-content\/uploads\/2024\/02\/busqueda-personas-desaparecidas-905x613-1.jpeg?resize=350%2C200&ssl=1","width":350,"height":200,"srcset":"https:\/\/i0.wp.com\/www.grieta.org.mx\/wp-content\/uploads\/2024\/02\/busqueda-personas-desaparecidas-905x613-1.jpeg?resize=350%2C200&ssl=1 1x, https:\/\/i0.wp.com\/www.grieta.org.mx\/wp-content\/uploads\/2024\/02\/busqueda-personas-desaparecidas-905x613-1.jpeg?resize=525%2C300&ssl=1 1.5x, https:\/\/i0.wp.com\/www.grieta.org.mx\/wp-content\/uploads\/2024\/02\/busqueda-personas-desaparecidas-905x613-1.jpeg?resize=700%2C400&ssl=1 2x"},"classes":[]},{"id":72277,"url":"https:\/\/www.grieta.org.mx\/index.php\/2025\/08\/21\/desaparecen-a-los-desaparecidos-nayarit-registra-doble-desaparicion-de-cuerpos\/","url_meta":{"origin":71803,"position":1},"title":"Desaparecen a los desaparecidos, Nayarit registra doble desaparici\u00f3n de cuerpos","author":"grieta","date":"21 agosto, 2025","format":false,"excerpt":"Imagen:\u00a0 Tomada de Pagina de Facebook, Colectivo Familias Unidas por Nayarit Alberto Cardona\/ Meganoticias Mx En M\u00e9xico, el Registro Nacional de Personas Desaparecidas y No Localizadas (RNPDNO) precisa m\u00e1s de 125 mil personas desaparecidas hasta la fecha, seg\u00fan datos de la Secretar\u00eda de Gobernaci\u00f3n, la mayor\u00eda de estas desapariciones, al\u2026","rel":"","context":"En &quot;CINTILLO&quot;","block_context":{"text":"CINTILLO","link":"https:\/\/www.grieta.org.mx\/index.php\/category\/cintillo\/"},"img":{"alt_text":"","src":"https:\/\/i0.wp.com\/www.grieta.org.mx\/wp-content\/uploads\/2025\/08\/482253949_1068616391976670_6560847312181179540_n.jpg?resize=350%2C200&ssl=1","width":350,"height":200,"srcset":"https:\/\/i0.wp.com\/www.grieta.org.mx\/wp-content\/uploads\/2025\/08\/482253949_1068616391976670_6560847312181179540_n.jpg?resize=350%2C200&ssl=1 1x, https:\/\/i0.wp.com\/www.grieta.org.mx\/wp-content\/uploads\/2025\/08\/482253949_1068616391976670_6560847312181179540_n.jpg?resize=525%2C300&ssl=1 1.5x, https:\/\/i0.wp.com\/www.grieta.org.mx\/wp-content\/uploads\/2025\/08\/482253949_1068616391976670_6560847312181179540_n.jpg?resize=700%2C400&ssl=1 2x, https:\/\/i0.wp.com\/www.grieta.org.mx\/wp-content\/uploads\/2025\/08\/482253949_1068616391976670_6560847312181179540_n.jpg?resize=1050%2C600&ssl=1 3x, https:\/\/i0.wp.com\/www.grieta.org.mx\/wp-content\/uploads\/2025\/08\/482253949_1068616391976670_6560847312181179540_n.jpg?resize=1400%2C800&ssl=1 4x"},"classes":[]},{"id":65304,"url":"https:\/\/www.grieta.org.mx\/index.php\/2022\/09\/25\/desapariciones-mantienen-en-vilo-a-familias-existen-en-nayarit-al-menos-mil-534-casos-de-personas-desaparecidas\/","url_meta":{"origin":71803,"position":2},"title":"Desapariciones mantienen en vilo a familias, existen en Nayarit al menos mil 534 casos de personas desaparecidas","author":"grieta","date":"25 septiembre, 2022","format":false,"excerpt":"Imagen: Tribuna de la Bah\u00eda Alberto Garc\u00eda \/ Tribuna de la Bah\u00eda La desaparici\u00f3n de un familiar cambia por completo la vida de todas las personas que lo rodean, la angustia de no saber nada de su paradero, los llena de dolor y los invade la zozobra al grado de\u2026","rel":"","context":"En &quot;CINTILLO&quot;","block_context":{"text":"CINTILLO","link":"https:\/\/www.grieta.org.mx\/index.php\/category\/cintillo\/"},"img":{"alt_text":"","src":"https:\/\/i0.wp.com\/www.grieta.org.mx\/wp-content\/uploads\/2022\/09\/desaparecidos-busquedas-cover.jpg?resize=350%2C200&ssl=1","width":350,"height":200,"srcset":"https:\/\/i0.wp.com\/www.grieta.org.mx\/wp-content\/uploads\/2022\/09\/desaparecidos-busquedas-cover.jpg?resize=350%2C200&ssl=1 1x, https:\/\/i0.wp.com\/www.grieta.org.mx\/wp-content\/uploads\/2022\/09\/desaparecidos-busquedas-cover.jpg?resize=525%2C300&ssl=1 1.5x, https:\/\/i0.wp.com\/www.grieta.org.mx\/wp-content\/uploads\/2022\/09\/desaparecidos-busquedas-cover.jpg?resize=700%2C400&ssl=1 2x"},"classes":[]},{"id":64115,"url":"https:\/\/www.grieta.org.mx\/index.php\/2022\/04\/25\/familiares-de-personas-desaparecidas-realizan-busqueda-nayarti\/","url_meta":{"origin":71803,"position":3},"title":"Familiares de personas desaparecidas realizan b\u00fasqueda (Nayarit)","author":"grieta","date":"25 abril, 2022","format":false,"excerpt":"Foto: Tribuna de la Bah\u00eda Israel Torres \/ Tribuna de la Bab\u00eda Familiares y padres de unas siete a ocho personas desaparecidas, realizaron labores de b\u00fasqueda la tarde de este s\u00e1bado en los poblados El Guam\u00fachil, San Quint\u00edn, San Ignacio y Sayulita con el objetivo de recabar m\u00e1s informaci\u00f3n del\u2026","rel":"","context":"En &quot;CINTILLO&quot;","block_context":{"text":"CINTILLO","link":"https:\/\/www.grieta.org.mx\/index.php\/category\/cintillo\/"},"img":{"alt_text":"","src":"https:\/\/i0.wp.com\/www.grieta.org.mx\/wp-content\/uploads\/2022\/05\/busqueda-de-personas-deaparecidas-cover.jpg?resize=350%2C200&ssl=1","width":350,"height":200,"srcset":"https:\/\/i0.wp.com\/www.grieta.org.mx\/wp-content\/uploads\/2022\/05\/busqueda-de-personas-deaparecidas-cover.jpg?resize=350%2C200&ssl=1 1x, https:\/\/i0.wp.com\/www.grieta.org.mx\/wp-content\/uploads\/2022\/05\/busqueda-de-personas-deaparecidas-cover.jpg?resize=525%2C300&ssl=1 1.5x, https:\/\/i0.wp.com\/www.grieta.org.mx\/wp-content\/uploads\/2022\/05\/busqueda-de-personas-deaparecidas-cover.jpg?resize=700%2C400&ssl=1 2x"},"classes":[]},{"id":33080,"url":"https:\/\/www.grieta.org.mx\/index.php\/2019\/04\/29\/familiares-de-desaparecidos-hallan-otras-dos-fosas-clandestinas-en-xalisco-nayarit\/","url_meta":{"origin":71803,"position":4},"title":"Familiares de desaparecidos hallan otras dos fosas clandestinas en Xalisco (Nayarit)","author":"grieta","date":"29 abril, 2019","format":false,"excerpt":"De 2017 a la fecha, en Nayarit han encontrado 20 fosas clandestinas con 109 restos humanos Redacci\u00f3n \/ Enfoque Informativo El vocero del\u00a0Colectivo Familias Unidas por Nayarit,\u00a0Santiago P\u00e9rez, inform\u00f3 que este lunes fueron localizadas\u00a0dos nuevas fosas clandestinas\u00a0en un predio ubicado en la localidad de\u00a0Trigomil, municipio de\u00a0Xalisco,\u00a0Nayarit, donde han iniciado los\u2026","rel":"","context":"En &quot;CINTILLO&quot;","block_context":{"text":"CINTILLO","link":"https:\/\/www.grieta.org.mx\/index.php\/category\/cintillo\/"},"img":{"alt_text":"","src":"https:\/\/i0.wp.com\/www.grieta.org.mx\/wp-content\/uploads\/2019\/05\/4.jpg?resize=350%2C200&ssl=1","width":350,"height":200,"srcset":"https:\/\/i0.wp.com\/www.grieta.org.mx\/wp-content\/uploads\/2019\/05\/4.jpg?resize=350%2C200&ssl=1 1x, https:\/\/i0.wp.com\/www.grieta.org.mx\/wp-content\/uploads\/2019\/05\/4.jpg?resize=525%2C300&ssl=1 1.5x"},"classes":[]},{"id":65987,"url":"https:\/\/www.grieta.org.mx\/index.php\/2022\/12\/24\/nayarit-familiares-montan-el-desgarrador-arbol-de-navidad-para-recordar-a-los-desaparecidos-en-la-entidad\/","url_meta":{"origin":71803,"position":5},"title":"Nayarit: familiares montan el desgarrador \u00e1rbol de Navidad para recordar a los desaparecidos en la entidad","author":"grieta","date":"24 diciembre, 2022","format":false,"excerpt":"Imagen: Especial Karina Cancino \/ El Heraldo de M\u00e9xico El Colectivo Familias Unidas por Nayarit (COFAUNAY) coloc\u00f3 un \u00e1rbol de Navidad frente a la catedral de la Asunci\u00f3n de Tepic, para conmemorar y exigir el regreso de personas desaparecidas, en la v\u00edspera de la Nochebuena. El \"\u00c1rbol de la Esperanza\"\u00a0muestra\u2026","rel":"","context":"En &quot;CINTILLO&quot;","block_context":{"text":"CINTILLO","link":"https:\/\/www.grieta.org.mx\/index.php\/category\/cintillo\/"},"img":{"alt_text":"","src":"https:\/\/i0.wp.com\/www.grieta.org.mx\/wp-content\/uploads\/2022\/12\/f768x1-642795_642922_5050.jpeg?resize=350%2C200&ssl=1","width":350,"height":200,"srcset":"https:\/\/i0.wp.com\/www.grieta.org.mx\/wp-content\/uploads\/2022\/12\/f768x1-642795_642922_5050.jpeg?resize=350%2C200&ssl=1 1x, https:\/\/i0.wp.com\/www.grieta.org.mx\/wp-content\/uploads\/2022\/12\/f768x1-642795_642922_5050.jpeg?resize=525%2C300&ssl=1 1.5x, https:\/\/i0.wp.com\/www.grieta.org.mx\/wp-content\/uploads\/2022\/12\/f768x1-642795_642922_5050.jpeg?resize=700%2C400&ssl=1 2x"},"classes":[]}],"_links":{"self":[{"href":"https:\/\/www.grieta.org.mx\/index.php\/wp-json\/wp\/v2\/posts\/71803","targetHints":{"allow":["GET"]}}],"collection":[{"href":"https:\/\/www.grieta.org.mx\/index.php\/wp-json\/wp\/v2\/posts"}],"about":[{"href":"https:\/\/www.grieta.org.mx\/index.php\/wp-json\/wp\/v2\/types\/post"}],"author":[{"embeddable":true,"href":"https:\/\/www.grieta.org.mx\/index.php\/wp-json\/wp\/v2\/users\/2"}],"replies":[{"embeddable":true,"href":"https:\/\/www.grieta.org.mx\/index.php\/wp-json\/wp\/v2\/comments?post=71803"}],"version-history":[{"count":1,"href":"https:\/\/www.grieta.org.mx\/index.php\/wp-json\/wp\/v2\/posts\/71803\/revisions"}],"predecessor-version":[{"id":71805,"href":"https:\/\/www.grieta.org.mx\/index.php\/wp-json\/wp\/v2\/posts\/71803\/revisions\/71805"}],"wp:featuredmedia":[{"embeddable":true,"href":"https:\/\/www.grieta.org.mx\/index.php\/wp-json\/wp\/v2\/media\/71804"}],"wp:attachment":[{"href":"https:\/\/www.grieta.org.mx\/index.php\/wp-json\/wp\/v2\/media?parent=71803"}],"wp:term":[{"taxonomy":"category","embeddable":true,"href":"https:\/\/www.grieta.org.mx\/index.php\/wp-json\/wp\/v2\/categories?post=71803"},{"taxonomy":"post_tag","embeddable":true,"href":"https:\/\/www.grieta.org.mx\/index.php\/wp-json\/wp\/v2\/tags?post=71803"}],"curies":[{"name":"wp","href":"https:\/\/api.w.org\/{rel}","templated":true}]}}