{"id":71797,"date":"2025-05-28T15:51:27","date_gmt":"2025-05-28T21:51:27","guid":{"rendered":"https:\/\/www.grieta.org.mx\/?p=71797"},"modified":"2025-06-08T15:56:24","modified_gmt":"2025-06-08T21:56:24","slug":"colima-menos-empleo-mas-precariedad","status":"publish","type":"post","link":"https:\/\/www.grieta.org.mx\/index.php\/2025\/05\/28\/colima-menos-empleo-mas-precariedad\/","title":{"rendered":"Colima: menos empleo, m\u00e1s precariedad"},"content":{"rendered":"<p>Imagen: Diario Avanzada<\/p>\n<p>Heidi de Le\u00f3n Guti\u00e9rrez \/ Diario Avanzada<\/p>\n<p style=\"font-weight: 400;\">Colima, M\u00e9xico, Avanzada (28\/05\/2025).- De acuerdo con los resultados m\u00e1s recientes de la Encuesta Nacional de Ocupaci\u00f3n y Empleo (ENOE) del INEGI y en comparaci\u00f3n con el mismo periodo del a\u00f1o anterior, la entidad registr\u00f3 una disminuci\u00f3n de 12 mil personas en su poblaci\u00f3n ocupada, lo que refleja una baja importante en el dinamismo del mercado laboral local.<\/p>\n<p style=\"font-weight: 400;\">Uno de los sectores m\u00e1s afectados fue el primario, que incluye actividades como la agricultura, ganader\u00eda, silvicultura, caza y pesca. Ah\u00ed, el n\u00famero de personas ocupadas disminuy\u00f3 en 4 mil, mientras que en los servicios diversos y sociales se reportaron reducciones de 3 mil y 4 mil personas, respectivamente.<\/p>\n<p style=\"font-weight: 400;\">Adem\u00e1s, aument\u00f3 el n\u00famero de personas desocupadas en Colima, alcanzando las 9 mil, lo que representa una tasa de desempleo del 2.4 % de la Poblaci\u00f3n Econ\u00f3micamente Activa (PEA), una cifra mayor a la del mismo periodo del 2024. A pesar de que la poblaci\u00f3n subocupada \u2014aquella que trabaja menos horas de las que necesita\u2014 baj\u00f3 del 5.0 % al 3.8 %, la calidad del empleo tambi\u00e9n se vio afectada. La tasa de condiciones cr\u00edticas de ocupaci\u00f3n \u2014que mide a quienes ganan poco o trabajan en situaciones precarias\u2014 subi\u00f3 del 22.5 % al 24.1 %.<\/p>\n<p style=\"font-weight: 400;\">Otro dato relevante es que la tasa de informalidad laboral se ubic\u00f3 en 44.6 %, apenas por debajo del 45.0 % del a\u00f1o anterior. Esto indica que casi la mitad de los trabajadores en Colima siguen sin acceso a prestaciones, seguridad social o contratos formales. Mientras tanto, la tasa de participaci\u00f3n laboral \u2014es decir, cu\u00e1ntas personas en edad de trabajar efectivamente lo hacen\u2014 tambi\u00e9n disminuy\u00f3: en 2024 era de 67.2 %, y en 2025 baj\u00f3 a 66.0 %. La ca\u00edda fue m\u00e1s notable entre las mujeres, cuya participaci\u00f3n se redujo en 12 mil personas.<\/p>\n<p style=\"font-weight: 400;\">En promedio, los colimenses trabajaron 41.3 horas a la semana en el periodo enero-marzo. La mayor\u00eda (48.4 %) labor\u00f3 entre 35 y 48 horas, aunque un 21.5 % lo hizo por m\u00e1s de 48 horas semanales, lo que habla de la necesidad de muchos por generar ingresos extra ante la dif\u00edcil situaci\u00f3n econ\u00f3mica.<\/p>\n<p style=\"font-weight: 400;\">En el sector no agropecuario, la ocupaci\u00f3n disminuy\u00f3 en 13 mil personas. El mayor golpe fue para los peque\u00f1os establecimientos, que perdieron 9 mil empleos. En contraste, los grandes negocios aumentaron su n\u00famero de trabajadores en 6 mil, lo que puede indicar una concentraci\u00f3n de oportunidades en pocas empresas con mayor capacidad econ\u00f3mica.<\/p>\n<p><a href=\"https:\/\/diarioavanzada.com.mx\/?p=88235\">https:\/\/diarioavanzada.com.mx\/?p=88235<\/a><\/p>\n","protected":false},"excerpt":{"rendered":"<p>Imagen: Diario Avanzada Heidi de Le\u00f3n Guti\u00e9rrez \/ Diario Avanzada Colima, M\u00e9xico, Avanzada (28\/05\/2025).- De acuerdo con los resultados m\u00e1s recientes de la Encuesta Nacional de Ocupaci\u00f3n y Empleo (ENOE) &hellip; <a href=\"https:\/\/www.grieta.org.mx\/index.php\/2025\/05\/28\/colima-menos-empleo-mas-precariedad\/\" class=\"more-link\">Leer m\u00e1s<\/a><\/p>\n","protected":false},"author":2,"featured_media":71798,"comment_status":"closed","ping_status":"closed","sticky":false,"template":"","format":"standard","meta":{"ngg_post_thumbnail":0,"_jetpack_newsletter_access":"","_jetpack_dont_email_post_to_subs":false,"_jetpack_newsletter_tier_id":0,"_jetpack_memberships_contains_paywalled_content":false,"_jetpack_memberships_contains_paid_content":false,"footnotes":""},"categories":[80,13,910,2192,2,83],"tags":[2841,1290,2962,3140],"class_list":["post-71797","post","type-post","status-publish","format-standard","has-post-thumbnail","hentry","category-cintillo","category-colima","category-explotacion-y-precariedad-laboral","category-explotacion-y-precariedad-laboral-en-colima","category-noticias-nacionales","category-temas-nacionales","tag-explotacion-y-precariedad-laboral","tag-precariedad-laboral","tag-precarizacion-de-la-vida","tag-precarizacion-de-las-condiciones-de-vida","entry"],"jetpack_featured_media_url":"https:\/\/www.grieta.org.mx\/wp-content\/uploads\/2025\/06\/4e106473-4be1-4d92-b83b-dc73eee6ca9e-2-1.png","jetpack_sharing_enabled":true,"jetpack_shortlink":"https:\/\/wp.me\/p7ZJR4-iG1","jetpack_likes_enabled":false,"jetpack-related-posts":[{"id":66653,"url":"https:\/\/www.grieta.org.mx\/index.php\/2023\/03\/12\/incrementa-el-desempleo-en-colima\/","url_meta":{"origin":71797,"position":0},"title":"Incrementa el desempleo en Colima","author":"grieta","date":"12 marzo, 2023","format":false,"excerpt":"Imagen: Diario Avanzada Heidi de Le\u00f3n Guti\u00e9rrez \/ Diario Avanzada Colima, M\u00e9xico, Avanzada (12\/03\/2023).- La Encuesta Nacional de Ocupaci\u00f3n y Empleo (ENOE) correspondiente al cuarto trimestre de 2022 revel\u00f3 que en Colima cayeron los principales indicadores de empleo. Lo anterior al disminuirse la Poblaci\u00f3n Econ\u00f3micamente Activa (PEA) y la Poblaci\u00f3n\u2026","rel":"","context":"En &quot;CINTILLO&quot;","block_context":{"text":"CINTILLO","link":"https:\/\/www.grieta.org.mx\/index.php\/category\/cintillo\/"},"img":{"alt_text":"","src":"https:\/\/i0.wp.com\/www.grieta.org.mx\/wp-content\/uploads\/2023\/03\/image-73.png?resize=350%2C200&ssl=1","width":350,"height":200,"srcset":"https:\/\/i0.wp.com\/www.grieta.org.mx\/wp-content\/uploads\/2023\/03\/image-73.png?resize=350%2C200&ssl=1 1x, https:\/\/i0.wp.com\/www.grieta.org.mx\/wp-content\/uploads\/2023\/03\/image-73.png?resize=525%2C300&ssl=1 1.5x"},"classes":[]},{"id":59557,"url":"https:\/\/www.grieta.org.mx\/index.php\/2021\/05\/19\/once-mil-colimenses-desempleados-buscan-trabajo-colima\/","url_meta":{"origin":71797,"position":1},"title":"Once mil colimenses desempleados buscan trabajo (Colima)","author":"grieta","date":"19 mayo, 2021","format":false,"excerpt":"Imagen: Diario Avanzada Heidi de Le\u00f3n Guti\u00e9rrez \/ Diario Avanzada Colima, M\u00e9xico, Avanzada (19\/05\/2021).- En el primer trimestre del a\u00f1o, se perdieron 6 mil 700 empleos, en comparaci\u00f3n con el mismo per\u00edodo de 2020, seg\u00fan los datos mas recientes de la Encuesta Nacional de Ocupaci\u00f3n y Empleo (ENOE). La misma\u2026","rel":"","context":"En &quot;CINTILLO&quot;","block_context":{"text":"CINTILLO","link":"https:\/\/www.grieta.org.mx\/index.php\/category\/cintillo\/"},"img":{"alt_text":"","src":"https:\/\/i0.wp.com\/www.grieta.org.mx\/wp-content\/uploads\/2021\/05\/moneda-e1621892718944.png?resize=350%2C200&ssl=1","width":350,"height":200,"srcset":"https:\/\/i0.wp.com\/www.grieta.org.mx\/wp-content\/uploads\/2021\/05\/moneda-e1621892718944.png?resize=350%2C200&ssl=1 1x, https:\/\/i0.wp.com\/www.grieta.org.mx\/wp-content\/uploads\/2021\/05\/moneda-e1621892718944.png?resize=525%2C300&ssl=1 1.5x"},"classes":[]},{"id":71943,"url":"https:\/\/www.grieta.org.mx\/index.php\/2025\/06\/30\/colimenses-50-sin-seguro-y-con-salarios-precarios\/","url_meta":{"origin":71797,"position":2},"title":"Colimenses: 50% sin seguro y con salarios precarios","author":"grieta","date":"30 junio, 2025","format":false,"excerpt":"Imagen: Diario Avanzada Heidi de Le\u00f3n Guti\u00e9rrez \/ Diario Avanzada Colima, M\u00e9xico, Avanzada (30\/06\/2025).- M\u00e1s de la mitad de la poblaci\u00f3n ocupada en Colima percibe un salario que no cubre sus necesidades b\u00e1sicas y trabaja sin seguridad social, es decir, no tienen acceso a servicios de salud ni derecho a\u2026","rel":"","context":"En &quot;CINTILLO&quot;","block_context":{"text":"CINTILLO","link":"https:\/\/www.grieta.org.mx\/index.php\/category\/cintillo\/"},"img":{"alt_text":"","src":"https:\/\/i0.wp.com\/www.grieta.org.mx\/wp-content\/uploads\/2025\/07\/174098f5-1d1a-49ca-9607-8e42cf177337-2-1.jpg?resize=350%2C200&ssl=1","width":350,"height":200,"srcset":"https:\/\/i0.wp.com\/www.grieta.org.mx\/wp-content\/uploads\/2025\/07\/174098f5-1d1a-49ca-9607-8e42cf177337-2-1.jpg?resize=350%2C200&ssl=1 1x, https:\/\/i0.wp.com\/www.grieta.org.mx\/wp-content\/uploads\/2025\/07\/174098f5-1d1a-49ca-9607-8e42cf177337-2-1.jpg?resize=525%2C300&ssl=1 1.5x, https:\/\/i0.wp.com\/www.grieta.org.mx\/wp-content\/uploads\/2025\/07\/174098f5-1d1a-49ca-9607-8e42cf177337-2-1.jpg?resize=700%2C400&ssl=1 2x, https:\/\/i0.wp.com\/www.grieta.org.mx\/wp-content\/uploads\/2025\/07\/174098f5-1d1a-49ca-9607-8e42cf177337-2-1.jpg?resize=1050%2C600&ssl=1 3x"},"classes":[]},{"id":46893,"url":"https:\/\/www.grieta.org.mx\/index.php\/2020\/03\/26\/172-mil-trabajadores-en-colima-sufren-pobreza-laboral\/","url_meta":{"origin":71797,"position":3},"title":"172 mil trabajadores en Colima sufren pobreza laboral","author":"grieta","date":"26 marzo, 2020","format":false,"excerpt":"Foto: Diario Avanzada Heidi de Le\u00f3n Guti\u00e9rrez \/ Diario Avanzada Colima, M\u00e9xico, Avanzada (26\/03\/2020).- En Colima, el 23 por ciento de la poblaci\u00f3n registra un ingreso laboral inferior al costo de la canasta b\u00e1sica, seg\u00fan la medici\u00f3n realizada por el Consejo Nacional de Evaluaci\u00f3n (Coneval), durante el cuarto trimestre de\u2026","rel":"","context":"En &quot;CINTILLO&quot;","block_context":{"text":"CINTILLO","link":"https:\/\/www.grieta.org.mx\/index.php\/category\/cintillo\/"},"img":{"alt_text":"","src":"https:\/\/i0.wp.com\/www.grieta.org.mx\/wp-content\/uploads\/2020\/03\/Colima-tierra-de-pobres.png?resize=350%2C200&ssl=1","width":350,"height":200,"srcset":"https:\/\/i0.wp.com\/www.grieta.org.mx\/wp-content\/uploads\/2020\/03\/Colima-tierra-de-pobres.png?resize=350%2C200&ssl=1 1x, https:\/\/i0.wp.com\/www.grieta.org.mx\/wp-content\/uploads\/2020\/03\/Colima-tierra-de-pobres.png?resize=525%2C300&ssl=1 1.5x, https:\/\/i0.wp.com\/www.grieta.org.mx\/wp-content\/uploads\/2020\/03\/Colima-tierra-de-pobres.png?resize=700%2C400&ssl=1 2x"},"classes":[]},{"id":47936,"url":"https:\/\/www.grieta.org.mx\/index.php\/2020\/04\/16\/despidos-impago-o-reduccion-de-salario-120-mil-colimenses-en-incertidumbre-laboral-colima\/","url_meta":{"origin":71797,"position":4},"title":"Despidos, impago o reducci\u00f3n de salario; 120 mil colimenses en incertidumbre laboral (Colima)","author":"grieta","date":"16 abril, 2020","format":false,"excerpt":"Imagen: Diario Avanzada Redacci\u00f3n \/ Diario Avanzada Colima, M\u00e9xico, Avanzada (16\/04\/2020).- \u00a0M\u00e1s de 120 mil trabajadores en Colima, que pertenecen al sector comercial y actividades financieras, enfrentan complicaciones econ\u00f3micas\u00a0 delicadas por \u00a0despidos, la falta de salarios o la reducci\u00f3n de los mismo, \u00a0a partir de la emergencia sanitaria decretada para\u2026","rel":"","context":"En &quot;CINTILLO&quot;","block_context":{"text":"CINTILLO","link":"https:\/\/www.grieta.org.mx\/index.php\/category\/cintillo\/"},"img":{"alt_text":"","src":"https:\/\/i0.wp.com\/www.grieta.org.mx\/wp-content\/uploads\/2020\/04\/93867421_1293082597568319_2675660884767932416_n.jpg?resize=350%2C200&ssl=1","width":350,"height":200,"srcset":"https:\/\/i0.wp.com\/www.grieta.org.mx\/wp-content\/uploads\/2020\/04\/93867421_1293082597568319_2675660884767932416_n.jpg?resize=350%2C200&ssl=1 1x, https:\/\/i0.wp.com\/www.grieta.org.mx\/wp-content\/uploads\/2020\/04\/93867421_1293082597568319_2675660884767932416_n.jpg?resize=525%2C300&ssl=1 1.5x, https:\/\/i0.wp.com\/www.grieta.org.mx\/wp-content\/uploads\/2020\/04\/93867421_1293082597568319_2675660884767932416_n.jpg?resize=700%2C400&ssl=1 2x"},"classes":[]},{"id":68596,"url":"https:\/\/www.grieta.org.mx\/index.php\/2024\/03\/11\/sin-prestaciones-el-46-de-los-trabajadores-24-esta-en-pobreza-laboral-colima\/","url_meta":{"origin":71797,"position":5},"title":"Sin prestaciones: El 46 % de los trabajadores; 24 % est\u00e1 en pobreza laboral (Colima)","author":"grieta","date":"11 marzo, 2024","format":false,"excerpt":"Imagen: Diario Avanzada Heidi de Le\u00f3n Guti\u00e9rrez \/ Diario Avanzada Colima, M\u00e9xico, Avanzada (11\/03\/2024).- Omar sabe que no contar\u00e1 con una jubilaci\u00f3n que le permita sobrevivir si es que llega a la vejez. Desde hace diez a\u00f1os se dedica a dar clases particulares y en la instituci\u00f3n donde labora solo\u2026","rel":"","context":"En &quot;CINTILLO&quot;","block_context":{"text":"CINTILLO","link":"https:\/\/www.grieta.org.mx\/index.php\/category\/cintillo\/"},"img":{"alt_text":"","src":"https:\/\/i0.wp.com\/www.grieta.org.mx\/wp-content\/uploads\/2024\/03\/a2-17.jpg?resize=350%2C200&ssl=1","width":350,"height":200},"classes":[]}],"_links":{"self":[{"href":"https:\/\/www.grieta.org.mx\/index.php\/wp-json\/wp\/v2\/posts\/71797","targetHints":{"allow":["GET"]}}],"collection":[{"href":"https:\/\/www.grieta.org.mx\/index.php\/wp-json\/wp\/v2\/posts"}],"about":[{"href":"https:\/\/www.grieta.org.mx\/index.php\/wp-json\/wp\/v2\/types\/post"}],"author":[{"embeddable":true,"href":"https:\/\/www.grieta.org.mx\/index.php\/wp-json\/wp\/v2\/users\/2"}],"replies":[{"embeddable":true,"href":"https:\/\/www.grieta.org.mx\/index.php\/wp-json\/wp\/v2\/comments?post=71797"}],"version-history":[{"count":1,"href":"https:\/\/www.grieta.org.mx\/index.php\/wp-json\/wp\/v2\/posts\/71797\/revisions"}],"predecessor-version":[{"id":71799,"href":"https:\/\/www.grieta.org.mx\/index.php\/wp-json\/wp\/v2\/posts\/71797\/revisions\/71799"}],"wp:featuredmedia":[{"embeddable":true,"href":"https:\/\/www.grieta.org.mx\/index.php\/wp-json\/wp\/v2\/media\/71798"}],"wp:attachment":[{"href":"https:\/\/www.grieta.org.mx\/index.php\/wp-json\/wp\/v2\/media?parent=71797"}],"wp:term":[{"taxonomy":"category","embeddable":true,"href":"https:\/\/www.grieta.org.mx\/index.php\/wp-json\/wp\/v2\/categories?post=71797"},{"taxonomy":"post_tag","embeddable":true,"href":"https:\/\/www.grieta.org.mx\/index.php\/wp-json\/wp\/v2\/tags?post=71797"}],"curies":[{"name":"wp","href":"https:\/\/api.w.org\/{rel}","templated":true}]}}