{"id":71787,"date":"2025-06-05T19:12:50","date_gmt":"2025-06-06T01:12:50","guid":{"rendered":"https:\/\/www.grieta.org.mx\/?p=71787"},"modified":"2025-06-05T19:12:50","modified_gmt":"2025-06-06T01:12:50","slug":"denunciamos-tortura-y-agresiones-sexuales-en-contra-de-integrantes-de-la-comunidad-indigena-nhonho-otomi-de-santiago-mexquititlan-queretaro","status":"publish","type":"post","link":"https:\/\/www.grieta.org.mx\/index.php\/2025\/06\/05\/denunciamos-tortura-y-agresiones-sexuales-en-contra-de-integrantes-de-la-comunidad-indigena-nhonho-otomi-de-santiago-mexquititlan-queretaro\/","title":{"rendered":"DENUNCIAMOS TORTURA Y AGRESIONES SEXUALES EN CONTRA DE INTEGRANTES DE LA COMUNIDAD IND\u00cdGENA \u00d1H\u00d6\u00d1H\u00d6 (OTOM\u00cd) DE SANTIAGO MEXQUITITL\u00c1N, QUER\u00c9TARO."},"content":{"rendered":"<p style=\"text-align: center;\">DENUNCIAMOS TORTURA Y AGRESIONES SEXUALES<br \/>\nEN CONTRA DE INTEGRANTES DE LA COMUNIDAD IND\u00cdGENA \u00d1H\u00d6\u00d1H\u00d6 (OTOM\u00cd)<br \/>\nDE SANTIAGO MEXQUITITL\u00c1N, QUER\u00c9TARO.<\/p>\n<p>A nuestras hermanas y hermanos del pueblo \u00f1h\u00f6\u00f1h\u00f6 (otom\u00ed) de Santiago Mexquititl\u00e1n, Quer\u00e9taro:<br \/>\nAl Concejo Ind\u00edgena de Gobierno de Santiago Mexquititl\u00e1n:<\/p>\n<p>A los pueblos de M\u00e9xico y del mundo,<br \/>\nA los organismos y colectivos defensores de derechos humanos,<br \/>\nA las Redes de Resistencia y Rebeld\u00eda,<br \/>\nA la Sexta Nacional e Internacional,<br \/>\nA l@s firmantes de Una Declaraci\u00f3n por la Vida en los cinco continentes,<br \/>\nA la Europa Insumisa, Digna y Rebelde.<\/p>\n<p>El Congreso Nacional Ind\u00edgena y el Ej\u00e9rcito Zapatista de Liberaci\u00f3n Nacional repudiamos la violencia policiaca con la que fueron arrestados y torturados nuestros hermanos \u00f1h\u00f6\u00f1h\u00f6 Estela Hern\u00e1ndez, Sergio Ch\u00e1vez, Jes\u00fas Torres, Leonardo Garc\u00eda y Mart\u00edn \u00c1lvarez y dos personas m\u00e1s cuya identidad no hemos podido establecer; en cuyos cuerpos se concentraron el odio y el racismo que caracterizan al gobierno de Mauricio Kuri en Quer\u00e9taro, as\u00ed como se concentran en nuestra Madre Tierra y en los pueblos originarios el despojo y la destrucci\u00f3n que nacen del estado mexicano y sus instituciones.<\/p>\n<p>El d\u00eda de ayer, mi\u00e9rcoles 4 de junio, en la comunidad de Santiago Mexquititl\u00e1n, municipio de Amealco, Quer\u00e9taro, la Polic\u00eda Estatal de Quer\u00e9taro (POES),realiz\u00f3 una redada totalmente ilegal. en la cual realiz\u00f3 la detenci\u00f3n arbitraria de 6 personas, la mayor\u00eda j\u00f3venes, sin haber cometido delito alguno.<\/p>\n<p>Ante este abuso de autoridad, la compa\u00f1era Estela Hern\u00e1ndez, miembro del Concejo Ind\u00edgena de Gobierno de Santiago Mexquititl\u00e1n, delegada del Congreso Nacional Ind\u00edgena e integrante de la Asamblea Nacional por el Agua y la Vida se traslad\u00f3 al DIF municipal, lugar a donde los detenidos fueron trasladados. Al preguntar por el motivo de la detenci\u00f3n y por la integridad f\u00edsica de los compa\u00f1eros detenidos, un grupo de al menos 10 polic\u00edas detuvo y agredi\u00f3 f\u00edsica y sexualmente a la compa\u00f1era. Adem\u00e1s de los golpes, le expresaron violentamente que \u201cya estaban hartos de ella\u201d, lo cual evidencia que el ataque tiene claras intenciones de amedrentar el trabajo de defensa del territorio y de los derechos humanos que nuestra compa\u00f1era realiza.<\/p>\n<p>Casi 5 horas despu\u00e9s, todos los compa\u00f1eros fueron liberados gracias a la acci\u00f3n del pueblo y a la solidaridad de organizaciones, colectivos y personas que mostraron su indignaci\u00f3n y exigieron su libertad inmediata.<\/p>\n<p>El Concejo Aut\u00f3nomo de Santiago Mexquititl\u00e1n ha sido reprimido y agredido sistem\u00e1ticamente por evitar la privatizaci\u00f3n del agua en Quer\u00e9taro, por frenar la devastaci\u00f3n de su territorio y por no someterse a los proyectos coloniales de muerte. Hoy nuevamente es agredido con el sello del desprecio, unas horas despu\u00e9s de haber anunciado su asamblea comunitaria en defensa del agua para el s\u00e1bado 14 de junio, lo que parece incomodar a quienes desde el poder act\u00faan como criminales.<\/p>\n<p>\u00bfPor qu\u00e9 detuvieron a la compa\u00f1era Estela y a los dem\u00e1s compa\u00f1eros de Santiago Mexquititl\u00e1n? Porque en Quer\u00e9taro el racismo es el protocolo policiaco por excelencia. Porque el mal gobierno s\u00f3lo conoce desprecio hacia los pueblos originarios. Porque al mal gobierno s\u00f3lo le gustan los ind\u00edgenas sumisos y funcionales a sus cr\u00edmenes, no los que luchan por la vida. Porque para el mal gobierno la dignidad es peligrosa.<\/p>\n<p>Para los j\u00f3venes la c\u00e1rcel y levantones, para las mujeres ind\u00edgenas que defienden su territorio y construyen autonom\u00eda en sus comunidades los golpes y la tortura f\u00edsica y sexual. Vivir en comunidades ind\u00edgenas, trabajar honestamente, documentar violaciones a los derechos humanos, defender al territorio y levantar la voz son delitos para el estado.<\/p>\n<p>La presencia del ej\u00e9rcito en la manifestaci\u00f3n pac\u00edfica que pobladores de Santiago Mexquititl\u00e1n y comunidades aleda\u00f1as realizaron en las inmediaciones del DIF de Amealco, Quer\u00e9taro, para exigir la libertad de nuestros compa\u00f1eros, es una muestra m\u00e1s de la guerra generalizada que se vive en el pa\u00eds, la muestra de que las fuerzas armadas est\u00e1n para callar al pueblo organizado en defensa de la vida y la libertad. Es esta la verdadera cara de la cuarta transformaci\u00f3n, la que exhibi\u00f3 hace unas semanas al secuestrar y detener arbitrariamente a nuestros compa\u00f1eros Baldemar S\u00e1ntiz S\u00e1ntiz y Andr\u00e9s Manuel S\u00e1ntiz G\u00f3mez en la comunidad tzotzil de Cotzilnam, municipio de Aldama, Chiapas.<\/p>\n<p>Exigimos un alto total a la violencia racista y de g\u00e9nero por parte del Estado, a la guerra de exterminio desatada contra los pueblos de M\u00e9xico; llamamos a los pueblos de M\u00e9xico y del mundo, a los organismos y colectivos defensores de derechos humanos, a las Redes de Resistencia y Rebeld\u00eda, a la Sexta Nacional e Internacional, a l@s firmantes de Una Declaraci\u00f3n por la Vida en los cinco continentes y a la Europa Insumisa, Digna y Rebelde, a estar alertas y organizados en contra de esta guerra y de estas acciones represivas dirigidas hacia los pueblos originarios que en M\u00e9xico y el mundo entero resisten la tormenta capitalista.<\/p>\n<p>Esta violencia se da en un momento en que la llamada \u201c4T\u201d festina a un ministro supuestamente ind\u00edgena y presume el respeto a los derechos de los originarios. Ese se\u00f1or, junto con su c\u00f3mplice Adelfo, es otro \u201cind\u00edgena\u201d de maniqu\u00ed en el aparador de la 4T, parte de la escenograf\u00eda de cart\u00f3n piedra que la nueva comedia de \u201cLa Se\u00f1ora Presidenta\u201d presenta all\u00e1 arriba para su propio consumo. Sin importar el color pol\u00edtico, all\u00e1 arriba es el mismo PRI de siempre. El cambio es que pasaron de lo obsceno a lo francamente pornogr\u00e1fico, como sus chats de redes sociales. La compa\u00f1era Estela es quien, hace a\u00f1os, acu\u00f1\u00f3 la frase de \u201chasta que la dignidad se haga costumbre\u201d, pero en los malos gobiernos la costumbre sigue siendo la hipocres\u00eda.<\/p>\n<p>Seguir\u00e1 siendo la fuerza de los pueblos la que arranque la libertad de nuestros hermanos y hermanas, la que sostenga la dignidad ante esta guerra de exterminio. Abrazamos a nuestros hermanos \u00f1h\u00f6\u00f1h\u00f6 que luchan y resisten incansablemente por el agua, la vida y la libertad.<\/p>\n<p>ATENTAMENTE<br \/>\nJUNIO DE 2025<\/p>\n<p style=\"text-align: center;\">POR LA RECONSTITUCI\u00d3N INTEGRAL DE NUESTROS PUEBLOS<br \/>\nNUNCA M\u00c1S UN M\u00c9XICO SIN NOSOTROS<\/p>\n<p style=\"text-align: center;\">CONGRESO NACIONAL IND\u00cdGENA<br \/>\nEJ\u00c9RCITO ZAPATISTA DE LIBERACI\u00d3N NACIONAL<\/p>\n<p><a href=\"https:\/\/enlacezapatista.ezln.org.mx\/2025\/06\/05\/denunciamos-tortura-y-agresiones-sexuales-en-contra-de-integrantes-de-la-comunidad-indigena-nhonho-otomi-de-santiago-mexquititlan-queretaro\/\">https:\/\/enlacezapatista.ezln.org.mx\/2025\/06\/05\/denunciamos-tortura-y-agresiones-sexuales-en-contra-de-integrantes-de-la-comunidad-indigena-nhonho-otomi-de-santiago-mexquititlan-queretaro\/<\/a><\/p>\n","protected":false},"excerpt":{"rendered":"<p>DENUNCIAMOS TORTURA Y AGRESIONES SEXUALES EN CONTRA DE INTEGRANTES DE LA COMUNIDAD IND\u00cdGENA \u00d1H\u00d6\u00d1H\u00d6 (OTOM\u00cd) DE SANTIAGO MEXQUITITL\u00c1N, QUER\u00c9TARO. A nuestras hermanas y hermanos del pueblo \u00f1h\u00f6\u00f1h\u00f6 (otom\u00ed) de Santiago &hellip; <a href=\"https:\/\/www.grieta.org.mx\/index.php\/2025\/06\/05\/denunciamos-tortura-y-agresiones-sexuales-en-contra-de-integrantes-de-la-comunidad-indigena-nhonho-otomi-de-santiago-mexquititlan-queretaro\/\" class=\"more-link\">Leer m\u00e1s<\/a><\/p>\n","protected":false},"author":2,"featured_media":71788,"comment_status":"closed","ping_status":"closed","sticky":false,"template":"","format":"standard","meta":{"ngg_post_thumbnail":0,"_jetpack_newsletter_access":"","_jetpack_dont_email_post_to_subs":false,"_jetpack_newsletter_tier_id":0,"_jetpack_memberships_contains_paywalled_content":false,"_jetpack_memberships_contains_paid_content":false,"footnotes":""},"categories":[80,79,921,74,1707,907,2],"tags":[2085,466,2466,1596,4156,2445],"class_list":["post-71787","post","type-post","status-publish","format-standard","has-post-thumbnail","hentry","category-cintillo","category-cni","category-comunicados","category-ezln","category-denuncias","category-ezln-2","category-noticias-nacionales","tag-congreso-nacional-indigena-concejo-indigena-de-gobierno","tag-ezln","tag-luchas-y-resistencias-de-pueblos-originarios","tag-pueblos-originarios","tag-represion-al-cni","tag-violencia-fuerzas-represivas","entry"],"jetpack_featured_media_url":"https:\/\/www.grieta.org.mx\/wp-content\/uploads\/2025\/06\/CINTILLO_PROP.jpg","jetpack_sharing_enabled":true,"jetpack_shortlink":"https:\/\/wp.me\/p7ZJR4-iFR","jetpack_likes_enabled":false,"jetpack-related-posts":[{"id":67944,"url":"https:\/\/www.grieta.org.mx\/index.php\/2023\/10\/16\/denuncia-del-congreso-nacional-indigena-concejo-indigena-de-gobierno-por-el-intento-de-desalojo-de-la-casa-de-los-pueblos\/","url_meta":{"origin":71787,"position":0},"title":"Denuncia del Congreso Nacional Ind\u00edgena \u2013 Concejo Ind\u00edgena de Gobierno por el Intento de Desalojo de la Casa de los Pueblos","author":"grieta","date":"16 octubre, 2023","format":false,"excerpt":"A los pueblos y gobiernos de M\u00e9xico y del mundo. A los organismos de derechos humanos. A los medios de comunicaci\u00f3n. Denunciamos que desde hace algunas horas un numeroso contingente de granaderos del gobierno de la Ciudad de M\u00e9xico est\u00e1 tratando de desalojar con violencia a la Comunidad Ind\u00edgena Otom\u00ed\u2026","rel":"","context":"En &quot;CIG&quot;","block_context":{"text":"CIG","link":"https:\/\/www.grieta.org.mx\/index.php\/category\/cig\/"},"img":{"alt_text":"","src":"https:\/\/i0.wp.com\/www.grieta.org.mx\/wp-content\/uploads\/2023\/10\/logo-CNI-T.png?resize=350%2C200&ssl=1","width":350,"height":200,"srcset":"https:\/\/i0.wp.com\/www.grieta.org.mx\/wp-content\/uploads\/2023\/10\/logo-CNI-T.png?resize=350%2C200&ssl=1 1x, https:\/\/i0.wp.com\/www.grieta.org.mx\/wp-content\/uploads\/2023\/10\/logo-CNI-T.png?resize=525%2C300&ssl=1 1.5x"},"classes":[]},{"id":52948,"url":"https:\/\/www.grieta.org.mx\/index.php\/2020\/08\/21\/proyecto-turistificador-detona-abusos-contra-pueblo-otomi-queretaro\/","url_meta":{"origin":71787,"position":1},"title":"Proyecto \u00abturistificador\u00bb detona abusos contra pueblo otom\u00ed (Quer\u00e9taro)","author":"grieta","date":"21 agosto, 2020","format":false,"excerpt":"Texto y fotos: Alejandro Ruiz \/ Pie de P\u00e1gina El gobierno municipal de Amealco de Bonfil quiere remodelar una plaza en Santiago Mexquititl\u00e1n, y gastar 10 millones de pesos. Nadie consult\u00f3 a los pobladores, y nadie sabe de qu\u00e9 trata la remodelaci\u00f3n. Pero s\u00ed saben que \u00e9sta es el inicio\u2026","rel":"","context":"En &quot;Abuso policiaco y tortura en Quer\u00e9taro&quot;","block_context":{"text":"Abuso policiaco y tortura en Quer\u00e9taro","link":"https:\/\/www.grieta.org.mx\/index.php\/category\/noticias-nacionales\/queretaro\/abuso-policiaco-y-tortura-en-queretaro\/"},"img":{"alt_text":"","src":"https:\/\/i0.wp.com\/www.grieta.org.mx\/wp-content\/uploads\/2020\/09\/Proyecto-turistificador-detona-abusos-contra-pueblo-otomi-qro-sep.jpg?resize=350%2C200&ssl=1","width":350,"height":200,"srcset":"https:\/\/i0.wp.com\/www.grieta.org.mx\/wp-content\/uploads\/2020\/09\/Proyecto-turistificador-detona-abusos-contra-pueblo-otomi-qro-sep.jpg?resize=350%2C200&ssl=1 1x, https:\/\/i0.wp.com\/www.grieta.org.mx\/wp-content\/uploads\/2020\/09\/Proyecto-turistificador-detona-abusos-contra-pueblo-otomi-qro-sep.jpg?resize=525%2C300&ssl=1 1.5x, https:\/\/i0.wp.com\/www.grieta.org.mx\/wp-content\/uploads\/2020\/09\/Proyecto-turistificador-detona-abusos-contra-pueblo-otomi-qro-sep.jpg?resize=700%2C400&ssl=1 2x, https:\/\/i0.wp.com\/www.grieta.org.mx\/wp-content\/uploads\/2020\/09\/Proyecto-turistificador-detona-abusos-contra-pueblo-otomi-qro-sep.jpg?resize=1050%2C600&ssl=1 3x"},"classes":[]},{"id":51629,"url":"https:\/\/www.grieta.org.mx\/index.php\/2020\/07\/02\/agresiones-al-pueblo-de-santiago-mexquititlan-queretaro\/","url_meta":{"origin":71787,"position":2},"title":"Agresiones al pueblo de Santiago Mexquititl\u00e1n (Quer\u00e9taro)","author":"grieta","date":"2 julio, 2020","format":false,"excerpt":"Imagen tomada de: sicmx.org Agust\u00edn Escobar Ledesma \/ Sistema Informativo Ciudadano Uno de los problemas m\u00e1s acuciantes que tiene Santiago Mexquititl\u00e1n, Amealco, Qro., es que sus seis barrios, repetidamente, son dejados sin el servicio de agua potable. La \u00faltima ocasi\u00f3n, ocurrida entre mayo y junio, fue que la Comisi\u00f3n Estatal\u2026","rel":"","context":"En &quot;Autonom\u00edas&quot;","block_context":{"text":"Autonom\u00edas","link":"https:\/\/www.grieta.org.mx\/index.php\/category\/resistencias\/autonomias\/"},"img":{"alt_text":"","src":"https:\/\/i0.wp.com\/www.grieta.org.mx\/wp-content\/uploads\/2020\/07\/Agresiones-al-pueblo-de-Santiago-Mexquititl%C3%A1n-qro-jul.jpeg?resize=350%2C200&ssl=1","width":350,"height":200,"srcset":"https:\/\/i0.wp.com\/www.grieta.org.mx\/wp-content\/uploads\/2020\/07\/Agresiones-al-pueblo-de-Santiago-Mexquititl%C3%A1n-qro-jul.jpeg?resize=350%2C200&ssl=1 1x, https:\/\/i0.wp.com\/www.grieta.org.mx\/wp-content\/uploads\/2020\/07\/Agresiones-al-pueblo-de-Santiago-Mexquititl%C3%A1n-qro-jul.jpeg?resize=525%2C300&ssl=1 1.5x, https:\/\/i0.wp.com\/www.grieta.org.mx\/wp-content\/uploads\/2020\/07\/Agresiones-al-pueblo-de-Santiago-Mexquititl%C3%A1n-qro-jul.jpeg?resize=700%2C400&ssl=1 2x"},"classes":[]},{"id":72247,"url":"https:\/\/www.grieta.org.mx\/index.php\/2025\/08\/21\/santiago-mexquititlan-exige-salida-de-la-cea-de-su-territorio-queretaro\/","url_meta":{"origin":71787,"position":3},"title":"Santiago Mexquititl\u00e1n exige salida de la CEA de su territorio (Quer\u00e9taro)","author":"grieta","date":"21 agosto, 2025","format":false,"excerpt":"Publicado en\u00a0agosto 21, 2025 David \u00c1lvarez \/ \u00a0Proyecto Saltapatr\u00e1s Fotograf\u00eda: David \u00c1lvarez La ma\u00f1ana del jueves, integrantes del Concejo Ind\u00edgena de Santiago Mexquititl\u00e1n se reunieron a las afueras de las oficinas de la Comisi\u00f3n Nacional del Agua (CONAGUA) para anunciar la decisi\u00f3n de remover a la Comisi\u00f3n Estatal de Aguas\u2026","rel":"","context":"En &quot;CINTILLO&quot;","block_context":{"text":"CINTILLO","link":"https:\/\/www.grieta.org.mx\/index.php\/category\/cintillo\/"},"img":{"alt_text":"","src":"https:\/\/i0.wp.com\/www.grieta.org.mx\/wp-content\/uploads\/2025\/08\/Santiago-Mexquititlan-exige-salida-de-la-CEA-de-su-territorio.png?resize=350%2C200&ssl=1","width":350,"height":200,"srcset":"https:\/\/i0.wp.com\/www.grieta.org.mx\/wp-content\/uploads\/2025\/08\/Santiago-Mexquititlan-exige-salida-de-la-CEA-de-su-territorio.png?resize=350%2C200&ssl=1 1x, https:\/\/i0.wp.com\/www.grieta.org.mx\/wp-content\/uploads\/2025\/08\/Santiago-Mexquititlan-exige-salida-de-la-CEA-de-su-territorio.png?resize=525%2C300&ssl=1 1.5x, https:\/\/i0.wp.com\/www.grieta.org.mx\/wp-content\/uploads\/2025\/08\/Santiago-Mexquititlan-exige-salida-de-la-CEA-de-su-territorio.png?resize=700%2C400&ssl=1 2x, https:\/\/i0.wp.com\/www.grieta.org.mx\/wp-content\/uploads\/2025\/08\/Santiago-Mexquititlan-exige-salida-de-la-CEA-de-su-territorio.png?resize=1050%2C600&ssl=1 3x"},"classes":[]},{"id":53647,"url":"https:\/\/www.grieta.org.mx\/index.php\/2020\/09\/13\/defensoras-indigenas-denuncian-agresiones-de-ayuntamiento-de-amealco-queretaro\/","url_meta":{"origin":71787,"position":4},"title":"Defensoras ind\u00edgenas denuncian agresiones de ayuntamiento de Amealco (Quer\u00e9taro)","author":"grieta","date":"13 septiembre, 2020","format":false,"excerpt":"Texto y fotos: Alejandro Ruiz Pie de P\u00e1gina Las defensoras comunitarias Sara Hern\u00e1ndez Jim\u00e9nez y Estela Hern\u00e1ndez acusan agresiones del ayuntamiento de Amealco, en Quer\u00e9taro, luego que ellas denunciaron la imposici\u00f3n de obras en su comunidad sin consultar a la poblaci\u00f3n QUER\u00c9TARO.- El pasado 1 de septiembre, la Red Nacional\u2026","rel":"","context":"En &quot;Abuso policiaco y tortura en Quer\u00e9taro&quot;","block_context":{"text":"Abuso policiaco y tortura en Quer\u00e9taro","link":"https:\/\/www.grieta.org.mx\/index.php\/category\/noticias-nacionales\/queretaro\/abuso-policiaco-y-tortura-en-queretaro\/"},"img":{"alt_text":"","src":"https:\/\/i0.wp.com\/www.grieta.org.mx\/wp-content\/uploads\/2020\/09\/Defensoras-indigenas-denuncian-agresiones-de-ayuntamiento-de-Amealco-qro-sept.jpg?resize=350%2C200&ssl=1","width":350,"height":200,"srcset":"https:\/\/i0.wp.com\/www.grieta.org.mx\/wp-content\/uploads\/2020\/09\/Defensoras-indigenas-denuncian-agresiones-de-ayuntamiento-de-Amealco-qro-sept.jpg?resize=350%2C200&ssl=1 1x, https:\/\/i0.wp.com\/www.grieta.org.mx\/wp-content\/uploads\/2020\/09\/Defensoras-indigenas-denuncian-agresiones-de-ayuntamiento-de-Amealco-qro-sept.jpg?resize=525%2C300&ssl=1 1.5x, https:\/\/i0.wp.com\/www.grieta.org.mx\/wp-content\/uploads\/2020\/09\/Defensoras-indigenas-denuncian-agresiones-de-ayuntamiento-de-Amealco-qro-sept.jpg?resize=700%2C400&ssl=1 2x, https:\/\/i0.wp.com\/www.grieta.org.mx\/wp-content\/uploads\/2020\/09\/Defensoras-indigenas-denuncian-agresiones-de-ayuntamiento-de-Amealco-qro-sept.jpg?resize=1050%2C600&ssl=1 3x"},"classes":[]},{"id":34271,"url":"https:\/\/www.grieta.org.mx\/index.php\/2019\/06\/05\/comunicado-del-cni-cig-y-el-ezln-ante-la-violencia-desatada-contra-los-pueblos-originarios\/","url_meta":{"origin":71787,"position":5},"title":"COMUNICADO DEL CNI-CIG Y EL EZLN ANTE LA VIOLENCIA DESATADA CONTRA LOS PUEBLOS ORIGINARIOS","author":"grieta","date":"5 junio, 2019","format":false,"excerpt":"A los pueblos del mundo A las redes de apoyo al CIG A la sexta nacional e internacional A los medios de comunicaci\u00f3n El paso del capitalismo neoliberal est\u00e1 marcando sus pasos con la sangre de nuestros pueblos, donde la guerra arrecia porque no cedemos nuestra tierra, cultura, nuestra paz\u2026","rel":"","context":"En &quot;CIG&quot;","block_context":{"text":"CIG","link":"https:\/\/www.grieta.org.mx\/index.php\/category\/cig\/"},"img":{"alt_text":"","src":"https:\/\/i0.wp.com\/www.grieta.org.mx\/wp-content\/uploads\/2018\/03\/14524434_1106112876131411_958039263622046936_o.jpg?resize=350%2C200&ssl=1","width":350,"height":200,"srcset":"https:\/\/i0.wp.com\/www.grieta.org.mx\/wp-content\/uploads\/2018\/03\/14524434_1106112876131411_958039263622046936_o.jpg?resize=350%2C200&ssl=1 1x, https:\/\/i0.wp.com\/www.grieta.org.mx\/wp-content\/uploads\/2018\/03\/14524434_1106112876131411_958039263622046936_o.jpg?resize=525%2C300&ssl=1 1.5x, https:\/\/i0.wp.com\/www.grieta.org.mx\/wp-content\/uploads\/2018\/03\/14524434_1106112876131411_958039263622046936_o.jpg?resize=700%2C400&ssl=1 2x"},"classes":[]}],"_links":{"self":[{"href":"https:\/\/www.grieta.org.mx\/index.php\/wp-json\/wp\/v2\/posts\/71787","targetHints":{"allow":["GET"]}}],"collection":[{"href":"https:\/\/www.grieta.org.mx\/index.php\/wp-json\/wp\/v2\/posts"}],"about":[{"href":"https:\/\/www.grieta.org.mx\/index.php\/wp-json\/wp\/v2\/types\/post"}],"author":[{"embeddable":true,"href":"https:\/\/www.grieta.org.mx\/index.php\/wp-json\/wp\/v2\/users\/2"}],"replies":[{"embeddable":true,"href":"https:\/\/www.grieta.org.mx\/index.php\/wp-json\/wp\/v2\/comments?post=71787"}],"version-history":[{"count":1,"href":"https:\/\/www.grieta.org.mx\/index.php\/wp-json\/wp\/v2\/posts\/71787\/revisions"}],"predecessor-version":[{"id":71789,"href":"https:\/\/www.grieta.org.mx\/index.php\/wp-json\/wp\/v2\/posts\/71787\/revisions\/71789"}],"wp:featuredmedia":[{"embeddable":true,"href":"https:\/\/www.grieta.org.mx\/index.php\/wp-json\/wp\/v2\/media\/71788"}],"wp:attachment":[{"href":"https:\/\/www.grieta.org.mx\/index.php\/wp-json\/wp\/v2\/media?parent=71787"}],"wp:term":[{"taxonomy":"category","embeddable":true,"href":"https:\/\/www.grieta.org.mx\/index.php\/wp-json\/wp\/v2\/categories?post=71787"},{"taxonomy":"post_tag","embeddable":true,"href":"https:\/\/www.grieta.org.mx\/index.php\/wp-json\/wp\/v2\/tags?post=71787"}],"curies":[{"name":"wp","href":"https:\/\/api.w.org\/{rel}","templated":true}]}}