{"id":71782,"date":"2025-05-26T12:40:55","date_gmt":"2025-05-26T18:40:55","guid":{"rendered":"https:\/\/www.grieta.org.mx\/?p=71782"},"modified":"2025-06-04T12:53:33","modified_gmt":"2025-06-04T18:53:33","slug":"ejidatarios-de-hunucma-frenan-intento-de-privatizacion-irregular-de-tierras-yucatan","status":"publish","type":"post","link":"https:\/\/www.grieta.org.mx\/index.php\/2025\/05\/26\/ejidatarios-de-hunucma-frenan-intento-de-privatizacion-irregular-de-tierras-yucatan\/","title":{"rendered":"Ejidatarios de Hunucm\u00e1 frenan intento de privatizaci\u00f3n irregular de tierras (Yucat\u00e1n)"},"content":{"rendered":"<p>Jos\u00e9 Luis L\u00f3pez Quintal \/ Por Esto!<\/p>\n<p>En una asamblea celebrada ayer, un total de 630 ejidatarios del municipio acordaron por mayor\u00eda no inscribir ante el Registro Agrario Nacional (RAN) la reuni\u00f3n realizada en el a\u00f1o 2015, que de manera ilegal modific\u00f3 619.80 hect\u00e1reas de uso com\u00fan para convertirlas en parcelas individuales, y que fue se\u00f1alada por presentar m\u00faltiples anomal\u00edas legales y administrativas, as\u00ed como presuntos actos de corrupci\u00f3n.<\/p>\n<p>Durante la reuni\u00f3n, el actual comisario ejidal, Alfredo Chuc Eu\u00e1n, inform\u00f3 que en dicha asamblea de hace 10 a\u00f1os se dividi\u00f3 619.80 hect\u00e1reas de uso com\u00fan en mil 106 parcelas individuales. Sin embargo, este acuerdo nunca fue inscrito ante el RAN debido a diversos procedimientos legales a\u00fan en curso.<\/p>\n<p>Una de las principales irregularidades denunciadas es la presunta asignaci\u00f3n indebida de tierras. Se expuso el caso de Jorge Alonzo Ek Uicab, hermano del secretario del comisariado de aquel entonces, a quien se le habr\u00edan otorgado de forma irregular 272 parcelas, muchas de las cuales ya estaban en posesi\u00f3n de ejidatarios leg\u00edtimos.<\/p>\n<p>Asimismo, Chuc Eu\u00e1n inform\u00f3 que la Secretar\u00eda de Medio Ambiente y Recursos Naturales (Semarnat) emiti\u00f3 un dictamen t\u00e9cnico fechado el 20 de agosto del 2018, donde se se\u00f1ala que 518 de las mil 106 parcelas creadas presentan vegetaci\u00f3n forestal de selva, lo que impide su uso para fines agr\u00edcolas o comerciales sin la debida autorizaci\u00f3n ambiental. Este dictamen fue notificado al actual representante ejidal apenas en mayo de 2025, siete a\u00f1os despu\u00e9s de su emisi\u00f3n.<\/p>\n<p>Ante estas circunstancias, el Comisariado puso a votaci\u00f3n la propuesta de cancelar la inscripci\u00f3n de la asamblea de 2015 y convocar una nueva este mismo a\u00f1o, con el objetivo de corregir las irregularidades detectadas. La mayor\u00eda de los presentes vot\u00f3 a favor de esta medida.<\/p>\n<p>Finalmente, algunos ejidatarios recordaron que la asamblea de 2015 fue promovida por el entonces asesor del ejido, Rafael Acosta, con el apoyo de un grupo de campesinos entre los que se menciona a Luis Ek, quienes habr\u00edan estado involucrados en la presunta venta ilegal de tierras.<\/p>\n<p>La reuni\u00f3n concluy\u00f3 de manera pac\u00edfica y ordenada, con el compromiso de convocar a una nueva asamblea en fechas pr\u00f3ximas para dar seguimiento al caso y garantizar la transparencia en el manejo de las tierras ejidales.<\/p>\n<p><a href=\"https:\/\/www.poresto.net\/yucatan\/2025\/5\/26\/-ejidatarios-de-hunucma-frenan-intento-de-privatizacion-irregular-de-tierras-.html\" target=\"_blank\">https:\/\/www.poresto.net\/yucatan\/2025\/5\/26\/-ejidatarios-de-hunucma-frenan-intento-de-privatizacion-irregular-de-tierras-.html<\/a><\/p>\n","protected":false},"excerpt":{"rendered":"<p>Jos\u00e9 Luis L\u00f3pez Quintal \/ Por Esto! En una asamblea celebrada ayer, un total de 630 ejidatarios del municipio acordaron por mayor\u00eda no inscribir ante el Registro Agrario Nacional (RAN) &hellip; <a href=\"https:\/\/www.grieta.org.mx\/index.php\/2025\/05\/26\/ejidatarios-de-hunucma-frenan-intento-de-privatizacion-irregular-de-tierras-yucatan\/\" class=\"more-link\">Leer m\u00e1s<\/a><\/p>\n","protected":false},"author":2,"featured_media":71783,"comment_status":"closed","ping_status":"closed","sticky":false,"template":"","format":"standard","meta":{"ngg_post_thumbnail":0,"_jetpack_newsletter_access":"","_jetpack_dont_email_post_to_subs":false,"_jetpack_newsletter_tier_id":0,"_jetpack_memberships_contains_paywalled_content":false,"_jetpack_memberships_contains_paid_content":false,"footnotes":""},"categories":[80,2,1071,36],"tags":[175,1817],"class_list":["post-71782","post","type-post","status-publish","format-standard","has-post-thumbnail","hentry","category-cintillo","category-noticias-nacionales","category-resistencia-al-despojo-de-tierras-ejidales-en-yucatan","category-yucatan","tag-ejidatarios","tag-tierras-ejidales","entry"],"jetpack_featured_media_url":"https:\/\/www.grieta.org.mx\/wp-content\/uploads\/2025\/06\/Hunucma-e1749063050384.jpg","jetpack_sharing_enabled":true,"jetpack_shortlink":"https:\/\/wp.me\/p7ZJR4-iFM","jetpack_likes_enabled":false,"jetpack-related-posts":[{"id":57790,"url":"https:\/\/www.grieta.org.mx\/index.php\/2021\/03\/19\/mafia-agraria-en-yucatan-ejidatarios-de-sierra-papacal-son-despojados-de-sus-tierras\/","url_meta":{"origin":71782,"position":0},"title":"Mafia Agraria en Yucat\u00e1n: Ejidatarios de Sierra Papacal son despojados de sus tierras","author":"grieta","date":"19 marzo, 2021","format":false,"excerpt":"Leandro Chac\u00f3n \/ PorEsto! Los campesinos de la comisaria meridiana denunciaron el despojo de mas de 2 mil hect\u00e1reas de tierras Los representantes de ejidatarios de la comisar\u00eda meridana de Sierra Papacal, Buenaventura Pech Eu\u00e1n, as\u00ed como Vidal Pool Jim\u00e9nez, informaron que una vez m\u00e1s van en contra de lo\u2026","rel":"","context":"En &quot;CINTILLO&quot;","block_context":{"text":"CINTILLO","link":"https:\/\/www.grieta.org.mx\/index.php\/category\/cintillo\/"},"img":{"alt_text":"","src":"https:\/\/i0.wp.com\/www.grieta.org.mx\/wp-content\/uploads\/2021\/03\/MafiaAgrariaSierraPapacal-e1616191072171.png?resize=350%2C200&ssl=1","width":350,"height":200,"srcset":"https:\/\/i0.wp.com\/www.grieta.org.mx\/wp-content\/uploads\/2021\/03\/MafiaAgrariaSierraPapacal-e1616191072171.png?resize=350%2C200&ssl=1 1x, https:\/\/i0.wp.com\/www.grieta.org.mx\/wp-content\/uploads\/2021\/03\/MafiaAgrariaSierraPapacal-e1616191072171.png?resize=525%2C300&ssl=1 1.5x, https:\/\/i0.wp.com\/www.grieta.org.mx\/wp-content\/uploads\/2021\/03\/MafiaAgrariaSierraPapacal-e1616191072171.png?resize=700%2C400&ssl=1 2x"},"classes":[]},{"id":67903,"url":"https:\/\/www.grieta.org.mx\/index.php\/2023\/10\/07\/despojados-de-3-mil-hectareas-yucatan\/","url_meta":{"origin":71782,"position":1},"title":"Despojados de 3 mil hect\u00e1reas (Yucat\u00e1n)","author":"grieta","date":"7 octubre, 2023","format":false,"excerpt":"Redacci\u00f3n\/ Sol Yucat\u00e1n Ejidatarios de Izamal se manifestaron en el Registro Agrario Nacional y en la Procuradur\u00eda Agraria, para denunciar a Melba V\u00e1zquez, al alcalde del municipio, Warnel May Escobar y a un grupo de excomisarios, quienes buscan despojarlos de tres mil hect\u00e1reas (2,000 de Carlos Gabriel Ojeda Torres y\u2026","rel":"","context":"En &quot;CINTILLO&quot;","block_context":{"text":"CINTILLO","link":"https:\/\/www.grieta.org.mx\/index.php\/category\/cintillo\/"},"img":{"alt_text":"","src":"https:\/\/i0.wp.com\/www.grieta.org.mx\/wp-content\/uploads\/2023\/10\/Izamal-e1697376721704.jpg?resize=350%2C200&ssl=1","width":350,"height":200,"srcset":"https:\/\/i0.wp.com\/www.grieta.org.mx\/wp-content\/uploads\/2023\/10\/Izamal-e1697376721704.jpg?resize=350%2C200&ssl=1 1x, https:\/\/i0.wp.com\/www.grieta.org.mx\/wp-content\/uploads\/2023\/10\/Izamal-e1697376721704.jpg?resize=525%2C300&ssl=1 1.5x, https:\/\/i0.wp.com\/www.grieta.org.mx\/wp-content\/uploads\/2023\/10\/Izamal-e1697376721704.jpg?resize=700%2C400&ssl=1 2x"},"classes":[]},{"id":71599,"url":"https:\/\/www.grieta.org.mx\/index.php\/2025\/04\/12\/despojados-de-168-hectareas-yucatan\/","url_meta":{"origin":71782,"position":2},"title":"Despojados de 168 hect\u00e1reas (Yucat\u00e1n)","author":"grieta","date":"12 abril, 2025","format":false,"excerpt":"Sol Yucat\u00e1n Ejidatarios del municipio de Baca, han alzado la voz para denunciar el despojo y la deforestaci\u00f3n ilegal de al menos 168 hect\u00e1reas de tierras ejidales de uso com\u00fan sin el permiso correspondiente. Ejidatarios del municipio de Baca, han alzado la voz para denunciar el despojo y la deforestaci\u00f3n\u2026","rel":"","context":"En &quot;CINTILLO&quot;","block_context":{"text":"CINTILLO","link":"https:\/\/www.grieta.org.mx\/index.php\/category\/cintillo\/"},"img":{"alt_text":"","src":"https:\/\/i0.wp.com\/www.grieta.org.mx\/wp-content\/uploads\/2025\/04\/Baca-e1744760844210.jpg?resize=350%2C200&ssl=1","width":350,"height":200,"srcset":"https:\/\/i0.wp.com\/www.grieta.org.mx\/wp-content\/uploads\/2025\/04\/Baca-e1744760844210.jpg?resize=350%2C200&ssl=1 1x, https:\/\/i0.wp.com\/www.grieta.org.mx\/wp-content\/uploads\/2025\/04\/Baca-e1744760844210.jpg?resize=525%2C300&ssl=1 1.5x, https:\/\/i0.wp.com\/www.grieta.org.mx\/wp-content\/uploads\/2025\/04\/Baca-e1744760844210.jpg?resize=700%2C400&ssl=1 2x"},"classes":[]},{"id":56992,"url":"https:\/\/www.grieta.org.mx\/index.php\/2021\/02\/14\/turba-de-ejidatarios-suspende-asamblea-informativa-en-acanceh-yucatan\/","url_meta":{"origin":71782,"position":3},"title":"Turba de ejidatarios suspende asamblea informativa en Acanceh (Yucat\u00e1n)","author":"grieta","date":"14 febrero, 2021","format":false,"excerpt":"Por Esto! El grupo de campesinos ingres\u00f3 a la fuerza para evitar que se realizara la asamblea Una turba de ejidatarios ingres\u00f3 a la fuerza a la casa ejidal de Acanceh para suspender la asamblea informativa en donde se aprobar\u00eda la venta de terrenos ejidales y se acordar\u00eda el pago\u2026","rel":"","context":"En &quot;CINTILLO&quot;","block_context":{"text":"CINTILLO","link":"https:\/\/www.grieta.org.mx\/index.php\/category\/cintillo\/"},"img":{"alt_text":"","src":"https:\/\/i0.wp.com\/www.grieta.org.mx\/wp-content\/uploads\/2021\/02\/Acanche.png?resize=350%2C200&ssl=1","width":350,"height":200,"srcset":"https:\/\/i0.wp.com\/www.grieta.org.mx\/wp-content\/uploads\/2021\/02\/Acanche.png?resize=350%2C200&ssl=1 1x, https:\/\/i0.wp.com\/www.grieta.org.mx\/wp-content\/uploads\/2021\/02\/Acanche.png?resize=525%2C300&ssl=1 1.5x"},"classes":[]},{"id":56920,"url":"https:\/\/www.grieta.org.mx\/index.php\/2021\/02\/10\/detectan-privatizacion-de-mas-de-500-mil-hectareas-de-tierras-ejidales-en-la-peninsula-de-yucatan\/","url_meta":{"origin":71782,"position":4},"title":"Detectan privatizaci\u00f3n de m\u00e1s de 500 mil hect\u00e1reas de tierras ejidales en la Pen\u00ednsula de Yucat\u00e1n","author":"grieta","date":"10 febrero, 2021","format":false,"excerpt":"Pablo Puerto \/ Yucat\u00e1n a la Mano En por lo menos 30 a\u00f1os, m\u00e1s de 500 mil hect\u00e1reas de tierras ejidales han pasado a manos privadas en Campeche, Yucat\u00e1n y Quintana Roo, revela el informe \u201cTres d\u00e9cadas de privatizaci\u00f3n y despojo de la propiedad social en la Pen\u00ednsula de Yucat\u00e1n\u201d,\u2026","rel":"","context":"En &quot;Campeche&quot;","block_context":{"text":"Campeche","link":"https:\/\/www.grieta.org.mx\/index.php\/category\/noticias-nacionales\/campeche\/"},"img":{"alt_text":"","src":"https:\/\/i0.wp.com\/www.grieta.org.mx\/wp-content\/uploads\/2021\/02\/Privatizacion500-e1613070823855.png?resize=350%2C200&ssl=1","width":350,"height":200,"srcset":"https:\/\/i0.wp.com\/www.grieta.org.mx\/wp-content\/uploads\/2021\/02\/Privatizacion500-e1613070823855.png?resize=350%2C200&ssl=1 1x, https:\/\/i0.wp.com\/www.grieta.org.mx\/wp-content\/uploads\/2021\/02\/Privatizacion500-e1613070823855.png?resize=525%2C300&ssl=1 1.5x, https:\/\/i0.wp.com\/www.grieta.org.mx\/wp-content\/uploads\/2021\/02\/Privatizacion500-e1613070823855.png?resize=700%2C400&ssl=1 2x"},"classes":[]},{"id":56989,"url":"https:\/\/www.grieta.org.mx\/index.php\/2021\/02\/11\/ejidatarios-protestan-por-venta-ilegal-de-tierras-en-muxupip-yucatan\/","url_meta":{"origin":71782,"position":5},"title":"Ejidatarios protestan por venta ilegal de tierras en Muxupip (Yucat\u00e1n)","author":"grieta","date":"11 febrero, 2021","format":false,"excerpt":"Reporteros Hoy M\u00e9rida, Yucat\u00e1n; 11 de febrero de 2021 (ACOM).- Unos 80 ejidatarios del municipio de Muxupip se manifestaron en el Tribunal Agrario Unitario de M\u00e9rida para exigir la devoluci\u00f3n de mil 600 hect\u00e1reas de terreno que habr\u00edan sido vendidas de manera ilegal a 3 empresarios. Los quejosos, quienes gritaban\u2026","rel":"","context":"En &quot;CINTILLO&quot;","block_context":{"text":"CINTILLO","link":"https:\/\/www.grieta.org.mx\/index.php\/category\/cintillo\/"},"img":{"alt_text":"","src":"https:\/\/i0.wp.com\/www.grieta.org.mx\/wp-content\/uploads\/2021\/02\/Ejidatarios-de-Muxupip-scaled-1.jpg?resize=350%2C200&ssl=1","width":350,"height":200,"srcset":"https:\/\/i0.wp.com\/www.grieta.org.mx\/wp-content\/uploads\/2021\/02\/Ejidatarios-de-Muxupip-scaled-1.jpg?resize=350%2C200&ssl=1 1x, https:\/\/i0.wp.com\/www.grieta.org.mx\/wp-content\/uploads\/2021\/02\/Ejidatarios-de-Muxupip-scaled-1.jpg?resize=525%2C300&ssl=1 1.5x, https:\/\/i0.wp.com\/www.grieta.org.mx\/wp-content\/uploads\/2021\/02\/Ejidatarios-de-Muxupip-scaled-1.jpg?resize=700%2C400&ssl=1 2x"},"classes":[]}],"_links":{"self":[{"href":"https:\/\/www.grieta.org.mx\/index.php\/wp-json\/wp\/v2\/posts\/71782","targetHints":{"allow":["GET"]}}],"collection":[{"href":"https:\/\/www.grieta.org.mx\/index.php\/wp-json\/wp\/v2\/posts"}],"about":[{"href":"https:\/\/www.grieta.org.mx\/index.php\/wp-json\/wp\/v2\/types\/post"}],"author":[{"embeddable":true,"href":"https:\/\/www.grieta.org.mx\/index.php\/wp-json\/wp\/v2\/users\/2"}],"replies":[{"embeddable":true,"href":"https:\/\/www.grieta.org.mx\/index.php\/wp-json\/wp\/v2\/comments?post=71782"}],"version-history":[{"count":1,"href":"https:\/\/www.grieta.org.mx\/index.php\/wp-json\/wp\/v2\/posts\/71782\/revisions"}],"predecessor-version":[{"id":71784,"href":"https:\/\/www.grieta.org.mx\/index.php\/wp-json\/wp\/v2\/posts\/71782\/revisions\/71784"}],"wp:featuredmedia":[{"embeddable":true,"href":"https:\/\/www.grieta.org.mx\/index.php\/wp-json\/wp\/v2\/media\/71783"}],"wp:attachment":[{"href":"https:\/\/www.grieta.org.mx\/index.php\/wp-json\/wp\/v2\/media?parent=71782"}],"wp:term":[{"taxonomy":"category","embeddable":true,"href":"https:\/\/www.grieta.org.mx\/index.php\/wp-json\/wp\/v2\/categories?post=71782"},{"taxonomy":"post_tag","embeddable":true,"href":"https:\/\/www.grieta.org.mx\/index.php\/wp-json\/wp\/v2\/tags?post=71782"}],"curies":[{"name":"wp","href":"https:\/\/api.w.org\/{rel}","templated":true}]}}