{"id":71773,"date":"2025-05-25T12:17:01","date_gmt":"2025-05-25T18:17:01","guid":{"rendered":"https:\/\/www.grieta.org.mx\/?p=71773"},"modified":"2025-06-04T12:30:25","modified_gmt":"2025-06-04T18:30:25","slug":"hospital-t1-de-merida-en-la-precariedad-yucatan","status":"publish","type":"post","link":"https:\/\/www.grieta.org.mx\/index.php\/2025\/05\/25\/hospital-t1-de-merida-en-la-precariedad-yucatan\/","title":{"rendered":"Hospital t1 de M\u00e9rida en la precariedad (Yucat\u00e1n)"},"content":{"rendered":"<p>Santiago Alamilla \/ Sol Yucat\u00e1n<\/p>\n<p>El sistema de salud en Yucat\u00e1n se encuentra colapsando y la gran cantidad de pacientes que se encuentran internados en diversas dependencias son quienes se ven m\u00e1s afectados, de manera p\u00fablica usuarios de redes sociales han expuesto la situaci\u00f3n en la que se encuentran los pacientes de la cl\u00ednica del Hospital T1 del IMSS M\u00e9rida.<\/p>\n<p>En las im\u00e1genes se puede observar la falta de camas en el \u00e1rea de urgencias y debido a ello los pacientes tienen que permanecer en los pasillos sentados, algunos de ellos con fracturas en brazos y piernas. Debido a la incomodidad, los afectados se ven obligados a subir sus piernas en cajas de cart\u00f3n.<\/p>\n<p><a href=\"http:\/\/www.grieta.org.mx\/wp-content\/uploads\/2025\/06\/SaludPrecariedad2.jpg\"><img loading=\"lazy\" decoding=\"async\" data-attachment-id=\"71775\" data-permalink=\"https:\/\/www.grieta.org.mx\/index.php\/2025\/05\/25\/hospital-t1-de-merida-en-la-precariedad-yucatan\/screenshot-363\/\" data-orig-file=\"https:\/\/www.grieta.org.mx\/wp-content\/uploads\/2025\/06\/SaludPrecariedad2.jpg\" data-orig-size=\"446,610\" data-comments-opened=\"0\" data-image-meta=\"{&quot;aperture&quot;:&quot;0&quot;,&quot;credit&quot;:&quot;&quot;,&quot;camera&quot;:&quot;&quot;,&quot;caption&quot;:&quot;Screenshot&quot;,&quot;created_timestamp&quot;:&quot;0&quot;,&quot;copyright&quot;:&quot;&quot;,&quot;focal_length&quot;:&quot;0&quot;,&quot;iso&quot;:&quot;0&quot;,&quot;shutter_speed&quot;:&quot;0&quot;,&quot;title&quot;:&quot;Screenshot&quot;,&quot;orientation&quot;:&quot;1&quot;}\" data-image-title=\"Screenshot\" data-image-description=\"\" data-image-caption=\"\" data-medium-file=\"https:\/\/www.grieta.org.mx\/wp-content\/uploads\/2025\/06\/SaludPrecariedad2-219x300.jpg\" data-large-file=\"https:\/\/www.grieta.org.mx\/wp-content\/uploads\/2025\/06\/SaludPrecariedad2.jpg\" src=\"http:\/\/www.grieta.org.mx\/wp-content\/uploads\/2025\/06\/SaludPrecariedad2.jpg\" alt=\"\" width=\"446\" height=\"610\" class=\"alignright size-full wp-image-71775\" srcset=\"https:\/\/www.grieta.org.mx\/wp-content\/uploads\/2025\/06\/SaludPrecariedad2.jpg 446w, https:\/\/www.grieta.org.mx\/wp-content\/uploads\/2025\/06\/SaludPrecariedad2-219x300.jpg 219w\" sizes=\"auto, (max-width: 446px) 100vw, 446px\" \/><\/a><\/p>\n<p>La mala situaci\u00f3n en el sistema de salud en Yucat\u00e1n es evidente, cada vez son m\u00e1s los hospitales que carecen de medicamentos, productos de limpieza, insumos m\u00e9dicos, especialistas, entre otras cosas. En algunos casos, debido a la precariedad en la que se encuentran sus pacientes, deciden acudir por atenci\u00f3n particular, aunque no cuenten con los medios econ\u00f3micos para ello.<\/p>\n<p>Ante la inconformidad, los familiares de diversos pacientes decidieron exponer la situaci\u00f3n y esperan que con ello las autoridades correspondientes tomen cartas en el asunto, sobre todo le den m\u00e1s importancia al sistema de salud en Yucat\u00e1n, el cual es un derecho de todos los yucatecos.<\/p>\n<p>Otro hecho que confirma la deficiencia y el colapso de sistema de salud en Yucat\u00e1n, es la situaci\u00f3n del el Hospital Agust\u00edn O\u00b4Hor\u00e1n, el cual tambi\u00e9n se encuentra atravesando por una dura crisis, ya que no cuentan con insumos ni con especialistas y debido a esto diversos pacientes se encuentran en lista de espera para poder ser operados.<\/p>\n<p>Esta situaci\u00f3n pareciera no tener fin, los inconformes exigen que las autoridades correspondientes tomen cartas en el asunto y sobre todo que realicen mejoras en los sectores que m\u00e1s lo necesitan, pues la atenci\u00f3n m\u00e9dica p\u00fablica es un derecho que deber\u00eda ser brindado en condiciones \u00f3ptimas.<\/p>\n<p><a href=\"https:\/\/solyucatan.mx\/hospital-t1-de-merida-en-la-precariedad\/\" target=\"_blank\">https:\/\/solyucatan.mx\/hospital-t1-de-merida-en-la-precariedad\/<\/a><\/p>\n","protected":false},"excerpt":{"rendered":"<p>Santiago Alamilla \/ Sol Yucat\u00e1n El sistema de salud en Yucat\u00e1n se encuentra colapsando y la gran cantidad de pacientes que se encuentran internados en diversas dependencias son quienes se &hellip; <a href=\"https:\/\/www.grieta.org.mx\/index.php\/2025\/05\/25\/hospital-t1-de-merida-en-la-precariedad-yucatan\/\" class=\"more-link\">Leer m\u00e1s<\/a><\/p>\n","protected":false},"author":2,"featured_media":71774,"comment_status":"closed","ping_status":"closed","sticky":false,"template":"","format":"standard","meta":{"ngg_post_thumbnail":0,"_jetpack_newsletter_access":"","_jetpack_dont_email_post_to_subs":false,"_jetpack_newsletter_tier_id":0,"_jetpack_memberships_contains_paywalled_content":false,"_jetpack_memberships_contains_paid_content":false,"footnotes":""},"categories":[80,918,1105,2,83,36],"tags":[2367],"class_list":["post-71773","post","type-post","status-publish","format-standard","has-post-thumbnail","hentry","category-cintillo","category-privatizacion-del-sector-salud","category-desmantelamiento-del-sector-salud-en-yucatan","category-noticias-nacionales","category-temas-nacionales","category-yucatan","tag-crisis-en-el-sector-salud","entry"],"jetpack_featured_media_url":"https:\/\/www.grieta.org.mx\/wp-content\/uploads\/2025\/06\/SaludPrecariedad-e1749061425945.jpg","jetpack_sharing_enabled":true,"jetpack_shortlink":"https:\/\/wp.me\/p7ZJR4-iFD","jetpack_likes_enabled":false,"jetpack-related-posts":[{"id":51701,"url":"https:\/\/www.grieta.org.mx\/index.php\/2020\/07\/10\/empieza-la-crisis-por-las-camas-en-merida-primer-hospital-de-yucatan-deja-de-recibir-enfermos-de-covid-19-a-causa-de-saturacion\/","url_meta":{"origin":71773,"position":0},"title":"Empieza la crisis por las camas en M\u00e9rida: Primer hospital de Yucat\u00e1n deja de recibir enfermos de COVID-19 a causa de saturaci\u00f3n","author":"grieta","date":"10 julio, 2020","format":false,"excerpt":"Itzel Chan \/ Noticaribe M\u00c9RIDA, MX.- Desde esta ma\u00f1ana, ciudadanos de Yucat\u00e1n denunciaron que el hospital \u201cLicenciado Benito Ju\u00e1rez\u201d ya no recib\u00eda a personas con s\u00edntomas de coronavirus (Covid-19), situaci\u00f3n que ya fue confirmada por el Instituto Mexicano del Seguro Social (IMSS). De acuerdo con informaci\u00f3n emitida por la misma\u2026","rel":"","context":"En &quot;CINTILLO&quot;","block_context":{"text":"CINTILLO","link":"https:\/\/www.grieta.org.mx\/index.php\/category\/cintillo\/"},"img":{"alt_text":"","src":"https:\/\/i0.wp.com\/www.grieta.org.mx\/wp-content\/uploads\/2020\/07\/CrisisHospitalesMerida.png?resize=350%2C200&ssl=1","width":350,"height":200,"srcset":"https:\/\/i0.wp.com\/www.grieta.org.mx\/wp-content\/uploads\/2020\/07\/CrisisHospitalesMerida.png?resize=350%2C200&ssl=1 1x, https:\/\/i0.wp.com\/www.grieta.org.mx\/wp-content\/uploads\/2020\/07\/CrisisHospitalesMerida.png?resize=525%2C300&ssl=1 1.5x, https:\/\/i0.wp.com\/www.grieta.org.mx\/wp-content\/uploads\/2020\/07\/CrisisHospitalesMerida.png?resize=700%2C400&ssl=1 2x"},"classes":[]},{"id":47125,"url":"https:\/\/www.grieta.org.mx\/index.php\/2020\/04\/02\/protesta-personal-de-urgencias-del-hospital-juarez-por-falta-de-insumos-yucatan\/","url_meta":{"origin":71773,"position":1},"title":"Protesta personal de urgencias del Hospital Ju\u00e1rez por falta de insumos (Yucat\u00e1n)","author":"grieta","date":"2 abril, 2020","format":false,"excerpt":"Exigen que autoridades sanitarias les proporcionen cubrebocas N95, guantes, alcohol y material para protegerse y evitar contagiarse de coronavirus Novedades Yucat\u00e1n M\u00c9RIDA, Yucat\u00e1n.- Personal del \u00e1rea de urgencias del Hospital Benito Ju\u00e1rez Garc\u00eda No. 12 del Instituto Mexicano del Seguro Social (IMSS) en M\u00e9rida, realizaron un paro de labores como\u2026","rel":"","context":"En &quot;CINTILLO&quot;","block_context":{"text":"CINTILLO","link":"https:\/\/www.grieta.org.mx\/index.php\/category\/cintillo\/"},"img":{"alt_text":"","src":"https:\/\/i0.wp.com\/www.grieta.org.mx\/wp-content\/uploads\/2020\/04\/1585839587906-e1585939412781.jpg?resize=350%2C200&ssl=1","width":350,"height":200,"srcset":"https:\/\/i0.wp.com\/www.grieta.org.mx\/wp-content\/uploads\/2020\/04\/1585839587906-e1585939412781.jpg?resize=350%2C200&ssl=1 1x, https:\/\/i0.wp.com\/www.grieta.org.mx\/wp-content\/uploads\/2020\/04\/1585839587906-e1585939412781.jpg?resize=525%2C300&ssl=1 1.5x, https:\/\/i0.wp.com\/www.grieta.org.mx\/wp-content\/uploads\/2020\/04\/1585839587906-e1585939412781.jpg?resize=700%2C400&ssl=1 2x"},"classes":[]},{"id":53665,"url":"https:\/\/www.grieta.org.mx\/index.php\/2020\/09\/18\/tampoco-le-pagan-al-personal-de-enfermeria-de-valladolid\/","url_meta":{"origin":71773,"position":2},"title":"Tampoco le pagan al personal de Enfermer\u00eda de Valladolid","author":"grieta","date":"18 septiembre, 2020","format":false,"excerpt":"Claudia Arriaga \/ Haz Ruido Aseguran que fueron contratados bajo enga\u00f1os y que la SSY no les ha registrado ante el Insabi, por eso a\u00fan no han cobrado. M\u00e9rida, Yucat\u00e1n, Al reclamo por la falta de apoyo de la Secretar\u00eda de Salud de Yucat\u00e1n (SSY) en la pandemia, se suman\u2026","rel":"","context":"En &quot;CINTILLO&quot;","block_context":{"text":"CINTILLO","link":"https:\/\/www.grieta.org.mx\/index.php\/category\/cintillo\/"},"img":{"alt_text":"","src":"https:\/\/i0.wp.com\/www.grieta.org.mx\/wp-content\/uploads\/2020\/09\/valladolid-560x416-1.jpg?resize=350%2C200&ssl=1","width":350,"height":200,"srcset":"https:\/\/i0.wp.com\/www.grieta.org.mx\/wp-content\/uploads\/2020\/09\/valladolid-560x416-1.jpg?resize=350%2C200&ssl=1 1x, https:\/\/i0.wp.com\/www.grieta.org.mx\/wp-content\/uploads\/2020\/09\/valladolid-560x416-1.jpg?resize=525%2C300&ssl=1 1.5x"},"classes":[]},{"id":70958,"url":"https:\/\/www.grieta.org.mx\/index.php\/2025\/02\/07\/crisis-en-el-hospital-de-alta-especialidad-yucatan\/","url_meta":{"origin":71773,"position":3},"title":"Crisis en el hospital de alta especialidad (Yucat\u00e1n)","author":"grieta","date":"7 febrero, 2025","format":false,"excerpt":"Redacci\u00f3n\/Sol Yucat\u00e1n El martes pasado fueron colocadas mantas y pancartas en el Hospital Regional de Alta Especialidad de la Pen\u00ednsula de Yucat\u00e1n (HRAEPY) por parte de trabajadores de este nosocomio en el norte de M\u00e9rida quienes denunciaron la falta de medicamentos e insumos hospitalarios que se agudiz\u00f3 con la incorporaci\u00f3n\u2026","rel":"","context":"En &quot;CINTILLO&quot;","block_context":{"text":"CINTILLO","link":"https:\/\/www.grieta.org.mx\/index.php\/category\/cintillo\/"},"img":{"alt_text":"","src":"https:\/\/i0.wp.com\/www.grieta.org.mx\/wp-content\/uploads\/2025\/02\/Crisis-e1739408837835.jpg?resize=350%2C200&ssl=1","width":350,"height":200,"srcset":"https:\/\/i0.wp.com\/www.grieta.org.mx\/wp-content\/uploads\/2025\/02\/Crisis-e1739408837835.jpg?resize=350%2C200&ssl=1 1x, https:\/\/i0.wp.com\/www.grieta.org.mx\/wp-content\/uploads\/2025\/02\/Crisis-e1739408837835.jpg?resize=525%2C300&ssl=1 1.5x, https:\/\/i0.wp.com\/www.grieta.org.mx\/wp-content\/uploads\/2025\/02\/Crisis-e1739408837835.jpg?resize=700%2C400&ssl=1 2x"},"classes":[]},{"id":53925,"url":"https:\/\/www.grieta.org.mx\/index.php\/2020\/09\/24\/personal-medico-encargado-de-atender-a-pacientes-covid-19-sigue-sin-recibir-pago-en-yucatan\/","url_meta":{"origin":71773,"position":4},"title":"Personal m\u00e9dico encargado de atender a pacientes COVID-19 sigue sin recibir pago en Yucat\u00e1n","author":"grieta","date":"24 septiembre, 2020","format":false,"excerpt":"Itzel Chan \/ Noticaribe M\u00c9RIDA, MX.- A pesar que desde el pasado 15 de septiembre se dio a conocer la falta de pago a personal m\u00e9dico que fue contratado para los hospitales emergentes y atender a personas enfermas por coronavirus (COVID-19) en Yucat\u00e1n, hoy siguen sin recibir ni salario ni\u2026","rel":"","context":"En &quot;CINTILLO&quot;","block_context":{"text":"CINTILLO","link":"https:\/\/www.grieta.org.mx\/index.php\/category\/cintillo\/"},"img":{"alt_text":"","src":"https:\/\/i0.wp.com\/www.grieta.org.mx\/wp-content\/uploads\/2020\/10\/MedicosYuc-e1601680596210.png?resize=350%2C200&ssl=1","width":350,"height":200,"srcset":"https:\/\/i0.wp.com\/www.grieta.org.mx\/wp-content\/uploads\/2020\/10\/MedicosYuc-e1601680596210.png?resize=350%2C200&ssl=1 1x, https:\/\/i0.wp.com\/www.grieta.org.mx\/wp-content\/uploads\/2020\/10\/MedicosYuc-e1601680596210.png?resize=525%2C300&ssl=1 1.5x, https:\/\/i0.wp.com\/www.grieta.org.mx\/wp-content\/uploads\/2020\/10\/MedicosYuc-e1601680596210.png?resize=700%2C400&ssl=1 2x"},"classes":[]},{"id":51244,"url":"https:\/\/www.grieta.org.mx\/index.php\/2020\/06\/25\/se-manifiesta-personal-del-issste-en-merida-por-falta-de-equipo-para-atender-a-pacientes-con-covid-19\/","url_meta":{"origin":71773,"position":5},"title":"Se manifiesta personal del ISSSTE en M\u00e9rida por falta de equipo para atender a pacientes con Covid-19","author":"grieta","date":"25 junio, 2020","format":false,"excerpt":"Itzel Chan \/ Noticaribe M\u00c9RIDA, MX.- Personal de enfermer\u00eda del Hospital Regional del Instituto de Seguridad y Servicios Sociales de los Trabajadores del Estado (ISSSTE) en M\u00e9rida denunci\u00f3 que no cuentan con el material y equipo suficiente para atender a las personas enfermas de coronavirus (Covid-19) por lo que temen\u2026","rel":"","context":"En &quot;CINTILLO&quot;","block_context":{"text":"CINTILLO","link":"https:\/\/www.grieta.org.mx\/index.php\/category\/cintillo\/"},"img":{"alt_text":"","src":"https:\/\/i0.wp.com\/www.grieta.org.mx\/wp-content\/uploads\/2020\/06\/IsssstePensiones-e1593212117387.png?resize=350%2C200&ssl=1","width":350,"height":200,"srcset":"https:\/\/i0.wp.com\/www.grieta.org.mx\/wp-content\/uploads\/2020\/06\/IsssstePensiones-e1593212117387.png?resize=350%2C200&ssl=1 1x, https:\/\/i0.wp.com\/www.grieta.org.mx\/wp-content\/uploads\/2020\/06\/IsssstePensiones-e1593212117387.png?resize=525%2C300&ssl=1 1.5x, https:\/\/i0.wp.com\/www.grieta.org.mx\/wp-content\/uploads\/2020\/06\/IsssstePensiones-e1593212117387.png?resize=700%2C400&ssl=1 2x"},"classes":[]}],"_links":{"self":[{"href":"https:\/\/www.grieta.org.mx\/index.php\/wp-json\/wp\/v2\/posts\/71773","targetHints":{"allow":["GET"]}}],"collection":[{"href":"https:\/\/www.grieta.org.mx\/index.php\/wp-json\/wp\/v2\/posts"}],"about":[{"href":"https:\/\/www.grieta.org.mx\/index.php\/wp-json\/wp\/v2\/types\/post"}],"author":[{"embeddable":true,"href":"https:\/\/www.grieta.org.mx\/index.php\/wp-json\/wp\/v2\/users\/2"}],"replies":[{"embeddable":true,"href":"https:\/\/www.grieta.org.mx\/index.php\/wp-json\/wp\/v2\/comments?post=71773"}],"version-history":[{"count":1,"href":"https:\/\/www.grieta.org.mx\/index.php\/wp-json\/wp\/v2\/posts\/71773\/revisions"}],"predecessor-version":[{"id":71778,"href":"https:\/\/www.grieta.org.mx\/index.php\/wp-json\/wp\/v2\/posts\/71773\/revisions\/71778"}],"wp:featuredmedia":[{"embeddable":true,"href":"https:\/\/www.grieta.org.mx\/index.php\/wp-json\/wp\/v2\/media\/71774"}],"wp:attachment":[{"href":"https:\/\/www.grieta.org.mx\/index.php\/wp-json\/wp\/v2\/media?parent=71773"}],"wp:term":[{"taxonomy":"category","embeddable":true,"href":"https:\/\/www.grieta.org.mx\/index.php\/wp-json\/wp\/v2\/categories?post=71773"},{"taxonomy":"post_tag","embeddable":true,"href":"https:\/\/www.grieta.org.mx\/index.php\/wp-json\/wp\/v2\/tags?post=71773"}],"curies":[{"name":"wp","href":"https:\/\/api.w.org\/{rel}","templated":true}]}}