{"id":71764,"date":"2025-05-27T04:47:36","date_gmt":"2025-05-27T10:47:36","guid":{"rendered":"https:\/\/www.grieta.org.mx\/?p=71764"},"modified":"2025-06-04T05:22:04","modified_gmt":"2025-06-04T11:22:04","slug":"maestros-protestan-en-merida-e-intentan-arrollarlos-yucatan","status":"publish","type":"post","link":"https:\/\/www.grieta.org.mx\/index.php\/2025\/05\/27\/maestros-protestan-en-merida-e-intentan-arrollarlos-yucatan\/","title":{"rendered":"Maestros protestan en M\u00e9rida e intentan arrollarlos (Yucat\u00e1n)"},"content":{"rendered":"<p> Herbeth Escalante \/ Haz Ruido<\/p>\n<blockquote><p>Las y los maestros yucatecos se han sumado a la huelga nacional convocada por la CNTE, aunque tambi\u00e9n est\u00e1n protestando profesores del SNTE. M\u00e1s de 180 escuelas de Yucat\u00e1n est\u00e1n en paro desde hace una semana.<\/p><\/blockquote>\n<p>M\u00e9rida, Yucat\u00e1n, 27 de mayo de 2025.- M\u00e1s de 700 maestras y maestros protestan en el Centro Hist\u00f3rico de M\u00e9rida para exigir la abrogaci\u00f3n de la Ley del Issste del 2007 y la estatal del 2022. Aunque se trata de una protesta pac\u00edfica se han registrado altercados con automovilistas e incluso el conductor de una camioneta intent\u00f3 arrollarlos.<\/p>\n<p><a href=\"http:\/\/www.grieta.org.mx\/wp-content\/uploads\/2025\/06\/Paro2-e1749035919622.jpg\"><img loading=\"lazy\" decoding=\"async\" data-attachment-id=\"71766\" data-permalink=\"https:\/\/www.grieta.org.mx\/index.php\/2025\/05\/27\/maestros-protestan-en-merida-e-intentan-arrollarlos-yucatan\/screenshot-358\/\" data-orig-file=\"https:\/\/www.grieta.org.mx\/wp-content\/uploads\/2025\/06\/Paro2-e1749035919622.jpg\" data-orig-size=\"800,592\" data-comments-opened=\"0\" data-image-meta=\"{&quot;aperture&quot;:&quot;0&quot;,&quot;credit&quot;:&quot;&quot;,&quot;camera&quot;:&quot;&quot;,&quot;caption&quot;:&quot;Screenshot&quot;,&quot;created_timestamp&quot;:&quot;0&quot;,&quot;copyright&quot;:&quot;&quot;,&quot;focal_length&quot;:&quot;0&quot;,&quot;iso&quot;:&quot;0&quot;,&quot;shutter_speed&quot;:&quot;0&quot;,&quot;title&quot;:&quot;Screenshot&quot;,&quot;orientation&quot;:&quot;1&quot;}\" data-image-title=\"Screenshot\" data-image-description=\"\" data-image-caption=\"\" data-medium-file=\"https:\/\/www.grieta.org.mx\/wp-content\/uploads\/2025\/06\/Paro2-300x222.jpg\" data-large-file=\"https:\/\/www.grieta.org.mx\/wp-content\/uploads\/2025\/06\/Paro2-e1749035919622.jpg\" src=\"http:\/\/www.grieta.org.mx\/wp-content\/uploads\/2025\/06\/Paro2-e1749035919622.jpg\" alt=\"\" width=\"800\" height=\"592\" class=\"alignright size-full wp-image-71766\" \/><\/a><\/p>\n<p>Los docentes tienen bloqueado diversas calles alrededor del Palacio de Gobierno de Yucat\u00e1n, lo que ha provocado un fuerte congestionamiento vial en la zona.<\/p>\n<p>La situaci\u00f3n se complic\u00f3 en el cruce de la calles 59 por 60 del Centro, cuando un conductor pr\u00e1cticamente le avent\u00f3 la camioneta a los maestros. Incluso uno de ellos termin\u00f3 sobre el cofre del veh\u00edculo.<\/p>\n<p>La agresi\u00f3n ocurri\u00f3 frente a elementos de la Polic\u00eda Municipal de M\u00e9rida, mientras los manifestantes exig\u00edan que detuvieran al conductor.<\/p>\n<p>Por lo pronto la protesta contin\u00faa afuera del Palacio de Gobierno y los manifestantes han colocado casas para acampar sobre la calle 61 y la Plaza Grande.<\/p>\n<p>Las y los maestros yucatecos se han sumado a la huelga nacional convocada por la Coordinadora Nacional de Trabajadores de la Educaci\u00f3n (CNTE), aunque tambi\u00e9n est\u00e1n protestando profesores del Sindicato Nacional (SNTE).<\/p>\n<p>De acuerdo con sus l\u00edderes, m\u00e1s de 180 escuelas de Yucat\u00e1n est\u00e1n en paro desde hace una semana.<\/p>\n<p><a href=\"https:\/\/www.hazruido.mx\/reportes\/maestros-protestan-en-merida-e-intentan-arrollarlos\/\" target=\"_blank\">https:\/\/www.hazruido.mx\/reportes\/maestros-protestan-en-merida-e-intentan-arrollarlos\/<\/a><\/p>\n","protected":false},"excerpt":{"rendered":"<p>Herbeth Escalante \/ Haz Ruido Las y los maestros yucatecos se han sumado a la huelga nacional convocada por la CNTE, aunque tambi\u00e9n est\u00e1n protestando profesores del SNTE. M\u00e1s de &hellip; <a href=\"https:\/\/www.grieta.org.mx\/index.php\/2025\/05\/27\/maestros-protestan-en-merida-e-intentan-arrollarlos-yucatan\/\" class=\"more-link\">Leer m\u00e1s<\/a><\/p>\n","protected":false},"author":2,"featured_media":71765,"comment_status":"closed","ping_status":"closed","sticky":false,"template":"","format":"standard","meta":{"ngg_post_thumbnail":0,"_jetpack_newsletter_access":"","_jetpack_dont_email_post_to_subs":false,"_jetpack_newsletter_tier_id":0,"_jetpack_memberships_contains_paywalled_content":false,"_jetpack_memberships_contains_paid_content":false,"footnotes":""},"categories":[80,1072,916,2658,910,2,3211,1446,1755,83,36],"tags":[113,3454,1893,2841,3373,674,858],"class_list":["post-71764","post","type-post","status-publish","format-standard","has-post-thumbnail","hentry","category-cintillo","category-conflictos-laborales-en-yucatan","category-privatizacion-del-la-educacion-publica","category-crisis-de-la-educacion-publica-en-yucatan","category-explotacion-y-precariedad-laboral","category-noticias-nacionales","category-precariedad-laboral-en-yucatan","category-privatizacion-de-la-educacion-publica-en-yucatan","category-protestas-del-magisterio-en-yucatan","category-temas-nacionales","category-yucatan","tag-conflictos-laborales","tag-crisis-de-la-educacion-publica","tag-escuelas-en-paro","tag-explotacion-y-precariedad-laboral","tag-isste","tag-movilizaciones-maestros","tag-paro-laboral","entry"],"jetpack_featured_media_url":"https:\/\/www.grieta.org.mx\/wp-content\/uploads\/2025\/06\/Paro-e1749035806353.jpg","jetpack_sharing_enabled":true,"jetpack_shortlink":"https:\/\/wp.me\/p7ZJR4-iFu","jetpack_likes_enabled":false,"jetpack-related-posts":[{"id":71825,"url":"https:\/\/www.grieta.org.mx\/index.php\/2025\/06\/05\/maestros-bloquean-acceso-al-aeropuerto-de-merida-yucatan\/","url_meta":{"origin":71764,"position":0},"title":"Maestros bloquean acceso al aeropuerto de M\u00e9rida (Yucat\u00e1n)","author":"grieta","date":"5 junio, 2025","format":false,"excerpt":"Herbeth Escalante \/ Haz Ruido Desde temprana hora, docentes de la CNTE han tomado la avenida Aviaci\u00f3n e incluso protestaron en las puertas del aeropuerto. M\u00e9rida, Yucat\u00e1n, 5 de junio de 2025.- Aproximadamente 3 mil maestros de la Coordinadora Nacional de Trabajadores de la Educaci\u00f3n (CNTE) mantienen bloqueado el acceso\u2026","rel":"","context":"En &quot;CINTILLO&quot;","block_context":{"text":"CINTILLO","link":"https:\/\/www.grieta.org.mx\/index.php\/category\/cintillo\/"},"img":{"alt_text":"","src":"https:\/\/i0.wp.com\/www.grieta.org.mx\/wp-content\/uploads\/2025\/06\/Maestros-e1749477518770.jpg?resize=350%2C200&ssl=1","width":350,"height":200,"srcset":"https:\/\/i0.wp.com\/www.grieta.org.mx\/wp-content\/uploads\/2025\/06\/Maestros-e1749477518770.jpg?resize=350%2C200&ssl=1 1x, https:\/\/i0.wp.com\/www.grieta.org.mx\/wp-content\/uploads\/2025\/06\/Maestros-e1749477518770.jpg?resize=525%2C300&ssl=1 1.5x, https:\/\/i0.wp.com\/www.grieta.org.mx\/wp-content\/uploads\/2025\/06\/Maestros-e1749477518770.jpg?resize=700%2C400&ssl=1 2x"},"classes":[]},{"id":69160,"url":"https:\/\/www.grieta.org.mx\/index.php\/2024\/06\/14\/paro-indefinido-en-instituciones-educativas-de-yucatan\/","url_meta":{"origin":71764,"position":1},"title":"Paro indefinido en instituciones educativas de Yucat\u00e1n","author":"grieta","date":"14 junio, 2024","format":false,"excerpt":"Reporteros Hoy Inici\u00f3 un paro de labores de manera indefinida en diversas instituciones de educaci\u00f3n b\u00e1sica en Yucat\u00e1n. Los docentes se\u00f1alan que, al no hallar respuesta formal a sus demandas salariales y de prestaciones, decidieron iniciar con esta manifestaci\u00f3n, con el objetivo de que las autoridades volteen hacia estos y\u2026","rel":"","context":"En &quot;CINTILLO&quot;","block_context":{"text":"CINTILLO","link":"https:\/\/www.grieta.org.mx\/index.php\/category\/cintillo\/"},"img":{"alt_text":"","src":"https:\/\/i0.wp.com\/www.grieta.org.mx\/wp-content\/uploads\/2024\/06\/ParoMaestros-e1718578057215.jpg?resize=350%2C200&ssl=1","width":350,"height":200,"srcset":"https:\/\/i0.wp.com\/www.grieta.org.mx\/wp-content\/uploads\/2024\/06\/ParoMaestros-e1718578057215.jpg?resize=350%2C200&ssl=1 1x, https:\/\/i0.wp.com\/www.grieta.org.mx\/wp-content\/uploads\/2024\/06\/ParoMaestros-e1718578057215.jpg?resize=525%2C300&ssl=1 1.5x, https:\/\/i0.wp.com\/www.grieta.org.mx\/wp-content\/uploads\/2024\/06\/ParoMaestros-e1718578057215.jpg?resize=700%2C400&ssl=1 2x"},"classes":[]},{"id":71828,"url":"https:\/\/www.grieta.org.mx\/index.php\/2025\/06\/10\/ahora-la-utm-se-une-al-paro-yucatan\/","url_meta":{"origin":71764,"position":2},"title":"Ahora la UTM se une al paro (Yucat\u00e1n)","author":"grieta","date":"10 junio, 2025","format":false,"excerpt":"Herbeth Escalante \/ Haz Ruido Los docentes y el personal administrativo exigen mejores condiciones laborales y mejorar la infraestructura para sus estudiantes M\u00e9rida, Yucat\u00e1n, 10 de junio de 2025.- Desde temprana hora, docentes y personal administrativo cerraron con candados las rejas de las instalaciones de la Universidad Tecnol\u00f3gica Metropolitana (UTM)\u2026","rel":"","context":"En &quot;CINTILLO&quot;","block_context":{"text":"CINTILLO","link":"https:\/\/www.grieta.org.mx\/index.php\/category\/cintillo\/"},"img":{"alt_text":"","src":"https:\/\/i0.wp.com\/www.grieta.org.mx\/wp-content\/uploads\/2025\/06\/Utm-e1749645096482.jpg?resize=350%2C200&ssl=1","width":350,"height":200,"srcset":"https:\/\/i0.wp.com\/www.grieta.org.mx\/wp-content\/uploads\/2025\/06\/Utm-e1749645096482.jpg?resize=350%2C200&ssl=1 1x, https:\/\/i0.wp.com\/www.grieta.org.mx\/wp-content\/uploads\/2025\/06\/Utm-e1749645096482.jpg?resize=525%2C300&ssl=1 1.5x, https:\/\/i0.wp.com\/www.grieta.org.mx\/wp-content\/uploads\/2025\/06\/Utm-e1749645096482.jpg?resize=700%2C400&ssl=1 2x"},"classes":[]},{"id":69101,"url":"https:\/\/www.grieta.org.mx\/index.php\/2024\/06\/04\/maestros-toman-instalaciones-de-la-seccion-33-del-snte-en-yucatan\/","url_meta":{"origin":71764,"position":3},"title":"Maestros toman instalaciones de la Secci\u00f3n 33 del SNTE en Yucat\u00e1n","author":"grieta","date":"4 junio, 2024","format":false,"excerpt":"Yazm\u00edn Rodr\u00edguez Galaz \/ El Universal M\u00e9rida.- Unos 60 profesores tomaron las instalaciones de la Secci\u00f3n 33 del Sindicato Nacional de los Trabajadores de la Educaci\u00f3n (SNTE), ubicado en la colonia Yucalpet\u00e9n de M\u00e9rida, para exigir el pago de la homologaci\u00f3n que prometi\u00f3 el presidente Andr\u00e9s Manuel L\u00f3pez Obrador desde\u2026","rel":"","context":"En &quot;CINTILLO&quot;","block_context":{"text":"CINTILLO","link":"https:\/\/www.grieta.org.mx\/index.php\/category\/cintillo\/"},"img":{"alt_text":"","src":"https:\/\/i0.wp.com\/www.grieta.org.mx\/wp-content\/uploads\/2024\/06\/Maestroe-e1717976976401.jpg?resize=350%2C200&ssl=1","width":350,"height":200,"srcset":"https:\/\/i0.wp.com\/www.grieta.org.mx\/wp-content\/uploads\/2024\/06\/Maestroe-e1717976976401.jpg?resize=350%2C200&ssl=1 1x, https:\/\/i0.wp.com\/www.grieta.org.mx\/wp-content\/uploads\/2024\/06\/Maestroe-e1717976976401.jpg?resize=525%2C300&ssl=1 1.5x, https:\/\/i0.wp.com\/www.grieta.org.mx\/wp-content\/uploads\/2024\/06\/Maestroe-e1717976976401.jpg?resize=700%2C400&ssl=1 2x"},"classes":[]},{"id":71779,"url":"https:\/\/www.grieta.org.mx\/index.php\/2025\/06\/02\/la-upy-se-une-a-las-huelgas-yucatan\/","url_meta":{"origin":71764,"position":4},"title":"La UPY se une a las huelgas (Yucat\u00e1n)","author":"grieta","date":"2 junio, 2025","format":false,"excerpt":"Redacci\u00f3n \/ Sol Yucat\u00e1n Contin\u00faan uni\u00e9ndose m\u00e1s centros educativos, personal docente y administrativo a las huelgas educacionales, y esta vez se trat\u00f3 de la Universidad Polit\u00e9cnica de Yucat\u00e1n (UPY). Los protestantes tomaron las instalaciones de forma simb\u00f3lica para que sus peticiones sean escuchadas y como demostraci\u00f3n de que apoyan la\u2026","rel":"","context":"En &quot;CINTILLO&quot;","block_context":{"text":"CINTILLO","link":"https:\/\/www.grieta.org.mx\/index.php\/category\/cintillo\/"},"img":{"alt_text":"","src":"https:\/\/i0.wp.com\/www.grieta.org.mx\/wp-content\/uploads\/2025\/06\/Upy.jpg?resize=350%2C200&ssl=1","width":350,"height":200,"srcset":"https:\/\/i0.wp.com\/www.grieta.org.mx\/wp-content\/uploads\/2025\/06\/Upy.jpg?resize=350%2C200&ssl=1 1x, https:\/\/i0.wp.com\/www.grieta.org.mx\/wp-content\/uploads\/2025\/06\/Upy.jpg?resize=525%2C300&ssl=1 1.5x, https:\/\/i0.wp.com\/www.grieta.org.mx\/wp-content\/uploads\/2025\/06\/Upy.jpg?resize=700%2C400&ssl=1 2x, https:\/\/i0.wp.com\/www.grieta.org.mx\/wp-content\/uploads\/2025\/06\/Upy.jpg?resize=1050%2C600&ssl=1 3x, https:\/\/i0.wp.com\/www.grieta.org.mx\/wp-content\/uploads\/2025\/06\/Upy.jpg?resize=1400%2C800&ssl=1 4x"},"classes":[]},{"id":69028,"url":"https:\/\/www.grieta.org.mx\/index.php\/2024\/05\/27\/mas-de-300-maestros-protestan-en-la-secretaria-de-educacion-en-merida-exigen-aumento-salarial-yucatan\/","url_meta":{"origin":71764,"position":5},"title":"M\u00e1s de 300 maestros protestan en la Secretar\u00eda de Educaci\u00f3n en M\u00e9rida; exigen aumento salarial (Yucat\u00e1n)","author":"grieta","date":"27 mayo, 2024","format":false,"excerpt":"Iridiany Mart\u00edn \/ Foto Sara\u00ed Manzo \/ Por Esto! Aumento salarial y entrega de plazas, son las exigencias que los maestros hacen a la Secretar\u00eda de Educaci\u00f3n de Yucat\u00e1n durante una protesta afuera de las instalaciones M\u00e1s de 300 maestros de diversos municipios del estado se manifestaron esta tarde de\u2026","rel":"","context":"En &quot;CINTILLO&quot;","block_context":{"text":"CINTILLO","link":"https:\/\/www.grieta.org.mx\/index.php\/category\/cintillo\/"},"img":{"alt_text":"","src":"https:\/\/i0.wp.com\/www.grieta.org.mx\/wp-content\/uploads\/2024\/05\/Maestros-e1716856147612.jpg?resize=350%2C200&ssl=1","width":350,"height":200,"srcset":"https:\/\/i0.wp.com\/www.grieta.org.mx\/wp-content\/uploads\/2024\/05\/Maestros-e1716856147612.jpg?resize=350%2C200&ssl=1 1x, https:\/\/i0.wp.com\/www.grieta.org.mx\/wp-content\/uploads\/2024\/05\/Maestros-e1716856147612.jpg?resize=525%2C300&ssl=1 1.5x, https:\/\/i0.wp.com\/www.grieta.org.mx\/wp-content\/uploads\/2024\/05\/Maestros-e1716856147612.jpg?resize=700%2C400&ssl=1 2x"},"classes":[]}],"_links":{"self":[{"href":"https:\/\/www.grieta.org.mx\/index.php\/wp-json\/wp\/v2\/posts\/71764","targetHints":{"allow":["GET"]}}],"collection":[{"href":"https:\/\/www.grieta.org.mx\/index.php\/wp-json\/wp\/v2\/posts"}],"about":[{"href":"https:\/\/www.grieta.org.mx\/index.php\/wp-json\/wp\/v2\/types\/post"}],"author":[{"embeddable":true,"href":"https:\/\/www.grieta.org.mx\/index.php\/wp-json\/wp\/v2\/users\/2"}],"replies":[{"embeddable":true,"href":"https:\/\/www.grieta.org.mx\/index.php\/wp-json\/wp\/v2\/comments?post=71764"}],"version-history":[{"count":1,"href":"https:\/\/www.grieta.org.mx\/index.php\/wp-json\/wp\/v2\/posts\/71764\/revisions"}],"predecessor-version":[{"id":71767,"href":"https:\/\/www.grieta.org.mx\/index.php\/wp-json\/wp\/v2\/posts\/71764\/revisions\/71767"}],"wp:featuredmedia":[{"embeddable":true,"href":"https:\/\/www.grieta.org.mx\/index.php\/wp-json\/wp\/v2\/media\/71765"}],"wp:attachment":[{"href":"https:\/\/www.grieta.org.mx\/index.php\/wp-json\/wp\/v2\/media?parent=71764"}],"wp:term":[{"taxonomy":"category","embeddable":true,"href":"https:\/\/www.grieta.org.mx\/index.php\/wp-json\/wp\/v2\/categories?post=71764"},{"taxonomy":"post_tag","embeddable":true,"href":"https:\/\/www.grieta.org.mx\/index.php\/wp-json\/wp\/v2\/tags?post=71764"}],"curies":[{"name":"wp","href":"https:\/\/api.w.org\/{rel}","templated":true}]}}