{"id":71761,"date":"2025-06-02T14:16:45","date_gmt":"2025-06-02T20:16:45","guid":{"rendered":"https:\/\/www.grieta.org.mx\/?p=71761"},"modified":"2025-06-02T14:16:45","modified_gmt":"2025-06-02T20:16:45","slug":"convocatoria-al-encuentro-de-resistencias-y-rebeldias-algunas-partes-del-todo","status":"publish","type":"post","link":"https:\/\/www.grieta.org.mx\/index.php\/2025\/06\/02\/convocatoria-al-encuentro-de-resistencias-y-rebeldias-algunas-partes-del-todo\/","title":{"rendered":"CONVOCATORIA AL ENCUENTRO DE RESISTENCIAS Y REBELD\u00cdAS \u201cALGUNAS PARTES DEL TODO\u201d"},"content":{"rendered":"<p style=\"text-align: center;\"><strong>CONVOCATORIA AL ENCUENTRO DE RESISTENCIAS Y REBELD\u00cdAS<br \/>\n<\/strong><strong>\u201cALGUNAS PARTES DEL TODO\u201d.<\/strong><\/p>\n<p>Junio del 2025.<\/p>\n<p>A las personas, grupos, colectivos, organizaciones y movimientos firmantes de la Declaraci\u00f3n por la Vida:<\/p>\n<p>Las comunidades zapatistas de ra\u00edz maya, a trav\u00e9s de sus Gobierno Aut\u00f3nomo Local (GAL), Colectivo de Gobiernos Aut\u00f3nomos (CGAZ), Asambleas de Colectivos de Gobierno Aut\u00f3nomo (ACGAZ), INTERZONA y del EZLN, se dirigen a ustedes para:<\/p>\n<p>Convocar a las personas, grupos, colectivos, movimientos, organizaciones que, en los distintos rincones del mundo, resisten y se rebelan contra alguna o todas las cabezas de la Hidra capitalista, y que tengan una pr\u00e1ctica que compartir, para que cuenten su historia en un encuentro con las comunidades zapatistas.<\/p>\n<p>La invitaci\u00f3n es a que, seg\u00fan sus tiempos, geograf\u00edas y modos, compartan su experiencia y propuesta en la lucha antisistema.\u00a0 Varios centenares de zapatistas (hombres, mujeres, otroas, ni\u00f1os y ancianos), de los distintos trabajos, comisiones y responsabilidades en la autonom\u00eda y el com\u00fan zapatistas, asistir\u00e1n presencialmente para escucharles y aprender de ustedes.<\/p>\n<p>Por esto se les pide que busquen la palabra que se entienda.\u00a0 Porque si vienen hasta ac\u00e1, pero s\u00f3lo usan palabras duras, pues de balde, porque no les vamos a entender.\u00a0 Estamos seguros que seremos una escucha colectiva atenta y respetuosa.\u00a0 Por eso mismo esperamos que su palabra sea colectiva, clara y comprensiva para quienes les invitamos.<\/p>\n<p>As\u00ed mismo, los pueblos zapatistas les explicar\u00e1n a ustedes \u2013 con los medios que las comunidades decidan -, la etapa en la que estamos, los problemas que enfrentamos, los avances o retrocesos que vemos.<\/p>\n<p>Pueden asistir quienes quieran y puedan de una organizaci\u00f3n, grupo, colectivo o movimiento, aunque s\u00f3lo una persona, o varias, sean las que platiquen su experiencia en su turno.\u00a0 No se permitir\u00e1 la presencia de medios a menos que lo autoricen quienes presentan su pr\u00e1ctica.<\/p>\n<p>Algunos temas son:<\/p>\n<p>.- Como mujeres que somos.<br \/>\n.- Destrucci\u00f3n de la naturaleza.<br \/>\n.- Ataques a la diferencia en todas sus variantes.<br \/>\n.- Destrucci\u00f3n de identidades, pueblos y comunidades.<br \/>\n.- Resistencia y Rebeld\u00eda en el Arte y la Cultura.<br \/>\n.- Migraci\u00f3n, Racismo, Segregaci\u00f3n.<br \/>\n.- Las guerras y la destrucci\u00f3n de la vida.<br \/>\n.- El tema que cada quien decida.<br \/>\n.- El todo o las partes de estos temas.<\/p>\n<p>No es un encuentro de an\u00e1lisis o planteamientos te\u00f3ricos, sino un encuentro de experiencias pr\u00e1cticas de resistencias.\u00a0 Quienes estaremos ya sabemos lo que es y lo que hace el maldito sistema en contra de todos, todas y\u00a0<strong><em>todoas<\/em><\/strong>, as\u00ed como contra la naturaleza, el conocimiento, las artes, la informaci\u00f3n, la dignidad humana, el planeta entero.\u00a0 No se trata de exponer te\u00f3ricamente las maldades que hace el sistema capitalista, sino de lo que se est\u00e1 haciendo para resistir y rebelarse, o sea luchar contra eso.<\/p>\n<p>No les estamos invitando a que den clases.\u00a0 No somos sus alumnos o sus aprendices; ni somo maestros o tutores.\u00a0 Somos partes, junto con ustedes, de un todo que se opone a un sistema.\u00a0 Dando y dando.\u00a0 Ustedes nos cuentan sus experiencias, y nosotros los pueblos zapatistas las nuestras.<\/p>\n<p><strong>\u00a0 El Encuentro ser\u00e1 en el Semillero Comandanta Ramona, del Caracol de Morelia (donde fueron los Encuentros de Mujeres que Luchan).<\/strong><\/p>\n<p><strong>\u00a0 Las fechas son del 2 al 17 de agosto del 2025.<\/strong><strong>\u00a0<\/strong><\/p>\n<p><strong>\u00a0 Llegada y registro en 2, el 3 inauguraci\u00f3n y el 16 clausura.\u00a0 17 salida.<\/strong><\/p>\n<p><strong>\u00a0 El registro de participantes y asistentes es en los correos electr\u00f3nicos:<br \/>\n<\/strong>participantesencuentroagosto25@gmail.com<br \/>\nasistentesencuentroagosto25@gmail.com<\/p>\n<p>Nota: las exposiciones zapatistas ser\u00e1n abiertas a participantes y asistentes.\u00a0 Se har\u00e1 lo posible por transmitir en vivo esas pl\u00e1ticas y, en dado caso, poner los videos en la p\u00e1gina de Enlace Zapatista.<\/p>\n<p>M\u00e1s detalles en pr\u00f3ximos textos.<\/p>\n<p>Les recordamos que NO se permite la producci\u00f3n, comercio y consumo de alcohol y drogas.\u00a0 As\u00ed como tampoco la violencia verbal o f\u00edsica en raz\u00f3n de g\u00e9nero, raza, tama\u00f1o, color, religi\u00f3n, nacionalidad, posici\u00f3n social, terreno de resistencia, o las que se les ocurran.<\/p>\n<p>Habr\u00e1 un techo donde guarecerse de la lluvia o el sol, seg\u00fan el caso o cosa.<\/p>\n<p>Les esperamos.<\/p>\n<p>Desde las monta\u00f1as del Sureste Mexicano.<br \/>\nSubcomandante Insurgente Mois\u00e9s.<br \/>\nM\u00e9xico, junio del 2025.<\/p>\n<p><a href=\"https:\/\/enlacezapatista.ezln.org.mx\/2025\/06\/02\/convocatoria-al-encuentro-de-resistencias-y-rebeldias-algunas-partes-del-todo\/\" target=\"_blank\" rel=\"noopener\">https:\/\/enlacezapatista.ezln.org.mx\/2025\/06\/02\/convocatoria-al-encuentro-de-resistencias-y-rebeldias-algunas-partes-del-todo\/<\/a><\/p>\n<p>&nbsp;<\/p>\n","protected":false},"excerpt":{"rendered":"<p>CONVOCATORIA AL ENCUENTRO DE RESISTENCIAS Y REBELD\u00cdAS \u201cALGUNAS PARTES DEL TODO\u201d. Junio del 2025. A las personas, grupos, colectivos, organizaciones y movimientos firmantes de la Declaraci\u00f3n por la Vida: Las &hellip; <a href=\"https:\/\/www.grieta.org.mx\/index.php\/2025\/06\/02\/convocatoria-al-encuentro-de-resistencias-y-rebeldias-algunas-partes-del-todo\/\" class=\"more-link\">Leer m\u00e1s<\/a><\/p>\n","protected":false},"author":2,"featured_media":71762,"comment_status":"closed","ping_status":"closed","sticky":false,"template":"","format":"standard","meta":{"ngg_post_thumbnail":0,"_jetpack_newsletter_access":"","_jetpack_dont_email_post_to_subs":false,"_jetpack_newsletter_tier_id":0,"_jetpack_memberships_contains_paywalled_content":false,"_jetpack_memberships_contains_paid_content":false,"footnotes":""},"categories":[80,74,907,2,78],"tags":[],"class_list":["post-71761","post","type-post","status-publish","format-standard","has-post-thumbnail","hentry","category-cintillo","category-ezln","category-ezln-2","category-noticias-nacionales","category-palabras-del-ezln","entry"],"jetpack_featured_media_url":"https:\/\/www.grieta.org.mx\/wp-content\/uploads\/2025\/06\/Captura-de-pantalla-2025-06-02-140729.png","jetpack_sharing_enabled":true,"jetpack_shortlink":"https:\/\/wp.me\/p7ZJR4-iFr","jetpack_likes_enabled":false,"jetpack-related-posts":[{"id":70076,"url":"https:\/\/www.grieta.org.mx\/index.php\/2024\/10\/10\/convocatoria-a-los-encuentros-internacionales-de-rebeldias-y-resistencias-2024-2025-tema-la-tormenta-y-el-dia-despues\/","url_meta":{"origin":71761,"position":0},"title":"Convocatoria a los Encuentros Internacionales de Rebeld\u00edas y Resistencias 2024-2025. Tema: La Tormenta y el D\u00eda Despu\u00e9s","author":"grieta","date":"10 octubre, 2024","format":false,"excerpt":"CONVOCATORIA. Octubre del 2024. Las Asambleas de Colectivos de Gobiernos Aut\u00f3nomos Zapatistas (ACEGAZ), las comunidades zapatistas y el EZLN convocan a todas las personas, grupos, colectivos, organizaciones, movimientos y pueblos originarios que han suscrito la llamada Declaraci\u00f3n por la Vida, a los\u2026 Encuentros Internacionales de Rebeld\u00edas y Resistencias 2024-2025. Tema:\u2026","rel":"","context":"En &quot;CINTILLO&quot;","block_context":{"text":"CINTILLO","link":"https:\/\/www.grieta.org.mx\/index.php\/category\/cintillo\/"},"img":{"alt_text":"","src":"https:\/\/i0.wp.com\/www.grieta.org.mx\/wp-content\/uploads\/2024\/10\/Screenshot-2024-10-10-at-19-35-44-Enlace-Zapatista.jpg?resize=350%2C200&ssl=1","width":350,"height":200,"srcset":"https:\/\/i0.wp.com\/www.grieta.org.mx\/wp-content\/uploads\/2024\/10\/Screenshot-2024-10-10-at-19-35-44-Enlace-Zapatista.jpg?resize=350%2C200&ssl=1 1x, https:\/\/i0.wp.com\/www.grieta.org.mx\/wp-content\/uploads\/2024\/10\/Screenshot-2024-10-10-at-19-35-44-Enlace-Zapatista.jpg?resize=525%2C300&ssl=1 1.5x, https:\/\/i0.wp.com\/www.grieta.org.mx\/wp-content\/uploads\/2024\/10\/Screenshot-2024-10-10-at-19-35-44-Enlace-Zapatista.jpg?resize=700%2C400&ssl=1 2x, https:\/\/i0.wp.com\/www.grieta.org.mx\/wp-content\/uploads\/2024\/10\/Screenshot-2024-10-10-at-19-35-44-Enlace-Zapatista.jpg?resize=1050%2C600&ssl=1 3x"},"classes":[]},{"id":63653,"url":"https:\/\/www.grieta.org.mx\/index.php\/2022\/03\/09\/domingo-13\/","url_meta":{"origin":71761,"position":1},"title":"DOMINGO 13","author":"Admin","date":"9 marzo, 2022","format":false,"excerpt":"COMISI\u00d3N SEXTA ZAPATISTA M\u00e9xico. 9 de marzo del 2022. \u00a0\u00a0\u00a0\u00a0\u00a0\u00a0\u00a0\u00a0\u00a0\u00a0\u00a0\u00a0\u00a0\u00a0\u00a0\u00a0\u00a0\u00a0\u00a0\u00a0\u00a0\u00a0\u00a0\u00a0\u00a0\u00a0\u00a0\u00a0\u00a0\u00a0\u00a0\u00a0\u00a0\u00a0\u00a0\u00a0\u00a0\u00a0\u00a0\u00a0\u00a0\u00a0\u00a0\u00a0\u00a0\u00a0\u00a0\u00a0\u00a0\u00a0\u00a0\u00a0\u00a0\u00a0\u00a0\u00a0\u00a0\u00a0\u00a0\u00a0\u00a0\u00a0\u00a0\u00a0\u00a0\u00a0\u00a0\u00a0\u00a0\u00a0\u00a0\u00a0\u00a0\u00a0\u00a0\u00a0\u00a0\u00a0\u00a0\u00a0\u00a0\u00a0\u00a0 DOMINGO 13 A la Sexta Nacional e Internacional: A quienes firmaron la Declaraci\u00f3n por la Vida: A las personas honestas de todo el mundo: En acuerdo con algunas individualidades, grupos, colectivos, organizaciones y movimientos de SLUMIL K\u00b4AJXEMK\u00b4OP, las comunidades zapatistas\u2026","rel":"","context":"En &quot;CINTILLO&quot;","block_context":{"text":"CINTILLO","link":"https:\/\/www.grieta.org.mx\/index.php\/category\/cintillo\/"},"img":{"alt_text":"","src":"https:\/\/i0.wp.com\/www.grieta.org.mx\/wp-content\/uploads\/2022\/03\/cintillo-1.jpg?resize=350%2C200&ssl=1","width":350,"height":200,"srcset":"https:\/\/i0.wp.com\/www.grieta.org.mx\/wp-content\/uploads\/2022\/03\/cintillo-1.jpg?resize=350%2C200&ssl=1 1x, https:\/\/i0.wp.com\/www.grieta.org.mx\/wp-content\/uploads\/2022\/03\/cintillo-1.jpg?resize=525%2C300&ssl=1 1.5x, https:\/\/i0.wp.com\/www.grieta.org.mx\/wp-content\/uploads\/2022\/03\/cintillo-1.jpg?resize=700%2C400&ssl=1 2x"},"classes":[]},{"id":72148,"url":"https:\/\/www.grieta.org.mx\/index.php\/2025\/08\/09\/resumen-de-la-segunda-participacion-zapatista-en-el-encuentro-de-resistencias-y-rebeldias-dia-5-de-agosto-del-2025\/","url_meta":{"origin":71761,"position":2},"title":"Resumen: de la segunda participaci\u00f3n zapatista en el Encuentro de Resistencias y Rebeld\u00edas, d\u00eda 5 de agosto del 2025","author":"grieta","date":"9 agosto, 2025","format":false,"excerpt":"Resumen: de la segunda participaci\u00f3n zapatista en el Encuentro de Resistencias y Rebeld\u00edas, d\u00eda 5 de agosto del 2025 Previously En una sorpresiva mirada al pasado, a nuestros anteriores, los pueblos zapatistas reval\u00faan su presente y los problemas que afrontan.\u00a0 A ra\u00edz de su asistencia a la Asamblea de los\u2026","rel":"","context":"En &quot;CINTILLO&quot;","block_context":{"text":"CINTILLO","link":"https:\/\/www.grieta.org.mx\/index.php\/category\/cintillo\/"},"img":{"alt_text":"","src":"https:\/\/i0.wp.com\/www.grieta.org.mx\/wp-content\/uploads\/2025\/08\/dia-dos-encuentro-rebeldia.png?resize=350%2C200&ssl=1","width":350,"height":200,"srcset":"https:\/\/i0.wp.com\/www.grieta.org.mx\/wp-content\/uploads\/2025\/08\/dia-dos-encuentro-rebeldia.png?resize=350%2C200&ssl=1 1x, https:\/\/i0.wp.com\/www.grieta.org.mx\/wp-content\/uploads\/2025\/08\/dia-dos-encuentro-rebeldia.png?resize=525%2C300&ssl=1 1.5x, https:\/\/i0.wp.com\/www.grieta.org.mx\/wp-content\/uploads\/2025\/08\/dia-dos-encuentro-rebeldia.png?resize=700%2C400&ssl=1 2x"},"classes":[]},{"id":70329,"url":"https:\/\/www.grieta.org.mx\/index.php\/2024\/10\/30\/alto-a-las-agresiones-contra-las-comunidades-zapatistas-reclaman-miles-en-manifestacion-en-la-ciudad-de-mexico\/","url_meta":{"origin":71761,"position":3},"title":"\u00a1Alto a las agresiones contra las comunidades zapatistas! reclaman miles en manifestaci\u00f3n en la Ciudad de M\u00e9xico [AUDIOS]","author":"grieta","date":"30 octubre, 2024","format":false,"excerpt":"Colectivo Grieta 24 de octubre de 2024 Ciudad de M\u00e9xico.- Al grito de \u00a1Alto a las agresiones contra las comunidades zapatistas! y exigiendo el cese a los hostigamientos orquestados por los tres niveles de gobierno y grupos narcoparamilitares contra las bases de apoyo del EZLN, este jueves 24 de octubre\u2026","rel":"","context":"En &quot;Alto a la Guerra contra los pueblos zapatistas&quot;","block_context":{"text":"Alto a la Guerra contra los pueblos zapatistas","link":"https:\/\/www.grieta.org.mx\/index.php\/category\/redes-de-resistencia-y-rebeldia\/contra-la-guerra-al-ezln\/"},"img":{"alt_text":"","src":"https:\/\/i0.wp.com\/www.grieta.org.mx\/wp-content\/uploads\/2024\/10\/Diapositiva2-1.jpeg?resize=350%2C200&ssl=1","width":350,"height":200,"srcset":"https:\/\/i0.wp.com\/www.grieta.org.mx\/wp-content\/uploads\/2024\/10\/Diapositiva2-1.jpeg?resize=350%2C200&ssl=1 1x, https:\/\/i0.wp.com\/www.grieta.org.mx\/wp-content\/uploads\/2024\/10\/Diapositiva2-1.jpeg?resize=525%2C300&ssl=1 1.5x, https:\/\/i0.wp.com\/www.grieta.org.mx\/wp-content\/uploads\/2024\/10\/Diapositiva2-1.jpeg?resize=700%2C400&ssl=1 2x"},"classes":[]},{"id":72118,"url":"https:\/\/www.grieta.org.mx\/index.php\/2025\/08\/03\/resumen-de-la-inauguracion-del-encuentro-de-resistencias-y-rebeldias-algunas-partes-del-todo\/","url_meta":{"origin":71761,"position":4},"title":"RESUMEN DE LA INAUGURACI\u00d3N DEL ENCUENTRO DE RESISTENCIAS Y REBELD\u00cdAS \u00abALGUNAS PARTES DEL TODO\u00bb","author":"grieta","date":"3 agosto, 2025","format":false,"excerpt":"RESUMEN DE LA INAUGURACI\u00d3N DEL ENCUENTRO DE RESISTENCIAS Y REBELD\u00cdAS \u00abALGUNAS PARTES DEL TODO\u00bb \u00a0 https:\/\/enlacezapatista.ezln.org.mx\/2025\/08\/03\/resumen-de-la-inauguracion-del-encuentro-de-resistencias-y-rebeldias-algunas-partes-del-todo-2\/","rel":"","context":"En &quot;CINTILLO&quot;","block_context":{"text":"CINTILLO","link":"https:\/\/www.grieta.org.mx\/index.php\/category\/cintillo\/"},"img":{"alt_text":"","src":"https:\/\/i0.wp.com\/www.grieta.org.mx\/wp-content\/uploads\/2025\/08\/inau_resumen.jpg?resize=350%2C200&ssl=1","width":350,"height":200,"srcset":"https:\/\/i0.wp.com\/www.grieta.org.mx\/wp-content\/uploads\/2025\/08\/inau_resumen.jpg?resize=350%2C200&ssl=1 1x, https:\/\/i0.wp.com\/www.grieta.org.mx\/wp-content\/uploads\/2025\/08\/inau_resumen.jpg?resize=525%2C300&ssl=1 1.5x, https:\/\/i0.wp.com\/www.grieta.org.mx\/wp-content\/uploads\/2025\/08\/inau_resumen.jpg?resize=700%2C400&ssl=1 2x"},"classes":[]},{"id":71220,"url":"https:\/\/www.grieta.org.mx\/index.php\/2025\/03\/06\/rebel-y-revel-arte-convocatoria-zapatista-al-encuentro-de-arte-rebeldia-y-resistencia-hacia-el-dia-despues\/","url_meta":{"origin":71761,"position":5},"title":"(REBEL Y REVEL) ARTE: CONVOCATORIA ZAPATISTA AL ENCUENTRO DE ARTE, REBELD\u00cdA Y RESISTENCIA HACIA EL D\u00cdA DESPU\u00c9S","author":"grieta","date":"6 marzo, 2025","format":false,"excerpt":"CONVOCATORIA ZAPATISTA AL ENCUENTRO DE ARTE, REBELD\u00cdA Y RESISTENCIA HACIA EL D\u00cdA DESPU\u00c9S. Marzo del 2025. Las Asambleas de Colectivos de Gobiernos Aut\u00f3nomos Zapatistas (ACEGAZ), las comunidades zapatistas y el EZLN convocan a artistas de Teatro, Danza, Gr\u00e1fica, M\u00fasica, Escultura y Literatura de M\u00e9xico y el Mundo al encuentro con\u2026","rel":"","context":"En &quot;CINTILLO&quot;","block_context":{"text":"CINTILLO","link":"https:\/\/www.grieta.org.mx\/index.php\/category\/cintillo\/"},"img":{"alt_text":"","src":"https:\/\/i0.wp.com\/www.grieta.org.mx\/wp-content\/uploads\/2025\/03\/convoc.png?resize=350%2C200&ssl=1","width":350,"height":200,"srcset":"https:\/\/i0.wp.com\/www.grieta.org.mx\/wp-content\/uploads\/2025\/03\/convoc.png?resize=350%2C200&ssl=1 1x, https:\/\/i0.wp.com\/www.grieta.org.mx\/wp-content\/uploads\/2025\/03\/convoc.png?resize=525%2C300&ssl=1 1.5x, https:\/\/i0.wp.com\/www.grieta.org.mx\/wp-content\/uploads\/2025\/03\/convoc.png?resize=700%2C400&ssl=1 2x"},"classes":[]}],"_links":{"self":[{"href":"https:\/\/www.grieta.org.mx\/index.php\/wp-json\/wp\/v2\/posts\/71761","targetHints":{"allow":["GET"]}}],"collection":[{"href":"https:\/\/www.grieta.org.mx\/index.php\/wp-json\/wp\/v2\/posts"}],"about":[{"href":"https:\/\/www.grieta.org.mx\/index.php\/wp-json\/wp\/v2\/types\/post"}],"author":[{"embeddable":true,"href":"https:\/\/www.grieta.org.mx\/index.php\/wp-json\/wp\/v2\/users\/2"}],"replies":[{"embeddable":true,"href":"https:\/\/www.grieta.org.mx\/index.php\/wp-json\/wp\/v2\/comments?post=71761"}],"version-history":[{"count":1,"href":"https:\/\/www.grieta.org.mx\/index.php\/wp-json\/wp\/v2\/posts\/71761\/revisions"}],"predecessor-version":[{"id":71763,"href":"https:\/\/www.grieta.org.mx\/index.php\/wp-json\/wp\/v2\/posts\/71761\/revisions\/71763"}],"wp:featuredmedia":[{"embeddable":true,"href":"https:\/\/www.grieta.org.mx\/index.php\/wp-json\/wp\/v2\/media\/71762"}],"wp:attachment":[{"href":"https:\/\/www.grieta.org.mx\/index.php\/wp-json\/wp\/v2\/media?parent=71761"}],"wp:term":[{"taxonomy":"category","embeddable":true,"href":"https:\/\/www.grieta.org.mx\/index.php\/wp-json\/wp\/v2\/categories?post=71761"},{"taxonomy":"post_tag","embeddable":true,"href":"https:\/\/www.grieta.org.mx\/index.php\/wp-json\/wp\/v2\/tags?post=71761"}],"curies":[{"name":"wp","href":"https:\/\/api.w.org\/{rel}","templated":true}]}}