{"id":71758,"date":"2025-05-30T15:35:25","date_gmt":"2025-05-30T21:35:25","guid":{"rendered":"https:\/\/www.grieta.org.mx\/?p=71758"},"modified":"2025-06-01T16:13:27","modified_gmt":"2025-06-01T22:13:27","slug":"trabajadores-que-laboran-para-el-interoceanico-en-oaxaca-protestan-por-despido-injustificado-y-malos-tratos-acusan-a-su-responsable-de-pedir-favores-sexuales","status":"publish","type":"post","link":"https:\/\/www.grieta.org.mx\/index.php\/2025\/05\/30\/trabajadores-que-laboran-para-el-interoceanico-en-oaxaca-protestan-por-despido-injustificado-y-malos-tratos-acusan-a-su-responsable-de-pedir-favores-sexuales\/","title":{"rendered":"Trabajadores que laboran para el interoce\u00e1nico en Oaxaca protestan por despido injustificado y malos tratos ; acusan a su responsable de pedir \u201cfavores sexuales\u201d"},"content":{"rendered":"<p>Imagen: Istmo Press<\/p>\n<p>Diana Manzo \/ Istmo Press<\/p>\n<p>Oaxaca, Oax.- Con una protesta pac\u00edfica en el acceso principal a las obras del interoce\u00e1nico en la colonia Pueblo Nuevo de Matias Romero, Oaxaca cientos de trabajadores denunciaron despido injustificado, malos tratos, racismo, discriminaci\u00f3n de parte de los directivos de la empresa \u201cABCD Arquitectura\u201d, que brinda sus servicios al megaproyecto del Corredor Interoce\u00e1nico del Istmo de Tehuantepec.<\/p>\n<p>Pero eso no es todo, tambi\u00e9n se\u00f1alaron abusos a sus derechos laborales, especialmente al personal administrativo que se ha quedado a trabajar m\u00e1s de 12 horas sin remuneraci\u00f3n y otros m\u00e1s acusaron que uno de sus representantes de nombre C\u00e9sar A. M. les ha pedido \u201cfavores sexuales\u201d a los hombres para entregarles su finiquito o los contrate.<\/p>\n<p>En el acceso a las obras colocaron un cord\u00f3n con ropa de trabajo y se\u00f1alaron que esta manifestaci\u00f3n es pacifica, y tambi\u00e9n acusaron al residente de la obra de nombre Sergio Cort\u00e9s un exmilitar de tratarlos con racismo y discriminaci\u00f3n llam\u00e1ndoles \u201cindios huevones y rebeldes\u201d.<\/p>\n<p>\u201cNo nos paga los vi\u00e1ticos, y nos dice a cada rato que somos indios, que no servimos para nada, que mejor nos vayamos, en fin, as\u00ed nos tiene trabajando\u201d denunciaron.<\/p>\n<p>Acusaron tambi\u00e9n, a Alfredo Montes Patricio de tener recomendados que vienen de Coatzacoalcos, Veracruz y son los m\u00e1s beneficiados, dejando a la deriva a personas de la localidad o de pueblos del Istmo de Tehuantepec.<\/p>\n<p>Al igual, se\u00f1alaron que hay personal que realizan actividades administrativas con salarios que no van con sus actividades.<\/p>\n<p>\u201cNos prometieron un buen sueldo cuando nos contrataron, pero hasta el d\u00eda de hoy solo hay abusos\u201d.<\/p>\n<p>Exigieron tambi\u00e9n una explicaci\u00f3n de qui\u00e9n o qui\u00e9nes otorgaron a esta empresa la construcci\u00f3n de obras, pues ellos se creen due\u00f1os de la zona, quitando y poniendo personal a su antojo.<\/p>\n<p>\u201cNosotros lo que pedimos y exigimos es lo justo. Un trato laboral digno y humano, no es posible que nos llamen indios, apestosos, huevones, eso no lo podemos permitir, adem\u00e1s de abusar de nuestros salarios, eso no lo podemos permitir\u201d.<\/p>\n<p>El corredor interoce\u00e1nico es una obra de impacto a cargo de la Secretar\u00eda de la Marina y Armada de M\u00e9xico. Se realiza la rehabilitaci\u00f3n de las l\u00edneas Z de las v\u00edas del ferrocarril, que es la zona que conecta al Puerto de Salina Cruz con Coatzacoalcos.<\/p>\n<p><a href=\"https:\/\/www.istmopress.com.mx\/oaxaca\/trabajadores-que-laboran-para-el-interoceanico-en-oaxaca-protestan-por-despido-injustificado-y-malos-tratos-acusan-a-su-responsable-de-pedir-favores-sexuales\/\">https:\/\/www.istmopress.com.mx\/oaxaca\/trabajadores-que-laboran-para-el-interoceanico-en-oaxaca-protestan-por-despido-injustificado-y-malos-tratos-acusan-a-su-responsable-de-pedir-favores-sexuales\/<\/a><\/p>\n","protected":false},"excerpt":{"rendered":"<p>Imagen: Istmo Press Diana Manzo \/ Istmo Press Oaxaca, Oax.- Con una protesta pac\u00edfica en el acceso principal a las obras del interoce\u00e1nico en la colonia Pueblo Nuevo de Matias &hellip; <a href=\"https:\/\/www.grieta.org.mx\/index.php\/2025\/05\/30\/trabajadores-que-laboran-para-el-interoceanico-en-oaxaca-protestan-por-despido-injustificado-y-malos-tratos-acusan-a-su-responsable-de-pedir-favores-sexuales\/\" class=\"more-link\">Leer m\u00e1s<\/a><\/p>\n","protected":false},"author":2,"featured_media":71759,"comment_status":"closed","ping_status":"closed","sticky":false,"template":"","format":"standard","meta":{"ngg_post_thumbnail":0,"_jetpack_newsletter_access":"","_jetpack_dont_email_post_to_subs":false,"_jetpack_newsletter_tier_id":0,"_jetpack_memberships_contains_paywalled_content":false,"_jetpack_memberships_contains_paid_content":false,"footnotes":""},"categories":[80,1358,910,912,1606,2,25,83],"tags":[2307,3614,3549,2841,96,614,1117],"class_list":["post-71758","post","type-post","status-publish","format-standard","has-post-thumbnail","hentry","category-cintillo","category-conflictos-por-megaproyectos-en-oaxaca","category-explotacion-y-precariedad-laboral","category-militarizacion","category-militarizacion-en-oaxaca","category-noticias-nacionales","category-oaxaca","category-temas-nacionales","tag-abusos-de-militares","tag-corredor-interoceanico","tag-despidos-injustificados","tag-explotacion-y-precariedad-laboral","tag-megaproyectos","tag-militarizacion","tag-violacion-de-derechos-laborales","entry"],"jetpack_featured_media_url":"https:\/\/www.grieta.org.mx\/wp-content\/uploads\/2025\/06\/44254a68-ad10-4730-8844-cda4e289d373-800x445-1.jpeg","jetpack_sharing_enabled":true,"jetpack_shortlink":"https:\/\/wp.me\/p7ZJR4-iFo","jetpack_likes_enabled":false,"jetpack-related-posts":[{"id":69275,"url":"https:\/\/www.grieta.org.mx\/index.php\/2024\/06\/17\/despoja-marina-cerro-a-juchitan-oaxaca-para-beneficiar-obra-de-linea-k-del-interoceanico\/","url_meta":{"origin":71758,"position":0},"title":"Despoja Marina cerro a Juchit\u00e1n, Oaxaca para beneficiar obra de L\u00ednea K del Interoce\u00e1nico","author":"grieta","date":"17 junio, 2024","format":false,"excerpt":"Imagen: Edgar Mar\u00edn Diana Manzo \/ Agencia de Noticias IstmoPress #Juchit\u00e1n 17 Jun (#Istmopress) \u2013 Sin importar que exista un amparo federal que ordena la no extracci\u00f3n de roca del cerro del Estero Gui\u00e9 \u2013 hogar de aves y donde existe una amplia biodiversidad- en el municipio de Juchit\u00e1n, Oaxaca,\u2026","rel":"","context":"En &quot;5. Istmo&quot;","block_context":{"text":"5. Istmo","link":"https:\/\/www.grieta.org.mx\/index.php\/category\/espejos-de-la-resistencia\/5-istmo\/"},"img":{"alt_text":"","src":"https:\/\/i0.wp.com\/www.grieta.org.mx\/wp-content\/uploads\/2024\/07\/1718682209188-800x445-1.jpg?resize=350%2C200&ssl=1","width":350,"height":200,"srcset":"https:\/\/i0.wp.com\/www.grieta.org.mx\/wp-content\/uploads\/2024\/07\/1718682209188-800x445-1.jpg?resize=350%2C200&ssl=1 1x, https:\/\/i0.wp.com\/www.grieta.org.mx\/wp-content\/uploads\/2024\/07\/1718682209188-800x445-1.jpg?resize=525%2C300&ssl=1 1.5x, https:\/\/i0.wp.com\/www.grieta.org.mx\/wp-content\/uploads\/2024\/07\/1718682209188-800x445-1.jpg?resize=700%2C400&ssl=1 2x"},"classes":[]},{"id":68514,"url":"https:\/\/www.grieta.org.mx\/index.php\/2024\/02\/14\/oaxaca-marinos-desalojan-y-detienen-a-ferrocarrileros-que-protestaban-en-las-vias-del-tren\/","url_meta":{"origin":71758,"position":1},"title":"Oaxaca: Marinos desalojan y detienen a ferrocarrileros que protestaban en las v\u00edas del tren","author":"grieta","date":"14 febrero, 2024","format":false,"excerpt":"Imagen:\u00a0 Mateo Reyes Los ferrocarrileros protestaban en las v\u00edas del tren del Corredor Interoce\u00e1nico demandando una jubilaci\u00f3n digna al gobierno federal. Dos de ellos fueron detenidos Diana Manzo \/ Istmo Press OAXACA. -Elementos de la Secretaria de Marina y de la polic\u00eda estatal desalojaron a medio centenar de ferrocarrileros jubilados\u2026","rel":"","context":"En &quot;CINTILLO&quot;","block_context":{"text":"CINTILLO","link":"https:\/\/www.grieta.org.mx\/index.php\/category\/cintillo\/"},"img":{"alt_text":"","src":"https:\/\/i0.wp.com\/www.grieta.org.mx\/wp-content\/uploads\/2024\/02\/bloqueo_tren_marina_Istmo_Press.jpg?resize=350%2C200&ssl=1","width":350,"height":200,"srcset":"https:\/\/i0.wp.com\/www.grieta.org.mx\/wp-content\/uploads\/2024\/02\/bloqueo_tren_marina_Istmo_Press.jpg?resize=350%2C200&ssl=1 1x, https:\/\/i0.wp.com\/www.grieta.org.mx\/wp-content\/uploads\/2024\/02\/bloqueo_tren_marina_Istmo_Press.jpg?resize=525%2C300&ssl=1 1.5x, https:\/\/i0.wp.com\/www.grieta.org.mx\/wp-content\/uploads\/2024\/02\/bloqueo_tren_marina_Istmo_Press.jpg?resize=700%2C400&ssl=1 2x"},"classes":[]},{"id":59514,"url":"https:\/\/www.grieta.org.mx\/index.php\/2021\/05\/14\/ejidatarios-de-mogone-viejo-suspenden-trabajos-del-corredor-interoceanico-oaxaca\/","url_meta":{"origin":71758,"position":2},"title":"Ejidatarios de Mogo\u00f1\u00e9 Viejo suspenden trabajos del Corredor Interoce\u00e1nico (Oaxaca)","author":"grieta","date":"14 mayo, 2021","format":false,"excerpt":"La coperacha \/ Redacci\u00f3n. Foto: Ucizoni Denuncian trabajos sin permiso del ejido y da\u00f1os en el abasto de agua. En Oaxaca, ejidatarios de Mogo\u00f1\u00e9 Viejo, municipio San Juan Guichicovi, suspendieron los trabajos de rehabilitaci\u00f3n del Ferrocarril Trans\u00edstmico en demanda de informaci\u00f3n consulta sobre el megaproyecto del Corredor Interoce\u00e1nico. Por acuerdo\u2026","rel":"","context":"En &quot;CINTILLO&quot;","block_context":{"text":"CINTILLO","link":"https:\/\/www.grieta.org.mx\/index.php\/category\/cintillo\/"},"img":{"alt_text":"","src":"https:\/\/i0.wp.com\/www.grieta.org.mx\/wp-content\/uploads\/2021\/05\/x.jpg?resize=350%2C200&ssl=1","width":350,"height":200,"srcset":"https:\/\/i0.wp.com\/www.grieta.org.mx\/wp-content\/uploads\/2021\/05\/x.jpg?resize=350%2C200&ssl=1 1x, https:\/\/i0.wp.com\/www.grieta.org.mx\/wp-content\/uploads\/2021\/05\/x.jpg?resize=525%2C300&ssl=1 1.5x, https:\/\/i0.wp.com\/www.grieta.org.mx\/wp-content\/uploads\/2021\/05\/x.jpg?resize=700%2C400&ssl=1 2x"},"classes":[]},{"id":65997,"url":"https:\/\/www.grieta.org.mx\/index.php\/2022\/12\/14\/ven-en-el-interoceanico-proyecto-de-saqueo-y-despojo-apiidtt-15-anos-de-lucha-y-resistencia-por-la-vida-oaxaca\/","url_meta":{"origin":71758,"position":3},"title":"Ven en el Interoce\u00e1nico proyecto de saqueo y despojo, APIIDTT 15 a\u00f1os de lucha y resistencia por la vida (Oaxaca)","author":"grieta","date":"14 diciembre, 2022","format":false,"excerpt":"Imagen: Cortes\u00eda Gerardo Valdivieso Parada \/ NVINoticias SAN BLAS ATEMPA, Oaxaca.- Integrantes de la Asamblea de los Pueblos Ind\u00edgenas del Istmo en Defensa de la Tierra y el Territorio (APIIDTT) conmemoraron 15 a\u00f1os \u201cen este caminar de lucha y resistencia por la defensa de la vida, tierra y territorio\u201d. En\u2026","rel":"","context":"En &quot;5. Istmo&quot;","block_context":{"text":"5. Istmo","link":"https:\/\/www.grieta.org.mx\/index.php\/category\/espejos-de-la-resistencia\/5-istmo\/"},"img":{"alt_text":"","src":"https:\/\/i0.wp.com\/www.grieta.org.mx\/wp-content\/uploads\/2022\/12\/proyecto_interoceanico.webp?resize=350%2C200&ssl=1","width":350,"height":200,"srcset":"https:\/\/i0.wp.com\/www.grieta.org.mx\/wp-content\/uploads\/2022\/12\/proyecto_interoceanico.webp?resize=350%2C200&ssl=1 1x, https:\/\/i0.wp.com\/www.grieta.org.mx\/wp-content\/uploads\/2022\/12\/proyecto_interoceanico.webp?resize=525%2C300&ssl=1 1.5x, https:\/\/i0.wp.com\/www.grieta.org.mx\/wp-content\/uploads\/2022\/12\/proyecto_interoceanico.webp?resize=700%2C400&ssl=1 2x"},"classes":[]},{"id":67357,"url":"https:\/\/www.grieta.org.mx\/index.php\/2023\/07\/23\/derribaran-200-arboles-para-construir-obra-de-corredor-interoceanico-oaxaca\/","url_meta":{"origin":71758,"position":4},"title":"Derribar\u00e1n 200 \u00e1rboles para construir obra de Corredor Interoce\u00e1nico (Oaxaca)","author":"grieta","date":"23 julio, 2023","format":false,"excerpt":"Imagen: cortes\u00eda de Edwin Meneses Sin un anuncio oficial, trabajadores de la empresa que construyen en un tramo del Corredor Interoc\u00e9anico anunciaron a habitantes del Istmo de Tehuantepec que derribar\u00e1n 200 \u00e1rboles, a cambio prometen construir un parque Diana Manzo \/ Istmo Press \/ P\u00ede de P\u00e1gina OAXACA. \u2013 Sin\u2026","rel":"","context":"En &quot;CINTILLO&quot;","block_context":{"text":"CINTILLO","link":"https:\/\/www.grieta.org.mx\/index.php\/category\/cintillo\/"},"img":{"alt_text":"","src":"https:\/\/i0.wp.com\/www.grieta.org.mx\/wp-content\/uploads\/2023\/08\/IstmoPressarboles_Istmo_Edwin_Meneses.jpg?resize=350%2C200&ssl=1","width":350,"height":200,"srcset":"https:\/\/i0.wp.com\/www.grieta.org.mx\/wp-content\/uploads\/2023\/08\/IstmoPressarboles_Istmo_Edwin_Meneses.jpg?resize=350%2C200&ssl=1 1x, https:\/\/i0.wp.com\/www.grieta.org.mx\/wp-content\/uploads\/2023\/08\/IstmoPressarboles_Istmo_Edwin_Meneses.jpg?resize=525%2C300&ssl=1 1.5x, https:\/\/i0.wp.com\/www.grieta.org.mx\/wp-content\/uploads\/2023\/08\/IstmoPressarboles_Istmo_Edwin_Meneses.jpg?resize=700%2C400&ssl=1 2x"},"classes":[]},{"id":67251,"url":"https:\/\/www.grieta.org.mx\/index.php\/2023\/07\/28\/agresiones-y-violaciones-a-derechos-humanos-en-megaproyecto-del-corredor-interoceanico-alerta-mision-civil-oaxaca\/","url_meta":{"origin":71758,"position":5},"title":"Agresiones y violaciones a derechos humanos en megaproyecto del Corredor Interoce\u00e1nico: Alerta Misi\u00f3n Civil (Oaxaca)","author":"grieta","date":"28 julio, 2023","format":false,"excerpt":"Imagen: Somos El Medio Miranda Chavarr\u00eda \/ Somos El Medio La Misi\u00f3n Civil de Observaci\u00f3n, integrada por 23 organizaciones de la sociedad civil nacionales e internacionales, concluyeron su investigaci\u00f3n en la regi\u00f3n del Istmo de Tehuantepec, en el Estado de Oaxaca. El objetivo de esta misi\u00f3n fue documentar diversas violaciones\u2026","rel":"","context":"En &quot;CINTILLO&quot;","block_context":{"text":"CINTILLO","link":"https:\/\/www.grieta.org.mx\/index.php\/category\/cintillo\/"},"img":{"alt_text":"","src":"https:\/\/i0.wp.com\/www.grieta.org.mx\/wp-content\/uploads\/2023\/07\/363379770_690020123169868_8124757468151930841_n.jpg?resize=350%2C200&ssl=1","width":350,"height":200,"srcset":"https:\/\/i0.wp.com\/www.grieta.org.mx\/wp-content\/uploads\/2023\/07\/363379770_690020123169868_8124757468151930841_n.jpg?resize=350%2C200&ssl=1 1x, https:\/\/i0.wp.com\/www.grieta.org.mx\/wp-content\/uploads\/2023\/07\/363379770_690020123169868_8124757468151930841_n.jpg?resize=525%2C300&ssl=1 1.5x, https:\/\/i0.wp.com\/www.grieta.org.mx\/wp-content\/uploads\/2023\/07\/363379770_690020123169868_8124757468151930841_n.jpg?resize=700%2C400&ssl=1 2x, https:\/\/i0.wp.com\/www.grieta.org.mx\/wp-content\/uploads\/2023\/07\/363379770_690020123169868_8124757468151930841_n.jpg?resize=1050%2C600&ssl=1 3x, https:\/\/i0.wp.com\/www.grieta.org.mx\/wp-content\/uploads\/2023\/07\/363379770_690020123169868_8124757468151930841_n.jpg?resize=1400%2C800&ssl=1 4x"},"classes":[]}],"_links":{"self":[{"href":"https:\/\/www.grieta.org.mx\/index.php\/wp-json\/wp\/v2\/posts\/71758","targetHints":{"allow":["GET"]}}],"collection":[{"href":"https:\/\/www.grieta.org.mx\/index.php\/wp-json\/wp\/v2\/posts"}],"about":[{"href":"https:\/\/www.grieta.org.mx\/index.php\/wp-json\/wp\/v2\/types\/post"}],"author":[{"embeddable":true,"href":"https:\/\/www.grieta.org.mx\/index.php\/wp-json\/wp\/v2\/users\/2"}],"replies":[{"embeddable":true,"href":"https:\/\/www.grieta.org.mx\/index.php\/wp-json\/wp\/v2\/comments?post=71758"}],"version-history":[{"count":1,"href":"https:\/\/www.grieta.org.mx\/index.php\/wp-json\/wp\/v2\/posts\/71758\/revisions"}],"predecessor-version":[{"id":71760,"href":"https:\/\/www.grieta.org.mx\/index.php\/wp-json\/wp\/v2\/posts\/71758\/revisions\/71760"}],"wp:featuredmedia":[{"embeddable":true,"href":"https:\/\/www.grieta.org.mx\/index.php\/wp-json\/wp\/v2\/media\/71759"}],"wp:attachment":[{"href":"https:\/\/www.grieta.org.mx\/index.php\/wp-json\/wp\/v2\/media?parent=71758"}],"wp:term":[{"taxonomy":"category","embeddable":true,"href":"https:\/\/www.grieta.org.mx\/index.php\/wp-json\/wp\/v2\/categories?post=71758"},{"taxonomy":"post_tag","embeddable":true,"href":"https:\/\/www.grieta.org.mx\/index.php\/wp-json\/wp\/v2\/tags?post=71758"}],"curies":[{"name":"wp","href":"https:\/\/api.w.org\/{rel}","templated":true}]}}