{"id":71754,"date":"2025-05-27T15:26:16","date_gmt":"2025-05-27T21:26:16","guid":{"rendered":"https:\/\/www.grieta.org.mx\/?p=71754"},"modified":"2025-06-01T15:34:06","modified_gmt":"2025-06-01T21:34:06","slug":"cinco-anos-sin-agua-ni-luz-claman-auxilio-vecinos-de-las-parotas-en-bucerias-nayarit","status":"publish","type":"post","link":"https:\/\/www.grieta.org.mx\/index.php\/2025\/05\/27\/cinco-anos-sin-agua-ni-luz-claman-auxilio-vecinos-de-las-parotas-en-bucerias-nayarit\/","title":{"rendered":"\u00a1Cinco a\u00f1os sin agua ni luz! Claman auxilio vecinos de Las Parotas en Bucer\u00edas (Nayarit)"},"content":{"rendered":"<p>Imagen: Tribina de la Bah\u00eda<\/p>\n<p>Isrrael Torres \/ Tribuna de la Bah\u00eda<\/p>\n<p>Desde hace cinco a\u00f1os, alrededor de 30 habitantes de una calle en la colonia Las Parotas, en la delegaci\u00f3n de Bucer\u00edas, cerca de la avenida Estaciones en Bah\u00eda de Banderas, viven sin acceso a agua potable ni energ\u00eda el\u00e9ctrica, soportando las inclemencias del tiempo.<\/p>\n<p>Ent\u00e9rate: \u00a1Exhiben a H\u00e9ctor Santana! S\u00ed hay permisos para operar el pante\u00f3n de San Juan de Abajo<\/p>\n<p>Se trata de una calle ubicada en la ampliaci\u00f3n de dicha colonia, donde las familias ya se sienten desesperadas ante la falta de servicios b\u00e1sicos. Han recurrido al apoyo de vecinos, pero ahora exigen la intervenci\u00f3n de las autoridades para que se ampl\u00ede la red de agua y electricidad a esta nueva etapa de la colonia.<\/p>\n<p>Los vecinos hacen un llamado urgente al presidente municipal, H\u00e9ctor Santana Garc\u00eda, y al gobernador de Nayarit, Miguel \u00c1ngel Navarro Quintero, ya que con la llegada del calor extremo y la temporada de lluvias, su situaci\u00f3n se agrava: escasea el agua y aumenta el consumo el\u00e9ctrico, al que ni siquiera tienen acceso.<\/p>\n<p>Conf\u00edan en que, al hacer p\u00fablica su denuncia, por fin se les escuche, ya que entre los afectados tambi\u00e9n hay menores de edad que padecen estas condiciones de abandono.<\/p>\n<p><a href=\"https:\/\/tribunadelabahia.com.mx\/claman-agua-luz-parotas-bucerias\/\">https:\/\/tribunadelabahia.com.mx\/claman-agua-luz-parotas-bucerias\/<\/a><\/p>\n","protected":false},"excerpt":{"rendered":"<p>Imagen: Tribina de la Bah\u00eda Isrrael Torres \/ Tribuna de la Bah\u00eda Desde hace cinco a\u00f1os, alrededor de 30 habitantes de una calle en la colonia Las Parotas, en la &hellip; <a href=\"https:\/\/www.grieta.org.mx\/index.php\/2025\/05\/27\/cinco-anos-sin-agua-ni-luz-claman-auxilio-vecinos-de-las-parotas-en-bucerias-nayarit\/\" class=\"more-link\">Leer m\u00e1s<\/a><\/p>\n","protected":false},"author":2,"featured_media":71755,"comment_status":"closed","ping_status":"closed","sticky":false,"template":"","format":"standard","meta":{"ngg_post_thumbnail":0,"_jetpack_newsletter_access":"","_jetpack_dont_email_post_to_subs":false,"_jetpack_newsletter_tier_id":0,"_jetpack_memberships_contains_paywalled_content":false,"_jetpack_memberships_contains_paid_content":false,"footnotes":""},"categories":[80,23,2],"tags":[2379,1558,429,2962,3288,360],"class_list":["post-71754","post","type-post","status-publish","format-standard","has-post-thumbnail","hentry","category-cintillo","category-nayarit","category-noticias-nacionales","tag-colonos","tag-desabasto-de-agua","tag-luz","tag-precarizacion-de-la-vida","tag-protesta-vecinal","tag-servicios","entry"],"jetpack_featured_media_url":"https:\/\/www.grieta.org.mx\/wp-content\/uploads\/2025\/06\/falta-agua-luz-bucerias.jpg","jetpack_sharing_enabled":true,"jetpack_shortlink":"https:\/\/wp.me\/p7ZJR4-iFk","jetpack_likes_enabled":false,"jetpack-related-posts":[{"id":34730,"url":"https:\/\/www.grieta.org.mx\/index.php\/2019\/06\/05\/pretenden-privatizar-playa-de-bucerias-y-la-cruz-de-huanacaxtle-nayarit\/","url_meta":{"origin":71754,"position":0},"title":"Pretenden Privatizar Playa de Bucer\u00edas y La Cruz de Huanacaxtle (Nayarit)","author":"grieta","date":"5 junio, 2019","format":false,"excerpt":"Desarrollos tur\u00edsticos a diestra y siniestra meten toneladas de piedras en playa y mar de Bah\u00eda de Banderas, Nayarit; son Punta Esmeralda y Desarrollo Narval, seg\u00fan reportan desde estas comunidades Paty Aguilar \/ La Opini\u00f3n de la Bah\u00eda Presumen vecinos de Bucer\u00edas y la Cruz de Huanacaxtle de Bah\u00eda de\u2026","rel":"","context":"En &quot;CINTILLO&quot;","block_context":{"text":"CINTILLO","link":"https:\/\/www.grieta.org.mx\/index.php\/category\/cintillo\/"},"img":{"alt_text":"","src":"https:\/\/i0.wp.com\/www.grieta.org.mx\/wp-content\/uploads\/2019\/06\/Espigones-Punta-Esmeralda02-1024x480.jpg?resize=350%2C200&ssl=1","width":350,"height":200,"srcset":"https:\/\/i0.wp.com\/www.grieta.org.mx\/wp-content\/uploads\/2019\/06\/Espigones-Punta-Esmeralda02-1024x480.jpg?resize=350%2C200&ssl=1 1x, https:\/\/i0.wp.com\/www.grieta.org.mx\/wp-content\/uploads\/2019\/06\/Espigones-Punta-Esmeralda02-1024x480.jpg?resize=525%2C300&ssl=1 1.5x, https:\/\/i0.wp.com\/www.grieta.org.mx\/wp-content\/uploads\/2019\/06\/Espigones-Punta-Esmeralda02-1024x480.jpg?resize=700%2C400&ssl=1 2x"},"classes":[]},{"id":71803,"url":"https:\/\/www.grieta.org.mx\/index.php\/2025\/06\/04\/desaparecen-20-personas-en-bahia-en-lo-que-va-de-2025-14-siguen-sin-ser-localizadas-nayarit\/","url_meta":{"origin":71754,"position":1},"title":"Desaparecen 20 personas en Bah\u00eda en lo que va de 2025; 14 siguen sin ser localizadas (Nayarit)","author":"grieta","date":"4 junio, 2025","format":false,"excerpt":"Imagen: Especial Isrrael Torres \/ Tribuna de la Bah\u00eda En lo que va del a\u00f1o 2025, 20 personas han sido reportadas como desaparecidas en Bah\u00eda de Banderas, seg\u00fan datos del Registro Nacional de Personas Desaparecidas y No Localizadas del Gobierno Federal. De ellas, solo seis han sido localizadas, mientras que\u2026","rel":"","context":"En &quot;CINTILLO&quot;","block_context":{"text":"CINTILLO","link":"https:\/\/www.grieta.org.mx\/index.php\/category\/cintillo\/"},"img":{"alt_text":"","src":"https:\/\/i0.wp.com\/www.grieta.org.mx\/wp-content\/uploads\/2025\/06\/personas-desaparecidas-1024x695-1.jpg?resize=350%2C200&ssl=1","width":350,"height":200,"srcset":"https:\/\/i0.wp.com\/www.grieta.org.mx\/wp-content\/uploads\/2025\/06\/personas-desaparecidas-1024x695-1.jpg?resize=350%2C200&ssl=1 1x, https:\/\/i0.wp.com\/www.grieta.org.mx\/wp-content\/uploads\/2025\/06\/personas-desaparecidas-1024x695-1.jpg?resize=525%2C300&ssl=1 1.5x, https:\/\/i0.wp.com\/www.grieta.org.mx\/wp-content\/uploads\/2025\/06\/personas-desaparecidas-1024x695-1.jpg?resize=700%2C400&ssl=1 2x"},"classes":[]},{"id":48887,"url":"https:\/\/www.grieta.org.mx\/index.php\/2020\/05\/08\/en-plena-pandemia-la-col-nueva-esperanza-sin-agua-luz-ni-drenaje\/","url_meta":{"origin":71754,"position":2},"title":"En plena pandemia, la Col. Nueva Esperanza sin agua, luz ni drenaje (Nayarit)","author":"grieta","date":"8 mayo, 2020","format":false,"excerpt":"Existe un riesgo latente de propagaci\u00f3n del COVID-19 Arcelia Garc\u00eda Ortega \/ Realidades de Nayarit Tepic, Nayarit.- Viernes 08 de mayo del 2020.- Habitantes de la colonia Nueva Esperanza, est\u00e1n desesperados porque en plena contingencia por el COVID-19, no tienen los servicios b\u00e1sicos e indispensables, como son el agua, la\u2026","rel":"","context":"En &quot;CINTILLO&quot;","block_context":{"text":"CINTILLO","link":"https:\/\/www.grieta.org.mx\/index.php\/category\/cintillo\/"},"img":{"alt_text":"","src":"https:\/\/i0.wp.com\/www.grieta.org.mx\/wp-content\/uploads\/2020\/05\/agua-2.jpg?resize=350%2C200&ssl=1","width":350,"height":200,"srcset":"https:\/\/i0.wp.com\/www.grieta.org.mx\/wp-content\/uploads\/2020\/05\/agua-2.jpg?resize=350%2C200&ssl=1 1x, https:\/\/i0.wp.com\/www.grieta.org.mx\/wp-content\/uploads\/2020\/05\/agua-2.jpg?resize=525%2C300&ssl=1 1.5x, https:\/\/i0.wp.com\/www.grieta.org.mx\/wp-content\/uploads\/2020\/05\/agua-2.jpg?resize=700%2C400&ssl=1 2x"},"classes":[]},{"id":60072,"url":"https:\/\/www.grieta.org.mx\/index.php\/2021\/06\/12\/padecen-mas-de-30-anos-por-falta-de-agua-potable-nayarit\/","url_meta":{"origin":71754,"position":3},"title":"Padecen m\u00e1s de 30 a\u00f1os por falta de agua potable (Nayarit)","author":"grieta","date":"12 junio, 2021","format":false,"excerpt":"Foto: Tribuna de la Bah\u00eda Alberto Garc\u00eda \/ Tribuna de la Bah\u00eda Una situaci\u00f3n desgarradora es la que vive la gente de la comunidad de\u00a0Agua Milpa\u00a0en el municipio de\u00a0Bah\u00eda de Banderas, quienes por a\u00f1os han padecido por la falta de agua, la gente vive una desesperante situaci\u00f3n que dicen nunca\u2026","rel":"","context":"En &quot;CINTILLO&quot;","block_context":{"text":"CINTILLO","link":"https:\/\/www.grieta.org.mx\/index.php\/category\/cintillo\/"},"img":{"alt_text":"","src":"https:\/\/i0.wp.com\/www.grieta.org.mx\/wp-content\/uploads\/2021\/06\/desabasto-agua-cover.jpg?resize=350%2C200&ssl=1","width":350,"height":200,"srcset":"https:\/\/i0.wp.com\/www.grieta.org.mx\/wp-content\/uploads\/2021\/06\/desabasto-agua-cover.jpg?resize=350%2C200&ssl=1 1x, https:\/\/i0.wp.com\/www.grieta.org.mx\/wp-content\/uploads\/2021\/06\/desabasto-agua-cover.jpg?resize=525%2C300&ssl=1 1.5x, https:\/\/i0.wp.com\/www.grieta.org.mx\/wp-content\/uploads\/2021\/06\/desabasto-agua-cover.jpg?resize=700%2C400&ssl=1 2x"},"classes":[]},{"id":36978,"url":"https:\/\/www.grieta.org.mx\/index.php\/2019\/07\/16\/vecinos-bloquean-avenida-victoria-de-tepic-por-falta-de-agua-potable-nayarit\/","url_meta":{"origin":71754,"position":4},"title":"Vecinos bloquean avenida Victoria de Tepic por falta de agua potable (Nayarit)","author":"grieta","date":"16 julio, 2019","format":false,"excerpt":"Foto: El Sol de Nayarit Redacci\u00f3n \/ El Sol de Nayarit Esta tarde de martes un grupo de ciudadanos pertenecientes a colonia Santa Teresita, H. Casas y otras zonas aleda\u00f1as a la avenida Victoria, tomaron un tramo de esta vialidad, a la altura de la calle P. Guerrero. El motivo\u2026","rel":"","context":"En &quot;CINTILLO&quot;","block_context":{"text":"CINTILLO","link":"https:\/\/www.grieta.org.mx\/index.php\/category\/cintillo\/"},"img":{"alt_text":"","src":"https:\/\/i0.wp.com\/www.grieta.org.mx\/wp-content\/uploads\/2019\/07\/temp_nota_01_67072_17_20190716203110_117agua.jpg?resize=350%2C200&ssl=1","width":350,"height":200,"srcset":"https:\/\/i0.wp.com\/www.grieta.org.mx\/wp-content\/uploads\/2019\/07\/temp_nota_01_67072_17_20190716203110_117agua.jpg?resize=350%2C200&ssl=1 1x, https:\/\/i0.wp.com\/www.grieta.org.mx\/wp-content\/uploads\/2019\/07\/temp_nota_01_67072_17_20190716203110_117agua.jpg?resize=525%2C300&ssl=1 1.5x"},"classes":[]},{"id":48391,"url":"https:\/\/www.grieta.org.mx\/index.php\/2020\/04\/25\/extranjeros-solidarios-reparten-despensas-a-vecinos-de-el-anclote-nayarit\/","url_meta":{"origin":71754,"position":5},"title":"Extranjeros solidarios reparten despensas a vecinos de El Anclote (Nayarit)","author":"grieta","date":"25 abril, 2020","format":false,"excerpt":"Foto: Tribuna de la Bah\u00eda Miguel \u00c1ngel Guerra \/ Tribuna de la Bah\u00eda Extranjeros residentes en la regi\u00f3n tambi\u00e9n se han solidarizado con los pobladores locales, haciendo acopio de recursos para entregar v\u00edveres a las familias que sufren por el desempleo. Ejemplo de ello son los habitantes de los condominios\u2026","rel":"","context":"En &quot;CINTILLO&quot;","block_context":{"text":"CINTILLO","link":"https:\/\/www.grieta.org.mx\/index.php\/category\/cintillo\/"},"img":{"alt_text":"","src":"https:\/\/i0.wp.com\/www.grieta.org.mx\/wp-content\/uploads\/2020\/04\/BBTtyD8Vg4iKl0qfh3dq2nO1awANJ9kzco5Xajlp-p.jpg?resize=350%2C200&ssl=1","width":350,"height":200,"srcset":"https:\/\/i0.wp.com\/www.grieta.org.mx\/wp-content\/uploads\/2020\/04\/BBTtyD8Vg4iKl0qfh3dq2nO1awANJ9kzco5Xajlp-p.jpg?resize=350%2C200&ssl=1 1x, https:\/\/i0.wp.com\/www.grieta.org.mx\/wp-content\/uploads\/2020\/04\/BBTtyD8Vg4iKl0qfh3dq2nO1awANJ9kzco5Xajlp-p.jpg?resize=525%2C300&ssl=1 1.5x"},"classes":[]}],"_links":{"self":[{"href":"https:\/\/www.grieta.org.mx\/index.php\/wp-json\/wp\/v2\/posts\/71754","targetHints":{"allow":["GET"]}}],"collection":[{"href":"https:\/\/www.grieta.org.mx\/index.php\/wp-json\/wp\/v2\/posts"}],"about":[{"href":"https:\/\/www.grieta.org.mx\/index.php\/wp-json\/wp\/v2\/types\/post"}],"author":[{"embeddable":true,"href":"https:\/\/www.grieta.org.mx\/index.php\/wp-json\/wp\/v2\/users\/2"}],"replies":[{"embeddable":true,"href":"https:\/\/www.grieta.org.mx\/index.php\/wp-json\/wp\/v2\/comments?post=71754"}],"version-history":[{"count":1,"href":"https:\/\/www.grieta.org.mx\/index.php\/wp-json\/wp\/v2\/posts\/71754\/revisions"}],"predecessor-version":[{"id":71756,"href":"https:\/\/www.grieta.org.mx\/index.php\/wp-json\/wp\/v2\/posts\/71754\/revisions\/71756"}],"wp:featuredmedia":[{"embeddable":true,"href":"https:\/\/www.grieta.org.mx\/index.php\/wp-json\/wp\/v2\/media\/71755"}],"wp:attachment":[{"href":"https:\/\/www.grieta.org.mx\/index.php\/wp-json\/wp\/v2\/media?parent=71754"}],"wp:term":[{"taxonomy":"category","embeddable":true,"href":"https:\/\/www.grieta.org.mx\/index.php\/wp-json\/wp\/v2\/categories?post=71754"},{"taxonomy":"post_tag","embeddable":true,"href":"https:\/\/www.grieta.org.mx\/index.php\/wp-json\/wp\/v2\/tags?post=71754"}],"curies":[{"name":"wp","href":"https:\/\/api.w.org\/{rel}","templated":true}]}}