{"id":71751,"date":"2025-05-19T14:48:40","date_gmt":"2025-05-19T20:48:40","guid":{"rendered":"https:\/\/www.grieta.org.mx\/?p=71751"},"modified":"2025-06-01T15:24:39","modified_gmt":"2025-06-01T21:24:39","slug":"sayulita-y-san-pancho-alzan-la-voz-exigen-derribar-muro-y-restituir-acceso-a-playa-malpaso-nayarit","status":"publish","type":"post","link":"https:\/\/www.grieta.org.mx\/index.php\/2025\/05\/19\/sayulita-y-san-pancho-alzan-la-voz-exigen-derribar-muro-y-restituir-acceso-a-playa-malpaso-nayarit\/","title":{"rendered":"Sayulita y San Pancho alzan la voz: exigen derribar muro y restituir acceso a playa Malpaso (Nayarit)"},"content":{"rendered":"<p>Imagen:<\/p>\n<p>Isrrael Torres \/ Tribuna de la Bahia<\/p>\n<p>Sayulita y San Pancho alzan la voz: exigen derribar muro y restituir acceso a playa Malpaso<br \/>\nAmbientalistas marcharon con batucada y rituales para exigir a las autoridades la demolici\u00f3n del muro y la recuperaci\u00f3n de playa Malpaso<br \/>\nIsrrael Torres19 mayo, 2025<br \/>\nProtesta contra playa Malpaso<\/p>\n<p>Centenares de ciudadanos, colectivos y asociaciones civiles ambientalistas de Sayulita y San Pancho marcharon la tarde del pasado domingo 18 de mayo para exigir la demolici\u00f3n de un muro construido en la zona de playa del pueblo m\u00e1gico, as\u00ed como la restituci\u00f3n del acceso ancestral a la playa Malpaso, ubicada entre ambas comunidades.<\/p>\n<p>Protesta contra playa Malpaso<\/p>\n<p>Como se hab\u00eda dado a conocer d\u00edas antes, el numeroso contingente se reuni\u00f3 en la entrada del pueblo portando pancartas dirigidas al presidente municipal, H\u00e9ctor Santana, as\u00ed como a PROFEPA, Conagua y Semarnat, exigiendo su intervenci\u00f3n. La movilizaci\u00f3n recorri\u00f3 las principales calles de Sayulita.<\/p>\n<p>Durante la marcha, los manifestantes reafirmaron su compromiso de defender sus playas y espacios naturales para las futuras generaciones. El recorrido fue acompa\u00f1ado por una batucada y rituales prehisp\u00e1nicos.<\/p>\n<p>Despu\u00e9s de varios minutos, el grupo se concentr\u00f3 en la calle Pescadores, a escasos metros del muro construido presuntamente de manera ilegal.<\/p>\n<p>Protesta contra playa Malpaso<\/p>\n<p>Ah\u00ed se explicaron detalles de la lucha y posteriormente se retiraron del lugar con una ceremonia simb\u00f3lica, advirtiendo que permanecer\u00e1n alertas y en pie de lucha ante el desorden que, afirmaron, se vive tanto en las playas como en el resto del pueblo.<\/p>\n<p><a href=\"https:\/\/tribunadelabahia.com.mx\/sayulita-san-pancho-acceso-playa-malpaso\/\">https:\/\/tribunadelabahia.com.mx\/sayulita-san-pancho-acceso-playa-malpaso\/<\/a><\/p>\n","protected":false},"excerpt":{"rendered":"<p>Imagen: Isrrael Torres \/ Tribuna de la Bahia Sayulita y San Pancho alzan la voz: exigen derribar muro y restituir acceso a playa Malpaso Ambientalistas marcharon con batucada y rituales &hellip; <a href=\"https:\/\/www.grieta.org.mx\/index.php\/2025\/05\/19\/sayulita-y-san-pancho-alzan-la-voz-exigen-derribar-muro-y-restituir-acceso-a-playa-malpaso-nayarit\/\" class=\"more-link\">Leer m\u00e1s<\/a><\/p>\n","protected":false},"author":2,"featured_media":71752,"comment_status":"closed","ping_status":"closed","sticky":false,"template":"","format":"standard","meta":{"ngg_post_thumbnail":0,"_jetpack_newsletter_access":"","_jetpack_dont_email_post_to_subs":false,"_jetpack_newsletter_tier_id":0,"_jetpack_memberships_contains_paywalled_content":false,"_jetpack_memberships_contains_paid_content":false,"footnotes":""},"categories":[80,2716,1278,23,2,83],"tags":[2311,4108,3100,3288,573],"class_list":["post-71751","post","type-post","status-publish","format-standard","has-post-thumbnail","hentry","category-cintillo","category-conflictos-por-desarrollo-inmobiliarios-en-nayarit","category-despojo-de-tierras-y-territorios","category-nayarit","category-noticias-nacionales","category-temas-nacionales","tag-despojo-de-tierras","tag-privatizacion-de-espacios-publicos","tag-privatizacion-de-playas","tag-protesta-vecinal","tag-proyecto-turistico","entry"],"jetpack_featured_media_url":"https:\/\/www.grieta.org.mx\/wp-content\/uploads\/2025\/06\/Protesta-contra-playa-Malpaso4.jpeg","jetpack_sharing_enabled":true,"jetpack_shortlink":"https:\/\/wp.me\/p7ZJR4-iFh","jetpack_likes_enabled":false,"jetpack-related-posts":[{"id":71687,"url":"https:\/\/www.grieta.org.mx\/index.php\/2025\/05\/16\/desarrollo-turistico-privatiza-camino-ancestral-y-playa-en-nayarit\/","url_meta":{"origin":71751,"position":0},"title":"Desarrollo tur\u00edstico privatiza camino ancestral y playa en Nayarit","author":"grieta","date":"16 mayo, 2025","format":false,"excerpt":"Imagen:\u00a0Javier Fr\u00edas\/Quadrat\u00edn Jalisco BAH\u00cdA DE BANDERAS, Nay., 16 de mayo de 2025.- El camino ancestral que conecta a los poblados costeros de Sayulita y San Pancho, en el municipio de Bah\u00eda de Banderas, Nayarit, est\u00e1 bloqueado por un desarrollo tur\u00edstico que tambi\u00e9n est\u00e1 privatizado la playa Malpaso. Se trata del\u2026","rel":"","context":"En &quot;CINTILLO&quot;","block_context":{"text":"CINTILLO","link":"https:\/\/www.grieta.org.mx\/index.php\/category\/cintillo\/"},"img":{"alt_text":"","src":"https:\/\/i0.wp.com\/www.grieta.org.mx\/wp-content\/uploads\/2025\/05\/IMG_7582-1160x700-1.jpeg?resize=350%2C200&ssl=1","width":350,"height":200,"srcset":"https:\/\/i0.wp.com\/www.grieta.org.mx\/wp-content\/uploads\/2025\/05\/IMG_7582-1160x700-1.jpeg?resize=350%2C200&ssl=1 1x, https:\/\/i0.wp.com\/www.grieta.org.mx\/wp-content\/uploads\/2025\/05\/IMG_7582-1160x700-1.jpeg?resize=525%2C300&ssl=1 1.5x, https:\/\/i0.wp.com\/www.grieta.org.mx\/wp-content\/uploads\/2025\/05\/IMG_7582-1160x700-1.jpeg?resize=700%2C400&ssl=1 2x, https:\/\/i0.wp.com\/www.grieta.org.mx\/wp-content\/uploads\/2025\/05\/IMG_7582-1160x700-1.jpeg?resize=1050%2C600&ssl=1 3x"},"classes":[]},{"id":72253,"url":"https:\/\/www.grieta.org.mx\/index.php\/2025\/08\/18\/ciudadanos-denuncian-ecocidio-en-punta-de-mita-desarrollo-destruye-manglar-y-limita-acceso-a-playa-la-cocina-nayarit\/","url_meta":{"origin":71751,"position":1},"title":"Ciudadanos denuncian ecocidio en Punta de Mita: desarrollo destruye manglar y limita acceso a playa La Cocina (Nayarit)","author":"grieta","date":"18 agosto, 2025","format":false,"excerpt":"Imagen: Tribuna de la Bah\u00eda Isrrael Torres \/ Tribuna de la Bah\u00eda Pobladores de\u00a0Punta de Mita, en Bah\u00eda de Banderas, hicieron un en\u00e9rgico llamado a las autoridades federales, entre ellas la\u00a0Profepa\u00a0y la\u00a0Semarnat, para intervenir en la construcci\u00f3n de un desarrollo tur\u00edstico que, aseguran, est\u00e1 devastando la flora y fauna en\u00a0playa\u2026","rel":"","context":"En &quot;CINTILLO&quot;","block_context":{"text":"CINTILLO","link":"https:\/\/www.grieta.org.mx\/index.php\/category\/cintillo\/"},"img":{"alt_text":"","src":"https:\/\/i0.wp.com\/www.grieta.org.mx\/wp-content\/uploads\/2025\/08\/WhatsApp-Image-2025-08-18-at-5.44.25-PM.jpeg.webp?resize=350%2C200&ssl=1","width":350,"height":200,"srcset":"https:\/\/i0.wp.com\/www.grieta.org.mx\/wp-content\/uploads\/2025\/08\/WhatsApp-Image-2025-08-18-at-5.44.25-PM.jpeg.webp?resize=350%2C200&ssl=1 1x, https:\/\/i0.wp.com\/www.grieta.org.mx\/wp-content\/uploads\/2025\/08\/WhatsApp-Image-2025-08-18-at-5.44.25-PM.jpeg.webp?resize=525%2C300&ssl=1 1.5x, https:\/\/i0.wp.com\/www.grieta.org.mx\/wp-content\/uploads\/2025\/08\/WhatsApp-Image-2025-08-18-at-5.44.25-PM.jpeg.webp?resize=700%2C400&ssl=1 2x, https:\/\/i0.wp.com\/www.grieta.org.mx\/wp-content\/uploads\/2025\/08\/WhatsApp-Image-2025-08-18-at-5.44.25-PM.jpeg.webp?resize=1050%2C600&ssl=1 3x"},"classes":[]},{"id":64115,"url":"https:\/\/www.grieta.org.mx\/index.php\/2022\/04\/25\/familiares-de-personas-desaparecidas-realizan-busqueda-nayarti\/","url_meta":{"origin":71751,"position":2},"title":"Familiares de personas desaparecidas realizan b\u00fasqueda (Nayarit)","author":"grieta","date":"25 abril, 2022","format":false,"excerpt":"Foto: Tribuna de la Bah\u00eda Israel Torres \/ Tribuna de la Bab\u00eda Familiares y padres de unas siete a ocho personas desaparecidas, realizaron labores de b\u00fasqueda la tarde de este s\u00e1bado en los poblados El Guam\u00fachil, San Quint\u00edn, San Ignacio y Sayulita con el objetivo de recabar m\u00e1s informaci\u00f3n del\u2026","rel":"","context":"En &quot;CINTILLO&quot;","block_context":{"text":"CINTILLO","link":"https:\/\/www.grieta.org.mx\/index.php\/category\/cintillo\/"},"img":{"alt_text":"","src":"https:\/\/i0.wp.com\/www.grieta.org.mx\/wp-content\/uploads\/2022\/05\/busqueda-de-personas-deaparecidas-cover.jpg?resize=350%2C200&ssl=1","width":350,"height":200,"srcset":"https:\/\/i0.wp.com\/www.grieta.org.mx\/wp-content\/uploads\/2022\/05\/busqueda-de-personas-deaparecidas-cover.jpg?resize=350%2C200&ssl=1 1x, https:\/\/i0.wp.com\/www.grieta.org.mx\/wp-content\/uploads\/2022\/05\/busqueda-de-personas-deaparecidas-cover.jpg?resize=525%2C300&ssl=1 1.5x, https:\/\/i0.wp.com\/www.grieta.org.mx\/wp-content\/uploads\/2022\/05\/busqueda-de-personas-deaparecidas-cover.jpg?resize=700%2C400&ssl=1 2x"},"classes":[]},{"id":72001,"url":"https:\/\/www.grieta.org.mx\/index.php\/2025\/06\/17\/nos-quitaron-el-pride-acusan-al-gobierno-de-aduenarse-de-la-marcha-lgbtq-en-sayulita-nayarit\/","url_meta":{"origin":71751,"position":3},"title":"\u00a1Nos quitaron el Pride! Acusan al gobierno de adue\u00f1arse de la marcha LGBTQ+ en Sayulita (Nayarit)","author":"grieta","date":"17 junio, 2025","format":false,"excerpt":"Imagen:\u00a0 Tribuna de la Bah\u00eda Activistas denuncian apropiaci\u00f3n institucional y censura durante el Pride 2025 en Sayulita, Bah\u00eda de Banderas, Nayarit Er\u00e9ndira Rangel \/ Tribuna de la Bah\u00eda El pasado 13 de junio,\u00a0activistas del Movimiento por la Igualdad en M\u00e9xico (MOVii) denunciaron p\u00fablicamente actos de censura,\u00a0apropiaci\u00f3n del Pride LGBTQ+ en\u2026","rel":"","context":"En &quot;CINTILLO&quot;","block_context":{"text":"CINTILLO","link":"https:\/\/www.grieta.org.mx\/index.php\/category\/cintillo\/"},"img":{"alt_text":"","src":"https:\/\/i0.wp.com\/www.grieta.org.mx\/wp-content\/uploads\/2025\/07\/Tribuna-2.jpg.webp?resize=350%2C200&ssl=1","width":350,"height":200,"srcset":"https:\/\/i0.wp.com\/www.grieta.org.mx\/wp-content\/uploads\/2025\/07\/Tribuna-2.jpg.webp?resize=350%2C200&ssl=1 1x, https:\/\/i0.wp.com\/www.grieta.org.mx\/wp-content\/uploads\/2025\/07\/Tribuna-2.jpg.webp?resize=525%2C300&ssl=1 1.5x, https:\/\/i0.wp.com\/www.grieta.org.mx\/wp-content\/uploads\/2025\/07\/Tribuna-2.jpg.webp?resize=700%2C400&ssl=1 2x"},"classes":[]},{"id":71803,"url":"https:\/\/www.grieta.org.mx\/index.php\/2025\/06\/04\/desaparecen-20-personas-en-bahia-en-lo-que-va-de-2025-14-siguen-sin-ser-localizadas-nayarit\/","url_meta":{"origin":71751,"position":4},"title":"Desaparecen 20 personas en Bah\u00eda en lo que va de 2025; 14 siguen sin ser localizadas (Nayarit)","author":"grieta","date":"4 junio, 2025","format":false,"excerpt":"Imagen: Especial Isrrael Torres \/ Tribuna de la Bah\u00eda En lo que va del a\u00f1o 2025, 20 personas han sido reportadas como desaparecidas en Bah\u00eda de Banderas, seg\u00fan datos del Registro Nacional de Personas Desaparecidas y No Localizadas del Gobierno Federal. De ellas, solo seis han sido localizadas, mientras que\u2026","rel":"","context":"En &quot;CINTILLO&quot;","block_context":{"text":"CINTILLO","link":"https:\/\/www.grieta.org.mx\/index.php\/category\/cintillo\/"},"img":{"alt_text":"","src":"https:\/\/i0.wp.com\/www.grieta.org.mx\/wp-content\/uploads\/2025\/06\/personas-desaparecidas-1024x695-1.jpg?resize=350%2C200&ssl=1","width":350,"height":200,"srcset":"https:\/\/i0.wp.com\/www.grieta.org.mx\/wp-content\/uploads\/2025\/06\/personas-desaparecidas-1024x695-1.jpg?resize=350%2C200&ssl=1 1x, https:\/\/i0.wp.com\/www.grieta.org.mx\/wp-content\/uploads\/2025\/06\/personas-desaparecidas-1024x695-1.jpg?resize=525%2C300&ssl=1 1.5x, https:\/\/i0.wp.com\/www.grieta.org.mx\/wp-content\/uploads\/2025\/06\/personas-desaparecidas-1024x695-1.jpg?resize=700%2C400&ssl=1 2x"},"classes":[]},{"id":71812,"url":"https:\/\/www.grieta.org.mx\/index.php\/2025\/06\/07\/manifestacion-en-puerto-vallarta-exigen-al-hotel-sunscape-abrir-acceso-a-playa-holi-jalisco\/","url_meta":{"origin":71751,"position":5},"title":"Manifestaci\u00f3n en Puerto Vallarta; exigen al Hotel Sunscape abrir acceso a playa Holi (Jalisco)","author":"grieta","date":"7 junio, 2025","format":false,"excerpt":"Imagen: Tribuna de la Bah\u00eda Miguel Gonz\u00e1lez Guerra \/ Tribuna de la Bah\u00eda Aproximadamente un centenar de ciudadanos se manifest\u00f3 la ma\u00f1ana de este s\u00e1bado sobre el bulevar Francisco Medina Ascencio, en el cruce con la avenida Fluvial Vallarta, en plena Zona Hotelera Norte, para exigir la reapertura del viejo\u2026","rel":"","context":"En &quot;CINTILLO&quot;","block_context":{"text":"CINTILLO","link":"https:\/\/www.grieta.org.mx\/index.php\/category\/cintillo\/"},"img":{"alt_text":"","src":"https:\/\/i0.wp.com\/www.grieta.org.mx\/wp-content\/uploads\/2025\/06\/Exigen-abrir-acceso-a-playa-Holi6.jpeg?resize=350%2C200&ssl=1","width":350,"height":200,"srcset":"https:\/\/i0.wp.com\/www.grieta.org.mx\/wp-content\/uploads\/2025\/06\/Exigen-abrir-acceso-a-playa-Holi6.jpeg?resize=350%2C200&ssl=1 1x, https:\/\/i0.wp.com\/www.grieta.org.mx\/wp-content\/uploads\/2025\/06\/Exigen-abrir-acceso-a-playa-Holi6.jpeg?resize=525%2C300&ssl=1 1.5x, https:\/\/i0.wp.com\/www.grieta.org.mx\/wp-content\/uploads\/2025\/06\/Exigen-abrir-acceso-a-playa-Holi6.jpeg?resize=700%2C400&ssl=1 2x, https:\/\/i0.wp.com\/www.grieta.org.mx\/wp-content\/uploads\/2025\/06\/Exigen-abrir-acceso-a-playa-Holi6.jpeg?resize=1050%2C600&ssl=1 3x"},"classes":[]}],"_links":{"self":[{"href":"https:\/\/www.grieta.org.mx\/index.php\/wp-json\/wp\/v2\/posts\/71751","targetHints":{"allow":["GET"]}}],"collection":[{"href":"https:\/\/www.grieta.org.mx\/index.php\/wp-json\/wp\/v2\/posts"}],"about":[{"href":"https:\/\/www.grieta.org.mx\/index.php\/wp-json\/wp\/v2\/types\/post"}],"author":[{"embeddable":true,"href":"https:\/\/www.grieta.org.mx\/index.php\/wp-json\/wp\/v2\/users\/2"}],"replies":[{"embeddable":true,"href":"https:\/\/www.grieta.org.mx\/index.php\/wp-json\/wp\/v2\/comments?post=71751"}],"version-history":[{"count":1,"href":"https:\/\/www.grieta.org.mx\/index.php\/wp-json\/wp\/v2\/posts\/71751\/revisions"}],"predecessor-version":[{"id":71753,"href":"https:\/\/www.grieta.org.mx\/index.php\/wp-json\/wp\/v2\/posts\/71751\/revisions\/71753"}],"wp:featuredmedia":[{"embeddable":true,"href":"https:\/\/www.grieta.org.mx\/index.php\/wp-json\/wp\/v2\/media\/71752"}],"wp:attachment":[{"href":"https:\/\/www.grieta.org.mx\/index.php\/wp-json\/wp\/v2\/media?parent=71751"}],"wp:term":[{"taxonomy":"category","embeddable":true,"href":"https:\/\/www.grieta.org.mx\/index.php\/wp-json\/wp\/v2\/categories?post=71751"},{"taxonomy":"post_tag","embeddable":true,"href":"https:\/\/www.grieta.org.mx\/index.php\/wp-json\/wp\/v2\/tags?post=71751"}],"curies":[{"name":"wp","href":"https:\/\/api.w.org\/{rel}","templated":true}]}}