{"id":71746,"date":"2025-05-28T07:04:12","date_gmt":"2025-05-28T13:04:12","guid":{"rendered":"https:\/\/www.grieta.org.mx\/?p=71746"},"modified":"2025-05-29T07:13:38","modified_gmt":"2025-05-29T13:13:38","slug":"de-lejos-viene","status":"publish","type":"post","link":"https:\/\/www.grieta.org.mx\/index.php\/2025\/05\/28\/de-lejos-viene\/","title":{"rendered":"De lejos viene"},"content":{"rendered":"<p style=\"text-align: center;\"><strong>De lejos viene<\/strong><\/p>\n<p>\u00a0 El Viejo Antonio enciende el tabaco y la mirada.\u00a0 Habla como si leyera, dentro suyo, el libro que algunos llaman historia, o lo pasado, o lo anterior, o lo de antes, o lo m\u00e1s primero.<\/p>\n<p>Porque hay libros que no pueden ser mirados.\u00a0 S\u00f3lo escucharlos es posible, y as\u00ed guardarlos.<\/p>\n<p>\u201c<em>Antes de que nacieran las geograf\u00edas, cuando los calendarios no nac\u00edan todav\u00eda, la palabra estaba para dar cuenta de lo que caminaba y no.\u00a0 No fronteras, no razas, no banderas, no gustos, no querencias, no lenguas, no quien arriba, no quien abajo<\/em>.\u201d<\/p>\n<p>Lo escuchan todas al Viejo Antonio.\u00a0 Alguna le arrima una taza de caf\u00e9 y \u00e9l se arrima al fog\u00f3n, no porque haga fr\u00edo, sino porque es su modo pues.\u00a0 Y al escucharlo, lo leen.\u00a0 S\u00f3lo con miradas, toman el apunte en su coraz\u00f3n colectivo.<\/p>\n<p><em>\u00a0 \u201cPara mirar lo pasado hay que aprender a mirar el ma\u00f1ana.\u00a0 Y al rev\u00e9s volteado.\u00a0 Si no, la vista se pierde en el presente, como si nada antes, como si despu\u00e9s nada.<\/em><\/p>\n<p>El Viejo Antonio relee lo que su coraz\u00f3n escuch\u00f3 cuando el tiempo no era todav\u00eda:<\/p>\n<p>\u201c<em>La memoria fue, existi\u00f3. \u00a0Vieron; al instante su mirada se elev\u00f3. \u00a0Todo lo vieron, conocieron todo el mundo entero; cuando miraban, en el mismo instante su vista miraba alrededor, lo ve\u00eda todo, en la b\u00f3veda del cielo, en la superficie de la tierra. \u00a0Ve\u00edan todo lo escondido sin antes moverse. \u00a0Cuando miraban el mundo ve\u00edan, igualmente, todo lo que existe en \u00e9l. \u00a0Numerosos eran sus conocimientos. \u00a0Su pensamiento iba m\u00e1s all\u00e1 de la madera, la piedra, los lagos, los mares, los montes, los valles.<\/em><\/p>\n<p><em>\u00a0En verdad, hombres a los que [se les deb\u00eda] amar: Brujo del Envoltorio, Brujo Nocturno, Guarda-Bot\u00edn, Brujo Lunar.<\/em><\/p>\n<p><em>\u00a0 Fueron entonces interrogados por Los de la Construcci\u00f3n, Los de la Formaci\u00f3n. \u00a0<\/em><em>\u201c\u00bfQu\u00e9 pens\u00e1is de vuestro ser? \u00bfNo veis? \u00bfNo o\u00eds? \u00a0Vuestro lenguaje, vuestro andar, \u00bfno son buenos? Mirad pues y ved el mundo, si no aparecen los montes, los valles: ved para instruiros\u201d, se les dijo.<\/em><\/p>\n<p><em>\u00a0\u00a0Vieron en seguida el mundo entero, y despu\u00e9s dieron gracias a los Constructores, a Los Formadores.\u00a0 \u201c<\/em><em>Verdaderamente dos veces gracias, tres veces gracias. \u00a0Nacimos, tuvimos una boca, tuvimos una cara, hablamos, o\u00edmos, meditamos, nos movemos: bien sabemos, conocemos lejos, cerca. \u00a0Vemos lo grande, lo peque\u00f1o, en el cielo, en la tierra.\u00a0 \u00a1Gracias [damos] a vosotros! Nacimos, oh Los de lo Construido, Los de lo Formado: existimos, oh abuela nuestra, oh abuelo nuestro\u201d, dijeron, dando gracias de su construcci\u00f3n, de su formaci\u00f3n.<\/em><\/p>\n<p><em>Acabaron de conocerlo todo, de mirar a las cuatro esquinas, a los cuatro \u00e1ngulos, en el cielo, en la tierra.<\/em><\/p>\n<p><em>\u00a0Los de lo Construido. Los de lo Formado, no escucharon esto con placer.<\/em><\/p>\n<p><em>\u00a0\u00a0\u201c<\/em><em>No est\u00e1 bien lo que dicen nuestros construidos, nuestros formados. Lo conocen todo, lo grande, lo peque\u00f1o\u201d, dijeron.<\/em><\/p>\n<p><em>\u00a0 Por lo tanto, celebraron consejo Los Procreadores, los Engendrados.<\/em><\/p>\n<p><em>\u00a0\u00a0<\/em><em>\u201c\u00bfC\u00f3mo obraremos ahora para con ellos? \u00a1Que sus miradas no lleguen sino a poca distancia! \u00a1Que no vean m\u00e1s que un poco la faz de la tierra! \u00a1No est\u00e1 bien lo que dicen! \u00bfNo se llaman solamente Construidos, Formados? Ser\u00e1n como dioses, si no engendran, [si] no se propagan, cuando se haga la germinaci\u00f3n, cuando exista el alba; solos, no se multiplican. Que eso sea. Solamente deshagamos un poco lo que quisimos que fuesen: no est\u00e1 bien lo que decimos, \u00bfSe igualar\u00edan a aquellos que los han hecho, a aquellos cuya ciencia se extiende a lo lejos, a aquellos que todo lo ven?\u201d, fue dicho por los Esp\u00edritus del Cielo, Maestro Gigante [Rel\u00e1mpago], Huella del Rel\u00e1mpago, Esplendor del Rel\u00e1mpago, Dominadores. Poderosos del Cielo. Procreadores.\u00a0 Engendradores. Antiguo Secreto, Antigua Ocultadora, Constructora, Formadores.<\/em><\/p>\n<p><em>\u00a0\u00a0As\u00ed hablaron cuando rehicieron el ser de su construcci\u00f3n, de su formaci\u00f3n.<\/em><\/p>\n<p><em>\u00a0Entonces fueron petrificados ojos [de los cuatro] por los Esp\u00edritus del cielo, lo que los vel\u00f3 como el aliento sobre la faz de un espejo; los ojos se turbaron; no vieron m\u00e1s que lo pr\u00f3ximo, esto s\u00f3lo fue claro.<\/em><\/p>\n<p><em>As\u00ed fue perdida la Sabidur\u00eda y toda la Ciencia de los cuatro hombres, su principio, su comienzo.<\/em><\/p>\n<p><em>As\u00ed primeramente fueron construidos, fueron formados, nuestros abuelos, nuestros padres, por los Esp\u00edritus del Cielo, los Esp\u00edritus de la Tierra.\u201d<\/em><\/p>\n<p style=\"text-align: right;\">(<strong><em>Popol Vuh.\u00a0 El Libro del Consejo.<\/em><\/strong>\u00a0An\u00f3nimo. Traductor: Miguel \u00c1ngel Asturias y J. M. Gonz\u00e1lez de Mendoza. Editorial Losada.)<\/p>\n<p>\u00a0 Se calla el Viejo Antonio.\u00a0 Ellas guardan el apunte y la mirada guardan.\u00a0 Ixmucan\u00e9, el Vot\u00e1n con nagua, guarda y aguarda.<\/p>\n<p>Una ni\u00f1a abre los ojos como si una puerta abriera.\u00a0 La mujer m\u00e1s mayor repite lo que su coraz\u00f3n le dicta: \u201c<em>Resistencia y Rebeld\u00eda.<\/em>\u00a0\u00a0<em>A la chingada\u00a0<strong>el pir\u00e1mide<\/strong><\/em>\u201d.<\/p>\n<p>Arriba una luna nueva y abajo una monta\u00f1a de edad entienden y asienten.\u00a0 Se ve que algo saben, porque s\u00f3lo ellas sonr\u00eden.<\/p>\n<p>No llueve a\u00fan y la tierra est\u00e1 as\u00ed nom\u00e1s, como esperando\u2026<\/p>\n<p>Desde las monta\u00f1as del Sureste Mexicano.<\/p>\n<p><img loading=\"lazy\" decoding=\"async\" class=\"alignnone wp-image-24439\" src=\"https:\/\/i0.wp.com\/enlacezapatista.ezln.org.mx\/wp-content\/uploads\/2023\/11\/firma.png?resize=335%2C271&amp;ssl=1\" sizes=\"auto, (max-width: 335px) 100vw, 335px\" srcset=\"https:\/\/i0.wp.com\/enlacezapatista.ezln.org.mx\/wp-content\/uploads\/2023\/11\/firma.png?resize=640%2C518&amp;ssl=1 640w, https:\/\/i0.wp.com\/enlacezapatista.ezln.org.mx\/wp-content\/uploads\/2023\/11\/firma.png?resize=1024%2C828&amp;ssl=1 1024w, https:\/\/i0.wp.com\/enlacezapatista.ezln.org.mx\/wp-content\/uploads\/2023\/11\/firma.png?resize=768%2C621&amp;ssl=1 768w, https:\/\/i0.wp.com\/enlacezapatista.ezln.org.mx\/wp-content\/uploads\/2023\/11\/firma.png?w=1136&amp;ssl=1 1136w\" alt=\"\" width=\"335\" height=\"271\" data-recalc-dims=\"1\" data-attachment-id=\"24439\" data-permalink=\"https:\/\/enlacezapatista.ezln.org.mx\/2023\/10\/29\/segunda-parte-los-muertos-estornudan\/firma-2\/\" data-orig-file=\"https:\/\/i0.wp.com\/enlacezapatista.ezln.org.mx\/wp-content\/uploads\/2023\/11\/firma.png?fit=1136%2C919&amp;ssl=1\" data-orig-size=\"1136,919\" data-comments-opened=\"1\" data-image-meta=\"{&quot;aperture&quot;:&quot;0&quot;,&quot;credit&quot;:&quot;&quot;,&quot;camera&quot;:&quot;&quot;,&quot;caption&quot;:&quot;&quot;,&quot;created_timestamp&quot;:&quot;0&quot;,&quot;copyright&quot;:&quot;&quot;,&quot;focal_length&quot;:&quot;0&quot;,&quot;iso&quot;:&quot;0&quot;,&quot;shutter_speed&quot;:&quot;0&quot;,&quot;title&quot;:&quot;&quot;,&quot;orientation&quot;:&quot;0&quot;}\" data-image-title=\"firma\" data-image-description=\"\" data-image-caption=\"\" data-medium-file=\"https:\/\/i0.wp.com\/enlacezapatista.ezln.org.mx\/wp-content\/uploads\/2023\/11\/firma.png?fit=640%2C518&amp;ssl=1\" data-large-file=\"https:\/\/i0.wp.com\/enlacezapatista.ezln.org.mx\/wp-content\/uploads\/2023\/11\/firma.png?fit=1024%2C828&amp;ssl=1\" \/><\/p>\n<p>El Capit\u00e1n.<br \/>\nM\u00e9xico, mayo del 2025.<br \/>\n(Hace 4 a\u00f1os, en estas fechas, una monta\u00f1a convertida en nav\u00edo entraba mar adentro en el oc\u00e9ano Atl\u00e1ntico.\u00a0 Llevaba en su vientre el Escuadr\u00f3n 421.\u00a0 Navegaba la Monta\u00f1a as\u00ed nom\u00e1s, como esperando un encuentro.\u00a0 \u00bfUn encuentro? \u00a0\u00bfEn agosto? \u00a0\u00bfLa primera quincena?)<\/p>\n<p><a href=\"https:\/\/enlacezapatista.ezln.org.mx\/2025\/05\/28\/de-lejos-viene\/\" target=\"_blank\" rel=\"noopener\">https:\/\/enlacezapatista.ezln.org.mx\/2025\/05\/28\/de-lejos-viene\/<\/a><\/p>\n<p>&nbsp;<\/p>\n","protected":false},"excerpt":{"rendered":"<p>De lejos viene \u00a0 El Viejo Antonio enciende el tabaco y la mirada.\u00a0 Habla como si leyera, dentro suyo, el libro que algunos llaman historia, o lo pasado, o lo &hellip; <a href=\"https:\/\/www.grieta.org.mx\/index.php\/2025\/05\/28\/de-lejos-viene\/\" class=\"more-link\">Leer m\u00e1s<\/a><\/p>\n","protected":false},"author":2,"featured_media":71747,"comment_status":"closed","ping_status":"closed","sticky":false,"template":"","format":"standard","meta":{"ngg_post_thumbnail":0,"_jetpack_newsletter_access":"","_jetpack_dont_email_post_to_subs":false,"_jetpack_newsletter_tier_id":0,"_jetpack_memberships_contains_paywalled_content":false,"_jetpack_memberships_contains_paid_content":false,"footnotes":""},"categories":[80,74,907,2,78],"tags":[],"class_list":["post-71746","post","type-post","status-publish","format-standard","has-post-thumbnail","hentry","category-cintillo","category-ezln","category-ezln-2","category-noticias-nacionales","category-palabras-del-ezln","entry"],"jetpack_featured_media_url":"https:\/\/www.grieta.org.mx\/wp-content\/uploads\/2025\/05\/Captura-de-pantalla-2025-05-29-070112.png","jetpack_sharing_enabled":true,"jetpack_shortlink":"https:\/\/wp.me\/p7ZJR4-iFc","jetpack_likes_enabled":false,"jetpack-related-posts":[{"id":55926,"url":"https:\/\/www.grieta.org.mx\/index.php\/2020\/12\/22\/tercera-parte-la-mision\/","url_meta":{"origin":71746,"position":0},"title":"TERCERA PARTE: LA MISI\u00d3N","author":"grieta","date":"22 diciembre, 2020","format":false,"excerpt":"De c\u00f3mo Defensa Zapatista trata de explicarle a Esperanza cu\u00e1l es la misi\u00f3n del zapatismo y otros felices razonamientos. \u201cBueno, de ah\u00ed que te voy a explicar algo muy importante.\u00a0 Pero no lo puedes tomar apunte, sino que quiere que lo guardas en tu cabeza.\u00a0 Porque el cuaderno donde quiera\u2026","rel":"","context":"En &quot;CINTILLO&quot;","block_context":{"text":"CINTILLO","link":"https:\/\/www.grieta.org.mx\/index.php\/category\/cintillo\/"},"img":{"alt_text":"","src":"https:\/\/i0.wp.com\/www.grieta.org.mx\/wp-content\/uploads\/2020\/11\/21841-ezln-ejercito-zapatista_400px.jpg?resize=350%2C200&ssl=1","width":350,"height":200},"classes":[]},{"id":70573,"url":"https:\/\/www.grieta.org.mx\/index.php\/2024\/11\/29\/sobre-el-tema-la-tormenta-y-el-dia-despues-decima-parte-la-salud-segun-la-dona-juanita\/","url_meta":{"origin":71746,"position":1},"title":"Sobre el tema: La Tormenta y el D\u00eda Despu\u00e9s. D\u00e9cima parte:  LA SALUD SEG\u00daN LA DO\u00d1A JUANITA","author":"grieta","date":"29 noviembre, 2024","format":false,"excerpt":"Sobre el tema: La Tormenta y el D\u00eda Despu\u00e9s D\u00e9cima parte: LA SALUD SEG\u00daN LA DO\u00d1A JUANITA. No es hoy el d\u00eda despu\u00e9s. La do\u00f1a Juanita muele el ma\u00edz que luego ser\u00e1 tortilla nueva en la mesa donde, despu\u00e9s de la pr\u00e1ctica, los promotores comer\u00e1n. La do\u00f1a Juanita me confiesa\u2026","rel":"","context":"En &quot;CINTILLO&quot;","block_context":{"text":"CINTILLO","link":"https:\/\/www.grieta.org.mx\/index.php\/category\/cintillo\/"},"img":{"alt_text":"","src":"https:\/\/i0.wp.com\/www.grieta.org.mx\/wp-content\/uploads\/2024\/11\/dec_parte.jpg?resize=350%2C200&ssl=1","width":350,"height":200,"srcset":"https:\/\/i0.wp.com\/www.grieta.org.mx\/wp-content\/uploads\/2024\/11\/dec_parte.jpg?resize=350%2C200&ssl=1 1x, https:\/\/i0.wp.com\/www.grieta.org.mx\/wp-content\/uploads\/2024\/11\/dec_parte.jpg?resize=525%2C300&ssl=1 1.5x, https:\/\/i0.wp.com\/www.grieta.org.mx\/wp-content\/uploads\/2024\/11\/dec_parte.jpg?resize=700%2C400&ssl=1 2x"},"classes":[]},{"id":69597,"url":"https:\/\/www.grieta.org.mx\/index.php\/2024\/09\/04\/un-cuento-el-pajaro-ti\/","url_meta":{"origin":71746,"position":2},"title":"Un Cuento. El P\u00e1jaro T\u00b4\u00ed","author":"grieta","date":"4 septiembre, 2024","format":false,"excerpt":"Un Cuento. El P\u00e1jaro T\u00b4\u00ed. Fue a la hora del pozol. Las compa\u00f1eras insurgentas me platicaron de los m\u00faltiples accidentes, ca\u00eddas y choques forzados en sus aprendizajes de andar en bicicleta. Lo de choques forzados es explicable: cuando perd\u00edan el control de la bicicleta y se olvidaban de frenar, eleg\u00edan\u2026","rel":"","context":"En &quot;CINTILLO&quot;","block_context":{"text":"CINTILLO","link":"https:\/\/www.grieta.org.mx\/index.php\/category\/cintillo\/"},"img":{"alt_text":"","src":"https:\/\/i0.wp.com\/www.grieta.org.mx\/wp-content\/uploads\/2024\/09\/Screenshot-2024-09-04-at-12-23-22-Enlace-Zapatista.png?resize=350%2C200&ssl=1","width":350,"height":200,"srcset":"https:\/\/i0.wp.com\/www.grieta.org.mx\/wp-content\/uploads\/2024\/09\/Screenshot-2024-09-04-at-12-23-22-Enlace-Zapatista.png?resize=350%2C200&ssl=1 1x, https:\/\/i0.wp.com\/www.grieta.org.mx\/wp-content\/uploads\/2024\/09\/Screenshot-2024-09-04-at-12-23-22-Enlace-Zapatista.png?resize=525%2C300&ssl=1 1.5x, https:\/\/i0.wp.com\/www.grieta.org.mx\/wp-content\/uploads\/2024\/09\/Screenshot-2024-09-04-at-12-23-22-Enlace-Zapatista.png?resize=700%2C400&ssl=1 2x, https:\/\/i0.wp.com\/www.grieta.org.mx\/wp-content\/uploads\/2024\/09\/Screenshot-2024-09-04-at-12-23-22-Enlace-Zapatista.png?resize=1050%2C600&ssl=1 3x"},"classes":[]},{"id":72438,"url":"https:\/\/www.grieta.org.mx\/index.php\/2025\/11\/26\/un-techo-comun\/","url_meta":{"origin":71746,"position":3},"title":"UN TECHO COM\u00daN","author":"grieta","date":"26 noviembre, 2025","format":false,"excerpt":"UN TECHO COM\u00daN. Una construcci\u00f3n monta\u00f1a dentro. Una vocaci\u00f3n de salud. Una t\u00e9cnica de alba\u00f1iler\u00eda. Miles de manos y de voluntades, incluyendo algunas de allende los mares. Colores, estaturas, lenguas, culturas y modos diferentes, y un techo en com\u00fan. -*- El colado se tiene que hacer de un jal\u00f3n. No\u2026","rel":"","context":"En &quot;CINTILLO&quot;","block_context":{"text":"CINTILLO","link":"https:\/\/www.grieta.org.mx\/index.php\/category\/cintillo\/"},"img":{"alt_text":"","src":"https:\/\/i0.wp.com\/www.grieta.org.mx\/wp-content\/uploads\/2025\/11\/cint_quiro.jpg?resize=350%2C200&ssl=1","width":350,"height":200,"srcset":"https:\/\/i0.wp.com\/www.grieta.org.mx\/wp-content\/uploads\/2025\/11\/cint_quiro.jpg?resize=350%2C200&ssl=1 1x, https:\/\/i0.wp.com\/www.grieta.org.mx\/wp-content\/uploads\/2025\/11\/cint_quiro.jpg?resize=525%2C300&ssl=1 1.5x, https:\/\/i0.wp.com\/www.grieta.org.mx\/wp-content\/uploads\/2025\/11\/cint_quiro.jpg?resize=700%2C400&ssl=1 2x"},"classes":[]},{"id":71790,"url":"https:\/\/www.grieta.org.mx\/index.php\/2025\/06\/07\/el-comun-en-la-falda-de-una-montana-un-quirofano-en-la-selva-lacandona\/","url_meta":{"origin":71746,"position":4},"title":"El Com\u00fan en la falda de una Monta\u00f1a. (un Quir\u00f3fano en la Selva Lacandona)","author":"grieta","date":"7 junio, 2025","format":false,"excerpt":"El Com\u00fan en la falda de una Monta\u00f1a. (un Quir\u00f3fano en la Selva Lacandona) En la edificaci\u00f3n de lo que ser\u00e1 la sede de uno de los quir\u00f3fanos del COM\u00daN, hay algo que no se explicita en las im\u00e1genes. Entre quienes trabajan en la construcci\u00f3n hay partidistas, compa\u00f1eros del Congreso\u2026","rel":"","context":"En &quot;CINTILLO&quot;","block_context":{"text":"CINTILLO","link":"https:\/\/www.grieta.org.mx\/index.php\/category\/cintillo\/"},"img":{"alt_text":"","src":"https:\/\/i0.wp.com\/www.grieta.org.mx\/wp-content\/uploads\/2025\/06\/imagen_construccionjunio.jpg?resize=350%2C200&ssl=1","width":350,"height":200,"srcset":"https:\/\/i0.wp.com\/www.grieta.org.mx\/wp-content\/uploads\/2025\/06\/imagen_construccionjunio.jpg?resize=350%2C200&ssl=1 1x, https:\/\/i0.wp.com\/www.grieta.org.mx\/wp-content\/uploads\/2025\/06\/imagen_construccionjunio.jpg?resize=525%2C300&ssl=1 1.5x, https:\/\/i0.wp.com\/www.grieta.org.mx\/wp-content\/uploads\/2025\/06\/imagen_construccionjunio.jpg?resize=700%2C400&ssl=1 2x"},"classes":[]},{"id":68085,"url":"https:\/\/www.grieta.org.mx\/index.php\/2023\/11\/09\/sexta-parte-posdata-que-busca-esperando-encontrar\/","url_meta":{"origin":71746,"position":5},"title":"SEXTA PARTE: POSDATA QUE BUSCA ESPERANDO ENCONTRAR.","author":"Admin","date":"9 noviembre, 2023","format":false,"excerpt":"SEXTA PARTE: POSDATA QUE BUSCA ESPERANDO ENCONTRAR. Noviembre del 2023. P.D. QUE DICE LO QUE DICE. \u2013\u00a0 Como dec\u00eda uno de los finados Sups: \u201cla historia se repite dos veces: una vez como desgracia y la otra tambi\u00e9n\u201d.\u00a0 Y este axioma de la vida viene al caso, o cosa, seg\u00fan,\u2026","rel":"","context":"En &quot;CINTILLO&quot;","block_context":{"text":"CINTILLO","link":"https:\/\/www.grieta.org.mx\/index.php\/category\/cintillo\/"},"img":{"alt_text":"","src":"https:\/\/i0.wp.com\/www.grieta.org.mx\/wp-content\/uploads\/2023\/11\/prop_busc4.jpg?resize=350%2C200&ssl=1","width":350,"height":200,"srcset":"https:\/\/i0.wp.com\/www.grieta.org.mx\/wp-content\/uploads\/2023\/11\/prop_busc4.jpg?resize=350%2C200&ssl=1 1x, https:\/\/i0.wp.com\/www.grieta.org.mx\/wp-content\/uploads\/2023\/11\/prop_busc4.jpg?resize=525%2C300&ssl=1 1.5x, https:\/\/i0.wp.com\/www.grieta.org.mx\/wp-content\/uploads\/2023\/11\/prop_busc4.jpg?resize=700%2C400&ssl=1 2x"},"classes":[]}],"_links":{"self":[{"href":"https:\/\/www.grieta.org.mx\/index.php\/wp-json\/wp\/v2\/posts\/71746","targetHints":{"allow":["GET"]}}],"collection":[{"href":"https:\/\/www.grieta.org.mx\/index.php\/wp-json\/wp\/v2\/posts"}],"about":[{"href":"https:\/\/www.grieta.org.mx\/index.php\/wp-json\/wp\/v2\/types\/post"}],"author":[{"embeddable":true,"href":"https:\/\/www.grieta.org.mx\/index.php\/wp-json\/wp\/v2\/users\/2"}],"replies":[{"embeddable":true,"href":"https:\/\/www.grieta.org.mx\/index.php\/wp-json\/wp\/v2\/comments?post=71746"}],"version-history":[{"count":1,"href":"https:\/\/www.grieta.org.mx\/index.php\/wp-json\/wp\/v2\/posts\/71746\/revisions"}],"predecessor-version":[{"id":71748,"href":"https:\/\/www.grieta.org.mx\/index.php\/wp-json\/wp\/v2\/posts\/71746\/revisions\/71748"}],"wp:featuredmedia":[{"embeddable":true,"href":"https:\/\/www.grieta.org.mx\/index.php\/wp-json\/wp\/v2\/media\/71747"}],"wp:attachment":[{"href":"https:\/\/www.grieta.org.mx\/index.php\/wp-json\/wp\/v2\/media?parent=71746"}],"wp:term":[{"taxonomy":"category","embeddable":true,"href":"https:\/\/www.grieta.org.mx\/index.php\/wp-json\/wp\/v2\/categories?post=71746"},{"taxonomy":"post_tag","embeddable":true,"href":"https:\/\/www.grieta.org.mx\/index.php\/wp-json\/wp\/v2\/tags?post=71746"}],"curies":[{"name":"wp","href":"https:\/\/api.w.org\/{rel}","templated":true}]}}