{"id":71745,"date":"2025-05-21T07:32:49","date_gmt":"2025-05-21T13:32:49","guid":{"rendered":"https:\/\/www.grieta.org.mx\/?p=71745"},"modified":"2025-06-01T07:08:52","modified_gmt":"2025-06-01T13:08:52","slug":"paro-de-choferes-del-va-y-ven-deja-sin-servicio-a-miles-de-usuarios-no-les-dieron-utilidades-yucatan","status":"publish","type":"post","link":"https:\/\/www.grieta.org.mx\/index.php\/2025\/05\/21\/paro-de-choferes-del-va-y-ven-deja-sin-servicio-a-miles-de-usuarios-no-les-dieron-utilidades-yucatan\/","title":{"rendered":"Paro de choferes del &#8220;Va y Ven&#8221; deja sin servicio a miles de usuarios, no les dieron utilidades (Yucat\u00e1n)"},"content":{"rendered":"<p>Jorge Robles \/ MAS Medio Alternativo<\/p>\n<p>Choferes del Va y Ven de dos rutas Circuito Rojo iniciaron un paro de labores, en protesta por la negativa de la empresa concesionaria a entregarles el reparto de utilidades.<\/p>\n<p>Seg\u00fan los conductores, pese a las extensas jornadas laborales y a las ganancias de la empresa, este a\u00f1o se les inform\u00f3 que no recibir\u00e1n el beneficio, lo que caus\u00f3 molestia entre el personal.<\/p>\n<p>Molestos, los conductores decidieron suspender el servicio como medida de presi\u00f3n, por lo que dejaron sin transporte a miles de usuarios del Va y Ven en las mencionadas rutas.<\/p>\n<p>En respuesta, la Agencia de Transporte de Yucat\u00e1n emiti\u00f3 un comunicado en el que informa que est\u00e1n en di\u00e1logo con los directivos de la empresa concesionaria, con el objetivo de alcanzar un acuerdo que permita restablecer a la brevedad el servicio en ambas rutas.<\/p>\n<p>Los choferes dijeron que el paro se mantendr\u00e1 de manera indefinida, en espera de una respuesta de la concesionaria.<\/p>\n<p><a href=\"https:\/\/medioalternativo.com.mx\/paro-de-choferes-del-va-y-ven-deja-sin-servicio-a-miles-de-usuarios-no-les-dieron-utilidades\/\" target=\"_blank\">https:\/\/medioalternativo.com.mx\/paro-de-choferes-del-va-y-ven-deja-sin-servicio-a-miles-de-usuarios-no-les-dieron-utilidades\/<\/a><\/p>\n","protected":false},"excerpt":{"rendered":"<p>Jorge Robles \/ MAS Medio Alternativo Choferes del Va y Ven de dos rutas Circuito Rojo iniciaron un paro de labores, en protesta por la negativa de la empresa concesionaria &hellip; <a href=\"https:\/\/www.grieta.org.mx\/index.php\/2025\/05\/21\/paro-de-choferes-del-va-y-ven-deja-sin-servicio-a-miles-de-usuarios-no-les-dieron-utilidades-yucatan\/\" class=\"more-link\">Leer m\u00e1s<\/a><\/p>\n","protected":false},"author":2,"featured_media":71750,"comment_status":"closed","ping_status":"closed","sticky":false,"template":"","format":"standard","meta":{"ngg_post_thumbnail":0,"_jetpack_newsletter_access":"","_jetpack_dont_email_post_to_subs":false,"_jetpack_newsletter_tier_id":0,"_jetpack_memberships_contains_paywalled_content":false,"_jetpack_memberships_contains_paid_content":false,"footnotes":""},"categories":[80,1072,910,2,3211,83,36],"tags":[113,105,2841,241],"class_list":["post-71745","post","type-post","status-publish","format-standard","has-post-thumbnail","hentry","category-cintillo","category-conflictos-laborales-en-yucatan","category-explotacion-y-precariedad-laboral","category-noticias-nacionales","category-precariedad-laboral-en-yucatan","category-temas-nacionales","category-yucatan","tag-conflictos-laborales","tag-derechos-laborales","tag-explotacion-y-precariedad-laboral","tag-paro","entry"],"jetpack_featured_media_url":"https:\/\/www.grieta.org.mx\/wp-content\/uploads\/2025\/05\/VayVen-e1748783169437.jpg","jetpack_sharing_enabled":true,"jetpack_shortlink":"https:\/\/wp.me\/p7ZJR4-iFb","jetpack_likes_enabled":false,"jetpack-related-posts":[{"id":68579,"url":"https:\/\/www.grieta.org.mx\/index.php\/2024\/03\/04\/aeropuerto-de-merida-trabajadores-de-la-empresa-menzies-aviation-se-declaran-en-paro-yucatan\/","url_meta":{"origin":71745,"position":0},"title":"Aeropuerto de M\u00e9rida: Trabajadores de la empresa Menzies Aviation se declaran en paro (Yucat\u00e1n)","author":"grieta","date":"4 marzo, 2024","format":false,"excerpt":"V\u00edctor Lara Mart\u00ednez \/ Por Esto! Esta empresa tiene a su cargo los servicios esenciales en tierra de las aerol\u00edneas que operan en este aeropuerto. Sin embargo, desde el mes de diciembre enfrenta diversas demoras en sus servicios tras la renuncia masiva de trabajadores, quienes han denunciado malas condiciones generales\u2026","rel":"","context":"En &quot;CINTILLO&quot;","block_context":{"text":"CINTILLO","link":"https:\/\/www.grieta.org.mx\/index.php\/category\/cintillo\/"},"img":{"alt_text":"","src":"https:\/\/i0.wp.com\/www.grieta.org.mx\/wp-content\/uploads\/2024\/03\/trabajadoresAeropuerto-e1709581109641.jpg?resize=350%2C200&ssl=1","width":350,"height":200,"srcset":"https:\/\/i0.wp.com\/www.grieta.org.mx\/wp-content\/uploads\/2024\/03\/trabajadoresAeropuerto-e1709581109641.jpg?resize=350%2C200&ssl=1 1x, https:\/\/i0.wp.com\/www.grieta.org.mx\/wp-content\/uploads\/2024\/03\/trabajadoresAeropuerto-e1709581109641.jpg?resize=525%2C300&ssl=1 1.5x, https:\/\/i0.wp.com\/www.grieta.org.mx\/wp-content\/uploads\/2024\/03\/trabajadoresAeropuerto-e1709581109641.jpg?resize=700%2C400&ssl=1 2x"},"classes":[]},{"id":71828,"url":"https:\/\/www.grieta.org.mx\/index.php\/2025\/06\/10\/ahora-la-utm-se-une-al-paro-yucatan\/","url_meta":{"origin":71745,"position":1},"title":"Ahora la UTM se une al paro (Yucat\u00e1n)","author":"grieta","date":"10 junio, 2025","format":false,"excerpt":"Herbeth Escalante \/ Haz Ruido Los docentes y el personal administrativo exigen mejores condiciones laborales y mejorar la infraestructura para sus estudiantes M\u00e9rida, Yucat\u00e1n, 10 de junio de 2025.- Desde temprana hora, docentes y personal administrativo cerraron con candados las rejas de las instalaciones de la Universidad Tecnol\u00f3gica Metropolitana (UTM)\u2026","rel":"","context":"En &quot;CINTILLO&quot;","block_context":{"text":"CINTILLO","link":"https:\/\/www.grieta.org.mx\/index.php\/category\/cintillo\/"},"img":{"alt_text":"","src":"https:\/\/i0.wp.com\/www.grieta.org.mx\/wp-content\/uploads\/2025\/06\/Utm-e1749645096482.jpg?resize=350%2C200&ssl=1","width":350,"height":200,"srcset":"https:\/\/i0.wp.com\/www.grieta.org.mx\/wp-content\/uploads\/2025\/06\/Utm-e1749645096482.jpg?resize=350%2C200&ssl=1 1x, https:\/\/i0.wp.com\/www.grieta.org.mx\/wp-content\/uploads\/2025\/06\/Utm-e1749645096482.jpg?resize=525%2C300&ssl=1 1.5x, https:\/\/i0.wp.com\/www.grieta.org.mx\/wp-content\/uploads\/2025\/06\/Utm-e1749645096482.jpg?resize=700%2C400&ssl=1 2x"},"classes":[]},{"id":69160,"url":"https:\/\/www.grieta.org.mx\/index.php\/2024\/06\/14\/paro-indefinido-en-instituciones-educativas-de-yucatan\/","url_meta":{"origin":71745,"position":2},"title":"Paro indefinido en instituciones educativas de Yucat\u00e1n","author":"grieta","date":"14 junio, 2024","format":false,"excerpt":"Reporteros Hoy Inici\u00f3 un paro de labores de manera indefinida en diversas instituciones de educaci\u00f3n b\u00e1sica en Yucat\u00e1n. Los docentes se\u00f1alan que, al no hallar respuesta formal a sus demandas salariales y de prestaciones, decidieron iniciar con esta manifestaci\u00f3n, con el objetivo de que las autoridades volteen hacia estos y\u2026","rel":"","context":"En &quot;CINTILLO&quot;","block_context":{"text":"CINTILLO","link":"https:\/\/www.grieta.org.mx\/index.php\/category\/cintillo\/"},"img":{"alt_text":"","src":"https:\/\/i0.wp.com\/www.grieta.org.mx\/wp-content\/uploads\/2024\/06\/ParoMaestros-e1718578057215.jpg?resize=350%2C200&ssl=1","width":350,"height":200,"srcset":"https:\/\/i0.wp.com\/www.grieta.org.mx\/wp-content\/uploads\/2024\/06\/ParoMaestros-e1718578057215.jpg?resize=350%2C200&ssl=1 1x, https:\/\/i0.wp.com\/www.grieta.org.mx\/wp-content\/uploads\/2024\/06\/ParoMaestros-e1718578057215.jpg?resize=525%2C300&ssl=1 1.5x, https:\/\/i0.wp.com\/www.grieta.org.mx\/wp-content\/uploads\/2024\/06\/ParoMaestros-e1718578057215.jpg?resize=700%2C400&ssl=1 2x"},"classes":[]},{"id":69834,"url":"https:\/\/www.grieta.org.mx\/index.php\/2024\/09\/24\/anuncian-paro-laboral-en-diversas-universidades-de-yucatan-por-derechos-laborales\/","url_meta":{"origin":71745,"position":3},"title":"Anuncian Paro Laboral en Diversas Universidades de Yucat\u00e1n por Derechos Laborales","author":"grieta","date":"24 septiembre, 2024","format":false,"excerpt":"Erick Mart\u00edn Huh\/CAMBIO 22 Instituciones de educaci\u00f3n superior en el estado se preparan para suspender actividades el pr\u00f3ximo viernes en demanda de mejoras laborales VALLADOLID, YUCAT\u00c1N, 24 DE SEPTIEMBRE DE 2024.Diversas universidades de Yucat\u00e1n, incluidas el Tecnol\u00f3gico Superior Campus Valladolid, la Universidad Tecnol\u00f3gica Metropolitana de M\u00e9rida y la Universidad Tecnol\u00f3gica\u2026","rel":"","context":"En &quot;CINTILLO&quot;","block_context":{"text":"CINTILLO","link":"https:\/\/www.grieta.org.mx\/index.php\/category\/cintillo\/"},"img":{"alt_text":"","src":"https:\/\/i0.wp.com\/www.grieta.org.mx\/wp-content\/uploads\/2024\/09\/UniversidadesYucatan-e1727230420440.jpg?resize=350%2C200&ssl=1","width":350,"height":200,"srcset":"https:\/\/i0.wp.com\/www.grieta.org.mx\/wp-content\/uploads\/2024\/09\/UniversidadesYucatan-e1727230420440.jpg?resize=350%2C200&ssl=1 1x, https:\/\/i0.wp.com\/www.grieta.org.mx\/wp-content\/uploads\/2024\/09\/UniversidadesYucatan-e1727230420440.jpg?resize=525%2C300&ssl=1 1.5x, https:\/\/i0.wp.com\/www.grieta.org.mx\/wp-content\/uploads\/2024\/09\/UniversidadesYucatan-e1727230420440.jpg?resize=700%2C400&ssl=1 2x"},"classes":[]},{"id":69177,"url":"https:\/\/www.grieta.org.mx\/index.php\/2024\/06\/12\/protestan-trabajadores-del-hotel-allegro-en-cozumel-por-reparto-de-utilidades-amenazan-con-paro-quintana-roo\/","url_meta":{"origin":71745,"position":4},"title":"Protestan trabajadores del Hotel Allegro en Cozumel por reparto de utilidades; amenazan con paro (Quintana Roo)","author":"grieta","date":"12 junio, 2024","format":false,"excerpt":"Noticaribe COZUMEL, MX.- Trabajadores del Hotel Allegro se manifestaron afuera de las instalaciones del centro de hospedaje, ubicado en la zona sur de la isla, quienes exigen el pago justo de sus utilidades, ya que la empresa solo les entreg\u00f3 una \u201cgratificaci\u00f3n\u201d. Los manifestantes, que llevan realizando estas protestas desde\u2026","rel":"","context":"En &quot;CINTILLO&quot;","block_context":{"text":"CINTILLO","link":"https:\/\/www.grieta.org.mx\/index.php\/category\/cintillo\/"},"img":{"alt_text":"","src":"https:\/\/i0.wp.com\/www.grieta.org.mx\/wp-content\/uploads\/2024\/06\/Paro-e1718673643497.jpg?resize=350%2C200&ssl=1","width":350,"height":200,"srcset":"https:\/\/i0.wp.com\/www.grieta.org.mx\/wp-content\/uploads\/2024\/06\/Paro-e1718673643497.jpg?resize=350%2C200&ssl=1 1x, https:\/\/i0.wp.com\/www.grieta.org.mx\/wp-content\/uploads\/2024\/06\/Paro-e1718673643497.jpg?resize=525%2C300&ssl=1 1.5x, https:\/\/i0.wp.com\/www.grieta.org.mx\/wp-content\/uploads\/2024\/06\/Paro-e1718673643497.jpg?resize=700%2C400&ssl=1 2x"},"classes":[]},{"id":67052,"url":"https:\/\/www.grieta.org.mx\/index.php\/2023\/06\/22\/en-el-cessa-diran-que-sigue-en-lo-relativo-a-protesta-yucatan\/","url_meta":{"origin":71745,"position":5},"title":"En el Cessa dir\u00e1n qu\u00e9 sigue en lo relativo a protesta (Yucat\u00e1n)","author":"grieta","date":"22 junio, 2023","format":false,"excerpt":"GABINO TZEC VALLE \/ Diario de Yucat\u00e1n PROGRESO.\u2014 Por segundo d\u00eda consecutivo ayer hubo paro de labores en el Centro de Salud con Servicios Ampliados (Cessa) de este puerto, pues todav\u00eda no se soluciona el problema del aire acondicionado, servicio que afecta al edificio desde hace m\u00e1s de dos a\u00f1os\u2026","rel":"","context":"En &quot;CINTILLO&quot;","block_context":{"text":"CINTILLO","link":"https:\/\/www.grieta.org.mx\/index.php\/category\/cintillo\/"},"img":{"alt_text":"","src":"https:\/\/i0.wp.com\/www.grieta.org.mx\/wp-content\/uploads\/2023\/06\/Protesta-e1687492471675.jpg?resize=350%2C200&ssl=1","width":350,"height":200,"srcset":"https:\/\/i0.wp.com\/www.grieta.org.mx\/wp-content\/uploads\/2023\/06\/Protesta-e1687492471675.jpg?resize=350%2C200&ssl=1 1x, https:\/\/i0.wp.com\/www.grieta.org.mx\/wp-content\/uploads\/2023\/06\/Protesta-e1687492471675.jpg?resize=525%2C300&ssl=1 1.5x, https:\/\/i0.wp.com\/www.grieta.org.mx\/wp-content\/uploads\/2023\/06\/Protesta-e1687492471675.jpg?resize=700%2C400&ssl=1 2x"},"classes":[]}],"_links":{"self":[{"href":"https:\/\/www.grieta.org.mx\/index.php\/wp-json\/wp\/v2\/posts\/71745","targetHints":{"allow":["GET"]}}],"collection":[{"href":"https:\/\/www.grieta.org.mx\/index.php\/wp-json\/wp\/v2\/posts"}],"about":[{"href":"https:\/\/www.grieta.org.mx\/index.php\/wp-json\/wp\/v2\/types\/post"}],"author":[{"embeddable":true,"href":"https:\/\/www.grieta.org.mx\/index.php\/wp-json\/wp\/v2\/users\/2"}],"replies":[{"embeddable":true,"href":"https:\/\/www.grieta.org.mx\/index.php\/wp-json\/wp\/v2\/comments?post=71745"}],"version-history":[{"count":1,"href":"https:\/\/www.grieta.org.mx\/index.php\/wp-json\/wp\/v2\/posts\/71745\/revisions"}],"predecessor-version":[{"id":71749,"href":"https:\/\/www.grieta.org.mx\/index.php\/wp-json\/wp\/v2\/posts\/71745\/revisions\/71749"}],"wp:featuredmedia":[{"embeddable":true,"href":"https:\/\/www.grieta.org.mx\/index.php\/wp-json\/wp\/v2\/media\/71750"}],"wp:attachment":[{"href":"https:\/\/www.grieta.org.mx\/index.php\/wp-json\/wp\/v2\/media?parent=71745"}],"wp:term":[{"taxonomy":"category","embeddable":true,"href":"https:\/\/www.grieta.org.mx\/index.php\/wp-json\/wp\/v2\/categories?post=71745"},{"taxonomy":"post_tag","embeddable":true,"href":"https:\/\/www.grieta.org.mx\/index.php\/wp-json\/wp\/v2\/tags?post=71745"}],"curies":[{"name":"wp","href":"https:\/\/api.w.org\/{rel}","templated":true}]}}