{"id":71737,"date":"2025-05-01T05:59:03","date_gmt":"2025-05-01T11:59:03","guid":{"rendered":"https:\/\/www.grieta.org.mx\/?p=71737"},"modified":"2025-05-28T07:31:52","modified_gmt":"2025-05-28T13:31:52","slug":"extraccion-de-piedra-en-tulum-dan-a-cemex-lo-que-prohibieron-a-calica-quintana-roo","status":"publish","type":"post","link":"https:\/\/www.grieta.org.mx\/index.php\/2025\/05\/01\/extraccion-de-piedra-en-tulum-dan-a-cemex-lo-que-prohibieron-a-calica-quintana-roo\/","title":{"rendered":"Extracci\u00f3n de piedra en Tulum: dan a Cemex lo que prohibieron a Calica (Quintana Roo)"},"content":{"rendered":"<p>Octavio Mart\u00ednez \/ Revista Proceso<\/p>\n<blockquote><p>Hace dos a\u00f1os el gobierno de L\u00f3pez Obrador, por medio de la Semarnat, clausur\u00f3 la operaci\u00f3n de la empresa Calica, en Playa del Carmen, aduciendo grave da\u00f1o ambiental. Ahora, a pocos kil\u00f3metros de distancia de ese sitio, Cemex est\u00e1 haciendo lo mismo con la venia de la Semarnat.<\/p><\/blockquote>\n<p>PLAYA DEL CARMEN, Q. ROO.\u2013 El gobierno de la presidenta Claudia Sheinbaum otorg\u00f3 autorizaci\u00f3n a la empresa Cemex para realizar la explotaci\u00f3n de material p\u00e9treo en Tulum, en una zona donde ambientalistas prev\u00e9n afectaciones a una comunidad maya y pese a que en el estudio de impacto ambiental presentado por la cementera, y aprobado por el gobierno federal, omiti\u00f3 la precisi\u00f3n del sistema de r\u00edos subterr\u00e1neos que corren el riesgo de ser perjudicados, al encontrarse debajo de la zona de explotaci\u00f3n propuesta.<\/p>\n<p>La poblaci\u00f3n de Francisco Uh May, comunidad maya de Tulum de mil 200 habitantes que est\u00e1 ubicada a un lado de la zona proyectada, comenz\u00f3 a ver a principios de marzo los camiones de volteo pasar por el camino que atraviesa su localidad con el acarreo del material extra\u00eddo. Ante estos se\u00f1alamientos de los pobladores, la empresa asegura que no ha comenzado la extracci\u00f3n de la piedra.<\/p>\n<p>El permiso fue otorgado en diciembre \u00faltimo, a poco m\u00e1s de dos a\u00f1os de que el gobierno del entonces presidente Andr\u00e9s Manuel L\u00f3pez Obrador clausur\u00f3 la operaci\u00f3n de la empresa Calica, filial de la estadunidense Vulcan Materials Company, dedicada a la misma actividad en Playa del Carmen, a pocos kil\u00f3metros de distancia de donde operar\u00e1 Cemex.<\/p>\n<p>Aunque para el proyecto, denominado \u201cCambio de Uso de Suelo en Terrenos Forestales para la Habilitaci\u00f3n y Operaci\u00f3n de un Banco de Materiales con Trituradora y Planta Cribadora\u201d, Cemex comenz\u00f3 la gesti\u00f3n de permisos desde febrero de 2024, todav\u00eda durante el gobierno lopezobradorista.<\/p>\n<p>Al asumir la presidencia, Claudia Sheinbaum Pardo asegur\u00f3 que Calica no volver\u00e1 a extraer material p\u00e9treo en Playa del Carmen, despu\u00e9s de que el expresidente L\u00f3pez Obrador acus\u00f3 a la filial estadunidense de causar un grave da\u00f1o ecol\u00f3gico y de que emprendiera varias acciones en su contra. Una de ellas fue declarar \u00c1rea Natural Protegida la zona donde operaba. <\/p>\n<p>Pero el otorgamiento de la anuencia a Cemex para realizar trabajos similares es criticado fuertemente por los ambientalistas, debido a la incongruencia del gobierno federal que entreg\u00f3 el permiso de extracci\u00f3n deI recurso, a la par que se\u00f1ala el da\u00f1o ecol\u00f3gico que caus\u00f3 Calica.<\/p>\n<p>El objetivo de la empresa -que en esta parte del pa\u00eds centra su actividad econ\u00f3mica en la venta de concreto-es abastecer del recurso rocoso a la industria de la construcci\u00f3n, alentada por el desarrollo tur\u00edstico y la construcci\u00f3n en el territorio del Tren Maya, al que menciona en su estudio de impacto ambiental.<\/p>\n<p>Cemex ocupar\u00e1 el mercado que dej\u00f3 Calica,clausurada desde 2022 por el gobierno del ex-presidente Andr\u00e9s Manuel L\u00f3pez Obrador.<\/p>\n<p>Aunque Calica enviaba la mayor parte del material extra\u00eddo a Estados Unidos, distribu\u00eda tambi\u00e9n un importante volumen del agregado p\u00e9treo en la regi\u00f3n.<\/p>\n<p>La Secretar\u00eda de Medio Ambiente y Recursos Naturales (Semarnat), la misma dependencia que intervino por parte del gobierno federal para el cierre de Calica, entreg\u00f3 en diciembre \u00faltimo el permiso a Cemex para el aprovechamiento de caliza en un predio de 650 hect\u00e1reas,cerca de la comunidad maya Francisco Uh May,al poniente de Tulum, a unos 50 kil\u00f3metros al&#8230;<\/p>\n<p><a href=\"http:\/\/www.grieta.org.mx\/wp-content\/uploads\/2025\/05\/Calica.jpg\"><img loading=\"lazy\" decoding=\"async\" data-attachment-id=\"71739\" data-permalink=\"https:\/\/www.grieta.org.mx\/index.php\/2025\/05\/01\/extraccion-de-piedra-en-tulum-dan-a-cemex-lo-que-prohibieron-a-calica-quintana-roo\/screenshot-353\/\" data-orig-file=\"https:\/\/www.grieta.org.mx\/wp-content\/uploads\/2025\/05\/Calica.jpg\" data-orig-size=\"788,1018\" data-comments-opened=\"0\" data-image-meta=\"{&quot;aperture&quot;:&quot;0&quot;,&quot;credit&quot;:&quot;&quot;,&quot;camera&quot;:&quot;&quot;,&quot;caption&quot;:&quot;Screenshot&quot;,&quot;created_timestamp&quot;:&quot;0&quot;,&quot;copyright&quot;:&quot;&quot;,&quot;focal_length&quot;:&quot;0&quot;,&quot;iso&quot;:&quot;0&quot;,&quot;shutter_speed&quot;:&quot;0&quot;,&quot;title&quot;:&quot;Screenshot&quot;,&quot;orientation&quot;:&quot;1&quot;}\" data-image-title=\"Screenshot\" data-image-description=\"\" data-image-caption=\"\" data-medium-file=\"https:\/\/www.grieta.org.mx\/wp-content\/uploads\/2025\/05\/Calica-232x300.jpg\" data-large-file=\"https:\/\/www.grieta.org.mx\/wp-content\/uploads\/2025\/05\/Calica.jpg\" src=\"http:\/\/www.grieta.org.mx\/wp-content\/uploads\/2025\/05\/Calica.jpg\" alt=\"\" width=\"788\" height=\"1018\" class=\"alignright size-full wp-image-71739\" srcset=\"https:\/\/www.grieta.org.mx\/wp-content\/uploads\/2025\/05\/Calica.jpg 788w, https:\/\/www.grieta.org.mx\/wp-content\/uploads\/2025\/05\/Calica-232x300.jpg 232w, https:\/\/www.grieta.org.mx\/wp-content\/uploads\/2025\/05\/Calica-768x992.jpg 768w\" sizes=\"auto, (max-width: 788px) 100vw, 788px\" \/><\/a><\/p>\n<p><a href=\"http:\/\/www.grieta.org.mx\/wp-content\/uploads\/2025\/05\/Calica2.jpg\"><img loading=\"lazy\" decoding=\"async\" data-attachment-id=\"71743\" data-permalink=\"https:\/\/www.grieta.org.mx\/index.php\/2025\/05\/01\/extraccion-de-piedra-en-tulum-dan-a-cemex-lo-que-prohibieron-a-calica-quintana-roo\/screenshot-355\/\" data-orig-file=\"https:\/\/www.grieta.org.mx\/wp-content\/uploads\/2025\/05\/Calica2.jpg\" data-orig-size=\"774,992\" data-comments-opened=\"0\" data-image-meta=\"{&quot;aperture&quot;:&quot;0&quot;,&quot;credit&quot;:&quot;&quot;,&quot;camera&quot;:&quot;&quot;,&quot;caption&quot;:&quot;Screenshot&quot;,&quot;created_timestamp&quot;:&quot;0&quot;,&quot;copyright&quot;:&quot;&quot;,&quot;focal_length&quot;:&quot;0&quot;,&quot;iso&quot;:&quot;0&quot;,&quot;shutter_speed&quot;:&quot;0&quot;,&quot;title&quot;:&quot;Screenshot&quot;,&quot;orientation&quot;:&quot;1&quot;}\" data-image-title=\"Screenshot\" data-image-description=\"\" data-image-caption=\"\" data-medium-file=\"https:\/\/www.grieta.org.mx\/wp-content\/uploads\/2025\/05\/Calica2-234x300.jpg\" data-large-file=\"https:\/\/www.grieta.org.mx\/wp-content\/uploads\/2025\/05\/Calica2.jpg\" src=\"http:\/\/www.grieta.org.mx\/wp-content\/uploads\/2025\/05\/Calica2.jpg\" alt=\"\" width=\"774\" height=\"992\" class=\"alignright size-full wp-image-71743\" srcset=\"https:\/\/www.grieta.org.mx\/wp-content\/uploads\/2025\/05\/Calica2.jpg 774w, https:\/\/www.grieta.org.mx\/wp-content\/uploads\/2025\/05\/Calica2-234x300.jpg 234w, https:\/\/www.grieta.org.mx\/wp-content\/uploads\/2025\/05\/Calica2-768x984.jpg 768w\" sizes=\"auto, (max-width: 774px) 100vw, 774px\" \/><\/a><\/p>\n<p><a href=\"http:\/\/www.grieta.org.mx\/wp-content\/uploads\/2025\/05\/Calica3.jpg\"><img loading=\"lazy\" decoding=\"async\" data-attachment-id=\"71741\" data-permalink=\"https:\/\/www.grieta.org.mx\/index.php\/2025\/05\/01\/extraccion-de-piedra-en-tulum-dan-a-cemex-lo-que-prohibieron-a-calica-quintana-roo\/screenshot-354\/\" data-orig-file=\"https:\/\/www.grieta.org.mx\/wp-content\/uploads\/2025\/05\/Calica3.jpg\" data-orig-size=\"762,1004\" data-comments-opened=\"0\" data-image-meta=\"{&quot;aperture&quot;:&quot;0&quot;,&quot;credit&quot;:&quot;&quot;,&quot;camera&quot;:&quot;&quot;,&quot;caption&quot;:&quot;Screenshot&quot;,&quot;created_timestamp&quot;:&quot;0&quot;,&quot;copyright&quot;:&quot;&quot;,&quot;focal_length&quot;:&quot;0&quot;,&quot;iso&quot;:&quot;0&quot;,&quot;shutter_speed&quot;:&quot;0&quot;,&quot;title&quot;:&quot;Screenshot&quot;,&quot;orientation&quot;:&quot;1&quot;}\" data-image-title=\"Screenshot\" data-image-description=\"\" data-image-caption=\"\" data-medium-file=\"https:\/\/www.grieta.org.mx\/wp-content\/uploads\/2025\/05\/Calica3-228x300.jpg\" data-large-file=\"https:\/\/www.grieta.org.mx\/wp-content\/uploads\/2025\/05\/Calica3.jpg\" src=\"http:\/\/www.grieta.org.mx\/wp-content\/uploads\/2025\/05\/Calica3.jpg\" alt=\"\" width=\"762\" height=\"1004\" class=\"alignright size-full wp-image-71741\" srcset=\"https:\/\/www.grieta.org.mx\/wp-content\/uploads\/2025\/05\/Calica3.jpg 762w, https:\/\/www.grieta.org.mx\/wp-content\/uploads\/2025\/05\/Calica3-228x300.jpg 228w\" sizes=\"auto, (max-width: 762px) 100vw, 762px\" \/><\/a><\/p>\n<p>Fragmento del reportaje publicado en la edici\u00f3n 0022 de la revista Proceso, correspondiente a abril de 2025, cuyo ejemplar digital puede adquirirse en este enlace. <\/p>\n<p><a href=\"https:\/\/www.proceso.com.mx\/reportajes\/2025\/5\/1\/extraccion-de-piedra-en-tulum-dan-cemex-lo-que-prohibieron-calica-350374.html\" target=\"_blank\">https:\/\/www.proceso.com.mx\/reportajes\/2025\/5\/1\/extraccion-de-piedra-en-tulum-dan-cemex-lo-que-prohibieron-calica-350374.html<\/a><\/p>\n","protected":false},"excerpt":{"rendered":"<p>Octavio Mart\u00ednez \/ Revista Proceso Hace dos a\u00f1os el gobierno de L\u00f3pez Obrador, por medio de la Semarnat, clausur\u00f3 la operaci\u00f3n de la empresa Calica, en Playa del Carmen, aduciendo &hellip; <a href=\"https:\/\/www.grieta.org.mx\/index.php\/2025\/05\/01\/extraccion-de-piedra-en-tulum-dan-a-cemex-lo-que-prohibieron-a-calica-quintana-roo\/\" class=\"more-link\">Leer m\u00e1s<\/a><\/p>\n","protected":false},"author":2,"featured_media":71738,"comment_status":"closed","ping_status":"closed","sticky":false,"template":"","format":"standard","meta":{"ngg_post_thumbnail":0,"_jetpack_newsletter_access":"","_jetpack_dont_email_post_to_subs":false,"_jetpack_newsletter_tier_id":0,"_jetpack_memberships_contains_paywalled_content":false,"_jetpack_memberships_contains_paid_content":false,"footnotes":""},"categories":[80,2749,2,28],"tags":[3539,688,91,1689,2562,3542],"class_list":["post-71737","post","type-post","status-publish","format-standard","has-post-thumbnail","hentry","category-cintillo","category-destruccion-y-contaminacion-ambiental-en-quintana-roo","category-noticias-nacionales","category-quintana-roo","tag-calica","tag-cemex","tag-contaminacion-ambiental","tag-danos-ambientales","tag-destruccion-ambiental","tag-manifestacion-de-impacto-ambiental","entry"],"jetpack_featured_media_url":"https:\/\/www.grieta.org.mx\/wp-content\/uploads\/2025\/05\/Calica0-e1748437214449.jpg","jetpack_sharing_enabled":true,"jetpack_shortlink":"https:\/\/wp.me\/p7ZJR4-iF3","jetpack_likes_enabled":false,"jetpack-related-posts":[{"id":51102,"url":"https:\/\/www.grieta.org.mx\/index.php\/2020\/03\/05\/empresa-ecocida-calica-se-disfraza-de-sac-tun-quintana-roo\/","url_meta":{"origin":71737,"position":0},"title":"Empresa ecocida Calica se \u201cdisfraza\u201d de Sac-Tun (Quintana Roo)","author":"grieta","date":"5 marzo, 2020","format":false,"excerpt":"El Quintana Roo PLAYA DEL CARMEN, Q. ROO.- La empresa Calizas Industriales del Carmen (Calica), dedicada producci\u00f3n de agregados p\u00e9treos, ahora bajo el nombre Sac-Tun, pretende que los ciudadanos olviden la devastaci\u00f3n que ha venido cometiendo desde hace m\u00e1s de 30 a\u00f1os en el estado. Como Calica ha sido se\u00f1ala\u2026","rel":"","context":"En &quot;CINTILLO&quot;","block_context":{"text":"CINTILLO","link":"https:\/\/www.grieta.org.mx\/index.php\/category\/cintillo\/"},"img":{"alt_text":"","src":"https:\/\/i0.wp.com\/www.grieta.org.mx\/wp-content\/uploads\/2020\/06\/calica-3-768x404.png?resize=350%2C200&ssl=1","width":350,"height":200,"srcset":"https:\/\/i0.wp.com\/www.grieta.org.mx\/wp-content\/uploads\/2020\/06\/calica-3-768x404.png?resize=350%2C200&ssl=1 1x, https:\/\/i0.wp.com\/www.grieta.org.mx\/wp-content\/uploads\/2020\/06\/calica-3-768x404.png?resize=525%2C300&ssl=1 1.5x, https:\/\/i0.wp.com\/www.grieta.org.mx\/wp-content\/uploads\/2020\/06\/calica-3-768x404.png?resize=700%2C400&ssl=1 2x"},"classes":[]},{"id":65884,"url":"https:\/\/www.grieta.org.mx\/index.php\/2022\/12\/07\/playa-del-carmen-para-extraer-caliza-el-ejercito-invade-y-dinamita-terrenos-quintana-roo\/","url_meta":{"origin":71737,"position":1},"title":"Playa del Carmen: Para extraer caliza, el Ej\u00e9rcito invade y dinamita terrenos (Quintana Roo)","author":"grieta","date":"7 diciembre, 2022","format":false,"excerpt":"Octavio Mart\u00ednez \/ Revista Proceso El gobierno federal detuvo los trabajos de la empresa estadunidense Calica por explotar ilegalmente los bancos de piedra cercanos a Playa del Carmen; ahora es la Sedena la que invade terrenos no incluidos en los planos originales, tala \u00e1rboles y dinamita el suelo para extraer\u2026","rel":"","context":"En &quot;CINTILLO&quot;","block_context":{"text":"CINTILLO","link":"https:\/\/www.grieta.org.mx\/index.php\/category\/cintillo\/"},"img":{"alt_text":"","src":"https:\/\/i0.wp.com\/www.grieta.org.mx\/wp-content\/uploads\/2022\/12\/TrenPlayaDelCarmen-e1670520672687.jpg?resize=350%2C200&ssl=1","width":350,"height":200,"srcset":"https:\/\/i0.wp.com\/www.grieta.org.mx\/wp-content\/uploads\/2022\/12\/TrenPlayaDelCarmen-e1670520672687.jpg?resize=350%2C200&ssl=1 1x, https:\/\/i0.wp.com\/www.grieta.org.mx\/wp-content\/uploads\/2022\/12\/TrenPlayaDelCarmen-e1670520672687.jpg?resize=525%2C300&ssl=1 1.5x, https:\/\/i0.wp.com\/www.grieta.org.mx\/wp-content\/uploads\/2022\/12\/TrenPlayaDelCarmen-e1670520672687.jpg?resize=700%2C400&ssl=1 2x"},"classes":[]},{"id":68649,"url":"https:\/\/www.grieta.org.mx\/index.php\/2024\/03\/22\/con-bloqueo-a-playa-del-carmen-ambientalistas-exigen-freno-a-obras-del-tren-maya-tramo-5-sur-quintana-roo\/","url_meta":{"origin":71737,"position":2},"title":"Con bloqueo a Playa del Carmen, ambientalistas exigen freno a obras del Tren Maya tramo 5 sur (Quintana Roo)","author":"grieta","date":"22 marzo, 2024","format":false,"excerpt":"Octavio Mart\u00ednez \/ Revista Proceso PLAYA DEL CARMEN, Q. Roo (apro).- Ambientalistas y simpatizantes del colectivo S\u00e9lvame del Tren realizaron bloqueos a la carretera federal 307, que sirve de acceso a Playa del Carmen, para exigir que el gobierno federal acate la suspensi\u00f3n judicial de los trabajos del Tren Maya\u2026","rel":"","context":"En &quot;CINTILLO&quot;","block_context":{"text":"CINTILLO","link":"https:\/\/www.grieta.org.mx\/index.php\/category\/cintillo\/"},"img":{"alt_text":"","src":"https:\/\/i0.wp.com\/www.grieta.org.mx\/wp-content\/uploads\/2024\/03\/BloqueoPlaya-e1711311550223.jpg?resize=350%2C200&ssl=1","width":350,"height":200,"srcset":"https:\/\/i0.wp.com\/www.grieta.org.mx\/wp-content\/uploads\/2024\/03\/BloqueoPlaya-e1711311550223.jpg?resize=350%2C200&ssl=1 1x, https:\/\/i0.wp.com\/www.grieta.org.mx\/wp-content\/uploads\/2024\/03\/BloqueoPlaya-e1711311550223.jpg?resize=525%2C300&ssl=1 1.5x, https:\/\/i0.wp.com\/www.grieta.org.mx\/wp-content\/uploads\/2024\/03\/BloqueoPlaya-e1711311550223.jpg?resize=700%2C400&ssl=1 2x"},"classes":[]},{"id":65564,"url":"https:\/\/www.grieta.org.mx\/index.php\/2022\/10\/19\/la-terminal-aerea-que-amenaza-a-sian-kaan-quintana-roo\/","url_meta":{"origin":71737,"position":3},"title":"La terminal a\u00e9rea que amenaza a Sian Ka\u2019an (Quintana  Roo)","author":"grieta","date":"19 octubre, 2022","format":false,"excerpt":"Octavio Mart\u00ednez \/ Revista Proceso La construcci\u00f3n del aeropuerto de Tulum avanza, en manos militares, pese a que los ambientalistas alertan sobre los efectos desastrosos que tendr\u00e1 sobre la reserva de la Bi\u00f3sfera de Sian Ka\u2019an \u2013Patrimonio Natural de la Humanidad\u2013 y a que no hay dinero etiquetado para esa\u2026","rel":"","context":"En &quot;\u00c1reas naturales protegidas&quot;","block_context":{"text":"\u00c1reas naturales protegidas","link":"https:\/\/www.grieta.org.mx\/index.php\/category\/megaproyectos\/areas-naturales-protegidas\/"},"img":{"alt_text":"","src":"https:\/\/i0.wp.com\/www.grieta.org.mx\/wp-content\/uploads\/2022\/10\/Tulum-e1666389206313.jpg?resize=350%2C200&ssl=1","width":350,"height":200,"srcset":"https:\/\/i0.wp.com\/www.grieta.org.mx\/wp-content\/uploads\/2022\/10\/Tulum-e1666389206313.jpg?resize=350%2C200&ssl=1 1x, https:\/\/i0.wp.com\/www.grieta.org.mx\/wp-content\/uploads\/2022\/10\/Tulum-e1666389206313.jpg?resize=525%2C300&ssl=1 1.5x, https:\/\/i0.wp.com\/www.grieta.org.mx\/wp-content\/uploads\/2022\/10\/Tulum-e1666389206313.jpg?resize=700%2C400&ssl=1 2x"},"classes":[]},{"id":68844,"url":"https:\/\/www.grieta.org.mx\/index.php\/2024\/04\/29\/ambientalistas-clausuran-las-oficinas-de-semarnat-tras-calificarla-de-ecocida-quintana-roo\/","url_meta":{"origin":71737,"position":4},"title":"Ambientalistas &#8220;clausuran&#8221; las oficinas de Semarnat tras calificarla de ecocida (Quintana Roo)","author":"grieta","date":"29 abril, 2024","format":false,"excerpt":"Leslie Gordillo \/ NOTICARIBE PENINSULAR CANC\u00daN.- Un grupo de ambientalistas, representante de diferentes organismos y asociaciones civiles, se manifestaron en la zona hotelera de Canc\u00fan y clausuraron de manera simb\u00f3lica las oficinas de la Secretar\u00eda de Medio Ambiente y Recursos Naturales (Semarnat). La denuncia es que la Semarnat ha sido\u2026","rel":"","context":"En &quot;Campeche&quot;","block_context":{"text":"Campeche","link":"https:\/\/www.grieta.org.mx\/index.php\/category\/noticias-nacionales\/campeche\/"},"img":{"alt_text":"","src":"https:\/\/i0.wp.com\/www.grieta.org.mx\/wp-content\/uploads\/2024\/04\/ambientalitas-e1715552774254.jpg?resize=350%2C200&ssl=1","width":350,"height":200,"srcset":"https:\/\/i0.wp.com\/www.grieta.org.mx\/wp-content\/uploads\/2024\/04\/ambientalitas-e1715552774254.jpg?resize=350%2C200&ssl=1 1x, https:\/\/i0.wp.com\/www.grieta.org.mx\/wp-content\/uploads\/2024\/04\/ambientalitas-e1715552774254.jpg?resize=525%2C300&ssl=1 1.5x, https:\/\/i0.wp.com\/www.grieta.org.mx\/wp-content\/uploads\/2024\/04\/ambientalitas-e1715552774254.jpg?resize=700%2C400&ssl=1 2x"},"classes":[]},{"id":51099,"url":"https:\/\/www.grieta.org.mx\/index.php\/2019\/10\/13\/calica-depredacion-a-la-sombra-de-trump-quintana-roo\/","url_meta":{"origin":71737,"position":5},"title":"Calica: depredaci\u00f3n a la sombra de Trump (Quintana Roo)","author":"grieta","date":"13 octubre, 2019","format":false,"excerpt":"El Despertador de Quintana Roo La posesi\u00f3n de acciones \u2013v\u00eda prestanombres\u2013 por parte del mandatario estadounidense y la pragm\u00e1tica decisi\u00f3n de emplearla como proveedora de material p\u00e9treo para el proyecto del Tren Maya hacen de la pol\u00e9mica empresa minera una \u201cintocable\u201d de la Cuarta Transformaci\u00f3n A punto de cumplirse el\u2026","rel":"","context":"En &quot;CINTILLO&quot;","block_context":{"text":"CINTILLO","link":"https:\/\/www.grieta.org.mx\/index.php\/category\/cintillo\/"},"img":{"alt_text":"","src":"https:\/\/i0.wp.com\/www.grieta.org.mx\/wp-content\/uploads\/2020\/06\/Calica.png?resize=350%2C200&ssl=1","width":350,"height":200,"srcset":"https:\/\/i0.wp.com\/www.grieta.org.mx\/wp-content\/uploads\/2020\/06\/Calica.png?resize=350%2C200&ssl=1 1x, https:\/\/i0.wp.com\/www.grieta.org.mx\/wp-content\/uploads\/2020\/06\/Calica.png?resize=525%2C300&ssl=1 1.5x"},"classes":[]}],"_links":{"self":[{"href":"https:\/\/www.grieta.org.mx\/index.php\/wp-json\/wp\/v2\/posts\/71737","targetHints":{"allow":["GET"]}}],"collection":[{"href":"https:\/\/www.grieta.org.mx\/index.php\/wp-json\/wp\/v2\/posts"}],"about":[{"href":"https:\/\/www.grieta.org.mx\/index.php\/wp-json\/wp\/v2\/types\/post"}],"author":[{"embeddable":true,"href":"https:\/\/www.grieta.org.mx\/index.php\/wp-json\/wp\/v2\/users\/2"}],"replies":[{"embeddable":true,"href":"https:\/\/www.grieta.org.mx\/index.php\/wp-json\/wp\/v2\/comments?post=71737"}],"version-history":[{"count":1,"href":"https:\/\/www.grieta.org.mx\/index.php\/wp-json\/wp\/v2\/posts\/71737\/revisions"}],"predecessor-version":[{"id":71744,"href":"https:\/\/www.grieta.org.mx\/index.php\/wp-json\/wp\/v2\/posts\/71737\/revisions\/71744"}],"wp:featuredmedia":[{"embeddable":true,"href":"https:\/\/www.grieta.org.mx\/index.php\/wp-json\/wp\/v2\/media\/71738"}],"wp:attachment":[{"href":"https:\/\/www.grieta.org.mx\/index.php\/wp-json\/wp\/v2\/media?parent=71737"}],"wp:term":[{"taxonomy":"category","embeddable":true,"href":"https:\/\/www.grieta.org.mx\/index.php\/wp-json\/wp\/v2\/categories?post=71737"},{"taxonomy":"post_tag","embeddable":true,"href":"https:\/\/www.grieta.org.mx\/index.php\/wp-json\/wp\/v2\/tags?post=71737"}],"curies":[{"name":"wp","href":"https:\/\/api.w.org\/{rel}","templated":true}]}}