{"id":71724,"date":"2025-05-16T05:53:05","date_gmt":"2025-05-16T11:53:05","guid":{"rendered":"https:\/\/www.grieta.org.mx\/?p=71724"},"modified":"2025-05-19T06:06:54","modified_gmt":"2025-05-19T12:06:54","slug":"huelga-magisterial-en-valladolid-instalan-planton-y-suspenden-clases-de-forma-indefinida-yucatan","status":"publish","type":"post","link":"https:\/\/www.grieta.org.mx\/index.php\/2025\/05\/16\/huelga-magisterial-en-valladolid-instalan-planton-y-suspenden-clases-de-forma-indefinida-yucatan\/","title":{"rendered":"Huelga magisterial en Valladolid: instalan plant\u00f3n y suspenden clases de forma indefinida (Yucat\u00e1n)"},"content":{"rendered":"<p>Juan Antonio Osorio \/ Diario de Yucat\u00e1n<\/p>\n<p>VALLADOLID.-Jes\u00fas Chable, uno de los l\u00edderes en el oriente de la Coordinadora Nacional de los Trabajadores de la Educaci\u00f3n (CNTE), decret\u00f3 formalmente la huelga magisterial la noche del jueves y se procedi\u00f3 a la instalaci\u00f3n formal del campamento, ocupando tres calles principales del primer cuadro de la ciudad, justo frente al Palacio Municipal Valladolid.<\/p>\n<p>Se denunci\u00f3 que detectaron a dos militares vestidos de civil, grab\u00e1ndolos como una medida de intimidaci\u00f3n y se pidi\u00f3 a los docentes no darles ning\u00fan tipo de informaci\u00f3n.<\/p>\n<p>Pidieron una mesa de di\u00e1logo con el gobierno del estado y anunciaron que el lunes o martes una comisi\u00f3n viajar\u00e1 a la ciudad de M\u00e9xico para integrarse al equipo de di\u00e1logo con el gobierno federal.<\/p>\n<p>    Las calles del primer cuadro de la ciudad permanecen ocupadas por el campamento magisterial, que re\u00fane a maestros de distintos puntos del oriente del estado<\/p>\n<p>Las calles del primer cuadro de la ciudad permanecen ocupadas por el campamento magisterial, que re\u00fane a maestros de distintos puntos del oriente del estado<\/p>\n<p><strong>Maestros anunciaron suspensi\u00f3n de labores de manera indefinida<\/strong><\/p>\n<p>Ayer informamos que cientos de maestros iniciaron la suspensi\u00f3n de labores de manera indefinida hasta que el gobierno del estado y el federal les den una soluci\u00f3n a sus demandas, basado en mejorar sus condiciones de trabajo, abrogaci\u00f3n de la ley del Issste de 2007, entre otras demandas.<\/p>\n<p>En las calles del centro de la ciudad est\u00e1n instaladas m\u00e1s de 50 tiendas de campa\u00f1a, que ocupan la calle 40 entre 39 y 41, la 39 entre 40 y 39 entre 40 y 42.<\/p>\n<p>Por tal motivo, el tr\u00e1nsito vehicular lo est\u00e1n controlando por la Polic\u00eda Municipal de Valladolid que desv\u00eda los veh\u00edculos a otras arterias, de tal manera que no es posible entrar el veh\u00edculo en el primer cuadro.<\/p>\n<p>La noche del jueves Jes\u00fas Chabl\u00e9 encabez\u00f3 un mitin en la que se inform\u00f3 a los docentes de los \u00faltimos detalles del movimiento magisterial, e insistieron que a un no hay ning\u00fan acuerdo con el gobierno federal.<\/p>\n<p>Hay que recordar que el gobierno federal autoriz\u00f3 el incremento de 9% al salario de los maestros y el 1% en septiembre pr\u00f3ximo, adem\u00e1s de aumentarles una semana de vacaciones.<\/p>\n<p><strong>Docentes exigen 100% de aumento salarial<\/strong><\/p>\n<p>Los maestros de la CNTE entre sus exigencias es un incremento del 100% directo al salario base, entre otras peticiones, de modo que con lo autorizado no se resuelve el conflicto.<\/p>\n<p>Los docentes denunciaron la noche de jueves que han detectado la presencia de dos militares vestidos de civil en donde tienen su campamento.<\/p>\n<p>Mencionan que los est\u00e1n grabando como una manera de intimidarlos, y pidieron el apoyo de toda la fuerza magisterial para hacer mucho m\u00e1s fuerte y s\u00f3lido el movimiento.<\/p>\n<p>Anunciaron que el lunes o martes viajar\u00e1 una comisi\u00f3n de docentes vallisoletanos para sumarse al grupo del comit\u00e9 de di\u00e1logo ante el gobierno federal, pues el estado de Yucat\u00e1n no puede estar ajeno a las negociaciones que se est\u00e1n haciendo.<\/p>\n<p><strong>Se instal\u00f3 campamento en calles de Valladolid<\/strong><\/p>\n<p>Jes\u00fas Chabl\u00e9, manifest\u00f3 que se instal\u00f3 de manera oficial el campamento en las calles de la ciudad, de modo que se iniciar un proceso que no se sabe cu\u00e1nto tardar\u00e1, y advirti\u00f3 que de no resolverse el conflicto el lunes no habr\u00e1 clases.<\/p>\n<p>Por cierto, el ayuntamiento les otorg\u00f3 las 24 horas del d\u00eda los ba\u00f1os de la Casa de la Cultura y del Bazar Municipal, para que hagan sus necesidades fisiol\u00f3gicas los docentes.<\/p>\n<p>Explicaron que en una pl\u00e1tica con el alcalde Homero Novelo Burgos para hacer la solicitud de los ba\u00f1os se encontraron con un representante del gobierno del Estado, a quien le expusieron que quieren entablar una mesa de di\u00e1logo con el ejecutivo directamente.<\/p>\n<p><strong>Maestros piden 90 d\u00edas de aguinaldo<\/strong><\/p>\n<p>Har\u00e1n la petici\u00f3n de un incremento hasta 90 d\u00edas de aguinaldo como lo tienen en otros estados, derogaci\u00f3n de la ley del Issstey, entre cosas, que no tiene nada que ver con sus otras peticiones que son de competencia federal.<\/p>\n<p>Por cierto, cada grupo de maestros se organiz\u00f3 para pasar la noche en sus casas de campa\u00f1a, cenaron en las mesas que pusieron en los corredores del Palacio Municipal de Valladolid.<\/p>\n<p>Cabe se\u00f1alar que pasaron una noche dif\u00edcil por el intenso calor que hizo, sumado a que les apagaron las luminarias del parque principal dejando el centro parcialmente en oscuras.<\/p>\n<p><a href=\"https:\/\/www.yucatan.com.mx\/yucatan\/2025\/05\/16\/huelga-magisterial-en-valladolid-instalan-planton-y-suspenden-clases-de-forma-indefinida.html\" target=\"_blank\">https:\/\/www.yucatan.com.mx\/yucatan\/2025\/05\/16\/huelga-magisterial-en-valladolid-instalan-planton-y-suspenden-clases-de-forma-indefinida.html<\/a><\/p>\n","protected":false},"excerpt":{"rendered":"<p>Juan Antonio Osorio \/ Diario de Yucat\u00e1n VALLADOLID.-Jes\u00fas Chable, uno de los l\u00edderes en el oriente de la Coordinadora Nacional de los Trabajadores de la Educaci\u00f3n (CNTE), decret\u00f3 formalmente la &hellip; <a href=\"https:\/\/www.grieta.org.mx\/index.php\/2025\/05\/16\/huelga-magisterial-en-valladolid-instalan-planton-y-suspenden-clases-de-forma-indefinida-yucatan\/\" class=\"more-link\">Leer m\u00e1s<\/a><\/p>\n","protected":false},"author":2,"featured_media":71725,"comment_status":"closed","ping_status":"closed","sticky":false,"template":"","format":"standard","meta":{"ngg_post_thumbnail":0,"_jetpack_newsletter_access":"","_jetpack_dont_email_post_to_subs":false,"_jetpack_newsletter_tier_id":0,"_jetpack_memberships_contains_paywalled_content":false,"_jetpack_memberships_contains_paid_content":false,"footnotes":""},"categories":[80,1072,916,2658,910,2,3211,1755,83,36],"tags":[134,104,674,616],"class_list":["post-71724","post","type-post","status-publish","format-standard","has-post-thumbnail","hentry","category-cintillo","category-conflictos-laborales-en-yucatan","category-privatizacion-del-la-educacion-publica","category-crisis-de-la-educacion-publica-en-yucatan","category-explotacion-y-precariedad-laboral","category-noticias-nacionales","category-precariedad-laboral-en-yucatan","category-protestas-del-magisterio-en-yucatan","category-temas-nacionales","category-yucatan","tag-cnte","tag-huelga","tag-movilizaciones-maestros","tag-planton","entry"],"jetpack_featured_media_url":"https:\/\/www.grieta.org.mx\/wp-content\/uploads\/2025\/05\/Valladolid.jpg","jetpack_sharing_enabled":true,"jetpack_shortlink":"https:\/\/wp.me\/p7ZJR4-iEQ","jetpack_likes_enabled":false,"jetpack-related-posts":[{"id":71764,"url":"https:\/\/www.grieta.org.mx\/index.php\/2025\/05\/27\/maestros-protestan-en-merida-e-intentan-arrollarlos-yucatan\/","url_meta":{"origin":71724,"position":0},"title":"Maestros protestan en M\u00e9rida e intentan arrollarlos (Yucat\u00e1n)","author":"grieta","date":"27 mayo, 2025","format":false,"excerpt":"Herbeth Escalante \/ Haz Ruido Las y los maestros yucatecos se han sumado a la huelga nacional convocada por la CNTE, aunque tambi\u00e9n est\u00e1n protestando profesores del SNTE. M\u00e1s de 180 escuelas de Yucat\u00e1n est\u00e1n en paro desde hace una semana. M\u00e9rida, Yucat\u00e1n, 27 de mayo de 2025.- M\u00e1s de\u2026","rel":"","context":"En &quot;CINTILLO&quot;","block_context":{"text":"CINTILLO","link":"https:\/\/www.grieta.org.mx\/index.php\/category\/cintillo\/"},"img":{"alt_text":"","src":"https:\/\/i0.wp.com\/www.grieta.org.mx\/wp-content\/uploads\/2025\/06\/Paro-e1749035806353.jpg?resize=350%2C200&ssl=1","width":350,"height":200,"srcset":"https:\/\/i0.wp.com\/www.grieta.org.mx\/wp-content\/uploads\/2025\/06\/Paro-e1749035806353.jpg?resize=350%2C200&ssl=1 1x, https:\/\/i0.wp.com\/www.grieta.org.mx\/wp-content\/uploads\/2025\/06\/Paro-e1749035806353.jpg?resize=525%2C300&ssl=1 1.5x, https:\/\/i0.wp.com\/www.grieta.org.mx\/wp-content\/uploads\/2025\/06\/Paro-e1749035806353.jpg?resize=700%2C400&ssl=1 2x"},"classes":[]},{"id":71825,"url":"https:\/\/www.grieta.org.mx\/index.php\/2025\/06\/05\/maestros-bloquean-acceso-al-aeropuerto-de-merida-yucatan\/","url_meta":{"origin":71724,"position":1},"title":"Maestros bloquean acceso al aeropuerto de M\u00e9rida (Yucat\u00e1n)","author":"grieta","date":"5 junio, 2025","format":false,"excerpt":"Herbeth Escalante \/ Haz Ruido Desde temprana hora, docentes de la CNTE han tomado la avenida Aviaci\u00f3n e incluso protestaron en las puertas del aeropuerto. M\u00e9rida, Yucat\u00e1n, 5 de junio de 2025.- Aproximadamente 3 mil maestros de la Coordinadora Nacional de Trabajadores de la Educaci\u00f3n (CNTE) mantienen bloqueado el acceso\u2026","rel":"","context":"En &quot;CINTILLO&quot;","block_context":{"text":"CINTILLO","link":"https:\/\/www.grieta.org.mx\/index.php\/category\/cintillo\/"},"img":{"alt_text":"","src":"https:\/\/i0.wp.com\/www.grieta.org.mx\/wp-content\/uploads\/2025\/06\/Maestros-e1749477518770.jpg?resize=350%2C200&ssl=1","width":350,"height":200,"srcset":"https:\/\/i0.wp.com\/www.grieta.org.mx\/wp-content\/uploads\/2025\/06\/Maestros-e1749477518770.jpg?resize=350%2C200&ssl=1 1x, https:\/\/i0.wp.com\/www.grieta.org.mx\/wp-content\/uploads\/2025\/06\/Maestros-e1749477518770.jpg?resize=525%2C300&ssl=1 1.5x, https:\/\/i0.wp.com\/www.grieta.org.mx\/wp-content\/uploads\/2025\/06\/Maestros-e1749477518770.jpg?resize=700%2C400&ssl=1 2x"},"classes":[]},{"id":71828,"url":"https:\/\/www.grieta.org.mx\/index.php\/2025\/06\/10\/ahora-la-utm-se-une-al-paro-yucatan\/","url_meta":{"origin":71724,"position":2},"title":"Ahora la UTM se une al paro (Yucat\u00e1n)","author":"grieta","date":"10 junio, 2025","format":false,"excerpt":"Herbeth Escalante \/ Haz Ruido Los docentes y el personal administrativo exigen mejores condiciones laborales y mejorar la infraestructura para sus estudiantes M\u00e9rida, Yucat\u00e1n, 10 de junio de 2025.- Desde temprana hora, docentes y personal administrativo cerraron con candados las rejas de las instalaciones de la Universidad Tecnol\u00f3gica Metropolitana (UTM)\u2026","rel":"","context":"En &quot;CINTILLO&quot;","block_context":{"text":"CINTILLO","link":"https:\/\/www.grieta.org.mx\/index.php\/category\/cintillo\/"},"img":{"alt_text":"","src":"https:\/\/i0.wp.com\/www.grieta.org.mx\/wp-content\/uploads\/2025\/06\/Utm-e1749645096482.jpg?resize=350%2C200&ssl=1","width":350,"height":200,"srcset":"https:\/\/i0.wp.com\/www.grieta.org.mx\/wp-content\/uploads\/2025\/06\/Utm-e1749645096482.jpg?resize=350%2C200&ssl=1 1x, https:\/\/i0.wp.com\/www.grieta.org.mx\/wp-content\/uploads\/2025\/06\/Utm-e1749645096482.jpg?resize=525%2C300&ssl=1 1.5x, https:\/\/i0.wp.com\/www.grieta.org.mx\/wp-content\/uploads\/2025\/06\/Utm-e1749645096482.jpg?resize=700%2C400&ssl=1 2x"},"classes":[]},{"id":42987,"url":"https:\/\/www.grieta.org.mx\/index.php\/2020\/01\/10\/maestros-de-cobay-realizan-protesta-pacifica-a-falta-de-pago\/","url_meta":{"origin":71724,"position":3},"title":"Maestros de Cobay realizan protesta &#8216;pac\u00edfica&#8217; a falta de pago","author":"grieta","date":"10 enero, 2020","format":false,"excerpt":"\u00d3scar Chan \/ Sipse Cansados de que la Secretar\u00eda de Hacienda y Cr\u00e9dito P\u00fablico (SHCP) no libere los recursos para el pago del retroactivo salarial y de prestaciones correspondientes al 2019, decenas de profesores de los 72 planteles del Colegio de Bachilleres de Yucat\u00e1n (Cobay) realizaron ayer manifestaciones pac\u00edficas con\u2026","rel":"","context":"En &quot;CINTILLO&quot;","block_context":{"text":"CINTILLO","link":"https:\/\/www.grieta.org.mx\/index.php\/category\/cintillo\/"},"img":{"alt_text":"","src":"https:\/\/i0.wp.com\/www.grieta.org.mx\/wp-content\/uploads\/2020\/01\/Cobay.jpg?resize=350%2C200&ssl=1","width":350,"height":200,"srcset":"https:\/\/i0.wp.com\/www.grieta.org.mx\/wp-content\/uploads\/2020\/01\/Cobay.jpg?resize=350%2C200&ssl=1 1x, https:\/\/i0.wp.com\/www.grieta.org.mx\/wp-content\/uploads\/2020\/01\/Cobay.jpg?resize=525%2C300&ssl=1 1.5x, https:\/\/i0.wp.com\/www.grieta.org.mx\/wp-content\/uploads\/2020\/01\/Cobay.jpg?resize=700%2C400&ssl=1 2x"},"classes":[]},{"id":69117,"url":"https:\/\/www.grieta.org.mx\/index.php\/2024\/06\/07\/desde-tizimin-y-se-unen-a-marcha-magisterial-de-yucatan-por-un-sueldo-digno\/","url_meta":{"origin":71724,"position":4},"title":"Desde Tizim\u00edn y se unen a marcha magisterial de Yucat\u00e1n por un sueldo digno","author":"grieta","date":"7 junio, 2024","format":false,"excerpt":"Fidel Dzib \/ NotiRasa Buscando conseguir una verdadera revalorizaci\u00f3n docente en Yucat\u00e1n, al menos 100 maestros de Tizim\u00edn y municipios aleda\u00f1os marcharon en apoyo a sus hom\u00f3logos de M\u00e9rida por un salario m\u00e1s digno. Caminaron desde el Monumento al maestro hasta el centro de la Ciudad de reyes en espera\u2026","rel":"","context":"En &quot;CINTILLO&quot;","block_context":{"text":"CINTILLO","link":"https:\/\/www.grieta.org.mx\/index.php\/category\/cintillo\/"},"img":{"alt_text":"","src":"https:\/\/i0.wp.com\/www.grieta.org.mx\/wp-content\/uploads\/2024\/06\/MaestrosTizimin-e1718041200799.jpg?resize=350%2C200&ssl=1","width":350,"height":200,"srcset":"https:\/\/i0.wp.com\/www.grieta.org.mx\/wp-content\/uploads\/2024\/06\/MaestrosTizimin-e1718041200799.jpg?resize=350%2C200&ssl=1 1x, https:\/\/i0.wp.com\/www.grieta.org.mx\/wp-content\/uploads\/2024\/06\/MaestrosTizimin-e1718041200799.jpg?resize=525%2C300&ssl=1 1.5x, https:\/\/i0.wp.com\/www.grieta.org.mx\/wp-content\/uploads\/2024\/06\/MaestrosTizimin-e1718041200799.jpg?resize=700%2C400&ssl=1 2x"},"classes":[]},{"id":10386,"url":"https:\/\/www.grieta.org.mx\/index.php\/2016\/07\/21\/reforma-educativa-y-evaluacion-al-desempeno-en-yucatan\/","url_meta":{"origin":71724,"position":5},"title":"Movilizaciones contra la Reforma Educativa y la evaluaci\u00f3n magisterial  en Yucat\u00e1n","author":"grieta","date":"21 julio, 2016","format":false,"excerpt":"021\/07\/16. Profesores siguen en la lucha (Yucat\u00e1n) Diario de Yucat\u00e1n 15\/07\/16. Agudizan maestros protestas en Yucat\u00e1n ReporterosHoy 09\/07\/16. Intensifican marcha de maestros este s\u00e1bado en M\u00e9rida Desde el Balc\u00f3n 08\/07\/16. Maestros en las calles (Yucat\u00e1n) Diario de Yucat\u00e1n 07\/07\/16. Polic\u00eda impide que maestros entren a M\u00e9rida ReporterosHoy 05\/07\/16. Arrecia molestia\u2026","rel":"","context":"En &quot;NOTICIAS NACIONALES&quot;","block_context":{"text":"NOTICIAS NACIONALES","link":"https:\/\/www.grieta.org.mx\/index.php\/category\/noticias-nacionales\/"},"img":{"alt_text":"","src":"https:\/\/i0.wp.com\/www.grieta.org.mx\/wp-content\/uploads\/2018\/03\/14524434_1106112876131411_958039263622046936_o.jpg?resize=350%2C200&ssl=1","width":350,"height":200,"srcset":"https:\/\/i0.wp.com\/www.grieta.org.mx\/wp-content\/uploads\/2018\/03\/14524434_1106112876131411_958039263622046936_o.jpg?resize=350%2C200&ssl=1 1x, https:\/\/i0.wp.com\/www.grieta.org.mx\/wp-content\/uploads\/2018\/03\/14524434_1106112876131411_958039263622046936_o.jpg?resize=525%2C300&ssl=1 1.5x, https:\/\/i0.wp.com\/www.grieta.org.mx\/wp-content\/uploads\/2018\/03\/14524434_1106112876131411_958039263622046936_o.jpg?resize=700%2C400&ssl=1 2x"},"classes":[]}],"_links":{"self":[{"href":"https:\/\/www.grieta.org.mx\/index.php\/wp-json\/wp\/v2\/posts\/71724","targetHints":{"allow":["GET"]}}],"collection":[{"href":"https:\/\/www.grieta.org.mx\/index.php\/wp-json\/wp\/v2\/posts"}],"about":[{"href":"https:\/\/www.grieta.org.mx\/index.php\/wp-json\/wp\/v2\/types\/post"}],"author":[{"embeddable":true,"href":"https:\/\/www.grieta.org.mx\/index.php\/wp-json\/wp\/v2\/users\/2"}],"replies":[{"embeddable":true,"href":"https:\/\/www.grieta.org.mx\/index.php\/wp-json\/wp\/v2\/comments?post=71724"}],"version-history":[{"count":1,"href":"https:\/\/www.grieta.org.mx\/index.php\/wp-json\/wp\/v2\/posts\/71724\/revisions"}],"predecessor-version":[{"id":71726,"href":"https:\/\/www.grieta.org.mx\/index.php\/wp-json\/wp\/v2\/posts\/71724\/revisions\/71726"}],"wp:featuredmedia":[{"embeddable":true,"href":"https:\/\/www.grieta.org.mx\/index.php\/wp-json\/wp\/v2\/media\/71725"}],"wp:attachment":[{"href":"https:\/\/www.grieta.org.mx\/index.php\/wp-json\/wp\/v2\/media?parent=71724"}],"wp:term":[{"taxonomy":"category","embeddable":true,"href":"https:\/\/www.grieta.org.mx\/index.php\/wp-json\/wp\/v2\/categories?post=71724"},{"taxonomy":"post_tag","embeddable":true,"href":"https:\/\/www.grieta.org.mx\/index.php\/wp-json\/wp\/v2\/tags?post=71724"}],"curies":[{"name":"wp","href":"https:\/\/api.w.org\/{rel}","templated":true}]}}