{"id":71641,"date":"2025-04-29T13:56:02","date_gmt":"2025-04-29T19:56:02","guid":{"rendered":"https:\/\/www.grieta.org.mx\/?p=71641"},"modified":"2025-05-02T14:12:44","modified_gmt":"2025-05-02T20:12:44","slug":"sandra-ya-esta-en-casa-pero-no-como-sonabamos-comunidades-ayuuk-exigen-justicia-en-oaxaca","status":"publish","type":"post","link":"https:\/\/www.grieta.org.mx\/index.php\/2025\/04\/29\/sandra-ya-esta-en-casa-pero-no-como-sonabamos-comunidades-ayuuk-exigen-justicia-en-oaxaca\/","title":{"rendered":"\u201cSandra ya est\u00e1 en casa, pero no como so\u00f1\u00e1bamos\u201d: comunidades ayuuk exigen justicia en Oaxaca"},"content":{"rendered":"<p>Imagen: Mario Marlo<\/p>\n<h3>Tras 206 d\u00edas de b\u00fasqueda, encuentran sin vida a Sandra Dom\u00ednguez, defensora ind\u00edgena ayuuk. Familiares y colectivos denuncian la violencia e impunidad que persiste en M\u00e9xico.<\/h3>\n<p>Mario Marlo \/ Somos El Medio<\/p>\n<p class=\"\" data-start=\"489\" data-end=\"1005\"><strong data-start=\"489\" data-end=\"520\">Oaxaca, 28 de abril de 2025<\/strong>.\u2013 Luego de 206 d\u00edas de angustia, b\u00fasqueda incansable y exigencia de justicia, la familia de Sandra Dom\u00ednguez confirm\u00f3 que fue localizada sin vida. Aunque su hallazgo representa el cierre de una etapa dolorosa, no es el final que so\u00f1aron quienes lucharon por su regreso.<strong><em>\u00a0\u201cHoy, con el coraz\u00f3n desgarrado, confirmamos que hemos encontrado a Sandra. No fue el final que so\u00f1amos, pero al fin descansar\u00e1 entre quienes la amamos profundamente\u201d<\/em><\/strong>, expres\u00f3 el Komit\u00e9 P\u00ebjy Tyotk en conferencia de prensa.<\/p>\n<p class=\"\" data-start=\"1007\" data-end=\"1571\">Sandra Dom\u00ednguez no fue solo una v\u00edctima m\u00e1s de la violencia e impunidad que azotan al pa\u00eds. Como mujer ayuuk y defensora de derechos humanos, dedic\u00f3 su vida a acompa\u00f1ar y proteger a mujeres ind\u00edgenas que enfrentaban violencia o discriminaci\u00f3n. Se destac\u00f3 por su valent\u00eda al denunciar casos de corrupci\u00f3n y abuso por parte de funcionarios locales y estatales, como la difusi\u00f3n de im\u00e1genes de mujeres en situaciones de vulnerabilidad en grupos de WhatsApp.<strong><em>\u00a0\u201cLevant\u00f3 su voz por la dignidad de todas, poniendo su propia vida en riesgo\u201d<\/em><\/strong>, recordaron sus seres queridos.<\/p>\n<p class=\"\" data-start=\"1573\" data-end=\"2064\">En su mensaje, la familia agradeci\u00f3 profundamente a las comunidades ayuuk, a familiares, amistades, organizaciones, colectivas y medios de comunicaci\u00f3n que acompa\u00f1aron la b\u00fasqueda. Destacaron tambi\u00e9n el trabajo coordinado entre el Congreso Nacional Ind\u00edgena (CNI), la Comisi\u00f3n Nacional Antisecuestro (CONASE), la Secretar\u00eda de la Defensa Nacional (SEDENA), la Secretar\u00eda de Marina (MARINA) y la Fiscal\u00eda General de Oaxaca (FGO), cuyo esfuerzo conjunto hizo posible la localizaci\u00f3n de Sandra.<\/p>\n<p class=\"\" data-start=\"2066\" data-end=\"2361\">Sin embargo, recalcaron que su caso refleja una realidad dolorosa:\u00a0<em><strong>\u201csin la exigencia de la sociedad, no hay compromiso real del Estado\u201d<\/strong><\/em>. Denunciaron que las b\u00fasquedas no avanzan solas y que la omisi\u00f3n institucional tambi\u00e9n contribuye a la violencia:\u00a0<em><strong>\u201cLa indiferencia es otra forma de violencia\u201d.<\/strong><\/em><\/p>\n<h3 data-start=\"2363\" data-end=\"2410\"><strong data-start=\"2363\" data-end=\"2410\">Exigen acciones reales y fin a la impunidad<\/strong><\/h3>\n<p class=\"\" data-start=\"2412\" data-end=\"2767\">El Komit\u00e9 P\u00ebjy Tyotk exigi\u00f3 un compromiso verdadero por parte del Estado, que vaya m\u00e1s all\u00e1 de leyes escritas y se traduzca en acciones efectivas con perspectiva de g\u00e9nero y un enfoque de derechos humanos. Tambi\u00e9n pidieron respeto hacia las personas desaparecidas, sus familias y el cese de la revictimizaci\u00f3n y criminalizaci\u00f3n de quienes buscan justicia.<\/p>\n<p class=\"\" data-start=\"2769\" data-end=\"3002\"><em><strong>\u201cCada amor merece volver a casa. Mientras haya una voz que grite su nombre, mientras haya un coraz\u00f3n que los espere, siempre habr\u00e1 esperanza\u201d,<\/strong><\/em>\u00a0se\u00f1alaron en un mensaje dirigido a todas las familias que a\u00fan buscan a sus seres queridos.<\/p>\n<p class=\"\" data-start=\"3004\" data-end=\"3245\">El caso de Sandra Dom\u00ednguez suma un nombre m\u00e1s a la larga lista de defensoras de derechos humanos que han sido silenciadas por la violencia. Su lucha, su fuerza y su amor por su pueblo permanecen como un legado para las generaciones futuras.<\/p>\n<p><a href=\"https:\/\/www.somoselmedio.com\/sandra-ya-esta-en-casa-pero-no-como-sonabamos-comunidades-ayuuk-exigen-justicia-en-oaxaca\/\">https:\/\/www.somoselmedio.com\/sandra-ya-esta-en-casa-pero-no-como-sonabamos-comunidades-ayuuk-exigen-justicia-en-oaxaca\/<\/a><\/p>\n","protected":false},"excerpt":{"rendered":"<p>Imagen: Mario Marlo Tras 206 d\u00edas de b\u00fasqueda, encuentran sin vida a Sandra Dom\u00ednguez, defensora ind\u00edgena ayuuk. Familiares y colectivos denuncian la violencia e impunidad que persiste en M\u00e9xico. Mario &hellip; <a href=\"https:\/\/www.grieta.org.mx\/index.php\/2025\/04\/29\/sandra-ya-esta-en-casa-pero-no-como-sonabamos-comunidades-ayuuk-exigen-justicia-en-oaxaca\/\" class=\"more-link\">Leer m\u00e1s<\/a><\/p>\n","protected":false},"author":2,"featured_media":71642,"comment_status":"closed","ping_status":"closed","sticky":false,"template":"","format":"standard","meta":{"ngg_post_thumbnail":0,"_jetpack_newsletter_access":"","_jetpack_dont_email_post_to_subs":false,"_jetpack_newsletter_tier_id":0,"_jetpack_memberships_contains_paywalled_content":false,"_jetpack_memberships_contains_paid_content":false,"footnotes":""},"categories":[80,2,25,1496,1665],"tags":[4005,2860,2140,327,2999],"class_list":["post-71641","post","type-post","status-publish","format-standard","has-post-thumbnail","hentry","category-cintillo","category-noticias-nacionales","category-oaxaca","category-represion-en-oaxaca","category-violencia-contra-las-mujeres-en-oaxaca","tag-agresiones-a-defensores-y-activistas","tag-amenazas-contra-activistas","tag-asesinato-de-activistas","tag-femicidios","tag-feminicidio-violencia-contra-las-mujeres","entry"],"jetpack_featured_media_url":"https:\/\/www.grieta.org.mx\/wp-content\/uploads\/2025\/05\/IMG_2823.webp","jetpack_sharing_enabled":true,"jetpack_shortlink":"https:\/\/wp.me\/p7ZJR4-iDv","jetpack_likes_enabled":false,"jetpack-related-posts":[{"id":71251,"url":"https:\/\/www.grieta.org.mx\/index.php\/2025\/03\/05\/a-sandra-la-desaparecio-el-estado-marchan-para-exigir-aparicion-con-vida-de-la-activista-activista-ayuuk-sandra-dominguez-oaxaca\/","url_meta":{"origin":71641,"position":0},"title":"\u00a1A Sandra la desapareci\u00f3 el estado! : Marchan para exigir aparici\u00f3n con vida de la activista activista ayuuk Sandra Dom\u00ednguez (Oaxaca)","author":"grieta","date":"5 marzo, 2025","format":false,"excerpt":"Imagen: Istmo Press Diana Manzo \/ Istmo Press Oaxaca, Oax.- \u00a1A Sandra, la desapareci\u00f3 el estado, y la queremos con vida!, as\u00ed marcharon por las calles de la capital de Oaxaca, familiares, activistas y amigas de la defensora ayuuk Sandra Dom\u00ednguez para exigir su localizaci\u00f3n con vida a 5 meses\u2026","rel":"","context":"En &quot;CINTILLO&quot;","block_context":{"text":"CINTILLO","link":"https:\/\/www.grieta.org.mx\/index.php\/category\/cintillo\/"},"img":{"alt_text":"","src":"https:\/\/i0.wp.com\/www.grieta.org.mx\/wp-content\/uploads\/2025\/03\/71725775-070a-4a72-ba97-890138cc96a0-800x445-1.jpeg?resize=350%2C200&ssl=1","width":350,"height":200,"srcset":"https:\/\/i0.wp.com\/www.grieta.org.mx\/wp-content\/uploads\/2025\/03\/71725775-070a-4a72-ba97-890138cc96a0-800x445-1.jpeg?resize=350%2C200&ssl=1 1x, https:\/\/i0.wp.com\/www.grieta.org.mx\/wp-content\/uploads\/2025\/03\/71725775-070a-4a72-ba97-890138cc96a0-800x445-1.jpeg?resize=525%2C300&ssl=1 1.5x, https:\/\/i0.wp.com\/www.grieta.org.mx\/wp-content\/uploads\/2025\/03\/71725775-070a-4a72-ba97-890138cc96a0-800x445-1.jpeg?resize=700%2C400&ssl=1 2x"},"classes":[]},{"id":70619,"url":"https:\/\/www.grieta.org.mx\/index.php\/2024\/11\/19\/familiares-de-la-activista-desaparecida-sandra-dominguez-levantan-planton-por-hostigamiento-y-nula-voluntad-gubernamental-oaxaca\/","url_meta":{"origin":71641,"position":1},"title":"Familiares de la activista desaparecida, Sandra Dom\u00ednguez, levantan plant\u00f3n por hostigamiento y nula voluntad gubernamental (Oaxaca)","author":"grieta","date":"19 noviembre, 2024","format":false,"excerpt":"Imagen: Istmo Press #Oaxaca 19 Nov (#Istmopress) \u2013 Por hostigamiento y nula respuesta del gobierno de Oaxaca, familiares de la activista Ayuuk desaparecida, Sandra Dom\u00ednguez levantaron un plant\u00f3n que durante trece d\u00edas tuvieron d\u00eda y noche, en los pasillos del palacio de gobierno. En conferencia de prensa, la madre de\u2026","rel":"","context":"En &quot;CINTILLO&quot;","block_context":{"text":"CINTILLO","link":"https:\/\/www.grieta.org.mx\/index.php\/category\/cintillo\/"},"img":{"alt_text":"","src":"https:\/\/i0.wp.com\/www.grieta.org.mx\/wp-content\/uploads\/2024\/12\/1732072505557-800x445-1.jpg?resize=350%2C200&ssl=1","width":350,"height":200,"srcset":"https:\/\/i0.wp.com\/www.grieta.org.mx\/wp-content\/uploads\/2024\/12\/1732072505557-800x445-1.jpg?resize=350%2C200&ssl=1 1x, https:\/\/i0.wp.com\/www.grieta.org.mx\/wp-content\/uploads\/2024\/12\/1732072505557-800x445-1.jpg?resize=525%2C300&ssl=1 1.5x, https:\/\/i0.wp.com\/www.grieta.org.mx\/wp-content\/uploads\/2024\/12\/1732072505557-800x445-1.jpg?resize=700%2C400&ssl=1 2x"},"classes":[]},{"id":70122,"url":"https:\/\/www.grieta.org.mx\/index.php\/2024\/10\/13\/demandan-busqueda-eficaz-para-la-presentacion-con-vida-de-sandra-dominguez-martinez-defensora-de-derechos-humanos-oaxaca\/","url_meta":{"origin":71641,"position":2},"title":"Demandan b\u00fasqueda eficaz para la presentaci\u00f3n con vida de Sandra Dom\u00ednguez Mart\u00ednez, defensora de derechos humanos (Oaxaca)","author":"grieta","date":"13 octubre, 2024","format":false,"excerpt":"Imagen: Especial Redacci\u00f3n\u00a0 \/ Redacci\u00f3n P\u00e1gina 3 OAXACA. \u2013 Sandra Est\u00e9fana Dom\u00ednguez Mart\u00ednez esta desaparecida desde el 4 de octubre del 2024, tan pronto la familia se enter\u00f3 de tal situaci\u00f3n acudi\u00f3 a la fiscal\u00eda general de Justicia del Estado de Oaxaca a presentar la Denuncia Formal por su desaparici\u00f3n,\u2026","rel":"","context":"En &quot;CINTILLO&quot;","block_context":{"text":"CINTILLO","link":"https:\/\/www.grieta.org.mx\/index.php\/category\/cintillo\/"},"img":{"alt_text":"","src":"https:\/\/i0.wp.com\/www.grieta.org.mx\/wp-content\/uploads\/2024\/10\/SandraMartinez_Pagina3.jpeg?resize=350%2C200&ssl=1","width":350,"height":200,"srcset":"https:\/\/i0.wp.com\/www.grieta.org.mx\/wp-content\/uploads\/2024\/10\/SandraMartinez_Pagina3.jpeg?resize=350%2C200&ssl=1 1x, https:\/\/i0.wp.com\/www.grieta.org.mx\/wp-content\/uploads\/2024\/10\/SandraMartinez_Pagina3.jpeg?resize=525%2C300&ssl=1 1.5x, https:\/\/i0.wp.com\/www.grieta.org.mx\/wp-content\/uploads\/2024\/10\/SandraMartinez_Pagina3.jpeg?resize=700%2C400&ssl=1 2x, https:\/\/i0.wp.com\/www.grieta.org.mx\/wp-content\/uploads\/2024\/10\/SandraMartinez_Pagina3.jpeg?resize=1050%2C600&ssl=1 3x, https:\/\/i0.wp.com\/www.grieta.org.mx\/wp-content\/uploads\/2024\/10\/SandraMartinez_Pagina3.jpeg?resize=1400%2C800&ssl=1 4x"},"classes":[]},{"id":71005,"url":"https:\/\/www.grieta.org.mx\/index.php\/2025\/01\/29\/en-operativo-de-busqueda-de-la-activista-sandra-dominguez-mueren-cuatro-personas-entre-ellas-un-agente-federal-oaxaca\/","url_meta":{"origin":71641,"position":3},"title":"En operativo de b\u00fasqueda de la activista Sandra Dom\u00ednguez mueren cuatro personas; entre ellas un agente federal (Oaxaca)","author":"grieta","date":"29 enero, 2025","format":false,"excerpt":"Imagen: Itsmo Prees Diana Manzo \/ Itsmo Press Oaxaca, Oax.- En un operativo de b\u00fasqueda para localizar a la activista mixe, Sandra Dom\u00ednguez y su esposo Alexander Hern\u00e1ndez encabezado por agentes federales de la Comisi\u00f3n Nacional Antisecuestros en la zona de Mar\u00eda Lombardo, Oaxaca se suscit\u00f3 un enfrentamiento con civiles\u2026","rel":"","context":"En &quot;CINTILLO&quot;","block_context":{"text":"CINTILLO","link":"https:\/\/www.grieta.org.mx\/index.php\/category\/cintillo\/"},"img":{"alt_text":"","src":"https:\/\/i0.wp.com\/www.grieta.org.mx\/wp-content\/uploads\/2025\/02\/IMG_1863-774x445-1.jpeg?resize=350%2C200&ssl=1","width":350,"height":200,"srcset":"https:\/\/i0.wp.com\/www.grieta.org.mx\/wp-content\/uploads\/2025\/02\/IMG_1863-774x445-1.jpeg?resize=350%2C200&ssl=1 1x, https:\/\/i0.wp.com\/www.grieta.org.mx\/wp-content\/uploads\/2025\/02\/IMG_1863-774x445-1.jpeg?resize=525%2C300&ssl=1 1.5x, https:\/\/i0.wp.com\/www.grieta.org.mx\/wp-content\/uploads\/2025\/02\/IMG_1863-774x445-1.jpeg?resize=700%2C400&ssl=1 2x"},"classes":[]},{"id":41527,"url":"https:\/\/www.grieta.org.mx\/index.php\/2019\/11\/24\/afro-oaxaquenas-exigen-a-murat-garantizar-la-vida-de-las-oaxaquenas-oaxaca\/","url_meta":{"origin":71641,"position":4},"title":"Afro-Oaxaque\u00f1as exigen a Murat garantizar la vida de las oaxaque\u00f1as (Oaxaca)","author":"grieta","date":"24 noviembre, 2019","format":false,"excerpt":"P\u00e1gina 3 \/ Comunicados. Al presidente de la Rep\u00fablica Lic. Andr\u00e9s Manuel L\u00f3pez Obrador Al gobernador de Oaxaca, Alejandro Murat Al fiscal general de Oaxaca, Rub\u00e9n Vasconcelos M\u00e9ndez A la Secretar\u00eda de la Mujer Oaxaque\u00f1a Las integrantes del \u201cPacto de Mujeres\u201d surgido del VI Foro de Mujeres Lideresas Huatulco 2018,\u2026","rel":"","context":"En &quot;CINTILLO&quot;","block_context":{"text":"CINTILLO","link":"https:\/\/www.grieta.org.mx\/index.php\/category\/cintillo\/"},"img":{"alt_text":"","src":"https:\/\/i0.wp.com\/www.grieta.org.mx\/wp-content\/uploads\/2018\/03\/14524434_1106112876131411_958039263622046936_o.jpg?resize=350%2C200&ssl=1","width":350,"height":200,"srcset":"https:\/\/i0.wp.com\/www.grieta.org.mx\/wp-content\/uploads\/2018\/03\/14524434_1106112876131411_958039263622046936_o.jpg?resize=350%2C200&ssl=1 1x, https:\/\/i0.wp.com\/www.grieta.org.mx\/wp-content\/uploads\/2018\/03\/14524434_1106112876131411_958039263622046936_o.jpg?resize=525%2C300&ssl=1 1.5x, https:\/\/i0.wp.com\/www.grieta.org.mx\/wp-content\/uploads\/2018\/03\/14524434_1106112876131411_958039263622046936_o.jpg?resize=700%2C400&ssl=1 2x"},"classes":[]},{"id":46790,"url":"https:\/\/www.grieta.org.mx\/index.php\/2020\/03\/24\/exigen-disculpa-publica-de-adelfo-regino-a-mujeres-indigenas-por-minimizar-violencia-de-genero-oaxaca\/","url_meta":{"origin":71641,"position":5},"title":"Exigen disculpa p\u00fablica de Adelfo Regino a mujeres ind\u00edgenas por minimizar violencia de g\u00e9nero (Oaxaca)","author":"grieta","date":"24 marzo, 2020","format":false,"excerpt":"P\u00e1gina 3 \/ Pedro Mat\u00edas. Exigen disculpa p\u00fablica de Adelfo Regino a mujeres ind\u00edgenas por minimizar violencia de g\u00e9nero. OAXACA, Oax. (pagina3.mx).- La Red Nacional de Abogadas Ind\u00edgenas (RAI) exigi\u00f3 al titular del Instituto Nacional de Pueblos Ind\u00edgenas (INPI), Adelfo Regino Montes ofrezca una disculpa p\u00fablica a la denunciante y\u2026","rel":"","context":"En &quot;CINTILLO&quot;","block_context":{"text":"CINTILLO","link":"https:\/\/www.grieta.org.mx\/index.php\/category\/cintillo\/"},"img":{"alt_text":"","src":"https:\/\/i0.wp.com\/www.grieta.org.mx\/wp-content\/uploads\/2020\/03\/Adelfo-Regino-INPI-696x359.jpeg?resize=350%2C200&ssl=1","width":350,"height":200,"srcset":"https:\/\/i0.wp.com\/www.grieta.org.mx\/wp-content\/uploads\/2020\/03\/Adelfo-Regino-INPI-696x359.jpeg?resize=350%2C200&ssl=1 1x, https:\/\/i0.wp.com\/www.grieta.org.mx\/wp-content\/uploads\/2020\/03\/Adelfo-Regino-INPI-696x359.jpeg?resize=525%2C300&ssl=1 1.5x"},"classes":[]}],"_links":{"self":[{"href":"https:\/\/www.grieta.org.mx\/index.php\/wp-json\/wp\/v2\/posts\/71641","targetHints":{"allow":["GET"]}}],"collection":[{"href":"https:\/\/www.grieta.org.mx\/index.php\/wp-json\/wp\/v2\/posts"}],"about":[{"href":"https:\/\/www.grieta.org.mx\/index.php\/wp-json\/wp\/v2\/types\/post"}],"author":[{"embeddable":true,"href":"https:\/\/www.grieta.org.mx\/index.php\/wp-json\/wp\/v2\/users\/2"}],"replies":[{"embeddable":true,"href":"https:\/\/www.grieta.org.mx\/index.php\/wp-json\/wp\/v2\/comments?post=71641"}],"version-history":[{"count":1,"href":"https:\/\/www.grieta.org.mx\/index.php\/wp-json\/wp\/v2\/posts\/71641\/revisions"}],"predecessor-version":[{"id":71643,"href":"https:\/\/www.grieta.org.mx\/index.php\/wp-json\/wp\/v2\/posts\/71641\/revisions\/71643"}],"wp:featuredmedia":[{"embeddable":true,"href":"https:\/\/www.grieta.org.mx\/index.php\/wp-json\/wp\/v2\/media\/71642"}],"wp:attachment":[{"href":"https:\/\/www.grieta.org.mx\/index.php\/wp-json\/wp\/v2\/media?parent=71641"}],"wp:term":[{"taxonomy":"category","embeddable":true,"href":"https:\/\/www.grieta.org.mx\/index.php\/wp-json\/wp\/v2\/categories?post=71641"},{"taxonomy":"post_tag","embeddable":true,"href":"https:\/\/www.grieta.org.mx\/index.php\/wp-json\/wp\/v2\/tags?post=71641"}],"curies":[{"name":"wp","href":"https:\/\/api.w.org\/{rel}","templated":true}]}}