{"id":71629,"date":"2025-04-27T12:17:17","date_gmt":"2025-04-27T18:17:17","guid":{"rendered":"https:\/\/www.grieta.org.mx\/?p=71629"},"modified":"2025-05-02T12:38:31","modified_gmt":"2025-05-02T18:38:31","slug":"fallece-uno-de-los-4-bebes-que-fueron-trasladados-por-falta-de-insumos-y-medicamentos-del-hospital-imss-de-matias-romero-oaxaca","status":"publish","type":"post","link":"https:\/\/www.grieta.org.mx\/index.php\/2025\/04\/27\/fallece-uno-de-los-4-bebes-que-fueron-trasladados-por-falta-de-insumos-y-medicamentos-del-hospital-imss-de-matias-romero-oaxaca\/","title":{"rendered":"Fallece uno de los 4 beb\u00e9s que fueron trasladados por falta de insumos y medicamentos del Hospital IMSS de Mat\u00edas Romero (Oaxaca)"},"content":{"rendered":"<p>Imagen: Istmo Press<\/p>\n<p>Diana Manzo \/ Istmo Press<\/p>\n<p>Oaxaca, Oax.- Nuevamente la crisis de salud en Oaxaca se evidencia con la muerte de uno de los cuatro reci\u00e9n nacidos, quienes fueron traslados por falta de insumos y medicinas del Hospital IMSS de Mat\u00edas Romero, a diversos hospitales en la capital de Oaxaca y al del IMSS de Salina Cruz, Oaxaca.<\/p>\n<p>El reci\u00e9n nacido de apellido Hern\u00e1ndez Francisco y originario de la comunidad de El Zacatal, en San Juan Guichicovi, Oaxaca falleci\u00f3 de acuerdo con su acta de defunci\u00f3n por Acidosis Severa, Insuficiencia respiratoria aguda y atrofia esof\u00e1gica.<\/p>\n<p>Integrantes de la Uni\u00f3n de Comunidades Ind\u00edgenas de la Zona Norte del Istmo (Ucizoni) informaron que el beb\u00e9 falleci\u00f3 esta madrugada en su traslado de Mat\u00edas Romero a Salina Cruz, Oaxaca.<\/p>\n<p>\u201cLa alerta se hizo desde el pasado viernes\u201d denunciaron Juana Ram\u00edrez, integrante de Ucizoni, sin embargo, recalc\u00f3, que a las autoridades del IMSS poco les import\u00f3 y \u201cahora hay un deceso\u201d.<\/p>\n<p>Los familiares del menor dijeron que era su primer beb\u00e9, y que denunciar\u00e1n ante las instancias correspondientes esta mala pr\u00e1ctica, pues desafortunadamente su beb\u00e9 falleci\u00f3 por no ser atendido de manera r\u00e1pida, y fue hasta que hubo el llamado y la exigencia p\u00fablica en medios de comunicaci\u00f3n.<\/p>\n<p>De los otros reci\u00e9n nacidos, el del apellido Hern\u00e1ndez Antonio originario de la comunidad \u201cMogo\u00f1e Viejo\u201d, sus padres denunciaron que la mam\u00e1 del menor acudi\u00f3 al Hospital IMSS de Matias Romero llevando consigo su ultrasonido, donde recalca la urgencia de que le practicaron una ces\u00e1rea por complicaciones, sin embargo, la doctora que la atenci\u00f3n en el \u00e1rea de urgencias le dijo que ten\u00eda que esperar y la mandaron de regreso a su casa y despu\u00e9s fue cuando se alivi\u00f3.<\/p>\n<p>Este reci\u00e9n nacido, se encuentra actualmente en el Hospital de la Ni\u00f1ez Oaxaque\u00f1a, a 7 meses de haber nacido y su valoraci\u00f3n es delicada, pues presenta s\u00edndrome de aspiraci\u00f3n y meconio.<\/p>\n<p>Los integrantes de la UCIZONI se\u00f1alaron que el tercer nacido, de apellido AJ lleva 11 d\u00edas con vida, bajo el diagn\u00f3sticos de Reci\u00e9n nacido de pret\u00e9rmino y probable cardiopat\u00eda cong\u00e9nita. Fue valorado por cardiolog\u00eda del Hospital de la Ni\u00f1ez Oaxaque\u00f1a y su pr\u00f3xima cita es el 30 de abril, actualmente en IMSS Matias Romero, en vigilancia estrecha.<\/p>\n<p>y finalmente el reci\u00e9n nacido de apellido MA de 3 d\u00edas de vida, con t\u00e9rmino de s\u00edndrome de aspiraci\u00f3n de meconio, y aceptado por neumolog\u00eda pediatra del hospital de Tlacolula, en los Valles de Oaxaca.<\/p>\n<p><a href=\"https:\/\/www.istmopress.com.mx\/oaxaca\/fallece-uno-de-los-4-bebes-que-fueron-trasladados-por-falta-de-insumos-y-medicamentos-del-hospital-imss-de-matias-romero\/\">https:\/\/www.istmopress.com.mx\/oaxaca\/fallece-uno-de-los-4-bebes-que-fueron-trasladados-por-falta-de-insumos-y-medicamentos-del-hospital-imss-de-matiass-romero\/<\/a><\/p>\n","protected":false},"excerpt":{"rendered":"<p>Imagen: Istmo Press Diana Manzo \/ Istmo Press Oaxaca, Oax.- Nuevamente la crisis de salud en Oaxaca se evidencia con la muerte de uno de los cuatro reci\u00e9n nacidos, quienes &hellip; <a href=\"https:\/\/www.grieta.org.mx\/index.php\/2025\/04\/27\/fallece-uno-de-los-4-bebes-que-fueron-trasladados-por-falta-de-insumos-y-medicamentos-del-hospital-imss-de-matias-romero-oaxaca\/\" class=\"more-link\">Leer m\u00e1s<\/a><\/p>\n","protected":false},"author":2,"featured_media":71630,"comment_status":"closed","ping_status":"closed","sticky":false,"template":"","format":"standard","meta":{"ngg_post_thumbnail":0,"_jetpack_newsletter_access":"","_jetpack_dont_email_post_to_subs":false,"_jetpack_newsletter_tier_id":0,"_jetpack_memberships_contains_paywalled_content":false,"_jetpack_memberships_contains_paid_content":false,"footnotes":""},"categories":[80,918,1728,1827,1477,2,25,83],"tags":[3133,2366,4136,3284,2551,166,4227,3776],"class_list":["post-71629","post","type-post","status-publish","format-standard","has-post-thumbnail","hentry","category-cintillo","category-privatizacion-del-sector-salud","category-crisis-del-sector-salud-en-oaxaca","category-la-ninez-en-la-tormenta-capitalista","category-la-ninez-en-la-tormenta-en-oaxaca","category-noticias-nacionales","category-oaxaca","category-temas-nacionales","tag-crisis-del-sector-salud","tag-desabasto-de-medicinas","tag-espejo-5","tag-falta-de-insumos-en-hospitales","tag-falta-de-medicinas","tag-imss","tag-imss-bienestar","tag-la-ninez-en-la-tormenta-capitalista","entry"],"jetpack_featured_media_url":"https:\/\/www.grieta.org.mx\/wp-content\/uploads\/2025\/05\/028158ce-680e-4b75-9f41-277926c48296-1-800x445-1.jpeg","jetpack_sharing_enabled":true,"jetpack_shortlink":"https:\/\/wp.me\/p7ZJR4-iDj","jetpack_likes_enabled":false,"jetpack-related-posts":[{"id":71555,"url":"https:\/\/www.grieta.org.mx\/index.php\/2025\/04\/04\/sin-insumos-ni-personal-medico-asi-labora-hospital-imss-bienestar-en-santa-catarina-juquila-oaxaca\/","url_meta":{"origin":71629,"position":0},"title":"Sin insumos ni personal m\u00e9dico, as\u00ed labora Hospital IMSS Bienestar en Santa Catarina Juquila, Oaxaca","author":"grieta","date":"4 abril, 2025","format":false,"excerpt":"Imagen: Istmo Press Diana Manzo \/ Istmo Press Oaxaca, Oax.-Trabajadores no sindicalizados del Hospital IMSS Bienestar de Santa Catarina Juquila, Oaxaca -antes hospital b\u00e1sico comunitario-denunciaron la crisis de salud que enfrenta esta unidad m\u00e9dica, por la falta de insumos y medicinas, pero tambi\u00e9n temen un despido masivo de personal no\u2026","rel":"","context":"En &quot;CINTILLO&quot;","block_context":{"text":"CINTILLO","link":"https:\/\/www.grieta.org.mx\/index.php\/category\/cintillo\/"},"img":{"alt_text":"","src":"https:\/\/i0.wp.com\/www.grieta.org.mx\/wp-content\/uploads\/2025\/04\/37af5b9d-7462-4e43-9a6b-b321ae7909ee-1.jpeg?resize=350%2C200&ssl=1","width":350,"height":200,"srcset":"https:\/\/i0.wp.com\/www.grieta.org.mx\/wp-content\/uploads\/2025\/04\/37af5b9d-7462-4e43-9a6b-b321ae7909ee-1.jpeg?resize=350%2C200&ssl=1 1x, https:\/\/i0.wp.com\/www.grieta.org.mx\/wp-content\/uploads\/2025\/04\/37af5b9d-7462-4e43-9a6b-b321ae7909ee-1.jpeg?resize=525%2C300&ssl=1 1.5x, https:\/\/i0.wp.com\/www.grieta.org.mx\/wp-content\/uploads\/2025\/04\/37af5b9d-7462-4e43-9a6b-b321ae7909ee-1.jpeg?resize=700%2C400&ssl=1 2x, https:\/\/i0.wp.com\/www.grieta.org.mx\/wp-content\/uploads\/2025\/04\/37af5b9d-7462-4e43-9a6b-b321ae7909ee-1.jpeg?resize=1050%2C600&ssl=1 3x"},"classes":[]},{"id":72106,"url":"https:\/\/www.grieta.org.mx\/index.php\/2025\/07\/31\/pacientes-sin-comida-bebes-sin-leche-el-colapso-del-hospital-civil-de-oaxaca\/","url_meta":{"origin":71629,"position":1},"title":"Pacientes sin comida, beb\u00e9s sin leche: el colapso del Hospital Civil de Oaxaca","author":"grieta","date":"31 julio, 2025","format":false,"excerpt":"Imagen: P\u00e1gina 3 Y mientras el nosocomio \"\u00a0Dr. Aurelio Valdivieso\" enfrenta una grave crisis, el gobierno gasta millones en conciertos Ana Luisa Cantoral \/ P\u00e1gina 3 OAXACA, Oax., (pagina3.mx).- En el Hospital Civil \u201cDr. Aurelio Valdivieso\u201d, el personal m\u00e9dico no tiene qu\u00e9 comer, las y los pacientes tampoco. Los beb\u00e9s\u2026","rel":"","context":"En &quot;CINTILLO&quot;","block_context":{"text":"CINTILLO","link":"https:\/\/www.grieta.org.mx\/index.php\/category\/cintillo\/"},"img":{"alt_text":"","src":"https:\/\/i0.wp.com\/www.grieta.org.mx\/wp-content\/uploads\/2025\/08\/Hospital-Civil-paro-de-labores.jpeg?resize=350%2C200&ssl=1","width":350,"height":200,"srcset":"https:\/\/i0.wp.com\/www.grieta.org.mx\/wp-content\/uploads\/2025\/08\/Hospital-Civil-paro-de-labores.jpeg?resize=350%2C200&ssl=1 1x, https:\/\/i0.wp.com\/www.grieta.org.mx\/wp-content\/uploads\/2025\/08\/Hospital-Civil-paro-de-labores.jpeg?resize=525%2C300&ssl=1 1.5x, https:\/\/i0.wp.com\/www.grieta.org.mx\/wp-content\/uploads\/2025\/08\/Hospital-Civil-paro-de-labores.jpeg?resize=700%2C400&ssl=1 2x"},"classes":[]},{"id":69948,"url":"https:\/\/www.grieta.org.mx\/index.php\/2024\/09\/13\/con-marcha-trabajadores-de-salud-y-de-educacion-rechazan-al-imss-bienestar-oaxaca\/","url_meta":{"origin":71629,"position":2},"title":"Con marcha, trabajadores de salud y de educaci\u00f3n rechazan al IMSS Bienestar (Oaxaca)","author":"grieta","date":"13 septiembre, 2024","format":false,"excerpt":"Imagen: Itsmopress Diana Manzo \/ Itsmopress #Oaxaca 13 Sep (#Istmopress) \u2013 Con una marcha por las principales calles de la capital de Oaxaca, unos 600 trabajadores sindicalizados de la secci\u00f3n 35 del Sector Salud y de la secci\u00f3n 22 de la CNTE rechazaron el traslado de los Servicios de Salud\u2026","rel":"","context":"En &quot;CINTILLO&quot;","block_context":{"text":"CINTILLO","link":"https:\/\/www.grieta.org.mx\/index.php\/category\/cintillo\/"},"img":{"alt_text":"","src":"https:\/\/i0.wp.com\/www.grieta.org.mx\/wp-content\/uploads\/2024\/09\/1726286512221.jpg?resize=350%2C200&ssl=1","width":350,"height":200,"srcset":"https:\/\/i0.wp.com\/www.grieta.org.mx\/wp-content\/uploads\/2024\/09\/1726286512221.jpg?resize=350%2C200&ssl=1 1x, https:\/\/i0.wp.com\/www.grieta.org.mx\/wp-content\/uploads\/2024\/09\/1726286512221.jpg?resize=525%2C300&ssl=1 1.5x, https:\/\/i0.wp.com\/www.grieta.org.mx\/wp-content\/uploads\/2024\/09\/1726286512221.jpg?resize=700%2C400&ssl=1 2x, https:\/\/i0.wp.com\/www.grieta.org.mx\/wp-content\/uploads\/2024\/09\/1726286512221.jpg?resize=1050%2C600&ssl=1 3x"},"classes":[]},{"id":43807,"url":"https:\/\/www.grieta.org.mx\/index.php\/2020\/01\/24\/hay-desabasto-de-medicamentos-para-la-atencion-de-cancer-infantil-jalisco\/","url_meta":{"origin":71629,"position":3},"title":"Hay desabasto de medicamentos para la atenci\u00f3n de c\u00e1ncer infantil  (Jalisco)","author":"grieta","date":"24 enero, 2020","format":false,"excerpt":"Foto: Francisco Rodr\u00edguez \/ El Occidental Isaura L\u00f3pez \/ El Occidental Se lleg\u00f3 el d\u00eda que organizaciones civiles en Jalisco que velan por la salud de ni\u00f1as, ni\u00f1os y adolescentes con c\u00e1ncer tem\u00edan. En el Hospital General de Occidente (HGO) conocido como Zoquipan y en el Nuevo Hospital Civil de\u2026","rel":"","context":"En &quot;CINTILLO&quot;","block_context":{"text":"CINTILLO","link":"https:\/\/www.grieta.org.mx\/index.php\/category\/cintillo\/"},"img":{"alt_text":"","src":"https:\/\/i0.wp.com\/www.grieta.org.mx\/wp-content\/uploads\/2020\/02\/sin-seguro-popular-2.jpeg?resize=350%2C200&ssl=1","width":350,"height":200,"srcset":"https:\/\/i0.wp.com\/www.grieta.org.mx\/wp-content\/uploads\/2020\/02\/sin-seguro-popular-2.jpeg?resize=350%2C200&ssl=1 1x, https:\/\/i0.wp.com\/www.grieta.org.mx\/wp-content\/uploads\/2020\/02\/sin-seguro-popular-2.jpeg?resize=525%2C300&ssl=1 1.5x, https:\/\/i0.wp.com\/www.grieta.org.mx\/wp-content\/uploads\/2020\/02\/sin-seguro-popular-2.jpeg?resize=700%2C400&ssl=1 2x"},"classes":[]},{"id":47599,"url":"https:\/\/www.grieta.org.mx\/index.php\/2020\/04\/08\/sin-equipo-y-en-condiciones-insalubres-el-imss-oaxaca-ante-covid-19-personal-oaxaca\/","url_meta":{"origin":71629,"position":4},"title":"Sin equipo y en condiciones insalubres, el IMSS-Oaxaca ante COVID-19: Personal","author":"grieta","date":"8 abril, 2020","format":false,"excerpt":"Armando Guerra \/ P\u00e1gina 3. A falta de insumos, denunciaron que el personal m\u00e9dico y de enfermer\u00eda solo se pone bolsas de pl\u00e1stico encima. Personal del Hospital de Zona 01 \u201cDemetrio Mayoral Pardo\u201d del Instituto Mexicano del Seguro Social (IMSS), en Oaxaca, denunci\u00f3 condiciones insalubres, y falta de insumos y\u2026","rel":"","context":"En &quot;CINTILLO&quot;","block_context":{"text":"CINTILLO","link":"https:\/\/www.grieta.org.mx\/index.php\/category\/cintillo\/"},"img":{"alt_text":"","src":"https:\/\/i0.wp.com\/www.grieta.org.mx\/wp-content\/uploads\/2020\/04\/Sin-equipo-y-en-condiciones-insalubres-el-IMSS-Oaxaca-696x360.jpeg?resize=350%2C200&ssl=1","width":350,"height":200,"srcset":"https:\/\/i0.wp.com\/www.grieta.org.mx\/wp-content\/uploads\/2020\/04\/Sin-equipo-y-en-condiciones-insalubres-el-IMSS-Oaxaca-696x360.jpeg?resize=350%2C200&ssl=1 1x, https:\/\/i0.wp.com\/www.grieta.org.mx\/wp-content\/uploads\/2020\/04\/Sin-equipo-y-en-condiciones-insalubres-el-IMSS-Oaxaca-696x360.jpeg?resize=525%2C300&ssl=1 1.5x"},"classes":[]},{"id":15382,"url":"https:\/\/www.grieta.org.mx\/index.php\/2016\/06\/22\/cumplen-una-semana-de-paro-en-hospitales-del-istmo\/","url_meta":{"origin":71629,"position":5},"title":"Cumplen una semana de paro en Hospitales del Istmo","author":"grieta","date":"22 junio, 2016","format":false,"excerpt":"Diana Manzo, Aguascalientes #Juchit\u00e1n 22 jun (#Istmopress) .- Trabajadores de los Servicios de Salud de Oaxaca (SSO) en la regi\u00f3n del Istmo de Tehuantepec cumplieron una semana de paro de labores en Hospitales debido a la falta de insumos, medicamentos e infraestructura. En los hospitales de Juchit\u00e1n, Ixtepec, Salina Cruz\u2026","rel":"","context":"En &quot;CINTILLO&quot;","block_context":{"text":"CINTILLO","link":"https:\/\/www.grieta.org.mx\/index.php\/category\/cintillo\/"},"img":{"alt_text":"","src":"https:\/\/i0.wp.com\/www.grieta.org.mx\/wp-content\/uploads\/2018\/03\/14524434_1106112876131411_958039263622046936_o.jpg?resize=350%2C200&ssl=1","width":350,"height":200,"srcset":"https:\/\/i0.wp.com\/www.grieta.org.mx\/wp-content\/uploads\/2018\/03\/14524434_1106112876131411_958039263622046936_o.jpg?resize=350%2C200&ssl=1 1x, https:\/\/i0.wp.com\/www.grieta.org.mx\/wp-content\/uploads\/2018\/03\/14524434_1106112876131411_958039263622046936_o.jpg?resize=525%2C300&ssl=1 1.5x, https:\/\/i0.wp.com\/www.grieta.org.mx\/wp-content\/uploads\/2018\/03\/14524434_1106112876131411_958039263622046936_o.jpg?resize=700%2C400&ssl=1 2x"},"classes":[]}],"_links":{"self":[{"href":"https:\/\/www.grieta.org.mx\/index.php\/wp-json\/wp\/v2\/posts\/71629","targetHints":{"allow":["GET"]}}],"collection":[{"href":"https:\/\/www.grieta.org.mx\/index.php\/wp-json\/wp\/v2\/posts"}],"about":[{"href":"https:\/\/www.grieta.org.mx\/index.php\/wp-json\/wp\/v2\/types\/post"}],"author":[{"embeddable":true,"href":"https:\/\/www.grieta.org.mx\/index.php\/wp-json\/wp\/v2\/users\/2"}],"replies":[{"embeddable":true,"href":"https:\/\/www.grieta.org.mx\/index.php\/wp-json\/wp\/v2\/comments?post=71629"}],"version-history":[{"count":1,"href":"https:\/\/www.grieta.org.mx\/index.php\/wp-json\/wp\/v2\/posts\/71629\/revisions"}],"predecessor-version":[{"id":71631,"href":"https:\/\/www.grieta.org.mx\/index.php\/wp-json\/wp\/v2\/posts\/71629\/revisions\/71631"}],"wp:featuredmedia":[{"embeddable":true,"href":"https:\/\/www.grieta.org.mx\/index.php\/wp-json\/wp\/v2\/media\/71630"}],"wp:attachment":[{"href":"https:\/\/www.grieta.org.mx\/index.php\/wp-json\/wp\/v2\/media?parent=71629"}],"wp:term":[{"taxonomy":"category","embeddable":true,"href":"https:\/\/www.grieta.org.mx\/index.php\/wp-json\/wp\/v2\/categories?post=71629"},{"taxonomy":"post_tag","embeddable":true,"href":"https:\/\/www.grieta.org.mx\/index.php\/wp-json\/wp\/v2\/tags?post=71629"}],"curies":[{"name":"wp","href":"https:\/\/api.w.org\/{rel}","templated":true}]}}