{"id":71590,"date":"2025-04-11T16:58:15","date_gmt":"2025-04-11T22:58:15","guid":{"rendered":"https:\/\/www.grieta.org.mx\/?p=71590"},"modified":"2025-04-15T17:07:45","modified_gmt":"2025-04-15T23:07:45","slug":"recalcan-que-al-ser-monte-federal-misnebalam-no-puede-parcelarse-yucatan","status":"publish","type":"post","link":"https:\/\/www.grieta.org.mx\/index.php\/2025\/04\/11\/recalcan-que-al-ser-monte-federal-misnebalam-no-puede-parcelarse-yucatan\/","title":{"rendered":"Recalcan que al ser monte federal, Misnebalam no puede parcelarse (Yucat\u00e1n)"},"content":{"rendered":"<p>Haz Ruido<\/p>\n<blockquote><p>Las y los pobladores de Chablekal acusan que el Ejido no podr\u00e1 disponer ni modificar la situaci\u00f3n jur\u00eddica de Misnebalam, hasta que termine el juicio agrario vigente.\n<\/p><\/blockquote>\n<p>Chablekal, M\u00e9rida, Yucat\u00e1n, 11 de abril de 2025.-La Uni\u00f3n de Pobladores y Pobladoras de Chablekal reiter\u00f3 que Misnebalam no puede parcelarse por el Ejido, ni tampoco modificar o usufructuar sus tierras debido a las medidas precautorias emitidas por un Tribunal Unitario Agrario (TUA) que se\u00f1alan que este territorio es un monte federal.<\/p>\n<p>A trav\u00e9s de un comunicado, recordaron que desde 2014, la Uni\u00f3n de Pobladores y Pobladoras de Chablekal por la Defensa del Territorio y los Recursos Naturales, emprendi\u00f3 un juicio agrario para evitar la venta y devastaci\u00f3n del \u00faltimo monte forestal de Chablekal: Misnebalam. El Juicio se encuentra ante el TUA 34, bajo el expediente 1776\/2014. <\/p>\n<p>Durante el Juicio, el Tribunal impuso medidas precautorias para que el ejido respete la posesi\u00f3n que la Uni\u00f3n tiene sobre Misnebalam. Adem\u00e1s, prohibi\u00f3 que la Asamblea Ejidal pueda modificar o cambiar la situaci\u00f3n jur\u00eddica de ese monte. <\/p>\n<p>En ese sentido, a ra\u00edz de ese juicio y de las medidas precautorias, explicaron que el Ejido no puede parcelar Misnebalam ni hacer cambios de destino, tampoco usufructuar las tierras ni efectuar otros actos que puedan modificar, cambiar, limitar o restringirlo. <\/p>\n<p>Cabe se\u00f1alar que la medida precautoria concedida por el TUA a favor de la Uni\u00f3n sigue con efectos hasta en tanto se dicte sentencia definitiva en el asunto. <\/p>\n<p>Las y los pobladores detallaron que la sentencia no ha llegado, puesto que actualmente el juicio est\u00e1 detenido a ra\u00edz de una demanda de amparo presentada por la Uni\u00f3n, precisamente por el desacato que el Comisariado Ejidal ha cometido al violar la medida precautoria cuando firmaron un usufructo a favor de terceros ajenos al Ejido, situaci\u00f3n que el Tribunal confirm\u00f3 como un acto que violenta dicha medida. <\/p>\n<p>Por lo tanto, recalcaron, primero debe resolverse ese amparo, y luego el juicio agrario. Si el Comisariado Ejidal, la Asamblea o terceras personas hacen promesas de repartir derechos agrarios sobre Misnebalam; o bien quieren hacerle alg\u00fan cambio de destino, parcelamiento, asignaci\u00f3n, entre otros, que modifiquen o limiten su estatus legal, o bien restrinja la posesi\u00f3n que actualmente mantiene la Uni\u00f3n de Pobladores y Pobladoras: se estar\u00eda cayendo en ilegalidades e incluso cometer el delito de \u201cdesobediencia\u201d reconocido en el C\u00f3digo Penal Federal, por no cumplir o acatar una orden de autoridad competente, como lo es el Tribunal Unitario Agrario. <\/p>\n<p>Aunado a ello, cabe recordar que Misnebalam, al ser monte forestal no puede parcelarse ni asignarse para asentamiento humano, de acuerdo con el art\u00edculo 59 de la Ley Agraria, por lo que la sola decisi\u00f3n de una Asamblea Ejidal no es suficiente para ello. <\/p>\n<p>\u201cCualquier afirmaci\u00f3n en contrario a lo que aqu\u00ed se\u00f1alamos es un mentira o tergiversaci\u00f3n de la informaci\u00f3n, que no busca m\u00e1s que confundir a las y los ejidatarios. Esperamos que el Comisariado Ejidal se abstenga de continuar con informaci\u00f3n maliciosa, vaga y confusa sobre el tema, y mejor esperemos la resoluci\u00f3n real del caso. Hablar con la verdad nos hace fuertes y cre\u00edbles, quien usa la mentira solo demuestra su propia debilidad\u201d, concluyeron las y los pobladores de Chablekal.<\/p>\n<p><a href=\"https:\/\/www.hazruido.mx\/reportes\/recalcan-que-al-ser-monte-federal-misnebalam-no-puede-parcelarse\/\" target=\"_blank\">https:\/\/www.hazruido.mx\/reportes\/recalcan-que-al-ser-monte-federal-misnebalam-no-puede-parcelarse\/<\/a><\/p>\n","protected":false},"excerpt":{"rendered":"<p>Haz Ruido Las y los pobladores de Chablekal acusan que el Ejido no podr\u00e1 disponer ni modificar la situaci\u00f3n jur\u00eddica de Misnebalam, hasta que termine el juicio agrario vigente. Chablekal, &hellip; <a href=\"https:\/\/www.grieta.org.mx\/index.php\/2025\/04\/11\/recalcan-que-al-ser-monte-federal-misnebalam-no-puede-parcelarse-yucatan\/\" class=\"more-link\">Leer m\u00e1s<\/a><\/p>\n","protected":false},"author":2,"featured_media":71591,"comment_status":"closed","ping_status":"closed","sticky":false,"template":"","format":"standard","meta":{"ngg_post_thumbnail":0,"_jetpack_newsletter_access":"","_jetpack_dont_email_post_to_subs":false,"_jetpack_newsletter_tier_id":0,"_jetpack_memberships_contains_paywalled_content":false,"_jetpack_memberships_contains_paid_content":false,"footnotes":""},"categories":[80,1269,2,1071,36],"tags":[3820,416,2311,4242],"class_list":["post-71590","post","type-post","status-publish","format-standard","has-post-thumbnail","hentry","category-cintillo","category-protestas-ante-despojo-por-proyectos-inmobiliarios-en-yucatan","category-noticias-nacionales","category-resistencia-al-despojo-de-tierras-ejidales-en-yucatan","category-yucatan","tag-amparos","tag-chablekal","tag-despojo-de-tierras","tag-misnebalam","entry"],"jetpack_featured_media_url":"https:\/\/www.grieta.org.mx\/wp-content\/uploads\/2025\/04\/Misnebalam-e1744758340139.jpg","jetpack_sharing_enabled":true,"jetpack_shortlink":"https:\/\/wp.me\/p7ZJR4-iCG","jetpack_likes_enabled":false,"jetpack-related-posts":[{"id":6265,"url":"https:\/\/www.grieta.org.mx\/index.php\/2016\/02\/25\/clausuran-ejidatarios-de-chablekal-a-la-procuraduria-agraria-por-inaccion-ante-despojo-de-tierras\/","url_meta":{"origin":71590,"position":0},"title":"Clausuran ejidatarios de Chablekal a la Procuradur\u00eda Agraria por inacci\u00f3n ante despojo de tierras","author":"grieta","date":"25 febrero, 2016","format":false,"excerpt":"Redacci\u00f3n.- El d\u00eda de hoy pobladoras y pobladores de Chablekal realizaron una protesta en la delegaci\u00f3n Yucat\u00e1n de la Procuradur\u00eda Agraria y entregaron un escrito denunciando malas pr\u00e1cticas que persisten en el ejido de Chablekal y la nula actuaci\u00f3n de la Procuradur\u00eda Agraria. La Uni\u00f3n de Pobladoras y Pobladores de\u2026","rel":"","context":"En &quot;CINTILLO&quot;","block_context":{"text":"CINTILLO","link":"https:\/\/www.grieta.org.mx\/index.php\/category\/cintillo\/"},"img":{"alt_text":"","src":"https:\/\/i0.wp.com\/www.grieta.org.mx\/wp-content\/uploads\/2018\/03\/14524434_1106112876131411_958039263622046936_o.jpg?resize=350%2C200&ssl=1","width":350,"height":200,"srcset":"https:\/\/i0.wp.com\/www.grieta.org.mx\/wp-content\/uploads\/2018\/03\/14524434_1106112876131411_958039263622046936_o.jpg?resize=350%2C200&ssl=1 1x, https:\/\/i0.wp.com\/www.grieta.org.mx\/wp-content\/uploads\/2018\/03\/14524434_1106112876131411_958039263622046936_o.jpg?resize=525%2C300&ssl=1 1.5x, https:\/\/i0.wp.com\/www.grieta.org.mx\/wp-content\/uploads\/2018\/03\/14524434_1106112876131411_958039263622046936_o.jpg?resize=700%2C400&ssl=1 2x"},"classes":[]},{"id":71935,"url":"https:\/\/www.grieta.org.mx\/index.php\/2025\/06\/30\/investigan-dano-al-patrimonio-arqueologico-por-tala-ilegal-en-misnebalamyucatan\/","url_meta":{"origin":71590,"position":1},"title":"Investigan da\u00f1o al patrimonio arqueol\u00f3gico por tala ilegal en Misnebalam(Yucat\u00e1n)","author":"grieta","date":"30 junio, 2025","format":false,"excerpt":"Haz Ruido El INAH y la PROFEPA clausuraron el sitio e investigan a los responsables por dichas actividades sin autorizaci\u00f3n legal. M\u00e9rida, Yucat\u00e1n, 30 de junio de 2025.-La Uni\u00f3n de Pobladores y Pobladoras de Chablekal denunci\u00f3 que el territorio de Misnebalam no s\u00f3lo sufri\u00f3 un desmonte ilegal, sino que tambi\u00e9n\u2026","rel":"","context":"En &quot;CINTILLO&quot;","block_context":{"text":"CINTILLO","link":"https:\/\/www.grieta.org.mx\/index.php\/category\/cintillo\/"},"img":{"alt_text":"","src":"https:\/\/i0.wp.com\/www.grieta.org.mx\/wp-content\/uploads\/2025\/07\/Misnebalam-e1751717449892.jpg?resize=350%2C200&ssl=1","width":350,"height":200,"srcset":"https:\/\/i0.wp.com\/www.grieta.org.mx\/wp-content\/uploads\/2025\/07\/Misnebalam-e1751717449892.jpg?resize=350%2C200&ssl=1 1x, https:\/\/i0.wp.com\/www.grieta.org.mx\/wp-content\/uploads\/2025\/07\/Misnebalam-e1751717449892.jpg?resize=525%2C300&ssl=1 1.5x, https:\/\/i0.wp.com\/www.grieta.org.mx\/wp-content\/uploads\/2025\/07\/Misnebalam-e1751717449892.jpg?resize=700%2C400&ssl=1 2x"},"classes":[]},{"id":20647,"url":"https:\/\/www.grieta.org.mx\/index.php\/2016\/08\/31\/pueblo-maya-de-chablekal-denuncia-despojo-de-tierras-en-beneficio-de-empresarios\/","url_meta":{"origin":71590,"position":2},"title":"Pueblo maya de Chablekal denuncia despojo de tierras en beneficio de empresarios","author":"grieta","date":"31 agosto, 2016","format":false,"excerpt":"Pueblo maya de Chablekal denuncia despojo de tierras en beneficio de empresarios Este 31 de agosto, en punto del medio d\u00eda, la Uni\u00f3n de Pobladoras y Pobladores de Chablekal en Defensa de la Tierra y el Territorio, llev\u00f3 a cabo una rueda de prensa en la puerta del Tribunal Agrario\u2026","rel":"","context":"En &quot;CINTILLO&quot;","block_context":{"text":"CINTILLO","link":"https:\/\/www.grieta.org.mx\/index.php\/category\/cintillo\/"},"img":{"alt_text":"","src":"https:\/\/i0.wp.com\/www.grieta.org.mx\/wp-content\/uploads\/2018\/03\/14524434_1106112876131411_958039263622046936_o.jpg?resize=350%2C200&ssl=1","width":350,"height":200,"srcset":"https:\/\/i0.wp.com\/www.grieta.org.mx\/wp-content\/uploads\/2018\/03\/14524434_1106112876131411_958039263622046936_o.jpg?resize=350%2C200&ssl=1 1x, https:\/\/i0.wp.com\/www.grieta.org.mx\/wp-content\/uploads\/2018\/03\/14524434_1106112876131411_958039263622046936_o.jpg?resize=525%2C300&ssl=1 1.5x, https:\/\/i0.wp.com\/www.grieta.org.mx\/wp-content\/uploads\/2018\/03\/14524434_1106112876131411_958039263622046936_o.jpg?resize=700%2C400&ssl=1 2x"},"classes":[]},{"id":6280,"url":"https:\/\/www.grieta.org.mx\/index.php\/2016\/01\/29\/denuncian-compra-ilegal-de-tierras-en-chablekal-yucatan\/","url_meta":{"origin":71590,"position":3},"title":"Denuncian compra ilegal de tierras en Chablekal, Yucat\u00e1n","author":"grieta","date":"29 enero, 2016","format":false,"excerpt":"El Equipo Indignaci\u00f3n difunde la denuncia y una alerta de la Uni\u00f3n de Pobladoras y Pobladores de Chablekal por el Derecho a la Tenencia de la Tierra, el Territorio y los Recursos Naturales. CHABLEKAL, Yuc. 28 de enero del 2016.- El Equipo Indignaci\u00f3n difundi\u00f3 una denuncia y una alerta de\u2026","rel":"","context":"En &quot;CINTILLO&quot;","block_context":{"text":"CINTILLO","link":"https:\/\/www.grieta.org.mx\/index.php\/category\/cintillo\/"},"img":{"alt_text":"","src":"https:\/\/i0.wp.com\/www.grieta.org.mx\/wp-content\/uploads\/2018\/03\/14524434_1106112876131411_958039263622046936_o.jpg?resize=350%2C200&ssl=1","width":350,"height":200,"srcset":"https:\/\/i0.wp.com\/www.grieta.org.mx\/wp-content\/uploads\/2018\/03\/14524434_1106112876131411_958039263622046936_o.jpg?resize=350%2C200&ssl=1 1x, https:\/\/i0.wp.com\/www.grieta.org.mx\/wp-content\/uploads\/2018\/03\/14524434_1106112876131411_958039263622046936_o.jpg?resize=525%2C300&ssl=1 1.5x, https:\/\/i0.wp.com\/www.grieta.org.mx\/wp-content\/uploads\/2018\/03\/14524434_1106112876131411_958039263622046936_o.jpg?resize=700%2C400&ssl=1 2x"},"classes":[]},{"id":41030,"url":"https:\/\/www.grieta.org.mx\/index.php\/2019\/11\/08\/demandan-por-tierras-ejidales-yucatan\/","url_meta":{"origin":71590,"position":4},"title":"Demandan por tierras ejidales (Yucat\u00e1n)","author":"grieta","date":"8 noviembre, 2019","format":false,"excerpt":"Gabriel Chan Uicab\/Diario de Yucat\u00e1n En Chablekal se acusa a exl\u00edderes de ventas ilegales Habitantes de Chablekal e integrantes de la Uni\u00f3n de Pobladores y Pobladoras anunciaron ayer los recursos jur\u00eddicos que presentaron ante autoridades en contra del ejido por la violaci\u00f3n a las medidas precautorias que dict\u00f3 un juez\u2026","rel":"","context":"En &quot;CINTILLO&quot;","block_context":{"text":"CINTILLO","link":"https:\/\/www.grieta.org.mx\/index.php\/category\/cintillo\/"},"img":{"alt_text":"","src":"https:\/\/i0.wp.com\/www.grieta.org.mx\/wp-content\/uploads\/2019\/11\/IMG-30267115.jpg?resize=350%2C200&ssl=1","width":350,"height":200,"srcset":"https:\/\/i0.wp.com\/www.grieta.org.mx\/wp-content\/uploads\/2019\/11\/IMG-30267115.jpg?resize=350%2C200&ssl=1 1x, https:\/\/i0.wp.com\/www.grieta.org.mx\/wp-content\/uploads\/2019\/11\/IMG-30267115.jpg?resize=525%2C300&ssl=1 1.5x, https:\/\/i0.wp.com\/www.grieta.org.mx\/wp-content\/uploads\/2019\/11\/IMG-30267115.jpg?resize=700%2C400&ssl=1 2x"},"classes":[]},{"id":6267,"url":"https:\/\/www.grieta.org.mx\/index.php\/2016\/09\/05\/denuncian-compra-ilegal-de-tierras-en-chablekal-yucatan-2\/","url_meta":{"origin":71590,"position":5},"title":"Represi\u00f3n y compra ilegal de tierras en Chablekal, Yucat\u00e1n","author":"grieta","date":"5 septiembre, 2016","format":false,"excerpt":"05\/09\/16. Impune violencia contra ciudadanos en Chablekal (Yucat\u00e1n) Tribuna 31\/08\/16. Pueblo maya de Chablekal denuncia despojo de tierras en beneficio de empresarios Kaosenlared 18\/05\/16. Chablekal exige en audiencia que se reconozca su derecho a la tierra y al territorio Kaosenlared 05\/05\/16. En libertad, los detenidos de Chablekal P\u00e1gin@bierta 05\/05\/16. Fallido\u2026","rel":"","context":"En &quot;16. Pueblo Maya&quot;","block_context":{"text":"16. Pueblo Maya","link":"https:\/\/www.grieta.org.mx\/index.php\/category\/espejos-de-la-resistencia\/16-pueblo-maya\/"},"img":{"alt_text":"","src":"https:\/\/i0.wp.com\/www.grieta.org.mx\/wp-content\/uploads\/2018\/03\/14524434_1106112876131411_958039263622046936_o.jpg?resize=350%2C200&ssl=1","width":350,"height":200,"srcset":"https:\/\/i0.wp.com\/www.grieta.org.mx\/wp-content\/uploads\/2018\/03\/14524434_1106112876131411_958039263622046936_o.jpg?resize=350%2C200&ssl=1 1x, https:\/\/i0.wp.com\/www.grieta.org.mx\/wp-content\/uploads\/2018\/03\/14524434_1106112876131411_958039263622046936_o.jpg?resize=525%2C300&ssl=1 1.5x, https:\/\/i0.wp.com\/www.grieta.org.mx\/wp-content\/uploads\/2018\/03\/14524434_1106112876131411_958039263622046936_o.jpg?resize=700%2C400&ssl=1 2x"},"classes":[]}],"_links":{"self":[{"href":"https:\/\/www.grieta.org.mx\/index.php\/wp-json\/wp\/v2\/posts\/71590","targetHints":{"allow":["GET"]}}],"collection":[{"href":"https:\/\/www.grieta.org.mx\/index.php\/wp-json\/wp\/v2\/posts"}],"about":[{"href":"https:\/\/www.grieta.org.mx\/index.php\/wp-json\/wp\/v2\/types\/post"}],"author":[{"embeddable":true,"href":"https:\/\/www.grieta.org.mx\/index.php\/wp-json\/wp\/v2\/users\/2"}],"replies":[{"embeddable":true,"href":"https:\/\/www.grieta.org.mx\/index.php\/wp-json\/wp\/v2\/comments?post=71590"}],"version-history":[{"count":1,"href":"https:\/\/www.grieta.org.mx\/index.php\/wp-json\/wp\/v2\/posts\/71590\/revisions"}],"predecessor-version":[{"id":71592,"href":"https:\/\/www.grieta.org.mx\/index.php\/wp-json\/wp\/v2\/posts\/71590\/revisions\/71592"}],"wp:featuredmedia":[{"embeddable":true,"href":"https:\/\/www.grieta.org.mx\/index.php\/wp-json\/wp\/v2\/media\/71591"}],"wp:attachment":[{"href":"https:\/\/www.grieta.org.mx\/index.php\/wp-json\/wp\/v2\/media?parent=71590"}],"wp:term":[{"taxonomy":"category","embeddable":true,"href":"https:\/\/www.grieta.org.mx\/index.php\/wp-json\/wp\/v2\/categories?post=71590"},{"taxonomy":"post_tag","embeddable":true,"href":"https:\/\/www.grieta.org.mx\/index.php\/wp-json\/wp\/v2\/tags?post=71590"}],"curies":[{"name":"wp","href":"https:\/\/api.w.org\/{rel}","templated":true}]}}