{"id":71587,"date":"2025-04-15T16:57:51","date_gmt":"2025-04-15T22:57:51","guid":{"rendered":"https:\/\/www.grieta.org.mx\/?p=71587"},"modified":"2025-04-15T16:57:51","modified_gmt":"2025-04-15T22:57:51","slug":"juez-ordena-a-militares-detener-obra-en-bacalar-y-pide-a-la-semarnat-verificar-si-hay-afectaciones-quintana-roo","status":"publish","type":"post","link":"https:\/\/www.grieta.org.mx\/index.php\/2025\/04\/15\/juez-ordena-a-militares-detener-obra-en-bacalar-y-pide-a-la-semarnat-verificar-si-hay-afectaciones-quintana-roo\/","title":{"rendered":"Juez ordena a militares detener obra en Bacalar y pide a la Semarnat verificar si hay afectaciones (Quintana Roo)"},"content":{"rendered":"<p>Claudia V. Arriaga Dur\u00e1n \/ Revista Proceso<\/p>\n<p>BACALAR, Q. Roo (apro).- Habitantes de Quintana Roo obtuvieron un amparo que ordena a la Secretar\u00eda de la Defensa Nacional (Sedena) detener la construcci\u00f3n que realiza frente a la Laguna de Bacalar, y solicita a la Secretar\u00eda del Medio Ambiente y Recursos Naturales (Semarnat) hacer su trabajo y verificar si hay alguna alteraci\u00f3n al ecosistema. <\/p>\n<p>El juicio de amparo 241\/2025 fue interpuesto por la ciudadan\u00eda de Bacalar y es en contra de la Semarnat, por ser omisa de cumplir con sus funciones.  <\/p>\n<p>\u201cTenemos la obligaci\u00f3n moral de dejarles un medioambiente sano a nuestros hijos en el futuro, y si no nos preocupamos hoy nosotros nadie lo va a hacer, tenemos que levantar la voz, tenemos que ver que se cumpla el estado de derecho\u201d, declar\u00f3 en entrevista el abogado que promovi\u00f3 el amparo, \u00c1ngel Gabriel Pool Navarro. <\/p>\n<p>En la sentencia de la suspensi\u00f3n provisional, el juez Primero de Distrito con sede en Quintana Roo expuso que \u201cse deber\u00e1 verificar si la extracci\u00f3n de agua y lodo propios de la zona lagunar, as\u00ed como la construcci\u00f3n de estructuras y edificaciones, o en su caso, cualquier destrucci\u00f3n, modificaci\u00f3n y\/o alteraci\u00f3n, puede causar alg\u00fan da\u00f1o o afectaci\u00f3n a la Laguna Bacalar, conocida Laguna Siete Colores, as\u00ed como a las especies que habitan en ella, lo cual deber\u00e1n acreditar ante este Juzgado de Distrito\u201d. <\/p>\n<p>La construcci\u00f3n militar inici\u00f3 el 15 de enero, pero fue cuando ingres\u00f3 maquinaria pesada y empezaron a dragar la Laguna de los Siete Colores, que iniciaron las movilizaciones de la ciudadan\u00eda. <\/p>\n<p>Adem\u00e1s, fue la propia Semarnat que en un comunicado de prensa publicado el 1 de abril, inform\u00f3 que se les otorg\u00f3 una exenci\u00f3n, en otras palabras, no ten\u00edan que presentar un estudio de impacto ambiental. La respuesta de la ciudadan\u00eda fue interponer un juicio de amparo. <\/p>\n<p>\u201cSi una instituci\u00f3n que todos respetamos (la Sedena), entonces, cu\u00e1l es el ejemplo, de esto que se va a derivar, si ellos que son los que nos protegen lo est\u00e1n haciendo, pues todos lo podemos hacer\u201d, coment\u00f3 una persona que particip\u00f3 en el amparo. <\/p>\n<p>De acuerdo con informaci\u00f3n del grupo de ciudadanos, desde el s\u00e1bado pasado la Sedena detuvo las obras que estaba realizando en el inmueble que opera, seg\u00fan informaci\u00f3n de la propia instituci\u00f3n, como una casa de descanso para militares que sufren estr\u00e9s por operaciones del Ej\u00e9rcito.<\/p>\n<p><a href=\"https:\/\/www.proceso.com.mx\/nacional\/estados\/2025\/4\/15\/juez-ordena-militares-detener-obra-en-bacalar-pide-la-semarnat-verificar-si-hay-afectaciones-349444.html\" target=\"_blank\">https:\/\/www.proceso.com.mx\/nacional\/estados\/2025\/4\/15\/juez-ordena-militares-detener-obra-en-bacalar-pide-la-semarnat-verificar-si-hay-afectaciones-349444.html<\/a><\/p>\n","protected":false},"excerpt":{"rendered":"<p>Claudia V. Arriaga Dur\u00e1n \/ Revista Proceso BACALAR, Q. Roo (apro).- Habitantes de Quintana Roo obtuvieron un amparo que ordena a la Secretar\u00eda de la Defensa Nacional (Sedena) detener la &hellip; <a href=\"https:\/\/www.grieta.org.mx\/index.php\/2025\/04\/15\/juez-ordena-a-militares-detener-obra-en-bacalar-y-pide-a-la-semarnat-verificar-si-hay-afectaciones-quintana-roo\/\" class=\"more-link\">Leer m\u00e1s<\/a><\/p>\n","protected":false},"author":2,"featured_media":71588,"comment_status":"closed","ping_status":"closed","sticky":false,"template":"","format":"standard","meta":{"ngg_post_thumbnail":0,"_jetpack_newsletter_access":"","_jetpack_dont_email_post_to_subs":false,"_jetpack_newsletter_tier_id":0,"_jetpack_memberships_contains_paywalled_content":false,"_jetpack_memberships_contains_paid_content":false,"footnotes":""},"categories":[80,2749,912,1785,2,28,83],"tags":[3820,315,2562,880,1803],"class_list":["post-71587","post","type-post","status-publish","format-standard","has-post-thumbnail","hentry","category-cintillo","category-destruccion-y-contaminacion-ambiental-en-quintana-roo","category-militarizacion","category-militarizacion-en-quintana-roo","category-noticias-nacionales","category-quintana-roo","category-temas-nacionales","tag-amparos","tag-bacalar","tag-destruccion-ambiental","tag-protestas","tag-sedena","entry"],"jetpack_featured_media_url":"https:\/\/www.grieta.org.mx\/wp-content\/uploads\/2025\/04\/BacalarDetenida-e1744757607259.jpg","jetpack_sharing_enabled":true,"jetpack_shortlink":"https:\/\/wp.me\/p7ZJR4-iCD","jetpack_likes_enabled":false,"jetpack-related-posts":[{"id":67152,"url":"https:\/\/www.grieta.org.mx\/index.php\/2023\/07\/08\/ejercito-suspende-relleno-del-estero-de-chac-ante-quejas-de-habitantes-de-bacalar-quintana-roo\/","url_meta":{"origin":71587,"position":0},"title":"Ej\u00e9rcito suspende relleno del estero de Chac ante quejas de habitantes de Bacalar (Quintana Roo)","author":"grieta","date":"8 julio, 2023","format":false,"excerpt":"Emilio G\u00f3mez \/ Foto: Facebook Acci\u00f3n Juvenil Quintana Roo \/ La Jornada Maya Chetumal, Quintana Roo El Ej\u00e9rcito mexicano suspendi\u00f3 el relleno del estero de Chac, un canal de agua que parte de la ciudad de Chetumal, de norte a sur y que conecta a la laguna de Bacalar con\u2026","rel":"","context":"En &quot;CINTILLO&quot;","block_context":{"text":"CINTILLO","link":"https:\/\/www.grieta.org.mx\/index.php\/category\/cintillo\/"},"img":{"alt_text":"","src":"https:\/\/i0.wp.com\/www.grieta.org.mx\/wp-content\/uploads\/2023\/07\/RellenoChetumal-e1688839701794.jpg?resize=350%2C200&ssl=1","width":350,"height":200,"srcset":"https:\/\/i0.wp.com\/www.grieta.org.mx\/wp-content\/uploads\/2023\/07\/RellenoChetumal-e1688839701794.jpg?resize=350%2C200&ssl=1 1x, https:\/\/i0.wp.com\/www.grieta.org.mx\/wp-content\/uploads\/2023\/07\/RellenoChetumal-e1688839701794.jpg?resize=525%2C300&ssl=1 1.5x, https:\/\/i0.wp.com\/www.grieta.org.mx\/wp-content\/uploads\/2023\/07\/RellenoChetumal-e1688839701794.jpg?resize=700%2C400&ssl=1 2x"},"classes":[]},{"id":71335,"url":"https:\/\/www.grieta.org.mx\/index.php\/2025\/03\/16\/encienden-alertas-en-bacalar-por-construccion-hecha-por-defensa-nacional-se-desconoce-si-cuenta-con-autorizacion-quintana-roo\/","url_meta":{"origin":71587,"position":1},"title":"Encienden alertas en Bacalar por construcci\u00f3n hecha por Defensa Nacional; se desconoce si cuenta con autorizaci\u00f3n (Quintana Roo)","author":"grieta","date":"16 marzo, 2025","format":false,"excerpt":"Adriana Varillas \/ El Universal Canc\u00fan, Q. Roo.- Una obra a cargo de la Secretar\u00eda de la Defensa Nacional (Sedena), que no se someti\u00f3 a consulta p\u00fablica, ni se inform\u00f3 a la comunidad, ni se sabe si posee autorizaci\u00f3n de impacto ambiental, se desarrolla frente al Museo del ic\u00f3nico Fuerte\u2026","rel":"","context":"En &quot;CINTILLO&quot;","block_context":{"text":"CINTILLO","link":"https:\/\/www.grieta.org.mx\/index.php\/category\/cintillo\/"},"img":{"alt_text":"","src":"https:\/\/i0.wp.com\/www.grieta.org.mx\/wp-content\/uploads\/2025\/03\/Bacalar-e1742256158517.jpg?resize=350%2C200&ssl=1","width":350,"height":200,"srcset":"https:\/\/i0.wp.com\/www.grieta.org.mx\/wp-content\/uploads\/2025\/03\/Bacalar-e1742256158517.jpg?resize=350%2C200&ssl=1 1x, https:\/\/i0.wp.com\/www.grieta.org.mx\/wp-content\/uploads\/2025\/03\/Bacalar-e1742256158517.jpg?resize=525%2C300&ssl=1 1.5x, https:\/\/i0.wp.com\/www.grieta.org.mx\/wp-content\/uploads\/2025\/03\/Bacalar-e1742256158517.jpg?resize=700%2C400&ssl=1 2x"},"classes":[]},{"id":62720,"url":"https:\/\/www.grieta.org.mx\/index.php\/2021\/11\/19\/ejidatarios-de-bacalar-clausuran-obras-de-sedatu-por-desacato-federal-y-dano-ambiental-paran-trabajos-en-el-parque-ecologico-quintana-roo\/","url_meta":{"origin":71587,"position":2},"title":"Ejidatarios de Bacalar clausuran obras de  SEDATU: Por desacato federal y da\u00f1o ambiental, paran trabajos en el Parque Ecol\u00f3gico (Quintana Roo)","author":"grieta","date":"19 noviembre, 2021","format":false,"excerpt":"Rafael Brice\u00f1o \/ Noticaribe BACALAR, MX.- Ante la actitud de rebeld\u00eda y desacato de las autoridades del municipio de Bacalar del mandato judicial del Tribunal Agrario otorgado desde el 2016 para no realizar ninguna obra en el parque ecol\u00f3gico, ejidatarios y habitantes pararon las obras que se realizan en la\u2026","rel":"","context":"En &quot;CINTILLO&quot;","block_context":{"text":"CINTILLO","link":"https:\/\/www.grieta.org.mx\/index.php\/category\/cintillo\/"},"img":{"alt_text":"","src":"https:\/\/i0.wp.com\/www.grieta.org.mx\/wp-content\/uploads\/2021\/11\/BacalarClausuran-e1637718293755.png?resize=350%2C200&ssl=1","width":350,"height":200,"srcset":"https:\/\/i0.wp.com\/www.grieta.org.mx\/wp-content\/uploads\/2021\/11\/BacalarClausuran-e1637718293755.png?resize=350%2C200&ssl=1 1x, https:\/\/i0.wp.com\/www.grieta.org.mx\/wp-content\/uploads\/2021\/11\/BacalarClausuran-e1637718293755.png?resize=525%2C300&ssl=1 1.5x, https:\/\/i0.wp.com\/www.grieta.org.mx\/wp-content\/uploads\/2021\/11\/BacalarClausuran-e1637718293755.png?resize=700%2C400&ssl=1 2x"},"classes":[]},{"id":71719,"url":"https:\/\/www.grieta.org.mx\/index.php\/2025\/05\/17\/el-ejercito-desobedece-la-suspension-definitiva-para-construir-una-casa-de-retiro-en-la-laguna-de-bacalar-quintana-roo\/","url_meta":{"origin":71587,"position":3},"title":"El Ej\u00e9rcito desobedece la suspensi\u00f3n definitiva para construir una casa de retiro en la laguna de Bacalar (Quintana Roo)","author":"grieta","date":"17 mayo, 2025","format":false,"excerpt":"Carmen Mor\u00e1n Bre\u00f1a \/ El Pa\u00eds Vecinos y ecologistas critican el desacato de los militares y aseguran que las obras prosiguen El Poder Judicial no parece afectar al poder militar. El Ej\u00e9rcito prosigue las obras de una casa de retiro en el borde de la laguna de Bacalar (Quintana Roo)\u2026","rel":"","context":"En &quot;CINTILLO&quot;","block_context":{"text":"CINTILLO","link":"https:\/\/www.grieta.org.mx\/index.php\/category\/cintillo\/"},"img":{"alt_text":"","src":"https:\/\/i0.wp.com\/www.grieta.org.mx\/wp-content\/uploads\/2025\/05\/Bacalar-e1747654989596.jpg?resize=350%2C200&ssl=1","width":350,"height":200,"srcset":"https:\/\/i0.wp.com\/www.grieta.org.mx\/wp-content\/uploads\/2025\/05\/Bacalar-e1747654989596.jpg?resize=350%2C200&ssl=1 1x, https:\/\/i0.wp.com\/www.grieta.org.mx\/wp-content\/uploads\/2025\/05\/Bacalar-e1747654989596.jpg?resize=525%2C300&ssl=1 1.5x, https:\/\/i0.wp.com\/www.grieta.org.mx\/wp-content\/uploads\/2025\/05\/Bacalar-e1747654989596.jpg?resize=700%2C400&ssl=1 2x"},"classes":[]},{"id":3655,"url":"https:\/\/www.grieta.org.mx\/index.php\/2015\/09\/21\/se-movilizan-contra-nuevos-impuestos-provocados-por-intereses-turisticos-en-bacalar-quintana-roo\/","url_meta":{"origin":71587,"position":4},"title":"Se movilizan contra nuevos impuestos provocados por intereses tur\u00edsticos en Bacalar, Quintana Roo","author":"grieta","date":"21 septiembre, 2015","format":false,"excerpt":"21\/09\/15. Nuevos impuestos para predios costeros en Bacalar, Quintana RooLuces del Siglo","rel":"","context":"En &quot;NOTICIAS NACIONALES&quot;","block_context":{"text":"NOTICIAS NACIONALES","link":"https:\/\/www.grieta.org.mx\/index.php\/category\/noticias-nacionales\/"},"img":{"alt_text":"","src":"https:\/\/i0.wp.com\/www.grieta.org.mx\/wp-content\/uploads\/2018\/03\/14524434_1106112876131411_958039263622046936_o.jpg?resize=350%2C200&ssl=1","width":350,"height":200,"srcset":"https:\/\/i0.wp.com\/www.grieta.org.mx\/wp-content\/uploads\/2018\/03\/14524434_1106112876131411_958039263622046936_o.jpg?resize=350%2C200&ssl=1 1x, https:\/\/i0.wp.com\/www.grieta.org.mx\/wp-content\/uploads\/2018\/03\/14524434_1106112876131411_958039263622046936_o.jpg?resize=525%2C300&ssl=1 1.5x, https:\/\/i0.wp.com\/www.grieta.org.mx\/wp-content\/uploads\/2018\/03\/14524434_1106112876131411_958039263622046936_o.jpg?resize=700%2C400&ssl=1 2x"},"classes":[]},{"id":71727,"url":"https:\/\/www.grieta.org.mx\/index.php\/2025\/05\/16\/ejidatarios-rechazan-intento-de-imponer-area-natural-protegida-en-bacalar-quintana-roo\/","url_meta":{"origin":71587,"position":5},"title":"Ejidatarios rechazan intento de imponer \u00e1rea natural protegida en Bacalar (Quintana Roo)","author":"grieta","date":"16 mayo, 2025","format":false,"excerpt":"Efra\u00edn Castro \/ El Heraldo de M\u00e9xico QUINTANA ROO Se\u00f1alan antecedentes similares en Sian Ka\u2019an y acusan que este tipo de medidas frena el desarrollo econ\u00f3mico y desplaza a los habitantes locales bajo el pretexto de la conservaci\u00f3n ambiental. Representantes ejidales y organizaciones comunitarias del sur de Quintana Roo alertaron\u2026","rel":"","context":"En &quot;\u00c1reas naturales protegidas&quot;","block_context":{"text":"\u00c1reas naturales protegidas","link":"https:\/\/www.grieta.org.mx\/index.php\/category\/megaproyectos\/areas-naturales-protegidas\/"},"img":{"alt_text":"","src":"https:\/\/i0.wp.com\/www.grieta.org.mx\/wp-content\/uploads\/2025\/05\/Ejidos-e1747658089111.jpg?resize=350%2C200&ssl=1","width":350,"height":200,"srcset":"https:\/\/i0.wp.com\/www.grieta.org.mx\/wp-content\/uploads\/2025\/05\/Ejidos-e1747658089111.jpg?resize=350%2C200&ssl=1 1x, https:\/\/i0.wp.com\/www.grieta.org.mx\/wp-content\/uploads\/2025\/05\/Ejidos-e1747658089111.jpg?resize=525%2C300&ssl=1 1.5x, https:\/\/i0.wp.com\/www.grieta.org.mx\/wp-content\/uploads\/2025\/05\/Ejidos-e1747658089111.jpg?resize=700%2C400&ssl=1 2x"},"classes":[]}],"_links":{"self":[{"href":"https:\/\/www.grieta.org.mx\/index.php\/wp-json\/wp\/v2\/posts\/71587","targetHints":{"allow":["GET"]}}],"collection":[{"href":"https:\/\/www.grieta.org.mx\/index.php\/wp-json\/wp\/v2\/posts"}],"about":[{"href":"https:\/\/www.grieta.org.mx\/index.php\/wp-json\/wp\/v2\/types\/post"}],"author":[{"embeddable":true,"href":"https:\/\/www.grieta.org.mx\/index.php\/wp-json\/wp\/v2\/users\/2"}],"replies":[{"embeddable":true,"href":"https:\/\/www.grieta.org.mx\/index.php\/wp-json\/wp\/v2\/comments?post=71587"}],"version-history":[{"count":1,"href":"https:\/\/www.grieta.org.mx\/index.php\/wp-json\/wp\/v2\/posts\/71587\/revisions"}],"predecessor-version":[{"id":71589,"href":"https:\/\/www.grieta.org.mx\/index.php\/wp-json\/wp\/v2\/posts\/71587\/revisions\/71589"}],"wp:featuredmedia":[{"embeddable":true,"href":"https:\/\/www.grieta.org.mx\/index.php\/wp-json\/wp\/v2\/media\/71588"}],"wp:attachment":[{"href":"https:\/\/www.grieta.org.mx\/index.php\/wp-json\/wp\/v2\/media?parent=71587"}],"wp:term":[{"taxonomy":"category","embeddable":true,"href":"https:\/\/www.grieta.org.mx\/index.php\/wp-json\/wp\/v2\/categories?post=71587"},{"taxonomy":"post_tag","embeddable":true,"href":"https:\/\/www.grieta.org.mx\/index.php\/wp-json\/wp\/v2\/tags?post=71587"}],"curies":[{"name":"wp","href":"https:\/\/api.w.org\/{rel}","templated":true}]}}