{"id":71549,"date":"2025-04-06T13:17:11","date_gmt":"2025-04-06T19:17:11","guid":{"rendered":"https:\/\/www.grieta.org.mx\/?p=71549"},"modified":"2025-04-06T13:17:11","modified_gmt":"2025-04-06T19:17:11","slug":"nombrar-los-abusos-sexuales-y-la-orfandad-en-comunidades-indigenas-es-tambien-defensa-del-territorio-senala-activista-ayuuk-oaxaca","status":"publish","type":"post","link":"https:\/\/www.grieta.org.mx\/index.php\/2025\/04\/06\/nombrar-los-abusos-sexuales-y-la-orfandad-en-comunidades-indigenas-es-tambien-defensa-del-territorio-senala-activista-ayuuk-oaxaca\/","title":{"rendered":"Nombrar los abusos sexuales y la orfandad en comunidades ind\u00edgenas es tambi\u00e9n defensa del territorio se\u00f1ala Activista Ayuuk (Oaxaca)"},"content":{"rendered":"<p>Imagen: Istmo Press<\/p>\n<p>Diana Mnaz \/ Istmo Press<\/p>\n<p>Oaxaca, Oax.- Para el activista Ayuuk, Filadelfo Desiderio Aldaz, nombrar y visibilizar los abusos sexuales y la orfandad en comunidades ind\u00edgenas es tambi\u00e9n defensa del territorio.<\/p>\n<p>Originario de la comunidad Ayuuk de Estancia de Morelos e del municipio de Santiago Atitl\u00e1n, Oaxaca y c\u00f3mo sobreviviente de abusos sexuales en su ni\u00f1ez, Filadelfo puntualiz\u00f3 que defender la tierra no solo es luchar contra megaproyectos, si no tambi\u00e9n nombrar eso que no se ve, pero que violenta el alma y el ser.<\/p>\n<p>Dijo, que desafortunadamente en las comunidades que se rigen por usos y costumbres, no se nombran las violaciones sexuales, ni acosos, ni la violencia familiar y tampoco hay un sistema que lo castigue o lo investigue.<\/p>\n<p>Filadelfo de 34 a\u00f1os de edad, tras casi 6 a\u00f1os de abandonar su territorio y refugiarse en la capital de Oaxaca decidi\u00f3 volver e impartir clases de Ayuuka ni\u00f1as y ni\u00f1os de su comunidad, pero, se ha sorprendido que nada ha cambiado a lo que fue su infancia, pues siguen habiendo estas violencias sexuales infantiles.<\/p>\n<p>Preocupado dijo, que no existe en los sistemas normativos internos, una ley que les obligue a que en sus asambleas atiendan de forma integral a los sobrevivientes de abusos ni mucho menos de orfandad.<\/p>\n<p>Dijo, que Estancia de Morelos es una comunidad migrante de por s\u00ed, y que muchas ni\u00f1as y ni\u00f1os viven con abuelos, t\u00edos y familiares, sin tomar en cuenta sus emociones ni sentimientos.<\/p>\n<p>\u201cLlegar de nuevo, platicar y revalorizar el Ayuuk, me est\u00e1 llevando a descubrir que hay emociones que calmar, que contener y que atender\u201d, dijo.<\/p>\n<p>Narr\u00f3, que conocer de cerca por medio de la ense\u00f1anza del Ayuuk otras realidades, lo obliga ahora a volver mensualmente a impartir las clases, y nombrar estas otras luchas internas.<\/p>\n<p>\u201cNos despedimos y acordamos las fechas de las siguientes clases: 7 y 8 de marzo. Tuve que aplazar las clases para cada mes, porque hab\u00eda sido pesado viajar cada 15 d\u00edas, y el mi\u00e9rcoles de \u00e9se d\u00eda que viaj\u00e9 me di\u00f3 una crisis de ansiedad y depresi\u00f3n. Porque ir al pueblo a revitalizar mi primera lengua es\u2026\u201d, concluy\u00f3.<\/p>\n<p><a href=\"https:\/\/www.istmopress.com.mx\/oaxaca\/nombrar-los-abusos-sexuales-y-la-orfandad-en-comunidades-indigenas-es-tambien-defensa-del-territorio-senala-activista-ayuuk\/\">https:\/\/www.istmopress.com.mx\/oaxaca\/nombrar-los-abusos-sexuales-y-la-orfandad-en-comunidades-indigenas-es-tambien-defensa-del-territorio-senala-activista-ayuuk\/<\/a><\/p>\n","protected":false},"excerpt":{"rendered":"<p>Imagen: Istmo Press Diana Mnaz \/ Istmo Press Oaxaca, Oax.- Para el activista Ayuuk, Filadelfo Desiderio Aldaz, nombrar y visibilizar los abusos sexuales y la orfandad en comunidades ind\u00edgenas es &hellip; <a href=\"https:\/\/www.grieta.org.mx\/index.php\/2025\/04\/06\/nombrar-los-abusos-sexuales-y-la-orfandad-en-comunidades-indigenas-es-tambien-defensa-del-territorio-senala-activista-ayuuk-oaxaca\/\" class=\"more-link\">Leer m\u00e1s<\/a><\/p>\n","protected":false},"author":2,"featured_media":71550,"comment_status":"closed","ping_status":"closed","sticky":false,"template":"","format":"standard","meta":{"ngg_post_thumbnail":0,"_jetpack_newsletter_access":"","_jetpack_dont_email_post_to_subs":false,"_jetpack_newsletter_tier_id":0,"_jetpack_memberships_contains_paywalled_content":false,"_jetpack_memberships_contains_paid_content":false,"footnotes":""},"categories":[80,1827,1477,2,25,83],"tags":[678,4121,1820,3776,3622,4126,3065,1435,3139],"class_list":["post-71549","post","type-post","status-publish","format-standard","has-post-thumbnail","hentry","category-cintillo","category-la-ninez-en-la-tormenta-capitalista","category-la-ninez-en-la-tormenta-en-oaxaca","category-noticias-nacionales","category-oaxaca","category-temas-nacionales","tag-abuso-infantil","tag-abuso-sexual","tag-abuso-sexual-infantil","tag-la-ninez-en-la-tormenta-capitalista","tag-ninez-indigena","tag-violacion-a-ninos","tag-violencia-contra-la-ninez","tag-violencia-contra-ninos-y-ninas","tag-violencia-sexual-contra-ninas","entry"],"jetpack_featured_media_url":"https:\/\/www.grieta.org.mx\/wp-content\/uploads\/2025\/04\/254e8cb3-6bfe-40a9-9cee-3e0c3774db2e-800x445-1.jpeg","jetpack_sharing_enabled":true,"jetpack_shortlink":"https:\/\/wp.me\/p7ZJR4-iC1","jetpack_likes_enabled":false,"jetpack-related-posts":[{"id":65593,"url":"https:\/\/www.grieta.org.mx\/index.php\/2022\/10\/20\/nayarit-primer-lugar-nacional-en-abuso-sexual-infantil\/","url_meta":{"origin":71549,"position":0},"title":"Nayarit primer lugar nacional en abuso sexual infantil","author":"grieta","date":"20 octubre, 2022","format":false,"excerpt":"Imagen: Tribuna de la Bah\u00eda Israel Torres \/ Tribuna de la Bah\u00eda En el marco de la conformaci\u00f3n del Sistema Municipal de Protecci\u00f3n Integral de los Ni\u00f1os, Ni\u00f1as y Adolescentes, la Secretaria Ejecutiva de la SIPINNA en Nayarit, Concepci\u00f3n Rodr\u00edguez Llamas, aplaudi\u00f3 la conformaci\u00f3n de este comit\u00e9, pero tambi\u00e9n dio\u2026","rel":"","context":"En &quot;CINTILLO&quot;","block_context":{"text":"CINTILLO","link":"https:\/\/www.grieta.org.mx\/index.php\/category\/cintillo\/"},"img":{"alt_text":"","src":"https:\/\/i0.wp.com\/www.grieta.org.mx\/wp-content\/uploads\/2022\/10\/ninos-caminando-en-la-calle-con-su-mama-cover.jpg?resize=350%2C200&ssl=1","width":350,"height":200,"srcset":"https:\/\/i0.wp.com\/www.grieta.org.mx\/wp-content\/uploads\/2022\/10\/ninos-caminando-en-la-calle-con-su-mama-cover.jpg?resize=350%2C200&ssl=1 1x, https:\/\/i0.wp.com\/www.grieta.org.mx\/wp-content\/uploads\/2022\/10\/ninos-caminando-en-la-calle-con-su-mama-cover.jpg?resize=525%2C300&ssl=1 1.5x, https:\/\/i0.wp.com\/www.grieta.org.mx\/wp-content\/uploads\/2022\/10\/ninos-caminando-en-la-calle-con-su-mama-cover.jpg?resize=700%2C400&ssl=1 2x"},"classes":[]},{"id":59124,"url":"https:\/\/www.grieta.org.mx\/index.php\/2021\/05\/01\/sufren-abuso-sexual-infantil-24-de-cada-100-mil-infantes-en-colima\/","url_meta":{"origin":71549,"position":1},"title":"Sufren abuso sexual infantil 24 de cada 100 mil infantes en Colima","author":"grieta","date":"1 mayo, 2021","format":false,"excerpt":"Imagen: Diario Avanzada Heidi de Le\u00f3n Guti\u00e9rrez \/ Diario Avanzada Colima, M\u00e9xico, Avanzada (01\/05\/2021).- Los altos \u00edndices de violencia que se registran en el estado, no s\u00f3lo afectan a los adultos, tambi\u00e9n a los ni\u00f1os y las ni\u00f1as, quienes son v\u00edctimas de diversos delitos, como el abuso sexual o conductas\u2026","rel":"","context":"En &quot;CINTILLO&quot;","block_context":{"text":"CINTILLO","link":"https:\/\/www.grieta.org.mx\/index.php\/category\/cintillo\/"},"img":{"alt_text":"","src":"https:\/\/i0.wp.com\/www.grieta.org.mx\/wp-content\/uploads\/2021\/05\/Nin%CC%83o-Proletario-1.jpg?resize=350%2C200&ssl=1","width":350,"height":200,"srcset":"https:\/\/i0.wp.com\/www.grieta.org.mx\/wp-content\/uploads\/2021\/05\/Nin%CC%83o-Proletario-1.jpg?resize=350%2C200&ssl=1 1x, https:\/\/i0.wp.com\/www.grieta.org.mx\/wp-content\/uploads\/2021\/05\/Nin%CC%83o-Proletario-1.jpg?resize=525%2C300&ssl=1 1.5x, https:\/\/i0.wp.com\/www.grieta.org.mx\/wp-content\/uploads\/2021\/05\/Nin%CC%83o-Proletario-1.jpg?resize=700%2C400&ssl=1 2x"},"classes":[]},{"id":65948,"url":"https:\/\/www.grieta.org.mx\/index.php\/2022\/12\/07\/municipios-metropolitanos-con-mas-victimas-de-abuso-sexual-infantil-en-jalisco\/","url_meta":{"origin":71549,"position":2},"title":"Municipios metropolitanos con m\u00e1s v\u00edctimas de abuso sexual infantil en Jalisco","author":"grieta","date":"7 diciembre, 2022","format":false,"excerpt":"Imagen; Cuartoscuro Redacci\u00f3n \/ El Diario NTR Jalisco es uno de los estados con m\u00e1s v\u00edctimas de abuso sexual infantil, Guadalajara, Tlaquepaque, Tonal\u00e1, Zapopan y Puerto Vallarta son los municipios con m\u00e1s casos, de acuerdo con el estudio de investigaci\u00f3n sobre la violencia sexual y la muerte de ni\u00f1as y\u2026","rel":"","context":"En &quot;CINTILLO&quot;","block_context":{"text":"CINTILLO","link":"https:\/\/www.grieta.org.mx\/index.php\/category\/cintillo\/"},"img":{"alt_text":"","src":"https:\/\/i0.wp.com\/www.grieta.org.mx\/wp-content\/uploads\/2022\/12\/2022-12-07_06-12-21___7.jpg?resize=350%2C200&ssl=1","width":350,"height":200,"srcset":"https:\/\/i0.wp.com\/www.grieta.org.mx\/wp-content\/uploads\/2022\/12\/2022-12-07_06-12-21___7.jpg?resize=350%2C200&ssl=1 1x, https:\/\/i0.wp.com\/www.grieta.org.mx\/wp-content\/uploads\/2022\/12\/2022-12-07_06-12-21___7.jpg?resize=525%2C300&ssl=1 1.5x, https:\/\/i0.wp.com\/www.grieta.org.mx\/wp-content\/uploads\/2022\/12\/2022-12-07_06-12-21___7.jpg?resize=700%2C400&ssl=1 2x"},"classes":[]},{"id":34550,"url":"https:\/\/www.grieta.org.mx\/index.php\/2019\/06\/04\/preocupa-violencia-sexual-infantil-en-hidalgo-activista\/","url_meta":{"origin":71549,"position":3},"title":"Preocupa violencia sexual infantil en Hidalgo: activista","author":"grieta","date":"4 junio, 2019","format":false,"excerpt":"Dinorath Mota L\u00f3pez \/ AM La asociaci\u00f3n Yo te Creo indic\u00f3 que durante 2017 se contabilizaron 308 ni\u00f1as v\u00edctimas de entre 10 y 14 a\u00f1os de edad en el estado. La asociaci\u00f3n \u2018Yo te Creo, por una ni\u00f1ez libre de violencia sexual\u2019, dio a conocer que en Hidalgo, en 2017,\u2026","rel":"","context":"En &quot;CINTILLO&quot;","block_context":{"text":"CINTILLO","link":"https:\/\/www.grieta.org.mx\/index.php\/category\/cintillo\/"},"img":{"alt_text":"","src":"https:\/\/i0.wp.com\/www.grieta.org.mx\/wp-content\/uploads\/2019\/06\/Screenshot_2019-06-10-Preocupa-violencia-sexual-infantil-en-Hidalgo-activista.png?resize=350%2C200&ssl=1","width":350,"height":200,"srcset":"https:\/\/i0.wp.com\/www.grieta.org.mx\/wp-content\/uploads\/2019\/06\/Screenshot_2019-06-10-Preocupa-violencia-sexual-infantil-en-Hidalgo-activista.png?resize=350%2C200&ssl=1 1x, https:\/\/i0.wp.com\/www.grieta.org.mx\/wp-content\/uploads\/2019\/06\/Screenshot_2019-06-10-Preocupa-violencia-sexual-infantil-en-Hidalgo-activista.png?resize=525%2C300&ssl=1 1.5x, https:\/\/i0.wp.com\/www.grieta.org.mx\/wp-content\/uploads\/2019\/06\/Screenshot_2019-06-10-Preocupa-violencia-sexual-infantil-en-Hidalgo-activista.png?resize=700%2C400&ssl=1 2x"},"classes":[]},{"id":55901,"url":"https:\/\/www.grieta.org.mx\/index.php\/2020\/12\/17\/en-2017-15-ninos-de-preescolar-en-chapala-sufren-abusos-sexuales-funcionarios-de-la-sep-no-supervisaron-condiciones-jalisco\/","url_meta":{"origin":71549,"position":4},"title":"En 2017 15 ni\u00f1os de preescolar en Chapala sufren abusos sexuales, funcionarios de la SEP no supervisaron condiciones (Jalisco)","author":"grieta","date":"17 diciembre, 2020","format":false,"excerpt":"Foto: El Informador- archivo AP \/ El Informador La Comisi\u00f3n Nacional de los Derechos Humanos dio a conocer el mi\u00e9rcoles un informe en el que\u00a0considera acreditado que 15 menores sufrieron abusos sexuales en 2017 en un centro de preescolar de\u00a0Chapala, y cree que otros 43 ni\u00f1os podr\u00edan haber padecido violencia\u2026","rel":"","context":"En &quot;CINTILLO&quot;","block_context":{"text":"CINTILLO","link":"https:\/\/www.grieta.org.mx\/index.php\/category\/cintillo\/"},"img":{"alt_text":"","src":"https:\/\/i0.wp.com\/www.grieta.org.mx\/wp-content\/uploads\/2020\/12\/rs1176690_2084550-dig-2013-09-09-0008-scr_1_crop1608186635590.jpg_19706387751.jpg?resize=350%2C200&ssl=1","width":350,"height":200,"srcset":"https:\/\/i0.wp.com\/www.grieta.org.mx\/wp-content\/uploads\/2020\/12\/rs1176690_2084550-dig-2013-09-09-0008-scr_1_crop1608186635590.jpg_19706387751.jpg?resize=350%2C200&ssl=1 1x, https:\/\/i0.wp.com\/www.grieta.org.mx\/wp-content\/uploads\/2020\/12\/rs1176690_2084550-dig-2013-09-09-0008-scr_1_crop1608186635590.jpg_19706387751.jpg?resize=525%2C300&ssl=1 1.5x, https:\/\/i0.wp.com\/www.grieta.org.mx\/wp-content\/uploads\/2020\/12\/rs1176690_2084550-dig-2013-09-09-0008-scr_1_crop1608186635590.jpg_19706387751.jpg?resize=700%2C400&ssl=1 2x"},"classes":[]},{"id":28520,"url":"https:\/\/www.grieta.org.mx\/index.php\/2019\/01\/09\/en-veracruz-se-expande-el-abuso-sexual-infantil-afirma-colectivo\/","url_meta":{"origin":71549,"position":5},"title":"En Veracruz se expande el abuso sexual infantil, afirma Colectivo","author":"grieta","date":"9 enero, 2019","format":false,"excerpt":"Raymundo Le\u00f3n \/ Diario de Jalapa Xalapa, Ver.- Las estad\u00edsticas de abuso sexual infantil indican que Veracruz es uno de los estados m\u00e1s violentos con las mayores tasas de feminicidios y violencia contra la mujer, pero que ahora comienza a expandirse gravemente a los ni\u00f1os y ni\u00f1as veracruzanos, informa el\u2026","rel":"","context":"En &quot;La ni\u00f1ez en la tormenta capitalista&quot;","block_context":{"text":"La ni\u00f1ez en la tormenta capitalista","link":"https:\/\/www.grieta.org.mx\/index.php\/category\/temas-nacionales\/la-ninez-en-la-tormenta-capitalista\/"},"img":{"alt_text":"","src":"https:\/\/i0.wp.com\/www.grieta.org.mx\/wp-content\/uploads\/2019\/01\/ni%C3%B1o-violacion.jpg?resize=350%2C200&ssl=1","width":350,"height":200,"srcset":"https:\/\/i0.wp.com\/www.grieta.org.mx\/wp-content\/uploads\/2019\/01\/ni%C3%B1o-violacion.jpg?resize=350%2C200&ssl=1 1x, https:\/\/i0.wp.com\/www.grieta.org.mx\/wp-content\/uploads\/2019\/01\/ni%C3%B1o-violacion.jpg?resize=525%2C300&ssl=1 1.5x, https:\/\/i0.wp.com\/www.grieta.org.mx\/wp-content\/uploads\/2019\/01\/ni%C3%B1o-violacion.jpg?resize=700%2C400&ssl=1 2x"},"classes":[]}],"_links":{"self":[{"href":"https:\/\/www.grieta.org.mx\/index.php\/wp-json\/wp\/v2\/posts\/71549","targetHints":{"allow":["GET"]}}],"collection":[{"href":"https:\/\/www.grieta.org.mx\/index.php\/wp-json\/wp\/v2\/posts"}],"about":[{"href":"https:\/\/www.grieta.org.mx\/index.php\/wp-json\/wp\/v2\/types\/post"}],"author":[{"embeddable":true,"href":"https:\/\/www.grieta.org.mx\/index.php\/wp-json\/wp\/v2\/users\/2"}],"replies":[{"embeddable":true,"href":"https:\/\/www.grieta.org.mx\/index.php\/wp-json\/wp\/v2\/comments?post=71549"}],"version-history":[{"count":1,"href":"https:\/\/www.grieta.org.mx\/index.php\/wp-json\/wp\/v2\/posts\/71549\/revisions"}],"predecessor-version":[{"id":71551,"href":"https:\/\/www.grieta.org.mx\/index.php\/wp-json\/wp\/v2\/posts\/71549\/revisions\/71551"}],"wp:featuredmedia":[{"embeddable":true,"href":"https:\/\/www.grieta.org.mx\/index.php\/wp-json\/wp\/v2\/media\/71550"}],"wp:attachment":[{"href":"https:\/\/www.grieta.org.mx\/index.php\/wp-json\/wp\/v2\/media?parent=71549"}],"wp:term":[{"taxonomy":"category","embeddable":true,"href":"https:\/\/www.grieta.org.mx\/index.php\/wp-json\/wp\/v2\/categories?post=71549"},{"taxonomy":"post_tag","embeddable":true,"href":"https:\/\/www.grieta.org.mx\/index.php\/wp-json\/wp\/v2\/tags?post=71549"}],"curies":[{"name":"wp","href":"https:\/\/api.w.org\/{rel}","templated":true}]}}