{"id":71448,"date":"2025-03-28T09:46:48","date_gmt":"2025-03-28T15:46:48","guid":{"rendered":"https:\/\/www.grieta.org.mx\/?p=71448"},"modified":"2025-03-30T10:00:15","modified_gmt":"2025-03-30T16:00:15","slug":"docentes-bloquean-las-oficinas-de-la-seq-quintana-roo","status":"publish","type":"post","link":"https:\/\/www.grieta.org.mx\/index.php\/2025\/03\/28\/docentes-bloquean-las-oficinas-de-la-seq-quintana-roo\/","title":{"rendered":"Docentes bloquean las oficinas de la SEQ (Quintana Roo)"},"content":{"rendered":"<p>Luis Enrique Tuz \/Sol Quintana Roo<\/p>\n<blockquote><p>Despu\u00e9s que el Gobierno de M\u00e9xico anunciar\u00e1 que la nueva reforma del ISSSTE no se promulgar\u00eda, los maestros pidieron que la actualizaci\u00f3n del 2007 tampoco tenga validez, por lo que buscan derogarla<\/p><\/blockquote>\n<p>Chetumal.\u2014 A un mes de haber iniciado el paro de labores de los docentes de educaci\u00f3n b\u00e1sica en toda la entidad, esta ma\u00f1ana bloquearon la avenida Insurgentes, entre Javier Rojo G\u00f3mez, a la altura de la Secretar\u00eda de Educaci\u00f3n de Quintana Roo (SEQ).<\/p>\n<p><a href=\"http:\/\/www.grieta.org.mx\/wp-content\/uploads\/2025\/03\/Docentes2-e1743350170604.jpg\"><img loading=\"lazy\" decoding=\"async\" data-attachment-id=\"71450\" data-permalink=\"https:\/\/www.grieta.org.mx\/index.php\/2025\/03\/28\/docentes-bloquean-las-oficinas-de-la-seq-quintana-roo\/screenshot-316\/\" data-orig-file=\"https:\/\/www.grieta.org.mx\/wp-content\/uploads\/2025\/03\/Docentes2-e1743350170604.jpg\" data-orig-size=\"800,422\" data-comments-opened=\"0\" data-image-meta=\"{&quot;aperture&quot;:&quot;0&quot;,&quot;credit&quot;:&quot;&quot;,&quot;camera&quot;:&quot;&quot;,&quot;caption&quot;:&quot;Screenshot&quot;,&quot;created_timestamp&quot;:&quot;0&quot;,&quot;copyright&quot;:&quot;&quot;,&quot;focal_length&quot;:&quot;0&quot;,&quot;iso&quot;:&quot;0&quot;,&quot;shutter_speed&quot;:&quot;0&quot;,&quot;title&quot;:&quot;Screenshot&quot;,&quot;orientation&quot;:&quot;1&quot;}\" data-image-title=\"Screenshot\" data-image-description=\"\" data-image-caption=\"\" data-medium-file=\"https:\/\/www.grieta.org.mx\/wp-content\/uploads\/2025\/03\/Docentes2-300x158.jpg\" data-large-file=\"https:\/\/www.grieta.org.mx\/wp-content\/uploads\/2025\/03\/Docentes2-1024x540.jpg\" src=\"http:\/\/www.grieta.org.mx\/wp-content\/uploads\/2025\/03\/Docentes2-e1743350170604.jpg\" alt=\"\" width=\"800\" height=\"422\" class=\"alignright size-full wp-image-71450\" \/><\/a><\/p>\n<p>El gremio magisterial sigue en pie de lucha contra las reformas a la Ley del ISSSTE, la cual afectar\u00e1 a los bur\u00f3cratas de las instancias estatales de la Rep\u00fablica Mexicana. La lucha magisterial sigue a pesar de que el Poder Ejecutivo retir\u00f3 de la C\u00e1mara de Diputados la iniciativa de reforma a la Ley del ISSSTE.<\/p>\n<p>Ahora, los maestros de nivel educaci\u00f3n b\u00e1sica exigen que se derogue la Ley del ISSSTE 2007, pues afirman que tampoco les beneficia; no obstante, ninguna estancia federal ha dicho algo respecto, por lo que dicha petici\u00f3n no est\u00e1 contemplada para discutirse en el pleno.<\/p>\n<p>Como se recordar\u00e1 que el Comit\u00e9 de Lucha Magisterial, el regreso de los alumnos del nivel b\u00e1sico de educaci\u00f3n, debido a que desde el 26 de febrero de 2025 los maestros se ausentaron de las aulas para dedicarse a la petici\u00f3n de la derogaci\u00f3n de la Ley del ISSSTE anterior.<\/p>\n<p>Cabe destacar que en el ciclo escolar 2024-2025 en Quintana Roo, se ha asegurado que los espacios para los alumnos de nivel b\u00e1sico est\u00e9n garantizados. Actualmente, la matr\u00edcula incluye 338 mil 815 estudiantes en educaci\u00f3n inicial, preescolar, primaria, secundaria, educaci\u00f3n ind\u00edgena y especial.<\/p>\n<p><a href=\"https:\/\/solquintanaroo.mx\/docentes-bloquean-las-oficinas-de-la-seq\/\" target=\"_blank\">https:\/\/solquintanaroo.mx\/docentes-bloquean-las-oficinas-de-la-seq\/<\/a><\/p>\n","protected":false},"excerpt":{"rendered":"<p>Luis Enrique Tuz \/Sol Quintana Roo Despu\u00e9s que el Gobierno de M\u00e9xico anunciar\u00e1 que la nueva reforma del ISSSTE no se promulgar\u00eda, los maestros pidieron que la actualizaci\u00f3n del 2007 &hellip; <a href=\"https:\/\/www.grieta.org.mx\/index.php\/2025\/03\/28\/docentes-bloquean-las-oficinas-de-la-seq-quintana-roo\/\" class=\"more-link\">Leer m\u00e1s<\/a><\/p>\n","protected":false},"author":2,"featured_media":71449,"comment_status":"closed","ping_status":"closed","sticky":false,"template":"","format":"standard","meta":{"ngg_post_thumbnail":0,"_jetpack_newsletter_access":"","_jetpack_dont_email_post_to_subs":false,"_jetpack_newsletter_tier_id":0,"_jetpack_memberships_contains_paywalled_content":false,"_jetpack_memberships_contains_paid_content":false,"footnotes":""},"categories":[80,910,2,3210,2618,28,83],"tags":[492,674,3218],"class_list":["post-71448","post","type-post","status-publish","format-standard","has-post-thumbnail","hentry","category-cintillo","category-explotacion-y-precariedad-laboral","category-noticias-nacionales","category-precariedad-laboral-en-quintana-roo","category-protestas-del-magisterio-en-quintana-roo","category-quintana-roo","category-temas-nacionales","tag-issste","tag-movilizaciones-maestros","tag-paro-de-maestros","entry"],"jetpack_featured_media_url":"https:\/\/www.grieta.org.mx\/wp-content\/uploads\/2025\/03\/Docentes-e1743350000847.jpg","jetpack_sharing_enabled":true,"jetpack_shortlink":"https:\/\/wp.me\/p7ZJR4-iAo","jetpack_likes_enabled":false,"jetpack-related-posts":[{"id":71279,"url":"https:\/\/www.grieta.org.mx\/index.php\/2025\/02\/28\/marchan-en-los-11-municipios-manifestaciones-y-plantones-de-maestros-en-quintana-roo-contra-la-reforma-del-issste\/","url_meta":{"origin":71448,"position":0},"title":"Marchan en los 11 municipios: Manifestaciones y plantones de maestros en Quintana Roo contra la reforma del ISSSTE","author":"grieta","date":"28 febrero, 2025","format":false,"excerpt":"Noticaribe QUINTANA ROO, MX.- De los ma\u0301s de 15 mil maestros con plazas en Quintana Roo, unos diez mil participaron en la manifestacio\u0301n convocada en los 11 municipios de la entidad, para rechazar lo que ellos llaman las reformas del Instituto de Seguridad y Servicios Sociales de los Trabajadores del\u2026","rel":"","context":"En &quot;CINTILLO&quot;","block_context":{"text":"CINTILLO","link":"https:\/\/www.grieta.org.mx\/index.php\/category\/cintillo\/"},"img":{"alt_text":"","src":"https:\/\/i0.wp.com\/www.grieta.org.mx\/wp-content\/uploads\/2025\/03\/MaestrosQuintana-e1741914783360.jpg?resize=350%2C200&ssl=1","width":350,"height":200,"srcset":"https:\/\/i0.wp.com\/www.grieta.org.mx\/wp-content\/uploads\/2025\/03\/MaestrosQuintana-e1741914783360.jpg?resize=350%2C200&ssl=1 1x, https:\/\/i0.wp.com\/www.grieta.org.mx\/wp-content\/uploads\/2025\/03\/MaestrosQuintana-e1741914783360.jpg?resize=525%2C300&ssl=1 1.5x, https:\/\/i0.wp.com\/www.grieta.org.mx\/wp-content\/uploads\/2025\/03\/MaestrosQuintana-e1741914783360.jpg?resize=700%2C400&ssl=1 2x"},"classes":[]},{"id":71295,"url":"https:\/\/www.grieta.org.mx\/index.php\/2025\/03\/06\/desconocen-maestros-acuerdos-con-secretaria-de-educacion-alistan-docentes-acciones-de-protesta-mas-intensas-en-quintana-roo-a-partir-del-viernes\/","url_meta":{"origin":71448,"position":1},"title":"Desconocen maestros acuerdos con Secretar\u00eda de Educaci\u00f3n: Alistan docentes acciones de protesta m\u00e1s intensas en Quintana Roo a partir del viernes","author":"grieta","date":"6 marzo, 2025","format":false,"excerpt":"Rafael Brice\u00f1o \/ Noticaribe CHETUMAL, MX.- Luego de exponer que el gobierno del Estado rompi\u00f3 acuerdos asumidos en las mesas de di\u00e1logo, integrantes del Comit\u00e9 de Lucha Magisterial anunciaron que, a partir de este viernes, instrumentar\u00e1n nuevas acciones y medidas contundentes en Playa del Carmen al tiempo que confirmaron que\u2026","rel":"","context":"En &quot;CINTILLO&quot;","block_context":{"text":"CINTILLO","link":"https:\/\/www.grieta.org.mx\/index.php\/category\/cintillo\/"},"img":{"alt_text":"","src":"https:\/\/i0.wp.com\/www.grieta.org.mx\/wp-content\/uploads\/2025\/03\/MaestrosQuintRoo-e1741918922394.jpg?resize=350%2C200&ssl=1","width":350,"height":200,"srcset":"https:\/\/i0.wp.com\/www.grieta.org.mx\/wp-content\/uploads\/2025\/03\/MaestrosQuintRoo-e1741918922394.jpg?resize=350%2C200&ssl=1 1x, https:\/\/i0.wp.com\/www.grieta.org.mx\/wp-content\/uploads\/2025\/03\/MaestrosQuintRoo-e1741918922394.jpg?resize=525%2C300&ssl=1 1.5x, https:\/\/i0.wp.com\/www.grieta.org.mx\/wp-content\/uploads\/2025\/03\/MaestrosQuintRoo-e1741918922394.jpg?resize=700%2C400&ssl=1 2x"},"classes":[]},{"id":71285,"url":"https:\/\/www.grieta.org.mx\/index.php\/2025\/03\/07\/el-paro-es-culpa-del-estado-maestros-marchan-en-cancun-y-playa-del-carmen-contra-la-reforma-a-la-ley-del-issste-quintana-roo\/","url_meta":{"origin":71448,"position":2},"title":"&#8220;El paro es culpa del Estado&#8221;: Maestros marchan en Canc\u00fan y Playa del Carmen contra la reforma a la Ley del ISSSTE (Quintana Roo)","author":"grieta","date":"7 marzo, 2025","format":false,"excerpt":"Noticaribe CANC\u00daN, MX.- Maestros del Comit\u00e9 Estatal de Lucha iniciaron esta ma\u00f1ana una marcha pac\u00edfica en la ciudad de Canc\u00fan contra de la reforma a la Ley del ISSSTE, de manera simultanea a la que se convoc\u00f3 en el municipio de Solidaridad. Desde las 9 de la ma\u00f1ana, alrededor de\u2026","rel":"","context":"En &quot;CINTILLO&quot;","block_context":{"text":"CINTILLO","link":"https:\/\/www.grieta.org.mx\/index.php\/category\/cintillo\/"},"img":{"alt_text":"","src":"https:\/\/i0.wp.com\/www.grieta.org.mx\/wp-content\/uploads\/2025\/03\/MaestrosQRoo-e1741916462380.jpg?resize=350%2C200&ssl=1","width":350,"height":200,"srcset":"https:\/\/i0.wp.com\/www.grieta.org.mx\/wp-content\/uploads\/2025\/03\/MaestrosQRoo-e1741916462380.jpg?resize=350%2C200&ssl=1 1x, https:\/\/i0.wp.com\/www.grieta.org.mx\/wp-content\/uploads\/2025\/03\/MaestrosQRoo-e1741916462380.jpg?resize=525%2C300&ssl=1 1.5x, https:\/\/i0.wp.com\/www.grieta.org.mx\/wp-content\/uploads\/2025\/03\/MaestrosQRoo-e1741916462380.jpg?resize=700%2C400&ssl=1 2x"},"classes":[]},{"id":68736,"url":"https:\/\/www.grieta.org.mx\/index.php\/2024\/03\/19\/advierten-maestros-de-quintana-roo-paro-de-labores\/","url_meta":{"origin":71448,"position":3},"title":"Advierten maestros de Quintana Roo paro de labores","author":"grieta","date":"19 marzo, 2024","format":false,"excerpt":"Manuel S\u00e1nchez \/ Quadrat\u00edn Quintana Roo CANC\u00daN, QRoo, 19 de marzo de 2024.- Por descuentos aplicados no reintegrados a sus n\u00f3minas el 15 de marzo, maestros y agremiados a la secci\u00f3n 25 del Sindicato Nacional de los Trabajadores de la Educaci\u00f3n, advirtieron un paro de labores si la Secretar\u00eda de\u2026","rel":"","context":"En &quot;CINTILLO&quot;","block_context":{"text":"CINTILLO","link":"https:\/\/www.grieta.org.mx\/index.php\/category\/cintillo\/"},"img":{"alt_text":"","src":"https:\/\/i0.wp.com\/www.grieta.org.mx\/wp-content\/uploads\/2024\/04\/Maestros-e1712171334685.jpg?resize=350%2C200&ssl=1","width":350,"height":200,"srcset":"https:\/\/i0.wp.com\/www.grieta.org.mx\/wp-content\/uploads\/2024\/04\/Maestros-e1712171334685.jpg?resize=350%2C200&ssl=1 1x, https:\/\/i0.wp.com\/www.grieta.org.mx\/wp-content\/uploads\/2024\/04\/Maestros-e1712171334685.jpg?resize=525%2C300&ssl=1 1.5x, https:\/\/i0.wp.com\/www.grieta.org.mx\/wp-content\/uploads\/2024\/04\/Maestros-e1712171334685.jpg?resize=700%2C400&ssl=1 2x"},"classes":[]},{"id":71732,"url":"https:\/\/www.grieta.org.mx\/index.php\/2025\/05\/15\/daran-inicio-a-planton-frente-al-palacio-municipal-se-suman-docentes-de-otros-municipios-a-la-megamarcha-en-felipe-carrillo-puerto-quintana-roo\/","url_meta":{"origin":71448,"position":4},"title":"Dar\u00e1n inicio a plant\u00f3n frente al Palacio Municipal: Se suman docentes de otros municipios a la megamarcha en Felipe Carrillo Puerto (Quintana Roo)","author":"grieta","date":"15 mayo, 2025","format":false,"excerpt":"Noticaribe FELIPE CARRILLO PUERTO, MX.- Alrededor de mil docentes, provenientes de diversos municipios del estado, se concentraron esta ma\u00f1ana en los accesos de esta ciudad, para sumarse a la megamarcha convocada por el Comit\u00e9 Estatal de Lucha en contra de la Ley del Instituto de Seguridad y Servicios Sociales de\u2026","rel":"","context":"En &quot;CINTILLO&quot;","block_context":{"text":"CINTILLO","link":"https:\/\/www.grieta.org.mx\/index.php\/category\/cintillo\/"},"img":{"alt_text":"","src":"https:\/\/i0.wp.com\/www.grieta.org.mx\/wp-content\/uploads\/2025\/05\/MaestrosQR-e1747659303124.jpg?resize=350%2C200&ssl=1","width":350,"height":200,"srcset":"https:\/\/i0.wp.com\/www.grieta.org.mx\/wp-content\/uploads\/2025\/05\/MaestrosQR-e1747659303124.jpg?resize=350%2C200&ssl=1 1x, https:\/\/i0.wp.com\/www.grieta.org.mx\/wp-content\/uploads\/2025\/05\/MaestrosQR-e1747659303124.jpg?resize=525%2C300&ssl=1 1.5x, https:\/\/i0.wp.com\/www.grieta.org.mx\/wp-content\/uploads\/2025\/05\/MaestrosQR-e1747659303124.jpg?resize=700%2C400&ssl=1 2x"},"classes":[]},{"id":64825,"url":"https:\/\/www.grieta.org.mx\/index.php\/2022\/08\/16\/amagan-maestros-del-tecnologico-de-carrillo-puerto-con-paro-laboral-denuncian-caso-de-acoso-sexual-plazas-sin-asignar-y-falta-de-pago-de-bono-quintana-roo\/","url_meta":{"origin":71448,"position":5},"title":"Amagan maestros del Tecnol\u00f3gico de Carrillo Puerto con paro laboral: Denuncian caso de acoso sexual, plazas sin asignar y falta de pago de bono (Quintana Roo)","author":"grieta","date":"16 agosto, 2022","format":false,"excerpt":"Noticaribe FELIPE CARRILLO PUERTO, MX.- Cerca de 30 maestros del Instituto de Tecnol\u00f3gico de Felipe Carrillo Puerto se manifestaron este mediod\u00eda a las afueras de este plantel para exigirle a la Secretar\u00eda de Educaci\u00f3n de Quintana Roo (SEQ) que cumpla con los acuerdos pactados desde mayo pasado, o de lo\u2026","rel":"","context":"En &quot;CINTILLO&quot;","block_context":{"text":"CINTILLO","link":"https:\/\/www.grieta.org.mx\/index.php\/category\/cintillo\/"},"img":{"alt_text":"","src":"https:\/\/i0.wp.com\/www.grieta.org.mx\/wp-content\/uploads\/2022\/08\/CarrillolPuerto-e1661042787762.png?resize=350%2C200&ssl=1","width":350,"height":200,"srcset":"https:\/\/i0.wp.com\/www.grieta.org.mx\/wp-content\/uploads\/2022\/08\/CarrillolPuerto-e1661042787762.png?resize=350%2C200&ssl=1 1x, https:\/\/i0.wp.com\/www.grieta.org.mx\/wp-content\/uploads\/2022\/08\/CarrillolPuerto-e1661042787762.png?resize=525%2C300&ssl=1 1.5x, https:\/\/i0.wp.com\/www.grieta.org.mx\/wp-content\/uploads\/2022\/08\/CarrillolPuerto-e1661042787762.png?resize=700%2C400&ssl=1 2x"},"classes":[]}],"_links":{"self":[{"href":"https:\/\/www.grieta.org.mx\/index.php\/wp-json\/wp\/v2\/posts\/71448","targetHints":{"allow":["GET"]}}],"collection":[{"href":"https:\/\/www.grieta.org.mx\/index.php\/wp-json\/wp\/v2\/posts"}],"about":[{"href":"https:\/\/www.grieta.org.mx\/index.php\/wp-json\/wp\/v2\/types\/post"}],"author":[{"embeddable":true,"href":"https:\/\/www.grieta.org.mx\/index.php\/wp-json\/wp\/v2\/users\/2"}],"replies":[{"embeddable":true,"href":"https:\/\/www.grieta.org.mx\/index.php\/wp-json\/wp\/v2\/comments?post=71448"}],"version-history":[{"count":1,"href":"https:\/\/www.grieta.org.mx\/index.php\/wp-json\/wp\/v2\/posts\/71448\/revisions"}],"predecessor-version":[{"id":71451,"href":"https:\/\/www.grieta.org.mx\/index.php\/wp-json\/wp\/v2\/posts\/71448\/revisions\/71451"}],"wp:featuredmedia":[{"embeddable":true,"href":"https:\/\/www.grieta.org.mx\/index.php\/wp-json\/wp\/v2\/media\/71449"}],"wp:attachment":[{"href":"https:\/\/www.grieta.org.mx\/index.php\/wp-json\/wp\/v2\/media?parent=71448"}],"wp:term":[{"taxonomy":"category","embeddable":true,"href":"https:\/\/www.grieta.org.mx\/index.php\/wp-json\/wp\/v2\/categories?post=71448"},{"taxonomy":"post_tag","embeddable":true,"href":"https:\/\/www.grieta.org.mx\/index.php\/wp-json\/wp\/v2\/tags?post=71448"}],"curies":[{"name":"wp","href":"https:\/\/api.w.org\/{rel}","templated":true}]}}