{"id":71292,"date":"2025-03-10T20:00:07","date_gmt":"2025-03-11T02:00:07","guid":{"rendered":"https:\/\/www.grieta.org.mx\/?p=71292"},"modified":"2025-03-13T20:10:38","modified_gmt":"2025-03-14T02:10:38","slug":"resienten-tambien-afectaciones-por-reforma-a-la-ley-del-issste-daran-inicio-en-sistema-bachilleres-paros-escalonados-de-actividades-anuncian-paro-total-de-labores-para-la-proxima-semana-quintana-r","status":"publish","type":"post","link":"https:\/\/www.grieta.org.mx\/index.php\/2025\/03\/10\/resienten-tambien-afectaciones-por-reforma-a-la-ley-del-issste-daran-inicio-en-sistema-bachilleres-paros-escalonados-de-actividades-anuncian-paro-total-de-labores-para-la-proxima-semana-quintana-r\/","title":{"rendered":"Resienten tambi\u00e9n afectaciones por reforma a la Ley del  ISSSTE: Dar\u00e1n inicio en Sistema Bachilleres paros escalonados de actividades; anuncian paro total de labores para la pr\u00f3xima semana (Quintana Roo)"},"content":{"rendered":"<p>Rafael Brice\u00f1o \/ Noticaribe<\/p>\n<p>CHETUMAL, MX.- Ante las afectaciones por la propuesta de reforma a la Ley del ISSSTE y al hecho de que no se consideran las necesidades que presenta el sistema educativo de nivel medio superior, el Sistema Bachilleres inici\u00f3 el paro escalonado de actividades en las escuelas de todo el Estado y de manera tentativa la pr\u00f3xima semana el paro ser\u00e1 total.<\/p>\n<p>Jorge Antonio Ballote Ake, secretario general del Sindicato de Trabajadores del Sistema Bachilleres, confirm\u00f3 que a partir de este lunes iniciaron un paro de labores de una hora que se ir\u00e1n sumando en el transcurso de los pr\u00f3ximos d\u00edas; para el viernes el paro de labores ser\u00e1 de cinco horas y la pr\u00f3xima semana, total.<\/p>\n<p>Vamos a unirnos al movimiento del Comit\u00e9 de Lucha Magisterial porque la reforma a la ley del ISSSTE tambi\u00e9n nos afecta, pero, adem\u00e1s, por el hecho de que el pliego petitorio que entreg\u00f3 el SNTE a la Secretar\u00eda de Educaci\u00f3n no contempla las afectaciones al sistema de educaci\u00f3n media superior y solo abarca el nivel b\u00e1sico, explic\u00f3.<\/p>\n<p>Detall\u00f3 que la intenci\u00f3n del SNTE es negociar con la gobernadora Mara Lezama y la secretaria de Educaci\u00f3n Elda Xix, pero \u00fanicamente temas relacionados con educaci\u00f3n b\u00e1sica, es decir primarias, sin tomar en cuenta al Sistema Bachilleres.<\/p>\n<p>Aclar\u00f3 que el Sistema Bachilleres es independiente a la lucha de poder que se ha desatado entre el SNTE y los integrantes del Comit\u00e9 de Lucha Magisterial que, desde hace dos semanas, mantiene un paro indefinido de labores.<\/p>\n<p>Este lunes, la representaci\u00f3n sindical se reuni\u00f3 con los trabajadores sindicalizados para comenzar a socializar con los padres de familia los motivos por los cuales iniciaron con el paro escalonado de labores que para la pr\u00f3xima semana ser\u00e1 un paro total. (Noticaribe)<\/p>\n<p><a href=\"https:\/\/noticaribe.com.mx\/2025\/03\/10\/resienten-tambien-afectaciones-por-reforma-a-ley-del-issste-daran-inicio-en-sistema-bachilleres-paros-escalonados-de-actividades-anuncian-paro-total-de-labores-para-la-proxima-semana\/\" target=\"_blank\">https:\/\/noticaribe.com.mx\/2025\/03\/10\/resienten-tambien-afectaciones-por-reforma-a-ley-del-issste-daran-inicio-en-sistema-bachilleres-paros-escalonados-de-actividades-anuncian-paro-total-de-labores-para-la-proxima-semana\/<\/a><\/p>\n","protected":false},"excerpt":{"rendered":"<p>Rafael Brice\u00f1o \/ Noticaribe CHETUMAL, MX.- Ante las afectaciones por la propuesta de reforma a la Ley del ISSSTE y al hecho de que no se consideran las necesidades que &hellip; <a href=\"https:\/\/www.grieta.org.mx\/index.php\/2025\/03\/10\/resienten-tambien-afectaciones-por-reforma-a-la-ley-del-issste-daran-inicio-en-sistema-bachilleres-paros-escalonados-de-actividades-anuncian-paro-total-de-labores-para-la-proxima-semana-quintana-r\/\" class=\"more-link\">Leer m\u00e1s<\/a><\/p>\n","protected":false},"author":2,"featured_media":71293,"comment_status":"closed","ping_status":"closed","sticky":false,"template":"","format":"standard","meta":{"ngg_post_thumbnail":0,"_jetpack_newsletter_access":"","_jetpack_dont_email_post_to_subs":false,"_jetpack_newsletter_tier_id":0,"_jetpack_memberships_contains_paywalled_content":false,"_jetpack_memberships_contains_paid_content":false,"footnotes":""},"categories":[80,2906,2,2618,28],"tags":[872,492,133,3218],"class_list":["post-71292","post","type-post","status-publish","format-standard","has-post-thumbnail","hentry","category-cintillo","category-crisis-de-la-educacion-publica-en-quintana-roo","category-noticias-nacionales","category-protestas-del-magisterio-en-quintana-roo","category-quintana-roo","tag-colegio-de-bachilleres","tag-issste","tag-maestros","tag-paro-de-maestros","entry"],"jetpack_featured_media_url":"https:\/\/www.grieta.org.mx\/wp-content\/uploads\/2025\/03\/Bachilleres-e1741918081557.jpg","jetpack_sharing_enabled":true,"jetpack_shortlink":"https:\/\/wp.me\/p7ZJR4-ixS","jetpack_likes_enabled":false,"jetpack-related-posts":[{"id":41235,"url":"https:\/\/www.grieta.org.mx\/index.php\/2019\/11\/15\/paro-en-bachilleres-por-falta-de-pago-salarial-quintana-roo\/","url_meta":{"origin":71292,"position":0},"title":"Paro en Bachilleres por falta de pago salarial (Quintana Roo)","author":"grieta","date":"15 noviembre, 2019","format":false,"excerpt":"TVQRoo Canc\u00fan, Q. Roo.- El paro de maestros afiliados al Sindicato de Trabajadores del Colegio de Bachilleres de Quintana Roo (Sitacobaqroo), se debe, seg\u00fan los argumentos de su l\u00edder, Jos\u00e9 Gabriel Sul\u00fa Mart\u00ednez, Secretario General, a que no les han cumplido con el pago de incentivos salariales. En una misiva\u2026","rel":"","context":"En &quot;CINTILLO&quot;","block_context":{"text":"CINTILLO","link":"https:\/\/www.grieta.org.mx\/index.php\/category\/cintillo\/"},"img":{"alt_text":"","src":"https:\/\/i0.wp.com\/www.grieta.org.mx\/wp-content\/uploads\/2019\/11\/ParoBachilleres.png?resize=350%2C200&ssl=1","width":350,"height":200,"srcset":"https:\/\/i0.wp.com\/www.grieta.org.mx\/wp-content\/uploads\/2019\/11\/ParoBachilleres.png?resize=350%2C200&ssl=1 1x, https:\/\/i0.wp.com\/www.grieta.org.mx\/wp-content\/uploads\/2019\/11\/ParoBachilleres.png?resize=525%2C300&ssl=1 1.5x, https:\/\/i0.wp.com\/www.grieta.org.mx\/wp-content\/uploads\/2019\/11\/ParoBachilleres.png?resize=700%2C400&ssl=1 2x"},"classes":[]},{"id":71448,"url":"https:\/\/www.grieta.org.mx\/index.php\/2025\/03\/28\/docentes-bloquean-las-oficinas-de-la-seq-quintana-roo\/","url_meta":{"origin":71292,"position":1},"title":"Docentes bloquean las oficinas de la SEQ (Quintana Roo)","author":"grieta","date":"28 marzo, 2025","format":false,"excerpt":"Luis Enrique Tuz \/Sol Quintana Roo Despu\u00e9s que el Gobierno de M\u00e9xico anunciar\u00e1 que la nueva reforma del ISSSTE no se promulgar\u00eda, los maestros pidieron que la actualizaci\u00f3n del 2007 tampoco tenga validez, por lo que buscan derogarla Chetumal.\u2014 A un mes de haber iniciado el paro de labores de\u2026","rel":"","context":"En &quot;CINTILLO&quot;","block_context":{"text":"CINTILLO","link":"https:\/\/www.grieta.org.mx\/index.php\/category\/cintillo\/"},"img":{"alt_text":"","src":"https:\/\/i0.wp.com\/www.grieta.org.mx\/wp-content\/uploads\/2025\/03\/Docentes-e1743350000847.jpg?resize=350%2C200&ssl=1","width":350,"height":200,"srcset":"https:\/\/i0.wp.com\/www.grieta.org.mx\/wp-content\/uploads\/2025\/03\/Docentes-e1743350000847.jpg?resize=350%2C200&ssl=1 1x, https:\/\/i0.wp.com\/www.grieta.org.mx\/wp-content\/uploads\/2025\/03\/Docentes-e1743350000847.jpg?resize=525%2C300&ssl=1 1.5x, https:\/\/i0.wp.com\/www.grieta.org.mx\/wp-content\/uploads\/2025\/03\/Docentes-e1743350000847.jpg?resize=700%2C400&ssl=1 2x"},"classes":[]},{"id":71279,"url":"https:\/\/www.grieta.org.mx\/index.php\/2025\/02\/28\/marchan-en-los-11-municipios-manifestaciones-y-plantones-de-maestros-en-quintana-roo-contra-la-reforma-del-issste\/","url_meta":{"origin":71292,"position":2},"title":"Marchan en los 11 municipios: Manifestaciones y plantones de maestros en Quintana Roo contra la reforma del ISSSTE","author":"grieta","date":"28 febrero, 2025","format":false,"excerpt":"Noticaribe QUINTANA ROO, MX.- De los ma\u0301s de 15 mil maestros con plazas en Quintana Roo, unos diez mil participaron en la manifestacio\u0301n convocada en los 11 municipios de la entidad, para rechazar lo que ellos llaman las reformas del Instituto de Seguridad y Servicios Sociales de los Trabajadores del\u2026","rel":"","context":"En &quot;CINTILLO&quot;","block_context":{"text":"CINTILLO","link":"https:\/\/www.grieta.org.mx\/index.php\/category\/cintillo\/"},"img":{"alt_text":"","src":"https:\/\/i0.wp.com\/www.grieta.org.mx\/wp-content\/uploads\/2025\/03\/MaestrosQuintana-e1741914783360.jpg?resize=350%2C200&ssl=1","width":350,"height":200,"srcset":"https:\/\/i0.wp.com\/www.grieta.org.mx\/wp-content\/uploads\/2025\/03\/MaestrosQuintana-e1741914783360.jpg?resize=350%2C200&ssl=1 1x, https:\/\/i0.wp.com\/www.grieta.org.mx\/wp-content\/uploads\/2025\/03\/MaestrosQuintana-e1741914783360.jpg?resize=525%2C300&ssl=1 1.5x, https:\/\/i0.wp.com\/www.grieta.org.mx\/wp-content\/uploads\/2025\/03\/MaestrosQuintana-e1741914783360.jpg?resize=700%2C400&ssl=1 2x"},"classes":[]},{"id":71285,"url":"https:\/\/www.grieta.org.mx\/index.php\/2025\/03\/07\/el-paro-es-culpa-del-estado-maestros-marchan-en-cancun-y-playa-del-carmen-contra-la-reforma-a-la-ley-del-issste-quintana-roo\/","url_meta":{"origin":71292,"position":3},"title":"&#8220;El paro es culpa del Estado&#8221;: Maestros marchan en Canc\u00fan y Playa del Carmen contra la reforma a la Ley del ISSSTE (Quintana Roo)","author":"grieta","date":"7 marzo, 2025","format":false,"excerpt":"Noticaribe CANC\u00daN, MX.- Maestros del Comit\u00e9 Estatal de Lucha iniciaron esta ma\u00f1ana una marcha pac\u00edfica en la ciudad de Canc\u00fan contra de la reforma a la Ley del ISSSTE, de manera simultanea a la que se convoc\u00f3 en el municipio de Solidaridad. Desde las 9 de la ma\u00f1ana, alrededor de\u2026","rel":"","context":"En &quot;CINTILLO&quot;","block_context":{"text":"CINTILLO","link":"https:\/\/www.grieta.org.mx\/index.php\/category\/cintillo\/"},"img":{"alt_text":"","src":"https:\/\/i0.wp.com\/www.grieta.org.mx\/wp-content\/uploads\/2025\/03\/MaestrosQRoo-e1741916462380.jpg?resize=350%2C200&ssl=1","width":350,"height":200,"srcset":"https:\/\/i0.wp.com\/www.grieta.org.mx\/wp-content\/uploads\/2025\/03\/MaestrosQRoo-e1741916462380.jpg?resize=350%2C200&ssl=1 1x, https:\/\/i0.wp.com\/www.grieta.org.mx\/wp-content\/uploads\/2025\/03\/MaestrosQRoo-e1741916462380.jpg?resize=525%2C300&ssl=1 1.5x, https:\/\/i0.wp.com\/www.grieta.org.mx\/wp-content\/uploads\/2025\/03\/MaestrosQRoo-e1741916462380.jpg?resize=700%2C400&ssl=1 2x"},"classes":[]},{"id":33336,"url":"https:\/\/www.grieta.org.mx\/index.php\/2019\/05\/09\/maestros-se-sumaran-a-protesta-de-integrantes-del-sitacobaqroo-en-chetumal\/","url_meta":{"origin":71292,"position":4},"title":"Maestros se sumar\u00e1n a protesta de integrantes del Sitacobaqroo en Chetumal","author":"grieta","date":"9 mayo, 2019","format":false,"excerpt":"Alejandro CHAN PUC\/Diario de Quintana Roo FELIPE CARRILLO PUERTO, 9 de mayo.- Ante la falta de respuesta por parte de autoridades educativas y de la Federaci\u00f3n, maestros de nivel medio superior de la Zona Maya, afiliados al Sindicato de Trabajadores del Colegio de Bachilleres de Quintana Roo (Sitacobaqroo) viajaron a\u2026","rel":"","context":"En &quot;CINTILLO&quot;","block_context":{"text":"CINTILLO","link":"https:\/\/www.grieta.org.mx\/index.php\/category\/cintillo\/"},"img":{"alt_text":"","src":"https:\/\/i0.wp.com\/www.grieta.org.mx\/wp-content\/uploads\/2019\/05\/a6.jpg?resize=350%2C200&ssl=1","width":350,"height":200},"classes":[]},{"id":68733,"url":"https:\/\/www.grieta.org.mx\/index.php\/2024\/03\/28\/ante-ambiente-laboral-tenso-issste-amenaza-de-paro-total-en-chetumal-quintana-roo\/","url_meta":{"origin":71292,"position":5},"title":"Ante ambiente laboral \u2018tenso\u2019, ISSSTE amenaza de paro total en Chetumal (Quintana Roo)","author":"grieta","date":"28 marzo, 2024","format":false,"excerpt":"Armando Galera \/ Novedades Quintana Roo Pacientes del hospital del Instituto de Seguridad y Servicios Sociales de los Trabajadores del Estado (ISSSTE) se encuentran temerosos de que su atenci\u00f3n m\u00e9dica se suspenda, luego de que personal de la cl\u00ednica amenazara con un paro de labores definitivo a partir de la\u2026","rel":"","context":"En &quot;CINTILLO&quot;","block_context":{"text":"CINTILLO","link":"https:\/\/www.grieta.org.mx\/index.php\/category\/cintillo\/"},"img":{"alt_text":"","src":"https:\/\/i0.wp.com\/www.grieta.org.mx\/wp-content\/uploads\/2024\/04\/ChetumalIssste-e1712170051802.jpg?resize=350%2C200&ssl=1","width":350,"height":200,"srcset":"https:\/\/i0.wp.com\/www.grieta.org.mx\/wp-content\/uploads\/2024\/04\/ChetumalIssste-e1712170051802.jpg?resize=350%2C200&ssl=1 1x, https:\/\/i0.wp.com\/www.grieta.org.mx\/wp-content\/uploads\/2024\/04\/ChetumalIssste-e1712170051802.jpg?resize=525%2C300&ssl=1 1.5x, https:\/\/i0.wp.com\/www.grieta.org.mx\/wp-content\/uploads\/2024\/04\/ChetumalIssste-e1712170051802.jpg?resize=700%2C400&ssl=1 2x"},"classes":[]}],"_links":{"self":[{"href":"https:\/\/www.grieta.org.mx\/index.php\/wp-json\/wp\/v2\/posts\/71292","targetHints":{"allow":["GET"]}}],"collection":[{"href":"https:\/\/www.grieta.org.mx\/index.php\/wp-json\/wp\/v2\/posts"}],"about":[{"href":"https:\/\/www.grieta.org.mx\/index.php\/wp-json\/wp\/v2\/types\/post"}],"author":[{"embeddable":true,"href":"https:\/\/www.grieta.org.mx\/index.php\/wp-json\/wp\/v2\/users\/2"}],"replies":[{"embeddable":true,"href":"https:\/\/www.grieta.org.mx\/index.php\/wp-json\/wp\/v2\/comments?post=71292"}],"version-history":[{"count":1,"href":"https:\/\/www.grieta.org.mx\/index.php\/wp-json\/wp\/v2\/posts\/71292\/revisions"}],"predecessor-version":[{"id":71294,"href":"https:\/\/www.grieta.org.mx\/index.php\/wp-json\/wp\/v2\/posts\/71292\/revisions\/71294"}],"wp:featuredmedia":[{"embeddable":true,"href":"https:\/\/www.grieta.org.mx\/index.php\/wp-json\/wp\/v2\/media\/71293"}],"wp:attachment":[{"href":"https:\/\/www.grieta.org.mx\/index.php\/wp-json\/wp\/v2\/media?parent=71292"}],"wp:term":[{"taxonomy":"category","embeddable":true,"href":"https:\/\/www.grieta.org.mx\/index.php\/wp-json\/wp\/v2\/categories?post=71292"},{"taxonomy":"post_tag","embeddable":true,"href":"https:\/\/www.grieta.org.mx\/index.php\/wp-json\/wp\/v2\/tags?post=71292"}],"curies":[{"name":"wp","href":"https:\/\/api.w.org\/{rel}","templated":true}]}}