{"id":71276,"date":"2025-03-13T19:03:15","date_gmt":"2025-03-14T01:03:15","guid":{"rendered":"https:\/\/www.grieta.org.mx\/?p=71276"},"modified":"2025-03-13T19:03:15","modified_gmt":"2025-03-14T01:03:15","slug":"yucatan-ejidatarios-de-telchaquillo-rechazan-nuevamente-propuesta-del-inah-sobre-mayapan-se-prolonga-cierre-del-sitio-arqueologico","status":"publish","type":"post","link":"https:\/\/www.grieta.org.mx\/index.php\/2025\/03\/13\/yucatan-ejidatarios-de-telchaquillo-rechazan-nuevamente-propuesta-del-inah-sobre-mayapan-se-prolonga-cierre-del-sitio-arqueologico\/","title":{"rendered":"Yucat\u00e1n| Ejidatarios de Telchaquillo rechazan nuevamente propuesta del INAH sobre Mayap\u00e1n; se prolonga cierre del sitio arqueol\u00f3gico"},"content":{"rendered":"<p>Itzel Chan \/ Noticaribe<\/p>\n<p>M\u00c9RIDA, MX.- Las negociaciones para reabrir la zona arqueol\u00f3gica de Mayap\u00e1n siguen estancadas luego de que ejidatarios de Telchaquillo rechazaran una nueva propuesta presentada por el director general del Instituto Nacional de Antropolog\u00eda e Historia (INAH), Diego Prieto Hern\u00e1ndez.<\/p>\n<p>A pesar de la intenci\u00f3n de lograr un acuerdo que permitiera la reapertura del sitio, la falta de transparencia en los t\u00e9rminos del convenio expuesto gener\u00f3 desconfianza entre los campesinos, quienes mantienen su exigencia de reconocimiento por el uso de sus tierras.<\/p>\n<p>Prieto Hern\u00e1ndez acudi\u00f3 nuevamente a la comunidad en estos d\u00edas, acompa\u00f1ado de tres colaboradores, para reunirse con el comisario ejidal Gregorio Garc\u00eda \u00c1vila y un grupo de aproximadamente 20 personas. Durante las reuniones, que tuvieron lugar en la comandancia, se proyect\u00f3 en una computadora un supuesto convenio de colaboraci\u00f3n entre el INAH y el ejido propietario de las tierras. Sin embargo, los asistentes se\u00f1alaron que nunca se les proporcion\u00f3 una copia f\u00edsica del documento, lo que gener\u00f3 molestia y termin\u00f3 con un rechazo generalizado a la propuesta.<\/p>\n<p>A pesar de intentarlo, el director general del INAH no logr\u00f3 convencer a los ejidatarios de aceptar los t\u00e9rminos expuestos en el acuerdo. Encima, al ser cuestionado sobre los detalles espec\u00edficos de la colaboraci\u00f3n y al solicitarse una copia del documento, Prieto Hern\u00e1ndez opt\u00f3 por dar por terminada la reuni\u00f3n sin alcanzar un consenso, dejando nuevamente el conflicto sin resolver.<\/p>\n<p>Los ejidatarios de Telchaquillo han sido claros en sus exigencias: el pago de 40 a\u00f1os de explotaci\u00f3n de Mayap\u00e1n, el reconocimiento del Ejido como administrador adjunto junto con el INAH y que parte de los ingresos obtenidos por el acceso a la zona arqueol\u00f3gica sean destinados al beneficio de la comunidad. No obstante, el INAH ha rechazado hasta el momento estas condiciones, lo que ha prolongado el cierre del sitio, afectando tanto el turismo como la econom\u00eda local. (Noticaribe)<\/p>\n<p><a href=\"https:\/\/noticaribe.com.mx\/2025\/03\/13\/yucatan-ejidatarios-de-telchaquillo-rechazan-nuevamente-propuesta-del-inah-sobre-mayapan-se-prolonga-cierre-del-sitio-arqueologico\/\" target=\"_blank\">https:\/\/noticaribe.com.mx\/2025\/03\/13\/yucatan-ejidatarios-de-telchaquillo-rechazan-nuevamente-propuesta-del-inah-sobre-mayapan-se-prolonga-cierre-del-sitio-arqueologico\/<\/a><\/p>\n","protected":false},"excerpt":{"rendered":"<p>Itzel Chan \/ Noticaribe M\u00c9RIDA, MX.- Las negociaciones para reabrir la zona arqueol\u00f3gica de Mayap\u00e1n siguen estancadas luego de que ejidatarios de Telchaquillo rechazaran una nueva propuesta presentada por el &hellip; <a href=\"https:\/\/www.grieta.org.mx\/index.php\/2025\/03\/13\/yucatan-ejidatarios-de-telchaquillo-rechazan-nuevamente-propuesta-del-inah-sobre-mayapan-se-prolonga-cierre-del-sitio-arqueologico\/\" class=\"more-link\">Leer m\u00e1s<\/a><\/p>\n","protected":false},"author":2,"featured_media":71277,"comment_status":"closed","ping_status":"closed","sticky":false,"template":"","format":"standard","meta":{"ngg_post_thumbnail":0,"_jetpack_newsletter_access":"","_jetpack_dont_email_post_to_subs":false,"_jetpack_newsletter_tier_id":0,"_jetpack_memberships_contains_paywalled_content":false,"_jetpack_memberships_contains_paid_content":false,"footnotes":""},"categories":[80,2,3952,1071,36],"tags":[184,175,208,4208,4228,1817,3664],"class_list":["post-71276","post","type-post","status-publish","format-standard","has-post-thumbnail","hentry","category-cintillo","category-noticias-nacionales","category-problemas-por-zonas-arqueologicas-en-tierras-ejidales-en-yucatan","category-resistencia-al-despojo-de-tierras-ejidales-en-yucatan","category-yucatan","tag-despojo","tag-ejidatarios","tag-inah","tag-mayapan","tag-telchaquillo","tag-tierras-ejidales","tag-zonas-arqueologicas","entry"],"jetpack_featured_media_url":"https:\/\/www.grieta.org.mx\/wp-content\/uploads\/2025\/03\/Mayapan-e1741914003243.jpg","jetpack_sharing_enabled":true,"jetpack_shortlink":"https:\/\/wp.me\/p7ZJR4-ixC","jetpack_likes_enabled":false,"jetpack-related-posts":[{"id":71224,"url":"https:\/\/www.grieta.org.mx\/index.php\/2025\/03\/04\/inah-y-guardia-nacional-hostigan-a-ejidatarios-de-telchaquillo-yucatan\/","url_meta":{"origin":71276,"position":0},"title":"INAH y Guardia Nacional hostigan a ejidatarios de Telchaquillo (Yucat\u00e1n)","author":"grieta","date":"4 marzo, 2025","format":false,"excerpt":"Haz Ruido A pesar de que el conflicto por la situaci\u00f3n de los terrenos de la zona arqueol\u00f3gica de Mayap\u00e1n se desarrolla en el Tribunal Agrario, los funcionarios llegaron con agentes armados para presionar a los campesinos M\u00e9rida, Yucat\u00e1n, 4 de marzo de 2025.\u2013 Pobladoras y pobladores de la comunidad\u2026","rel":"","context":"En &quot;CINTILLO&quot;","block_context":{"text":"CINTILLO","link":"https:\/\/www.grieta.org.mx\/index.php\/category\/cintillo\/"},"img":{"alt_text":"","src":"https:\/\/i0.wp.com\/www.grieta.org.mx\/wp-content\/uploads\/2025\/03\/Telchaquillo-e1741540138696.jpg?resize=350%2C200&ssl=1","width":350,"height":200,"srcset":"https:\/\/i0.wp.com\/www.grieta.org.mx\/wp-content\/uploads\/2025\/03\/Telchaquillo-e1741540138696.jpg?resize=350%2C200&ssl=1 1x, https:\/\/i0.wp.com\/www.grieta.org.mx\/wp-content\/uploads\/2025\/03\/Telchaquillo-e1741540138696.jpg?resize=525%2C300&ssl=1 1.5x, https:\/\/i0.wp.com\/www.grieta.org.mx\/wp-content\/uploads\/2025\/03\/Telchaquillo-e1741540138696.jpg?resize=700%2C400&ssl=1 2x"},"classes":[]},{"id":70695,"url":"https:\/\/www.grieta.org.mx\/index.php\/2024\/12\/15\/primer-triunfo-de-telchaquillo-admiten-demanda-contra-el-inah-yucatan\/","url_meta":{"origin":71276,"position":1},"title":"Primer triunfo de Telchaquillo: Admiten demanda contra el INAH (Yucat\u00e1n)","author":"grieta","date":"15 diciembre, 2024","format":false,"excerpt":"Sandra Gayou \/ Haz Ruido Exigen una indemnizaci\u00f3n por los casi 40 a\u00f1os de ocupaci\u00f3n del sitio arqueol\u00f3gico de Mayap\u00e1n en sus tierras ejidales, el cual es administrado por el INAH sin el consentimiento libre, previo e informado de la comunidad M\u00e9rida, Yucat\u00e1n, 15 de diciembre de 2024.- Habitantes de\u2026","rel":"","context":"En &quot;CINTILLO&quot;","block_context":{"text":"CINTILLO","link":"https:\/\/www.grieta.org.mx\/index.php\/category\/cintillo\/"},"img":{"alt_text":"","src":"https:\/\/i0.wp.com\/www.grieta.org.mx\/wp-content\/uploads\/2024\/12\/Telchaquillo-e1734553987495.jpg?resize=350%2C200&ssl=1","width":350,"height":200,"srcset":"https:\/\/i0.wp.com\/www.grieta.org.mx\/wp-content\/uploads\/2024\/12\/Telchaquillo-e1734553987495.jpg?resize=350%2C200&ssl=1 1x, https:\/\/i0.wp.com\/www.grieta.org.mx\/wp-content\/uploads\/2024\/12\/Telchaquillo-e1734553987495.jpg?resize=525%2C300&ssl=1 1.5x, https:\/\/i0.wp.com\/www.grieta.org.mx\/wp-content\/uploads\/2024\/12\/Telchaquillo-e1734553987495.jpg?resize=700%2C400&ssl=1 2x"},"classes":[]},{"id":70690,"url":"https:\/\/www.grieta.org.mx\/index.php\/2024\/12\/11\/exigen-coadministracion-de-mayapan-yucatan\/","url_meta":{"origin":71276,"position":2},"title":"Exigen coadministraci\u00f3n de Mayap\u00e1n (Yucat\u00e1n)","author":"grieta","date":"11 diciembre, 2024","format":false,"excerpt":"24 Horas Yucat\u00e1n Foto: Tom\u00e1s Mart\u00edn Un grupo de 287 ejidatarios del municipio de Telchaquillo lanz\u00f3 un llamado al Instituto Nacional de Antropolog\u00eda e Historia (INAH) para exigir la coadministraci\u00f3n de la zona arqueol\u00f3gica de Mayap\u00e1n, as\u00ed como el pago de una indemnizaci\u00f3n por los \u00faltimos 40 a\u00f1os de ocupaci\u00f3n\u2026","rel":"","context":"En &quot;CINTILLO&quot;","block_context":{"text":"CINTILLO","link":"https:\/\/www.grieta.org.mx\/index.php\/category\/cintillo\/"},"img":{"alt_text":"","src":"https:\/\/i0.wp.com\/www.grieta.org.mx\/wp-content\/uploads\/2024\/12\/Mayapan-e1734216177254.jpg?resize=350%2C200&ssl=1","width":350,"height":200,"srcset":"https:\/\/i0.wp.com\/www.grieta.org.mx\/wp-content\/uploads\/2024\/12\/Mayapan-e1734216177254.jpg?resize=350%2C200&ssl=1 1x, https:\/\/i0.wp.com\/www.grieta.org.mx\/wp-content\/uploads\/2024\/12\/Mayapan-e1734216177254.jpg?resize=525%2C300&ssl=1 1.5x, https:\/\/i0.wp.com\/www.grieta.org.mx\/wp-content\/uploads\/2024\/12\/Mayapan-e1734216177254.jpg?resize=700%2C400&ssl=1 2x"},"classes":[]},{"id":70512,"url":"https:\/\/www.grieta.org.mx\/index.php\/2024\/11\/22\/ejidatarios-le-dicen-no-a-la-expropiacion-de-mayapan-a-diego-prieto-yucatan\/","url_meta":{"origin":71276,"position":3},"title":"Ejidatarios le dicen no a la expropiaci\u00f3n de Mayap\u00e1n a Diego Prieto (Yucat\u00e1n)","author":"grieta","date":"22 noviembre, 2024","format":false,"excerpt":"Sandra Gayou Soto \/ Haz Ruido El director del INAH les ofreci\u00f3 9 millones 896 mil pesos por las 14 hect\u00e1reas de la zona arqueol\u00f3gica, pero los pobladores de Telchaquillo rechazaron la propuesta. Telchaquillo, Yucat\u00e1n, 22 de noviembre de 2024.-El pasado domingo 17 de noviembre pobladores de Telchaquillo en el\u2026","rel":"","context":"En &quot;CINTILLO&quot;","block_context":{"text":"CINTILLO","link":"https:\/\/www.grieta.org.mx\/index.php\/category\/cintillo\/"},"img":{"alt_text":"","src":"https:\/\/i0.wp.com\/www.grieta.org.mx\/wp-content\/uploads\/2024\/11\/Mayapan-e1732359084309.jpg?resize=350%2C200&ssl=1","width":350,"height":200,"srcset":"https:\/\/i0.wp.com\/www.grieta.org.mx\/wp-content\/uploads\/2024\/11\/Mayapan-e1732359084309.jpg?resize=350%2C200&ssl=1 1x, https:\/\/i0.wp.com\/www.grieta.org.mx\/wp-content\/uploads\/2024\/11\/Mayapan-e1732359084309.jpg?resize=525%2C300&ssl=1 1.5x, https:\/\/i0.wp.com\/www.grieta.org.mx\/wp-content\/uploads\/2024\/11\/Mayapan-e1732359084309.jpg?resize=700%2C400&ssl=1 2x"},"classes":[]},{"id":70954,"url":"https:\/\/www.grieta.org.mx\/index.php\/2025\/02\/12\/inah-intenta-expropiar-mayapan-con-fondos-del-programa-promeza-yucatan\/","url_meta":{"origin":71276,"position":4},"title":"INAH intenta expropiar Mayap\u00e1n con fondos del programa Promeza (Yucat\u00e1n)","author":"grieta","date":"12 febrero, 2025","format":false,"excerpt":"Sandra Gayou Soto \/ Haz Ruido Las y los ejidatarios de Telchaquillo denuncian la insistencia del INAH para que acepten los fondos destinados al mejoramiento de zonas arqueol\u00f3gicas como indemnizaci\u00f3n por el despojo de su territorio. Telchaquillo, Yucat\u00e1n, 12 de febrero de 2025.-Ejidatarios y ejidatarias de Telchaquillo denuncian irregularidades en\u2026","rel":"","context":"En &quot;CINTILLO&quot;","block_context":{"text":"CINTILLO","link":"https:\/\/www.grieta.org.mx\/index.php\/category\/cintillo\/"},"img":{"alt_text":"","src":"https:\/\/i0.wp.com\/www.grieta.org.mx\/wp-content\/uploads\/2025\/02\/Mayapan-e1739405774239.jpg?resize=350%2C200&ssl=1","width":350,"height":200,"srcset":"https:\/\/i0.wp.com\/www.grieta.org.mx\/wp-content\/uploads\/2025\/02\/Mayapan-e1739405774239.jpg?resize=350%2C200&ssl=1 1x, https:\/\/i0.wp.com\/www.grieta.org.mx\/wp-content\/uploads\/2025\/02\/Mayapan-e1739405774239.jpg?resize=525%2C300&ssl=1 1.5x, https:\/\/i0.wp.com\/www.grieta.org.mx\/wp-content\/uploads\/2025\/02\/Mayapan-e1739405774239.jpg?resize=700%2C400&ssl=1 2x"},"classes":[]},{"id":71159,"url":"https:\/\/www.grieta.org.mx\/index.php\/2025\/02\/27\/paran-obras-en-mayapan-yucatan\/","url_meta":{"origin":71276,"position":5},"title":"Paran obras en Mayap\u00e1n (Yucat\u00e1n)","author":"grieta","date":"27 febrero, 2025","format":false,"excerpt":"Sol Yucat\u00e1n Ejidatarios de telcahquillo comisaria de Tecoh, frenaron las obras que el Instituto Nacional de Antropolog\u00eda e Historia (INAH) realiza en la zona arqueol\u00f3gica de Mayap\u00e1n, que se encuentra cerrada desde hace un a\u00f1o. Los pobladores optaron por tomar las instalaciones en forma de protesta, por la falta de\u2026","rel":"","context":"En &quot;CINTILLO&quot;","block_context":{"text":"CINTILLO","link":"https:\/\/www.grieta.org.mx\/index.php\/category\/cintillo\/"},"img":{"alt_text":"","src":"https:\/\/i0.wp.com\/www.grieta.org.mx\/wp-content\/uploads\/2025\/02\/Telchaquillo-e1740754566364.jpg?resize=350%2C200&ssl=1","width":350,"height":200,"srcset":"https:\/\/i0.wp.com\/www.grieta.org.mx\/wp-content\/uploads\/2025\/02\/Telchaquillo-e1740754566364.jpg?resize=350%2C200&ssl=1 1x, https:\/\/i0.wp.com\/www.grieta.org.mx\/wp-content\/uploads\/2025\/02\/Telchaquillo-e1740754566364.jpg?resize=525%2C300&ssl=1 1.5x, https:\/\/i0.wp.com\/www.grieta.org.mx\/wp-content\/uploads\/2025\/02\/Telchaquillo-e1740754566364.jpg?resize=700%2C400&ssl=1 2x"},"classes":[]}],"_links":{"self":[{"href":"https:\/\/www.grieta.org.mx\/index.php\/wp-json\/wp\/v2\/posts\/71276","targetHints":{"allow":["GET"]}}],"collection":[{"href":"https:\/\/www.grieta.org.mx\/index.php\/wp-json\/wp\/v2\/posts"}],"about":[{"href":"https:\/\/www.grieta.org.mx\/index.php\/wp-json\/wp\/v2\/types\/post"}],"author":[{"embeddable":true,"href":"https:\/\/www.grieta.org.mx\/index.php\/wp-json\/wp\/v2\/users\/2"}],"replies":[{"embeddable":true,"href":"https:\/\/www.grieta.org.mx\/index.php\/wp-json\/wp\/v2\/comments?post=71276"}],"version-history":[{"count":1,"href":"https:\/\/www.grieta.org.mx\/index.php\/wp-json\/wp\/v2\/posts\/71276\/revisions"}],"predecessor-version":[{"id":71278,"href":"https:\/\/www.grieta.org.mx\/index.php\/wp-json\/wp\/v2\/posts\/71276\/revisions\/71278"}],"wp:featuredmedia":[{"embeddable":true,"href":"https:\/\/www.grieta.org.mx\/index.php\/wp-json\/wp\/v2\/media\/71277"}],"wp:attachment":[{"href":"https:\/\/www.grieta.org.mx\/index.php\/wp-json\/wp\/v2\/media?parent=71276"}],"wp:term":[{"taxonomy":"category","embeddable":true,"href":"https:\/\/www.grieta.org.mx\/index.php\/wp-json\/wp\/v2\/categories?post=71276"},{"taxonomy":"post_tag","embeddable":true,"href":"https:\/\/www.grieta.org.mx\/index.php\/wp-json\/wp\/v2\/tags?post=71276"}],"curies":[{"name":"wp","href":"https:\/\/api.w.org\/{rel}","templated":true}]}}