{"id":7127,"date":"2015-11-26T06:04:19","date_gmt":"2015-11-26T06:04:19","guid":{"rendered":"http:\/\/50.22.11.12\/~grietaor\/?p=7127"},"modified":"2016-03-29T06:06:08","modified_gmt":"2016-03-29T06:06:08","slug":"se-manifiestan-maestros-de-la-cnte-en-tlaxcala","status":"publish","type":"post","link":"https:\/\/www.grieta.org.mx\/index.php\/2015\/11\/26\/se-manifiestan-maestros-de-la-cnte-en-tlaxcala\/","title":{"rendered":"Se manifiestan maestros de la CNTE en Tlaxcala"},"content":{"rendered":"<p>Emmanuel Flores\/Cuarto de Guerra<\/p>\n<p>Esta noche en el centro de la capital de Tlaxcala, docenas de maestros e integrantes de la Coordinadora Nacional de Trabajadores de la Educaci\u00f3n (CNTE), se manifestaron en contra de la Reforma Educativa y pidieron al gobierno no olvide el caso Ayotzinapa en donde un joven huamantleco perdi\u00f3 la vida.<\/p>\n<p>Liderados por la Citlali Ortiz Cano, proclamaron mediante un altavoz, que el gobernador ponga cartas en el asunto para que las autoridades federales contin\u00faen con el esclarecimiento de los hechos de aquella noche.<\/p>\n<p><a href=\"http:\/\/www.elcuartodeguerra.com\/index.php\/actualidad1-2\/33824-se-manifiestan-maestros-de-la-cnte-en-tlaxcala.html\" target=\"_blank\">www.elcuartodeguerra.com\/index.php\/actualidad1-2\/33824-se-manifiestan-maestros-de-la-cnte-en-tlaxcala.html<\/a>\t\t\t\t\t\t\t\t\t\t<\/p>\n","protected":false},"excerpt":{"rendered":"<p>Emmanuel Flores\/Cuarto de Guerra Esta noche en el centro de la capital de Tlaxcala, docenas de maestros e integrantes de la Coordinadora Nacional de Trabajadores de la Educaci\u00f3n (CNTE), se &hellip; <a href=\"https:\/\/www.grieta.org.mx\/index.php\/2015\/11\/26\/se-manifiestan-maestros-de-la-cnte-en-tlaxcala\/\" class=\"more-link\">Leer m\u00e1s<\/a><\/p>\n","protected":false},"author":2,"featured_media":21928,"comment_status":"closed","ping_status":"open","sticky":false,"template":"","format":"standard","meta":{"ngg_post_thumbnail":0,"_jetpack_newsletter_access":"","_jetpack_dont_email_post_to_subs":false,"_jetpack_newsletter_tier_id":0,"_jetpack_memberships_contains_paywalled_content":false,"_jetpack_memberships_contains_paid_content":false,"footnotes":""},"categories":[80,307],"tags":[134,135],"class_list":["post-7127","post","type-post","status-publish","format-standard","has-post-thumbnail","hentry","category-cintillo","category-tlaxcala","tag-cnte","tag-reforma-educativa","entry"],"jetpack_featured_media_url":"https:\/\/www.grieta.org.mx\/wp-content\/uploads\/2018\/03\/14524434_1106112876131411_958039263622046936_o.jpg","jetpack_sharing_enabled":true,"jetpack_shortlink":"https:\/\/wp.me\/p7ZJR4-1QX","jetpack_likes_enabled":false,"jetpack-related-posts":[{"id":14736,"url":"https:\/\/www.grieta.org.mx\/index.php\/2016\/06\/20\/marcha-la-cnte-en-tlaxcala-por-violencia-en-oaxaca\/","url_meta":{"origin":7127,"position":0},"title":"Marcha la CNTE en Tlaxcala por violencia en Oaxaca","author":"grieta","date":"20 junio, 2016","format":false,"excerpt":"Se manifiestan integrantes de la CNTE en repudio a los hechos violentos ocurridos en Oaxaca este domingo que dejaron como saldo seis muertos, los manifestantes, en su mayor\u00eda mujeres, causan problemas de circulaci\u00f3n vehicular en el Centro Hist\u00f3rico de Tlaxcala. La CNTE y los integrantes del Movimiento Magisterial Tlaxcalteca y\u2026","rel":"","context":"En &quot;CINTILLO&quot;","block_context":{"text":"CINTILLO","link":"https:\/\/www.grieta.org.mx\/index.php\/category\/cintillo\/"},"img":{"alt_text":"","src":"https:\/\/i0.wp.com\/www.grieta.org.mx\/wp-content\/uploads\/2018\/03\/14524434_1106112876131411_958039263622046936_o.jpg?resize=350%2C200&ssl=1","width":350,"height":200,"srcset":"https:\/\/i0.wp.com\/www.grieta.org.mx\/wp-content\/uploads\/2018\/03\/14524434_1106112876131411_958039263622046936_o.jpg?resize=350%2C200&ssl=1 1x, https:\/\/i0.wp.com\/www.grieta.org.mx\/wp-content\/uploads\/2018\/03\/14524434_1106112876131411_958039263622046936_o.jpg?resize=525%2C300&ssl=1 1.5x, https:\/\/i0.wp.com\/www.grieta.org.mx\/wp-content\/uploads\/2018\/03\/14524434_1106112876131411_958039263622046936_o.jpg?resize=700%2C400&ssl=1 2x"},"classes":[]},{"id":7223,"url":"https:\/\/www.grieta.org.mx\/index.php\/2015\/06\/15\/maestros-de-la-cnte-se-manifiestan-en-contra-de-la-reforma-educativa\/","url_meta":{"origin":7127,"position":1},"title":"Maestros de la CNTE se manifiestan en contra de la reforma educativa","author":"grieta","date":"15 junio, 2015","format":false,"excerpt":"Carmen Pizano, Guanajuato, Gto. En contra de la reforma educativa aprobada en Guanajuato desde hace dos a\u00f1os, maestros agremiados a la Coordinadora Nacional de Trabajadores de la Educaci\u00f3n (CNTE), marcharon por el centro de Guanajuato capital. Alrededor de 150 profesores caminaron desde Los Pastitos hasta plantarse frente a Palacio de\u2026","rel":"","context":"En &quot;CINTILLO&quot;","block_context":{"text":"CINTILLO","link":"https:\/\/www.grieta.org.mx\/index.php\/category\/cintillo\/"},"img":{"alt_text":"","src":"https:\/\/i0.wp.com\/www.grieta.org.mx\/wp-content\/uploads\/2018\/03\/14524434_1106112876131411_958039263622046936_o.jpg?resize=350%2C200&ssl=1","width":350,"height":200,"srcset":"https:\/\/i0.wp.com\/www.grieta.org.mx\/wp-content\/uploads\/2018\/03\/14524434_1106112876131411_958039263622046936_o.jpg?resize=350%2C200&ssl=1 1x, https:\/\/i0.wp.com\/www.grieta.org.mx\/wp-content\/uploads\/2018\/03\/14524434_1106112876131411_958039263622046936_o.jpg?resize=525%2C300&ssl=1 1.5x, https:\/\/i0.wp.com\/www.grieta.org.mx\/wp-content\/uploads\/2018\/03\/14524434_1106112876131411_958039263622046936_o.jpg?resize=700%2C400&ssl=1 2x"},"classes":[]},{"id":7072,"url":"https:\/\/www.grieta.org.mx\/index.php\/2015\/12\/20\/marcha-cnte-tlaxcala-para-liberacion-de-maestros-oaxaca\/","url_meta":{"origin":7127,"position":2},"title":"Marcha CNTE Tlaxcala para liberaci\u00f3n de maestros Oaxaca","author":"grieta","date":"20 diciembre, 2015","format":false,"excerpt":"Gerardo Hern\u00e1ndez TLAXCALA, Tlaxcala.-(Texcoco Press).- Maestros de la Coordinadora Nacional de Trabajadores de la Educaci\u00f3n (CNTE) marcharon ayer de la zona conocida como El Tr\u00e9bol, con direcci\u00f3n a la Plaza de la Constituci\u00f3n, para protestar contra al Gobierno federal y para exigir la liberaci\u00f3n de cuatro compa\u00f1eros de la Secci\u00f3n\u2026","rel":"","context":"En &quot;CINTILLO&quot;","block_context":{"text":"CINTILLO","link":"https:\/\/www.grieta.org.mx\/index.php\/category\/cintillo\/"},"img":{"alt_text":"","src":"https:\/\/i0.wp.com\/www.grieta.org.mx\/wp-content\/uploads\/2018\/03\/14524434_1106112876131411_958039263622046936_o.jpg?resize=350%2C200&ssl=1","width":350,"height":200,"srcset":"https:\/\/i0.wp.com\/www.grieta.org.mx\/wp-content\/uploads\/2018\/03\/14524434_1106112876131411_958039263622046936_o.jpg?resize=350%2C200&ssl=1 1x, https:\/\/i0.wp.com\/www.grieta.org.mx\/wp-content\/uploads\/2018\/03\/14524434_1106112876131411_958039263622046936_o.jpg?resize=525%2C300&ssl=1 1.5x, https:\/\/i0.wp.com\/www.grieta.org.mx\/wp-content\/uploads\/2018\/03\/14524434_1106112876131411_958039263622046936_o.jpg?resize=700%2C400&ssl=1 2x"},"classes":[]},{"id":9944,"url":"https:\/\/www.grieta.org.mx\/index.php\/2016\/08\/25\/reforma-educativa-y-evaluacion-al-desempeno-en-el-estado-de-mexico\/","url_meta":{"origin":7127,"position":3},"title":"Movilizaciones contra la Reforma educativa y evaluaci\u00f3n magisterial en el Estado de M\u00e9xico","author":"grieta","date":"25 agosto, 2016","format":false,"excerpt":"Maestros del Edomex se movilizan contra la reforma educativa 25\/08\/16. Maestros corren a Aurelio Nu\u00f1o de Ecatepec, basti\u00f3n del PRI, al grito de \u201c\u00a1Fuera, fuera, fuera!\u201dSin Embargo 23\/08\/16. Integrantes de la CNTE de Chiapas y Oaxaca organizan protesta en Nezahualc\u00f3yotlActivista MX 15\/07\/16. \"Ninguna reforma vale la pena si se realiza\u2026","rel":"","context":"En &quot;Estado de M\u00e9xico&quot;","block_context":{"text":"Estado de M\u00e9xico","link":"https:\/\/www.grieta.org.mx\/index.php\/category\/noticias-nacionales\/estado-de-mexico\/"},"img":{"alt_text":"","src":"https:\/\/i0.wp.com\/www.grieta.org.mx\/wp-content\/uploads\/2018\/03\/14524434_1106112876131411_958039263622046936_o.jpg?resize=350%2C200&ssl=1","width":350,"height":200,"srcset":"https:\/\/i0.wp.com\/www.grieta.org.mx\/wp-content\/uploads\/2018\/03\/14524434_1106112876131411_958039263622046936_o.jpg?resize=350%2C200&ssl=1 1x, https:\/\/i0.wp.com\/www.grieta.org.mx\/wp-content\/uploads\/2018\/03\/14524434_1106112876131411_958039263622046936_o.jpg?resize=525%2C300&ssl=1 1.5x, https:\/\/i0.wp.com\/www.grieta.org.mx\/wp-content\/uploads\/2018\/03\/14524434_1106112876131411_958039263622046936_o.jpg?resize=700%2C400&ssl=1 2x"},"classes":[]},{"id":6903,"url":"https:\/\/www.grieta.org.mx\/index.php\/2016\/09\/13\/reforma-educativa-y-evaluacion-al-desempeno-en-sinaloa\/","url_meta":{"origin":7127,"position":4},"title":"Movilizaciones contra la Reforma educativa y evaluaci\u00f3n magisterial en Sinaloa","author":"grieta","date":"13 septiembre, 2016","format":false,"excerpt":"13\/09\/16. Mantienen lucha maestros cesados (Sinaloa) Noroeste 08\/09\/16. Maestros bloquean oficinas de la SNTE 27 (Sinaloa) El Debate 02\/09\/16. Maestros protestan en glorieta tur\u00edstica (Sinaloa) El Debate 29\/08\/16. \u201c\u00a1Un burro con le\u00f1a sabe m\u00e1s que Pe\u00f1a!\u201d, corean maestros en Sinaloa Proceso 20\/08\/16. Los maestros no se dan por vencidos (Sinaloa)\u2026","rel":"","context":"En &quot;NOTICIAS NACIONALES&quot;","block_context":{"text":"NOTICIAS NACIONALES","link":"https:\/\/www.grieta.org.mx\/index.php\/category\/noticias-nacionales\/"},"img":{"alt_text":"","src":"https:\/\/i0.wp.com\/www.grieta.org.mx\/wp-content\/uploads\/2018\/03\/14524434_1106112876131411_958039263622046936_o.jpg?resize=350%2C200&ssl=1","width":350,"height":200,"srcset":"https:\/\/i0.wp.com\/www.grieta.org.mx\/wp-content\/uploads\/2018\/03\/14524434_1106112876131411_958039263622046936_o.jpg?resize=350%2C200&ssl=1 1x, https:\/\/i0.wp.com\/www.grieta.org.mx\/wp-content\/uploads\/2018\/03\/14524434_1106112876131411_958039263622046936_o.jpg?resize=525%2C300&ssl=1 1.5x, https:\/\/i0.wp.com\/www.grieta.org.mx\/wp-content\/uploads\/2018\/03\/14524434_1106112876131411_958039263622046936_o.jpg?resize=700%2C400&ssl=1 2x"},"classes":[]},{"id":1233,"url":"https:\/\/www.grieta.org.mx\/index.php\/2016\/07\/19\/maestros-de-hidalgo-se-movilizan-en-contra-de-la-reforma-educativa\/","url_meta":{"origin":7127,"position":5},"title":"Movilizaciones contra la Reforma educativa y evaluaci\u00f3n magisterial en Hidalgo","author":"grieta","date":"19 julio, 2016","format":false,"excerpt":"Maestros de Hidalgo se movilizan contra la reforma educativa 19\/07\/16. Maestros realizan marcha tambi\u00e9n en HidalgoEl Universal 11\/06\/16. CNTE Hidalgo y Edomex realizan mitin en Ojo de AguaNoticias \u00c9nfasis 07\/07\/16. Se une SNTE a quinta marcha de CNTE por PachucaQuadrat\u00edn Hidalgo 02\/07\/16. Se niegan 145 maestros a recibir cursos sobre\u2026","rel":"","context":"En &quot;CINTILLO&quot;","block_context":{"text":"CINTILLO","link":"https:\/\/www.grieta.org.mx\/index.php\/category\/cintillo\/"},"img":{"alt_text":"","src":"https:\/\/i0.wp.com\/www.grieta.org.mx\/wp-content\/uploads\/2018\/03\/14524434_1106112876131411_958039263622046936_o.jpg?resize=350%2C200&ssl=1","width":350,"height":200,"srcset":"https:\/\/i0.wp.com\/www.grieta.org.mx\/wp-content\/uploads\/2018\/03\/14524434_1106112876131411_958039263622046936_o.jpg?resize=350%2C200&ssl=1 1x, https:\/\/i0.wp.com\/www.grieta.org.mx\/wp-content\/uploads\/2018\/03\/14524434_1106112876131411_958039263622046936_o.jpg?resize=525%2C300&ssl=1 1.5x, https:\/\/i0.wp.com\/www.grieta.org.mx\/wp-content\/uploads\/2018\/03\/14524434_1106112876131411_958039263622046936_o.jpg?resize=700%2C400&ssl=1 2x"},"classes":[]}],"_links":{"self":[{"href":"https:\/\/www.grieta.org.mx\/index.php\/wp-json\/wp\/v2\/posts\/7127","targetHints":{"allow":["GET"]}}],"collection":[{"href":"https:\/\/www.grieta.org.mx\/index.php\/wp-json\/wp\/v2\/posts"}],"about":[{"href":"https:\/\/www.grieta.org.mx\/index.php\/wp-json\/wp\/v2\/types\/post"}],"author":[{"embeddable":true,"href":"https:\/\/www.grieta.org.mx\/index.php\/wp-json\/wp\/v2\/users\/2"}],"replies":[{"embeddable":true,"href":"https:\/\/www.grieta.org.mx\/index.php\/wp-json\/wp\/v2\/comments?post=7127"}],"version-history":[{"count":1,"href":"https:\/\/www.grieta.org.mx\/index.php\/wp-json\/wp\/v2\/posts\/7127\/revisions"}],"predecessor-version":[{"id":7133,"href":"https:\/\/www.grieta.org.mx\/index.php\/wp-json\/wp\/v2\/posts\/7127\/revisions\/7133"}],"wp:featuredmedia":[{"embeddable":true,"href":"https:\/\/www.grieta.org.mx\/index.php\/wp-json\/wp\/v2\/media\/21928"}],"wp:attachment":[{"href":"https:\/\/www.grieta.org.mx\/index.php\/wp-json\/wp\/v2\/media?parent=7127"}],"wp:term":[{"taxonomy":"category","embeddable":true,"href":"https:\/\/www.grieta.org.mx\/index.php\/wp-json\/wp\/v2\/categories?post=7127"},{"taxonomy":"post_tag","embeddable":true,"href":"https:\/\/www.grieta.org.mx\/index.php\/wp-json\/wp\/v2\/tags?post=7127"}],"curies":[{"name":"wp","href":"https:\/\/api.w.org\/{rel}","templated":true}]}}