{"id":71254,"date":"2025-03-08T10:03:52","date_gmt":"2025-03-08T16:03:52","guid":{"rendered":"https:\/\/www.grieta.org.mx\/?p=71254"},"modified":"2025-03-11T10:12:48","modified_gmt":"2025-03-11T16:12:48","slug":"mujeres-de-colima-regresan-a-las-calles-este-8m-en-respuesta-a-represion-de-2024","status":"publish","type":"post","link":"https:\/\/www.grieta.org.mx\/index.php\/2025\/03\/08\/mujeres-de-colima-regresan-a-las-calles-este-8m-en-respuesta-a-represion-de-2024\/","title":{"rendered":"Mujeres de Colima regresan a las calles este 8M en respuesta a represi\u00f3n de 2024"},"content":{"rendered":"<p>Imagen: <em>Monserrat C\u00e1rdenas<\/em><\/p>\n<p><strong>Miles de mujeres tomaron las calles de Colima este 8 de marzo para exigir justicia y seguridad en un estado marcado por la violencia y la impunidad. La marcha, que record\u00f3 la represi\u00f3n del a\u00f1o pasado con gases lacrim\u00f3genos, culmin\u00f3 con actos de protesta frente a Palacio de Gobierno, donde manifestantes derribaron y quemaron la puerta principal.<\/strong><\/p>\n<p><em>Por\u00a0Redacci\u00f3n\u00a0\/\u00a0@Somoselmedio\u00a0<\/em><\/p>\n<p><strong>Colima, 8 de marzo 2025.-<\/strong>\u00a0Alrededor de 2 mil mujeres colimenses marcharon este 8 de marzo en la capital del estado para denunciar que habitan la segunda ciudad m\u00e1s violenta del mundo y la entidad con la tasa de asesinatos m\u00e1s alta del pa\u00eds, de acuerdo al Consejo Ciudadano para la Seguridad P\u00fablica y la Justicia Penal y el Secretariado Ejecutivo del Sistema Nacional de Seguridad P\u00fablica (SESNSP), respectivamente.<\/p>\n<p>La movilizaci\u00f3n fue una respuesta a la dispersi\u00f3n con gases lacrim\u00f3genos que perpetr\u00f3 el gobierno estatal durante la marcha de 2024 contra los contingentes feministas que rodeaban Palacio de Gobierno, acto que afect\u00f3 ojos, piel y v\u00edas respiratorias de las manifestantes, entre las que hab\u00eda ni\u00f1as, ni\u00f1os y adultas mayores, lo cual desat\u00f3 fuertes cr\u00edticas al gobierno de la morenista, Indira Vizca\u00edno Silva.<\/p>\n<p><strong>\u201cHoy m\u00e1s que nunca nos necesitamos unidas, fuertes y combativas para denunciar todo aquello que nos violenta y nos duele: La inseguridad que vivimos en Colima, los feminicidios sin castigo, las desapariciones sin parar, la inoperancia gubernamental, la opacidad, la corrupci\u00f3n y la impunidad. Ni los gases lacrim\u00f3genos ni los perdigones que el gobierno arroj\u00f3 contra nosotras en 2024 lograron su cometido. No tenemos miedo y no nos vamos a callar\u201d,fue parte del texto que acompa\u00f1\u00f3 la convocatoria de la movilizaci\u00f3n de este a\u00f1o.<\/strong><\/p>\n<p>En la protesta fue com\u00fan leer carteles que hac\u00edan alusi\u00f3n a la represi\u00f3n del a\u00f1o pasado, con mensajes como \u201c8M 2024 no se olvida\u201d, \u201cIndira no me representa\u201d, \u201cNi perd\u00f3n ni olvido, gobernadora. No llegamos todas\u201d, en referencia al lema de la presidenta, Claudia Sheinbaum Pardo.<\/p>\n<p>La movilizaci\u00f3n termin\u00f3 luego de que algunas de las manifestantes derribaran la puerta principal de Palacio de Gobierno y le prendieran fuego a los restos en un intento por ingresar al recinto que era resguardado desde adentro por elementos polic\u00edacos con cascos y escudos y vallas met\u00e1licas.<\/p>\n<div class=\"google-auto-placed ap_container\">\n<div id=\"aswift_3_host\">Sobre a la acci\u00f3n directa de las manifestantes en la fachada de Palacio de Gobierno, la gobernadora public\u00f3 en sus redes sociales un mensaje en el que se\u00f1al\u00f3 que \u201cla instrucci\u00f3n fue clara: escrupuloso respeto a la libertad de expresi\u00f3n y manifestaci\u00f3n, y acompa\u00f1amiento institucional para garantizar la seguridad de las manifestantes.\u201d Y a\u00f1adi\u00f3 que \u201cen Colima una gran cantidad de mujeres se expresaron como desearon hacerlo\u201d, lo que la hizo concluir que\u00a0<strong>\u201ctenemos mucho trabajo por hacer en la defensa de las causas de las mujeres\u201d.<\/strong><\/div>\n<p>&nbsp;<\/p>\n<\/div>\n<div><a href=\"https:\/\/www.zonadocs.mx\/2025\/03\/10\/mujeres-de-colima-regresan-a-las-calles-este-8m-en-respuesta-a-represion-de-2024\">https:\/\/www.zonadocs.mx\/2025\/03\/10\/mujeres-de-colima-regresan-a-las-calles-este-8m-en-respuesta-a-represion-de-2024<\/a>\/<\/div>\n","protected":false},"excerpt":{"rendered":"<p>Imagen: Monserrat C\u00e1rdenas Miles de mujeres tomaron las calles de Colima este 8 de marzo para exigir justicia y seguridad en un estado marcado por la violencia y la impunidad. &hellip; <a href=\"https:\/\/www.grieta.org.mx\/index.php\/2025\/03\/08\/mujeres-de-colima-regresan-a-las-calles-este-8m-en-respuesta-a-represion-de-2024\/\" class=\"more-link\">Leer m\u00e1s<\/a><\/p>\n","protected":false},"author":2,"featured_media":71255,"comment_status":"closed","ping_status":"closed","sticky":false,"template":"","format":"standard","meta":{"ngg_post_thumbnail":0,"_jetpack_newsletter_access":"","_jetpack_dont_email_post_to_subs":false,"_jetpack_newsletter_tier_id":0,"_jetpack_memberships_contains_paywalled_content":false,"_jetpack_memberships_contains_paid_content":false,"footnotes":""},"categories":[80,13,84,1016,2,83,1983],"tags":[2806,2272,2999,81,3209,2248,2317],"class_list":["post-71254","post","type-post","status-publish","format-standard","has-post-thumbnail","hentry","category-cintillo","category-colima","category-feminicidios","category-feminicidios-en-colima","category-noticias-nacionales","category-temas-nacionales","category-violencia-contra-mujeres-en-colima","tag-asesinato-de-mujeres","tag-dia-internacional-de-la-mujer","tag-feminicidio-violencia-contra-las-mujeres","tag-feminicidios","tag-lucha-contra-la-violencia-contra-las-mujeres","tag-luchas-de-las-mujeres","tag-manifestaciones-de-mujeres","entry"],"jetpack_featured_media_url":"https:\/\/www.grieta.org.mx\/wp-content\/uploads\/2025\/03\/WhatsApp-Image-2025-03-09-at-3.11.43-PM-4.jpeg","jetpack_sharing_enabled":true,"jetpack_shortlink":"https:\/\/wp.me\/p7ZJR4-ixg","jetpack_likes_enabled":false,"jetpack-related-posts":[{"id":54762,"url":"https:\/\/www.grieta.org.mx\/index.php\/2020\/11\/03\/catrinas-marchan-contra-los-feminicidios-en-colima\/","url_meta":{"origin":71254,"position":0},"title":"Catrinas marchan contra los feminicidios en Colima","author":"grieta","date":"3 noviembre, 2020","format":false,"excerpt":"Foto: Moserrat C\u00e1rdenas Con el objetivo de visibilizar la violencia contra las mujeres en Colima, mujeres feministas caracterizadas de catrinas, realizaron una marcha por las principales calles de esta ciudad para denunciar y exigir justicia para todas las mujeres asesinada.\u00a0 Redacci\u00f3n \/ Somos El Medio Vestidas de catrinas, con flores\u2026","rel":"","context":"En &quot;CINTILLO&quot;","block_context":{"text":"CINTILLO","link":"https:\/\/www.grieta.org.mx\/index.php\/category\/cintillo\/"},"img":{"alt_text":"","src":"https:\/\/i0.wp.com\/www.grieta.org.mx\/wp-content\/uploads\/2020\/11\/MG_3108.jpg?resize=350%2C200&ssl=1","width":350,"height":200,"srcset":"https:\/\/i0.wp.com\/www.grieta.org.mx\/wp-content\/uploads\/2020\/11\/MG_3108.jpg?resize=350%2C200&ssl=1 1x, https:\/\/i0.wp.com\/www.grieta.org.mx\/wp-content\/uploads\/2020\/11\/MG_3108.jpg?resize=525%2C300&ssl=1 1.5x, https:\/\/i0.wp.com\/www.grieta.org.mx\/wp-content\/uploads\/2020\/11\/MG_3108.jpg?resize=700%2C400&ssl=1 2x, https:\/\/i0.wp.com\/www.grieta.org.mx\/wp-content\/uploads\/2020\/11\/MG_3108.jpg?resize=1050%2C600&ssl=1 3x"},"classes":[]},{"id":71698,"url":"https:\/\/www.grieta.org.mx\/index.php\/2025\/05\/05\/colima-el-estado-mas-violento-contra-las-mujeres-en-el-primer-trimestre-de-2025\/","url_meta":{"origin":71254,"position":1},"title":"Colima, el estado m\u00e1s violento contra las mujeres en el primer trimestre de 2025","author":"grieta","date":"5 mayo, 2025","format":false,"excerpt":"Imagen: fachada del Palacio de Gobierno de Colima tras la manifestaci\u00f3n feminista del 8 de marzo. Heidi de Le\u00f3n Guti\u00e9rrez \/ Diario Avanzada Colima, M\u00e9xico, Avanzada (05\/05\/2025).- Colima se posicion\u00f3 como la entidad m\u00e1s violenta del pa\u00eds para las mujeres durante el primer trimestre de 2025, al registrar la tasa\u2026","rel":"","context":"En &quot;CINTILLO&quot;","block_context":{"text":"CINTILLO","link":"https:\/\/www.grieta.org.mx\/index.php\/category\/cintillo\/"},"img":{"alt_text":"","src":"https:\/\/i0.wp.com\/www.grieta.org.mx\/wp-content\/uploads\/2025\/05\/fe1d61f4-13ba-43ec-9610-eb877e3b17a4-1.jpg?resize=350%2C200&ssl=1","width":350,"height":200,"srcset":"https:\/\/i0.wp.com\/www.grieta.org.mx\/wp-content\/uploads\/2025\/05\/fe1d61f4-13ba-43ec-9610-eb877e3b17a4-1.jpg?resize=350%2C200&ssl=1 1x, https:\/\/i0.wp.com\/www.grieta.org.mx\/wp-content\/uploads\/2025\/05\/fe1d61f4-13ba-43ec-9610-eb877e3b17a4-1.jpg?resize=525%2C300&ssl=1 1.5x, https:\/\/i0.wp.com\/www.grieta.org.mx\/wp-content\/uploads\/2025\/05\/fe1d61f4-13ba-43ec-9610-eb877e3b17a4-1.jpg?resize=700%2C400&ssl=1 2x, https:\/\/i0.wp.com\/www.grieta.org.mx\/wp-content\/uploads\/2025\/05\/fe1d61f4-13ba-43ec-9610-eb877e3b17a4-1.jpg?resize=1050%2C600&ssl=1 3x, https:\/\/i0.wp.com\/www.grieta.org.mx\/wp-content\/uploads\/2025\/05\/fe1d61f4-13ba-43ec-9610-eb877e3b17a4-1.jpg?resize=1400%2C800&ssl=1 4x"},"classes":[]},{"id":63701,"url":"https:\/\/www.grieta.org.mx\/index.php\/2022\/03\/09\/dos-mil-mujeres-marchan-en-colima-contra-la-inseguridad-feminicidios-y-desaparicion-forzada\/","url_meta":{"origin":71254,"position":2},"title":"Dos mil mujeres marchan en Colima contra la inseguridad, feminicidios y desaparici\u00f3n forzada","author":"grieta","date":"9 marzo, 2022","format":false,"excerpt":"Foto: Monserrat C\u00e1rdenas Monserrat C\u00e1rdenas \/ Somos El Medio Este martes, 8 de marzo, al menos\u00a02 mil mujeres colimenses marcharon bajo el lema \u201cLas calles son nuestras\u201d\u00a0en la capital del estado, condenando la violencia armada y los asesinatos y desapariciones de mujeres en la entidad. La manifestaci\u00f3n, encabezada por las\u2026","rel":"","context":"En &quot;CINTILLO&quot;","block_context":{"text":"CINTILLO","link":"https:\/\/www.grieta.org.mx\/index.php\/category\/cintillo\/"},"img":{"alt_text":"","src":"https:\/\/i0.wp.com\/www.grieta.org.mx\/wp-content\/uploads\/2022\/03\/275370076_5206834432696102_2328778518388474479_n-1068x712-1.jpg?resize=350%2C200&ssl=1","width":350,"height":200,"srcset":"https:\/\/i0.wp.com\/www.grieta.org.mx\/wp-content\/uploads\/2022\/03\/275370076_5206834432696102_2328778518388474479_n-1068x712-1.jpg?resize=350%2C200&ssl=1 1x, https:\/\/i0.wp.com\/www.grieta.org.mx\/wp-content\/uploads\/2022\/03\/275370076_5206834432696102_2328778518388474479_n-1068x712-1.jpg?resize=525%2C300&ssl=1 1.5x, https:\/\/i0.wp.com\/www.grieta.org.mx\/wp-content\/uploads\/2022\/03\/275370076_5206834432696102_2328778518388474479_n-1068x712-1.jpg?resize=700%2C400&ssl=1 2x, https:\/\/i0.wp.com\/www.grieta.org.mx\/wp-content\/uploads\/2022\/03\/275370076_5206834432696102_2328778518388474479_n-1068x712-1.jpg?resize=1050%2C600&ssl=1 3x"},"classes":[]},{"id":46149,"url":"https:\/\/www.grieta.org.mx\/index.php\/2020\/03\/09\/el-dia-que-las-mujeres-decidieron-guardar-silencio-undiasinnosotras-colima\/","url_meta":{"origin":71254,"position":3},"title":"El d\u00eda que las mujeres decidieron guardar silencio #UnD\u00edaSinNosotras (Colima)","author":"grieta","date":"9 marzo, 2020","format":false,"excerpt":"Foto: Colima Noticias Juan Carlos Flores \/ Colima Noticias Colima, Col.- El hartazgo femenino lleg\u00f3 a un l\u00edmite: ayer se manifestaron en las calles de Colima y hoy guardaron silencio. En las calles se pudieron ver pocas mujeres: algunas caminando, llevando sus hijos, comprando algunas cosas pero la ausencia femenina\u2026","rel":"","context":"En &quot;CINTILLO&quot;","block_context":{"text":"CINTILLO","link":"https:\/\/www.grieta.org.mx\/index.php\/category\/cintillo\/"},"img":{"alt_text":"","src":"https:\/\/i0.wp.com\/www.grieta.org.mx\/wp-content\/uploads\/2020\/03\/El-d%C3%ADa-que-las-mujeres-decidieron-guardar-silencio-UnD%C3%ADaSinNosotras-696x522.jpeg?resize=350%2C200&ssl=1","width":350,"height":200,"srcset":"https:\/\/i0.wp.com\/www.grieta.org.mx\/wp-content\/uploads\/2020\/03\/El-d%C3%ADa-que-las-mujeres-decidieron-guardar-silencio-UnD%C3%ADaSinNosotras-696x522.jpeg?resize=350%2C200&ssl=1 1x, https:\/\/i0.wp.com\/www.grieta.org.mx\/wp-content\/uploads\/2020\/03\/El-d%C3%ADa-que-las-mujeres-decidieron-guardar-silencio-UnD%C3%ADaSinNosotras-696x522.jpeg?resize=525%2C300&ssl=1 1.5x"},"classes":[]},{"id":10998,"url":"https:\/\/www.grieta.org.mx\/index.php\/2016\/04\/24\/movilizacion-contra-la-violencia-hacia-las-mujeres-en-colima\/","url_meta":{"origin":71254,"position":4},"title":"Movilizaci\u00f3n contra la violencia hacia las mujeres en Colima","author":"grieta","date":"24 abril, 2016","format":false,"excerpt":"24\/04\/16. \u201cVivas nos queremos\u201d, mujeres de Colima se suman a marcha nacionalAF Medios","rel":"","context":"En &quot;Colima&quot;","block_context":{"text":"Colima","link":"https:\/\/www.grieta.org.mx\/index.php\/category\/noticias-nacionales\/colima\/"},"img":{"alt_text":"","src":"https:\/\/i0.wp.com\/www.grieta.org.mx\/wp-content\/uploads\/2018\/03\/14524434_1106112876131411_958039263622046936_o.jpg?resize=350%2C200&ssl=1","width":350,"height":200,"srcset":"https:\/\/i0.wp.com\/www.grieta.org.mx\/wp-content\/uploads\/2018\/03\/14524434_1106112876131411_958039263622046936_o.jpg?resize=350%2C200&ssl=1 1x, https:\/\/i0.wp.com\/www.grieta.org.mx\/wp-content\/uploads\/2018\/03\/14524434_1106112876131411_958039263622046936_o.jpg?resize=525%2C300&ssl=1 1.5x, https:\/\/i0.wp.com\/www.grieta.org.mx\/wp-content\/uploads\/2018\/03\/14524434_1106112876131411_958039263622046936_o.jpg?resize=700%2C400&ssl=1 2x"},"classes":[]},{"id":62566,"url":"https:\/\/www.grieta.org.mx\/index.php\/2021\/10\/23\/colima-es-el-segundo-estado-mas-letal-para-las-mujeres\/","url_meta":{"origin":71254,"position":5},"title":"Colima es el segundo estado m\u00e1s letal para las mujeres","author":"grieta","date":"23 octubre, 2021","format":false,"excerpt":"Imagen: Diario Avanzada Heidi de Le\u00f3n Guti\u00e9rrez \/ Diario Avanzada Colima, M\u00e9xico, Avanzada (23\/10\/2021).- La violencia contra las mujeres se ha convertido en un tema espinoso para el gobierno de Colima. Los datos muestran que el gobernador Ignacio Peralta S\u00e1nchez conden\u00f3 este tipo de hechos s\u00f3lo de palabras, pero nunca\u2026","rel":"","context":"En &quot;CINTILLO&quot;","block_context":{"text":"CINTILLO","link":"https:\/\/www.grieta.org.mx\/index.php\/category\/cintillo\/"},"img":{"alt_text":"","src":"https:\/\/i0.wp.com\/www.grieta.org.mx\/wp-content\/uploads\/2021\/11\/Arma.jpg?resize=350%2C200&ssl=1","width":350,"height":200},"classes":[]}],"_links":{"self":[{"href":"https:\/\/www.grieta.org.mx\/index.php\/wp-json\/wp\/v2\/posts\/71254","targetHints":{"allow":["GET"]}}],"collection":[{"href":"https:\/\/www.grieta.org.mx\/index.php\/wp-json\/wp\/v2\/posts"}],"about":[{"href":"https:\/\/www.grieta.org.mx\/index.php\/wp-json\/wp\/v2\/types\/post"}],"author":[{"embeddable":true,"href":"https:\/\/www.grieta.org.mx\/index.php\/wp-json\/wp\/v2\/users\/2"}],"replies":[{"embeddable":true,"href":"https:\/\/www.grieta.org.mx\/index.php\/wp-json\/wp\/v2\/comments?post=71254"}],"version-history":[{"count":1,"href":"https:\/\/www.grieta.org.mx\/index.php\/wp-json\/wp\/v2\/posts\/71254\/revisions"}],"predecessor-version":[{"id":71256,"href":"https:\/\/www.grieta.org.mx\/index.php\/wp-json\/wp\/v2\/posts\/71254\/revisions\/71256"}],"wp:featuredmedia":[{"embeddable":true,"href":"https:\/\/www.grieta.org.mx\/index.php\/wp-json\/wp\/v2\/media\/71255"}],"wp:attachment":[{"href":"https:\/\/www.grieta.org.mx\/index.php\/wp-json\/wp\/v2\/media?parent=71254"}],"wp:term":[{"taxonomy":"category","embeddable":true,"href":"https:\/\/www.grieta.org.mx\/index.php\/wp-json\/wp\/v2\/categories?post=71254"},{"taxonomy":"post_tag","embeddable":true,"href":"https:\/\/www.grieta.org.mx\/index.php\/wp-json\/wp\/v2\/tags?post=71254"}],"curies":[{"name":"wp","href":"https:\/\/api.w.org\/{rel}","templated":true}]}}