{"id":71246,"date":"2025-02-27T09:45:30","date_gmt":"2025-02-27T15:45:30","guid":{"rendered":"https:\/\/www.grieta.org.mx\/?p=71246"},"modified":"2025-03-11T09:54:00","modified_gmt":"2025-03-11T15:54:00","slug":"por-inseguridad-ucizoni-cierra-oficinas-en-el-istmo-oaxaca","status":"publish","type":"post","link":"https:\/\/www.grieta.org.mx\/index.php\/2025\/02\/27\/por-inseguridad-ucizoni-cierra-oficinas-en-el-istmo-oaxaca\/","title":{"rendered":"Por inseguridad, UCIZONI cierra oficinas en el Istmo (Oaxaca)"},"content":{"rendered":"<p>Imagen: Istmos Prress<\/p>\n<p>Diana Manzo \/ Istmo Press<\/p>\n<p>Juchit\u00e1n, Oax.- Ante la inseguridad y falta de atenci\u00f3n de las autoridades federales y estatales, integrantes de la organizaci\u00f3n social \u201cUni\u00f3n de Comunidades Ind\u00edgenas de la Zona Norte del Istmo \u201c decidieron cerrar sus oficinas ubicadas en la zona norte del Istmo de Tehuantepec, al<br \/>\nsur de Oaxaca.<\/p>\n<p>En entrevista con Carlos Beas, asesor de la UCIZONI inform\u00f3 que a trav\u00e9s de sus c\u00e1maras detectaron la presencia de personas desconocidas, y a pesar de que le alertaron al Mecanismo de Protecci\u00f3n para Personas Defensores y Periodistas<\/p>\n<p>\u201cPedimos ayuda al Mecanismo, a la Secretaria de Gobierno de Oaxaca, para garantizar la seguridad en oficinas y viviendas de 4 integrantes de UCIZONI, hasta esta fecha solo se han realizado algunos rondines espor\u00e1dicos, entonces eso no nos da garant\u00edas de seguridad\u201d, dijo.<\/p>\n<p>Y es que,hace unos 10 d\u00edas, tres integrantes de la UCIZONI fueron asesinados tras ser emboscados tras un conflicto de l\u00edmites por una obra del interoce\u00e1nico.<\/p>\n<p>Y el pasado, 27 de enero, Arnoldo Nicol\u00e1s Romero, Comisariado Ejidal de Buenavista, agencia municipal de San Juan Guichicovi, Oaxaca fue hallado sin vida y con impactos de bala, tras haber desaparecido el pasado 17 de enero.<\/p>\n<p>Familiares e integrantes de la Uni\u00f3n de Comunidades Ind\u00edgenas de la Zona Norte del Istmo (UCIZONI) confirmaron este homicidio y a\u00f1adieron que fue localizado en un rancho ubicado entre Santa Ana y la cabecera municipal.<\/p>\n<p>Desde entonces, los integrantes de esta organizaci\u00f3n social est\u00e1n bajo vulnerabilidad y alerta, por lo que se\u00f1alaron que ser\u00e1 hasta que existan las garant\u00edas de seguridad cuando reabran sus oficinas.<\/p>\n<p>\u201cEs una acci\u00f3n provisional y por protocolo de seguridad, exigimos que nos garanticen nuestro trabajo como defensoras y defensores de la tierra y el territorio. Luchamos desde este rinc\u00f3n contra un megaproyecto llamado Corredor Interoce\u00e1nico del Istmo de Tehuantepec\u201d, concluyeron.<br \/>\n<a href=\"https:\/\/www.istmopress.com.mx\/istmo\/ante-falta-de-seguridad-ucizoni-cierra-oficinas-en-el-istmo-diana-manzo\/\">https:\/\/www.istmopress.com.mx\/istmo\/ante-falta-de-seguridad-ucizoni-cierra-oficinas-en-el-istmo-diana-manzo\/<\/a><\/p>\n","protected":false},"excerpt":{"rendered":"<p>Imagen: Istmos Prress Diana Manzo \/ Istmo Press Juchit\u00e1n, Oax.- Ante la inseguridad y falta de atenci\u00f3n de las autoridades federales y estatales, integrantes de la organizaci\u00f3n social \u201cUni\u00f3n de &hellip; <a href=\"https:\/\/www.grieta.org.mx\/index.php\/2025\/02\/27\/por-inseguridad-ucizoni-cierra-oficinas-en-el-istmo-oaxaca\/\" class=\"more-link\">Leer m\u00e1s<\/a><\/p>\n","protected":false},"author":2,"featured_media":71247,"comment_status":"closed","ping_status":"closed","sticky":false,"template":"","format":"standard","meta":{"ngg_post_thumbnail":0,"_jetpack_newsletter_access":"","_jetpack_dont_email_post_to_subs":false,"_jetpack_newsletter_tier_id":0,"_jetpack_memberships_contains_paywalled_content":false,"_jetpack_memberships_contains_paid_content":false,"footnotes":""},"categories":[80,1358,1708,1278,25,83],"tags":[3614,4136,3703,96,4156,2528,2231],"class_list":["post-71246","post","type-post","status-publish","format-standard","has-post-thumbnail","hentry","category-cintillo","category-conflictos-por-megaproyectos-en-oaxaca","category-corredor-del-istmo-de-tehuantepec","category-despojo-de-tierras-y-territorios","category-oaxaca","category-temas-nacionales","tag-corredor-interoceanico","tag-espejo-5","tag-lucha-contra-megapoyectos","tag-megaproyectos","tag-represion-al-cni","tag-resistencia-contra-megaproyectos","tag-violencia-por-megaproyectos","entry"],"jetpack_featured_media_url":"https:\/\/www.grieta.org.mx\/wp-content\/uploads\/2025\/03\/IMG_3565-1.jpeg","jetpack_sharing_enabled":true,"jetpack_shortlink":"https:\/\/wp.me\/p7ZJR4-ix8","jetpack_likes_enabled":false,"jetpack-related-posts":[{"id":31559,"url":"https:\/\/www.grieta.org.mx\/index.php\/2019\/04\/01\/consulta-en-el-istmo-es-una-simulacion-acusa-ucizoni-oaxaca\/","url_meta":{"origin":71246,"position":0},"title":"Consulta en el Istmo es una &#8220;simulaci\u00f3n&#8221;, acusa Ucizoni (Oaxaca)","author":"grieta","date":"1 abril, 2019","format":false,"excerpt":"Noticias. Gerardo Valdivieso Parada, La consulta sobre el corredor trans\u00edstmico en San Pedro Huamelula. Juchit\u00e1n, Oaxaca.- L\u00edderes que se han opuesto a los megaproyectos en la regi\u00f3n del Istmo de Tehuantepec, en sus diversas denominaciones retomados por los diferentes gobiernos federales, cuestionan las Asambleas Regionales Consultivas sobre el Programa de\u2026","rel":"","context":"En &quot;CINTILLO&quot;","block_context":{"text":"CINTILLO","link":"https:\/\/www.grieta.org.mx\/index.php\/category\/cintillo\/"},"img":{"alt_text":"","src":"https:\/\/i0.wp.com\/www.grieta.org.mx\/wp-content\/uploads\/2019\/04\/image_22_360.jpg?resize=350%2C200&ssl=1","width":350,"height":200,"srcset":"https:\/\/i0.wp.com\/www.grieta.org.mx\/wp-content\/uploads\/2019\/04\/image_22_360.jpg?resize=350%2C200&ssl=1 1x, https:\/\/i0.wp.com\/www.grieta.org.mx\/wp-content\/uploads\/2019\/04\/image_22_360.jpg?resize=525%2C300&ssl=1 1.5x, https:\/\/i0.wp.com\/www.grieta.org.mx\/wp-content\/uploads\/2019\/04\/image_22_360.jpg?resize=700%2C400&ssl=1 2x, https:\/\/i0.wp.com\/www.grieta.org.mx\/wp-content\/uploads\/2019\/04\/image_22_360.jpg?resize=1050%2C600&ssl=1 3x"},"classes":[]},{"id":59514,"url":"https:\/\/www.grieta.org.mx\/index.php\/2021\/05\/14\/ejidatarios-de-mogone-viejo-suspenden-trabajos-del-corredor-interoceanico-oaxaca\/","url_meta":{"origin":71246,"position":1},"title":"Ejidatarios de Mogo\u00f1\u00e9 Viejo suspenden trabajos del Corredor Interoce\u00e1nico (Oaxaca)","author":"grieta","date":"14 mayo, 2021","format":false,"excerpt":"La coperacha \/ Redacci\u00f3n. Foto: Ucizoni Denuncian trabajos sin permiso del ejido y da\u00f1os en el abasto de agua. En Oaxaca, ejidatarios de Mogo\u00f1\u00e9 Viejo, municipio San Juan Guichicovi, suspendieron los trabajos de rehabilitaci\u00f3n del Ferrocarril Trans\u00edstmico en demanda de informaci\u00f3n consulta sobre el megaproyecto del Corredor Interoce\u00e1nico. Por acuerdo\u2026","rel":"","context":"En &quot;CINTILLO&quot;","block_context":{"text":"CINTILLO","link":"https:\/\/www.grieta.org.mx\/index.php\/category\/cintillo\/"},"img":{"alt_text":"","src":"https:\/\/i0.wp.com\/www.grieta.org.mx\/wp-content\/uploads\/2021\/05\/x.jpg?resize=350%2C200&ssl=1","width":350,"height":200,"srcset":"https:\/\/i0.wp.com\/www.grieta.org.mx\/wp-content\/uploads\/2021\/05\/x.jpg?resize=350%2C200&ssl=1 1x, https:\/\/i0.wp.com\/www.grieta.org.mx\/wp-content\/uploads\/2021\/05\/x.jpg?resize=525%2C300&ssl=1 1.5x, https:\/\/i0.wp.com\/www.grieta.org.mx\/wp-content\/uploads\/2021\/05\/x.jpg?resize=700%2C400&ssl=1 2x"},"classes":[]},{"id":66394,"url":"https:\/\/www.grieta.org.mx\/index.php\/2023\/02\/15\/marinos-desalojan-con-violencia-a-ejidatarios-de-palomares-opositores-al-corredor-interoceanico\/","url_meta":{"origin":71246,"position":2},"title":"Marinos desalojan con violencia a ejidatarios de Palomares opositores al Corredor Interoc\u00e9anico","author":"grieta","date":"15 febrero, 2023","format":false,"excerpt":"Pedro Mac\u00edas \/ Proceso OAXACA, Oax. (apro).\u2013 Elementos de la Secretar\u00eda de Marina \u201cdesalojaron\u201d a ejidatarios de Palomares que suspendieron moment\u00e1neamente los trabajos de modernizaci\u00f3n del ferrocarril del Istmo de Tehuantepec, en el lugar denominado Puente La Esperanza, denunci\u00f3 la Uni\u00f3n de Comunidades Ind\u00edgenas de la Zona Norte del Istmo\u2026","rel":"","context":"En &quot;CINTILLO&quot;","block_context":{"text":"CINTILLO","link":"https:\/\/www.grieta.org.mx\/index.php\/category\/cintillo\/"},"img":{"alt_text":"","src":"https:\/\/i0.wp.com\/www.grieta.org.mx\/wp-content\/uploads\/2023\/03\/Screenshot-2023-03-05-at-09-28-48-Marinos-desalojan-con-violencia-a-ejidatarios-de-Palomares-opositores-al-Corredor-Interoceanico.png?resize=350%2C200&ssl=1","width":350,"height":200,"srcset":"https:\/\/i0.wp.com\/www.grieta.org.mx\/wp-content\/uploads\/2023\/03\/Screenshot-2023-03-05-at-09-28-48-Marinos-desalojan-con-violencia-a-ejidatarios-de-Palomares-opositores-al-Corredor-Interoceanico.png?resize=350%2C200&ssl=1 1x, https:\/\/i0.wp.com\/www.grieta.org.mx\/wp-content\/uploads\/2023\/03\/Screenshot-2023-03-05-at-09-28-48-Marinos-desalojan-con-violencia-a-ejidatarios-de-Palomares-opositores-al-Corredor-Interoceanico.png?resize=525%2C300&ssl=1 1.5x, https:\/\/i0.wp.com\/www.grieta.org.mx\/wp-content\/uploads\/2023\/03\/Screenshot-2023-03-05-at-09-28-48-Marinos-desalojan-con-violencia-a-ejidatarios-de-Palomares-opositores-al-Corredor-Interoceanico.png?resize=700%2C400&ssl=1 2x"},"classes":[]},{"id":72174,"url":"https:\/\/www.grieta.org.mx\/index.php\/2025\/08\/11\/pueblos-indigenas-del-istmo-de-tehuantepec-refuerzan-su-lucha-contra-megaproyectos-extractivistas-oaxaca\/","url_meta":{"origin":71246,"position":3},"title":"Pueblos ind\u00edgenas del Istmo de Tehuantepec refuerzan su lucha contra megaproyectos extractivistas (Oaxaca)","author":"grieta","date":"11 agosto, 2025","format":false,"excerpt":"Imagen: Somos el Medio Comunidades chontales, zapotecas e ikoots denunciaron que megaproyectos como el Corredor Interoce\u00e1nico y la miner\u00eda violan sus derechos colectivos mientras anuncian nuevas estrategias de resistencia territorial. Redacci\u00f3n \/ @Somoselmedio Ciudad de M\u00e9xico, 11 de agosto 2025.- Con un llamado urgente a la unidad de los pueblos\u2026","rel":"","context":"En &quot;5. Istmo&quot;","block_context":{"text":"5. Istmo","link":"https:\/\/www.grieta.org.mx\/index.php\/category\/espejos-de-la-resistencia\/5-istmo\/"},"img":{"alt_text":"","src":"https:\/\/i0.wp.com\/www.grieta.org.mx\/wp-content\/uploads\/2025\/08\/529219594_1183510233813309_6588029443724338084_n.webp?resize=350%2C200&ssl=1","width":350,"height":200,"srcset":"https:\/\/i0.wp.com\/www.grieta.org.mx\/wp-content\/uploads\/2025\/08\/529219594_1183510233813309_6588029443724338084_n.webp?resize=350%2C200&ssl=1 1x, https:\/\/i0.wp.com\/www.grieta.org.mx\/wp-content\/uploads\/2025\/08\/529219594_1183510233813309_6588029443724338084_n.webp?resize=525%2C300&ssl=1 1.5x, https:\/\/i0.wp.com\/www.grieta.org.mx\/wp-content\/uploads\/2025\/08\/529219594_1183510233813309_6588029443724338084_n.webp?resize=700%2C400&ssl=1 2x, https:\/\/i0.wp.com\/www.grieta.org.mx\/wp-content\/uploads\/2025\/08\/529219594_1183510233813309_6588029443724338084_n.webp?resize=1050%2C600&ssl=1 3x, https:\/\/i0.wp.com\/www.grieta.org.mx\/wp-content\/uploads\/2025\/08\/529219594_1183510233813309_6588029443724338084_n.webp?resize=1400%2C800&ssl=1 4x"},"classes":[]},{"id":62309,"url":"https:\/\/www.grieta.org.mx\/index.php\/2021\/10\/10\/encarcelan-a-profesora-ayuujk-e-hijo-por-oponerse-a-obra-de-corredor-interoceanico-en-sus-tierras-ucizoni-exige-su-liberacion-oaxaca\/","url_meta":{"origin":71246,"position":4},"title":"Encarcelan a profesora ayuujk e hijo por oponerse a obra de Corredor Interoce\u00e1nico en sus tierras; Ucizoni exige su liberaci\u00f3n (Oaxaca)","author":"grieta","date":"10 octubre, 2021","format":false,"excerpt":"P\u00e1gina 3 \/ Diana Manzo. Juchit\u00e1n, Oax.- Por defender su predio y oponerse a que en sus tierras construyan obras del Corredor Interoce\u00e1nico del Istmo de Tehuantepec, la profesora ayuujk (mixe) Micaela Valdivieso Joaqu\u00edn y su hijo Eberth Mu\u00f1oz Valdivieso, originarios de la comunidad de Estaci\u00f3n Sarabia, San Juan Guichicovi,\u2026","rel":"","context":"En &quot;CINTILLO&quot;","block_context":{"text":"CINTILLO","link":"https:\/\/www.grieta.org.mx\/index.php\/category\/cintillo\/"},"img":{"alt_text":"","src":"https:\/\/i0.wp.com\/www.grieta.org.mx\/wp-content\/uploads\/2021\/10\/1-4.jpg?resize=350%2C200&ssl=1","width":350,"height":200,"srcset":"https:\/\/i0.wp.com\/www.grieta.org.mx\/wp-content\/uploads\/2021\/10\/1-4.jpg?resize=350%2C200&ssl=1 1x, https:\/\/i0.wp.com\/www.grieta.org.mx\/wp-content\/uploads\/2021\/10\/1-4.jpg?resize=525%2C300&ssl=1 1.5x, https:\/\/i0.wp.com\/www.grieta.org.mx\/wp-content\/uploads\/2021\/10\/1-4.jpg?resize=700%2C400&ssl=1 2x"},"classes":[]},{"id":67158,"url":"https:\/\/www.grieta.org.mx\/index.php\/2023\/07\/05\/localizan-sin-vida-al-activista-que-cuestionaba-pago-de-tierras-del-corredor-interoceanico-en-mixtequilla-oaxaca\/","url_meta":{"origin":71246,"position":5},"title":"Localizan sin vida al activista que cuestionaba pago de tierras del Corredor Interoce\u00e1nico en Mixtequilla, Oaxaca","author":"grieta","date":"5 julio, 2023","format":false,"excerpt":"Imagen: Ficha de b\u00fasqueda emitida para encontrar a Noel L\u00f3pez Gallegos - Pagina 3 Diana Manzo \/ P\u00e1gina 3 Mixtequilla, Oax.- Noel L\u00f3pez Gallegos, activista zapoteca de 52 a\u00f1os de edad, fue localizado sin vida la tarde de este martes, confirmaron las autoridades locales de este municipio asentado en el\u2026","rel":"","context":"En &quot;CINTILLO&quot;","block_context":{"text":"CINTILLO","link":"https:\/\/www.grieta.org.mx\/index.php\/category\/cintillo\/"},"img":{"alt_text":"","src":"https:\/\/i0.wp.com\/www.grieta.org.mx\/wp-content\/uploads\/2023\/07\/Acivista-Noel-Lopez-Gallegos.webp?resize=350%2C200&ssl=1","width":350,"height":200,"srcset":"https:\/\/i0.wp.com\/www.grieta.org.mx\/wp-content\/uploads\/2023\/07\/Acivista-Noel-Lopez-Gallegos.webp?resize=350%2C200&ssl=1 1x, https:\/\/i0.wp.com\/www.grieta.org.mx\/wp-content\/uploads\/2023\/07\/Acivista-Noel-Lopez-Gallegos.webp?resize=525%2C300&ssl=1 1.5x"},"classes":[]}],"_links":{"self":[{"href":"https:\/\/www.grieta.org.mx\/index.php\/wp-json\/wp\/v2\/posts\/71246","targetHints":{"allow":["GET"]}}],"collection":[{"href":"https:\/\/www.grieta.org.mx\/index.php\/wp-json\/wp\/v2\/posts"}],"about":[{"href":"https:\/\/www.grieta.org.mx\/index.php\/wp-json\/wp\/v2\/types\/post"}],"author":[{"embeddable":true,"href":"https:\/\/www.grieta.org.mx\/index.php\/wp-json\/wp\/v2\/users\/2"}],"replies":[{"embeddable":true,"href":"https:\/\/www.grieta.org.mx\/index.php\/wp-json\/wp\/v2\/comments?post=71246"}],"version-history":[{"count":1,"href":"https:\/\/www.grieta.org.mx\/index.php\/wp-json\/wp\/v2\/posts\/71246\/revisions"}],"predecessor-version":[{"id":71248,"href":"https:\/\/www.grieta.org.mx\/index.php\/wp-json\/wp\/v2\/posts\/71246\/revisions\/71248"}],"wp:featuredmedia":[{"embeddable":true,"href":"https:\/\/www.grieta.org.mx\/index.php\/wp-json\/wp\/v2\/media\/71247"}],"wp:attachment":[{"href":"https:\/\/www.grieta.org.mx\/index.php\/wp-json\/wp\/v2\/media?parent=71246"}],"wp:term":[{"taxonomy":"category","embeddable":true,"href":"https:\/\/www.grieta.org.mx\/index.php\/wp-json\/wp\/v2\/categories?post=71246"},{"taxonomy":"post_tag","embeddable":true,"href":"https:\/\/www.grieta.org.mx\/index.php\/wp-json\/wp\/v2\/tags?post=71246"}],"curies":[{"name":"wp","href":"https:\/\/api.w.org\/{rel}","templated":true}]}}