{"id":71168,"date":"2025-03-02T21:41:11","date_gmt":"2025-03-03T03:41:11","guid":{"rendered":"https:\/\/www.grieta.org.mx\/?p=71168"},"modified":"2025-03-02T21:42:01","modified_gmt":"2025-03-03T03:42:01","slug":"estalla-huelga-en-la-uaz-contra-el-desprecio-hacia-la-educacion-publica-zacatecas","status":"publish","type":"post","link":"https:\/\/www.grieta.org.mx\/index.php\/2025\/03\/02\/estalla-huelga-en-la-uaz-contra-el-desprecio-hacia-la-educacion-publica-zacatecas\/","title":{"rendered":"Estalla huelga en la UAZ: contra el desprecio hacia la educaci\u00f3n p\u00fablica. (Zacatecas)"},"content":{"rendered":"<p>Colectivo Grieta<br \/>\n01 de marzo de 2025<\/p>\n<p>Ciudad de M\u00e9xico.- El Sindicato de Personal Acad\u00e9mico de la Universidad Aut\u00f3noma de Zacatecas (SPAUAZ) tom\u00f3 una decisi\u00f3n contundente al votar mayoritariamente a favor del estallamiento de la huelga el mi\u00e9rcoles 19 de febrero. Este hecho no puede considerarse un evento aislado o producto del azar, sino que representa la manifestaci\u00f3n de un problema profundo y estructural que se hace evidente hoy en Zacatecas, pero que sacude al pa\u00eds entero: el proceso sistem\u00e1tico de privatizaci\u00f3n y abandono de la educaci\u00f3n superior p\u00fablica de M\u00e9xico.<\/p>\n<p>La determinaci\u00f3n del gremio acad\u00e9mico en Zacatecas pone en evidencia el progresivo proceso de precarizaci\u00f3n de las condiciones laborales y presupuestarias que enfrenta la educaci\u00f3n superior p\u00fablica en M\u00e9xico. M\u00e1s que una simple medida de presi\u00f3n, la huelga expone la falta de compromiso por parte de las autoridades a nivel federal, estatal y universitario en garantizar una educaci\u00f3n de calidad con condiciones dignas para docentes y trabajadores.<\/p>\n<p>La crisis en la UAZ no es un hecho aislado ni reciente, sino el resultado de una estrategia persistente de reducci\u00f3n presupuestaria y negligencia hacia las necesidades del \u00e1mbito acad\u00e9mico. A pesar de los constantes discursos del gobierno federal sobre la soberan\u00eda en ciencia y tecnolog\u00eda, los recursos destinados a las instituciones de educaci\u00f3n superior han sido restringidos de manera sistem\u00e1tica, en muchos casos con asignaciones que ni siquiera compensan la inflaci\u00f3n. En paralelo, la pol\u00edtica salarial ha estado marcada por la implementaci\u00f3n de topes salariales que limitan e incluso contraen el ingreso contractual, con incrementos que, en algunos casos, no alcanzan a contrarrestar la p\u00e9rdida del poder adquisitivo.<\/p>\n<figure id=\"attachment_71172\" aria-describedby=\"caption-attachment-71172\" style=\"width: 1080px\" class=\"wp-caption alignright\"><a href=\"http:\/\/www.grieta.org.mx\/wp-content\/uploads\/2025\/03\/IMG-20250220-WA0015.jpg\"><img loading=\"lazy\" decoding=\"async\" data-attachment-id=\"71172\" data-permalink=\"https:\/\/www.grieta.org.mx\/index.php\/2025\/03\/02\/estalla-huelga-en-la-uaz-contra-el-desprecio-hacia-la-educacion-publica-zacatecas\/img-20250220-wa0015\/\" data-orig-file=\"https:\/\/www.grieta.org.mx\/wp-content\/uploads\/2025\/03\/IMG-20250220-WA0015.jpg\" data-orig-size=\"1080,1440\" data-comments-opened=\"0\" data-image-meta=\"{&quot;aperture&quot;:&quot;0&quot;,&quot;credit&quot;:&quot;&quot;,&quot;camera&quot;:&quot;&quot;,&quot;caption&quot;:&quot;&quot;,&quot;created_timestamp&quot;:&quot;0&quot;,&quot;copyright&quot;:&quot;&quot;,&quot;focal_length&quot;:&quot;0&quot;,&quot;iso&quot;:&quot;0&quot;,&quot;shutter_speed&quot;:&quot;0&quot;,&quot;title&quot;:&quot;&quot;,&quot;orientation&quot;:&quot;0&quot;}\" data-image-title=\"IMG-20250220-WA0015\" data-image-description=\"\" data-image-caption=\"&lt;p&gt;Estas son las demandas de los trabjaadores acad\u00e9micos del SPAUAZ.&lt;\/p&gt;\n\" data-medium-file=\"https:\/\/www.grieta.org.mx\/wp-content\/uploads\/2025\/03\/IMG-20250220-WA0015-225x300.jpg\" data-large-file=\"https:\/\/www.grieta.org.mx\/wp-content\/uploads\/2025\/03\/IMG-20250220-WA0015-768x1024.jpg\" class=\"size-full wp-image-71172\" src=\"http:\/\/www.grieta.org.mx\/wp-content\/uploads\/2025\/03\/IMG-20250220-WA0015.jpg\" alt=\"\" width=\"1080\" height=\"1440\" srcset=\"https:\/\/www.grieta.org.mx\/wp-content\/uploads\/2025\/03\/IMG-20250220-WA0015.jpg 1080w, https:\/\/www.grieta.org.mx\/wp-content\/uploads\/2025\/03\/IMG-20250220-WA0015-225x300.jpg 225w, https:\/\/www.grieta.org.mx\/wp-content\/uploads\/2025\/03\/IMG-20250220-WA0015-768x1024.jpg 768w\" sizes=\"auto, (max-width: 1080px) 100vw, 1080px\" \/><\/a><figcaption id=\"caption-attachment-71172\" class=\"wp-caption-text\">Estas son las demandas de los trabjadores acad\u00e9micos del SPAUAZ.<\/figcaption><\/figure>\n<p>El gobierno federal ha privilegiado la austeridad (que de republicana tiene poco) en lugar de fortalecer las instituciones de educaci\u00f3n superior, lo que ha derivado en una reducci\u00f3n sistem\u00e1tica del financiamiento. A su vez, se han impulsado modelos universitarios, como la Universidad del Bienestar, donde las condiciones laborales son extremadamente precarias, marcadas por la inseguridad y la falta de estabilidad, lo que profundiza a\u00fan m\u00e1s la crisis en el sector.<\/p>\n<p>Mientras la UAZ enfrenta un asfixiante estrangulamiento financiero desde el fisco federal y estatal, sus autoridades, en lugar de alzar la voz y luchar por la dignificaci\u00f3n de la educaci\u00f3n p\u00fablica, han optado por perpetuar pr\u00e1cticas autoritarias, clientelares y de control. Lejos de defender los intereses de la comunidad universitaria, han utilizado su posici\u00f3n para sofocar cualquier manifestaci\u00f3n cr\u00edtica y bloquear cualquier intento de democratizaci\u00f3n dentro de la instituci\u00f3n, consolidando as\u00ed un modelo de gesti\u00f3n desp\u00f3tica que prioriza el sometimiento y el autoritarismo. Desde este lugar, la autonom\u00eda universitaria ha servido para consolidar grupos caciquiles internos que han operado con una red de control burocr\u00e1tico que han hecho de la UAZ un bot\u00edn pol\u00edtico estatal.<\/p>\n<p>Pero en medio de la austeridad destructiva por parte del gobierno y el caciquismo universitario al interior de la UAZ, surgen tambi\u00e9n procesos organizativos y colectivos desde el gremio acad\u00e9mico que, cargados de rabia pusieron un freno a esa rapacidad. El estallido de huelga del 19 de febrero no s\u00f3lo busca reivindicaciones salariales, sino tambi\u00e9n denunciar el progresivo abandono de la universidad p\u00fablica, el maltrato y el abuso.<\/p>\n<p>Aqu\u00ed reproducimos testimonios de huelguistas de la UAZ. Mientras revisaban que todos los centros y unidades acad\u00e9micas de la universidad estuvieran cerrados, y mientras instalaban banderas, huelguistas de la Unidad Acad\u00e9mica de Preparatoria explicaron el contexto y las razones por las cuales estall\u00f3 la huelga.<\/p>\n<blockquote><p><em>\u201cEst\u00e1bamos emplazados para el d\u00eda de hoy por violaciones e incumplimiento de nuestro contrato colectivo y revisi\u00f3n salarial. Fue una votaci\u00f3n hist\u00f3rica de 30 a\u00f1os para ac\u00e1 en el que votamos m\u00e1s del 80% del padr\u00f3n de sindicalizados con derechos pol\u00edticos vigentes, de un padr\u00f3n de cerca de 2900 acad\u00e9micos\u201d\u2026.<\/em><\/p><\/blockquote>\n<figure id=\"attachment_71171\" aria-describedby=\"caption-attachment-71171\" style=\"width: 824px\" class=\"wp-caption alignright\"><a href=\"http:\/\/www.grieta.org.mx\/wp-content\/uploads\/2025\/03\/IMG-20250220-WA0011.jpg\"><img loading=\"lazy\" decoding=\"async\" data-attachment-id=\"71171\" data-permalink=\"https:\/\/www.grieta.org.mx\/index.php\/2025\/03\/02\/estalla-huelga-en-la-uaz-contra-el-desprecio-hacia-la-educacion-publica-zacatecas\/img-20250220-wa0011\/\" data-orig-file=\"https:\/\/www.grieta.org.mx\/wp-content\/uploads\/2025\/03\/IMG-20250220-WA0011.jpg\" data-orig-size=\"824,960\" data-comments-opened=\"0\" data-image-meta=\"{&quot;aperture&quot;:&quot;0&quot;,&quot;credit&quot;:&quot;&quot;,&quot;camera&quot;:&quot;&quot;,&quot;caption&quot;:&quot;&quot;,&quot;created_timestamp&quot;:&quot;0&quot;,&quot;copyright&quot;:&quot;&quot;,&quot;focal_length&quot;:&quot;0&quot;,&quot;iso&quot;:&quot;0&quot;,&quot;shutter_speed&quot;:&quot;0&quot;,&quot;title&quot;:&quot;&quot;,&quot;orientation&quot;:&quot;0&quot;}\" data-image-title=\"IMG-20250220-WA0011\" data-image-description=\"\" data-image-caption=\"&lt;p&gt;Resultados globales de la votaci\u00f3n sobre el emplazamiento a huelga en la Universidad Aut\u00f3noma de Zacatecas.&lt;\/p&gt;\n\" data-medium-file=\"https:\/\/www.grieta.org.mx\/wp-content\/uploads\/2025\/03\/IMG-20250220-WA0011-258x300.jpg\" data-large-file=\"https:\/\/www.grieta.org.mx\/wp-content\/uploads\/2025\/03\/IMG-20250220-WA0011.jpg\" class=\"size-full wp-image-71171\" src=\"http:\/\/www.grieta.org.mx\/wp-content\/uploads\/2025\/03\/IMG-20250220-WA0011.jpg\" alt=\"\" width=\"824\" height=\"960\" srcset=\"https:\/\/www.grieta.org.mx\/wp-content\/uploads\/2025\/03\/IMG-20250220-WA0011.jpg 824w, https:\/\/www.grieta.org.mx\/wp-content\/uploads\/2025\/03\/IMG-20250220-WA0011-258x300.jpg 258w, https:\/\/www.grieta.org.mx\/wp-content\/uploads\/2025\/03\/IMG-20250220-WA0011-768x895.jpg 768w\" sizes=\"auto, (max-width: 824px) 100vw, 824px\" \/><\/a><figcaption id=\"caption-attachment-71171\" class=\"wp-caption-text\">Resultados globales de la votaci\u00f3n sobre el emplazamiento a huelga en la Universidad Aut\u00f3noma de Zacatecas.<\/figcaption><\/figure>\n<p>La votaci\u00f3n cont\u00f3 con una amplia participaci\u00f3n, lo que refleja el profundo descontento de la comunidad trabajadora perteneciente al gremio de trabajadores acad\u00e9micos. Este resultado no s\u00f3lo pone en evidencia el malestar generalizado, sino que tambi\u00e9n responde a una serie de factores acumulados a lo largo de los a\u00f1os en la Universidad Aut\u00f3noma de Zacatecas (UAZ). Entre estos factores destacan las restricciones presupuestales y la existencia de cotos de poder que han condicionado la vida institucional.<\/p>\n<p>Asimismo, esta huelga puede interpretarse como parte de un proceso de autonom\u00eda interna dentro del Sindicato del Personal Acad\u00e9mico de la UAZ (SPAUAZ). En este contexto, la direcci\u00f3n del sindicato ha logrado desvincularse en cierta medida del control ejercido por la rector\u00eda, marcando un cambio significativo en la din\u00e1mica de poder y permitiendo que el gremio acad\u00e9mico tome decisiones con mayor independencia.<\/p>\n<blockquote><p><em><br \/>\n\u201cEstalla la huelga y convergen m\u00faltiples factores. Entre ellos, la decisi\u00f3n tomada hace dos a\u00f1os de impulsar una iniciativa que promoviera que la dirigencia del sindicato estuviera alineada con la administraci\u00f3n universitaria o representara un conjunto de expresiones afines a ella. En aquella ocasi\u00f3n, se someti\u00f3 a votaci\u00f3n el estallamiento de la huelga, y la diferencia de votos fue m\u00ednima. Desde entonces, la direcci\u00f3n de la universidad ha tratado al sindicato con desprecio, ignor\u00e1ndolo sistem\u00e1ticamente, actuando con deslealtad y aplicando un autoritarismo desmedido. Adem\u00e1s, ha ejercido violencia verbal y misoginia contra la actual dirigente del sindicato, una compa\u00f1era que ha sido blanco de constantes ataques. Todos estos elementos se han ido acumulando, intensificando el conflicto y profundizando la crisis dentro de la instituci\u00f3n\u201d<\/em><\/p><\/blockquote>\n<p>En este contexto, relatan que una de las principales problem\u00e1ticas radica en la creciente concentraci\u00f3n de poder en manos del rector, quien, a lo largo de los a\u00f1os, ha consolidado un control autoritario sobre la vida universitaria. Esta concentraci\u00f3n desp\u00f3tica de mando no s\u00f3lo ha limitado la participaci\u00f3n democr\u00e1tica dentro de la instituci\u00f3n, sino que tambi\u00e9n ha reforzado din\u00e1micas clientelares y de subordinaci\u00f3n, donde las decisiones clave dependen de un peque\u00f1o grupo af\u00edn a la rector\u00eda. Esta estructura de poder caciquil ha profundizado la precarizaci\u00f3n laboral, ha favorecido la discrecionalidad en la asignaci\u00f3n de recursos y ha convertido a la universidad en un espacio donde la disciplina y la lealtad al rector pasan por encima de la comunidad universitaria<\/p>\n<blockquote><p><em>\u201cTambi\u00e9n se suma el hecho de que esta administraci\u00f3n decidi\u00f3 prolongar el mandato del rectorado, incluso por encima de lo establecido en la ley org\u00e1nica, utilizando la pandemia como pretexto. Este es un problema sin precedentes en la historia de la universidad, y fue posible debido a la existencia de una estructura autoritaria que mantiene bajo su control un aparato burocr\u00e1tico que domina todos los espacios de la instituci\u00f3n. Lo que observamos es un total desprecio por los \u00f3rganos colegiados de la universidad, evidenciando una gesti\u00f3n que prioriza la concentraci\u00f3n de poder sobre los principios democr\u00e1ticos y la autonom\u00eda institucional\u201d<\/em><\/p><\/blockquote>\n<p>El descontento y la indignaci\u00f3n han trascendido los l\u00edmites de la universidad, convirti\u00e9ndose en un clamor generalizado. Nos relatan que la huelga del SPAUAZ no surge de manera aislada, sino en un contexto de creciente movilizaci\u00f3n del magisterio, lo que ha llevado a la paralizaci\u00f3n de buena parte del sector educativo p\u00fablico en el estado.<\/p>\n<blockquote><p><em>\u201cEn medio del estallamiento tambi\u00e9n hay un aumento de la movilizaci\u00f3n del magisterio, las secciones 58 y 34 que hace un mes que tuvieron elecciones y por primera vez ganaron lo que se denomina el bloque de los democr\u00e1ticos, con cierta cercan\u00eda a la CNTE. Es decir que ahora estamos movilizados todos los niveles de educaci\u00f3n publica del estado. Desde guarder\u00edas, preescolar, primaria, secundaria, preparatoria y universidad\u201d. <\/em><\/p><\/blockquote>\n<p>La rabia y la elevada movilizaci\u00f3n del sector de educaci\u00f3n p\u00fablica en el estado se demostr\u00f3 a trav\u00e9s de la concentraci\u00f3n de 30 mil profesores y profesoras de todos los niveles educativos el lunes 24 en el centro de la ciudad de Zacatecas. Esta suma de protestas y huelga pone en evidencia que los trabajadores de la educaci\u00f3n han llegado a un punto de hartazgo ante el constante desprecio hacia su trabajo, hacia las instituciones educativas p\u00fablicas y el ataque a sus derechos laborales. Esta oleada de resistencia muestra que no se trata s\u00f3lo de una crisis local, sino de una problem\u00e1tica estructural en el \u00e1mbito educativo, donde la indiferencia y el abandono de todos los niveles de gobierno, federal, estatal y universitario, han empujado a los trabajadores a tomar acciones organizadas y consensuadas en defensa de su dignidad y de la educaci\u00f3n p\u00fablica.<\/p>\n<p>La pol\u00edtica de austeridad y el desprecio del gobierno parecen estar dirigidos exclusivamente contra los trabajadores y trabajadoras de la educaci\u00f3n p\u00fablica, mientras que las grandes corporaciones mineras, responsables del saqueo y la contaminaci\u00f3n del estado, operan sin restricciones. \u00bfExiste acaso austeridad para las actividades extractivas de Goldcorp, o para los imperios de Bailleres (Pe\u00f1oles) y Slim (Frisco), que han explotado los recursos de Zacatecas a trav\u00e9s de la miner\u00eda a cielo abierto?<br \/>\nA pesar de que Zacatecas es el principal productor de plata en M\u00e9xico, esa riqueza no se traduce en beneficios para la clase trabajadora local. Para el capital, la austeridad es inexistente, mientras que las universidades p\u00fablicas enfrentan intentos de desmantelamiento. Esto es precisamente lo que denuncian los trabajadores del SPAUAZ con sus banderas rojinegras.<\/p>\n","protected":false},"excerpt":{"rendered":"<p>Colectivo Grieta 01 de marzo de 2025 Ciudad de M\u00e9xico.- El Sindicato de Personal Acad\u00e9mico de la Universidad Aut\u00f3noma de Zacatecas (SPAUAZ) tom\u00f3 una decisi\u00f3n contundente al votar mayoritariamente a &hellip; <a href=\"https:\/\/www.grieta.org.mx\/index.php\/2025\/03\/02\/estalla-huelga-en-la-uaz-contra-el-desprecio-hacia-la-educacion-publica-zacatecas\/\" class=\"more-link\">Leer m\u00e1s<\/a><\/p>\n","protected":false},"author":2,"featured_media":71170,"comment_status":"closed","ping_status":"closed","sticky":false,"template":"","format":"standard","meta":{"ngg_post_thumbnail":0,"_jetpack_newsletter_access":"","_jetpack_dont_email_post_to_subs":false,"_jetpack_newsletter_tier_id":0,"_jetpack_memberships_contains_paywalled_content":false,"_jetpack_memberships_contains_paid_content":false,"footnotes":""},"categories":[80,1562,3773,1109,4234,2,76],"tags":[],"class_list":["post-71168","post","type-post","status-publish","format-standard","has-post-thumbnail","hentry","category-cintillo","category-conflictos-de-trabajadores-del-estado-en-zacatecas","category-conflictos-laborales-en-el-sector-publico-en-zacatecas","category-explotacion-y-precariedad-laboral-zacatecas","category-luchas-por-la-educacion-en-zacatecas","category-noticias-nacionales","category-zacatecas","entry"],"jetpack_featured_media_url":"https:\/\/www.grieta.org.mx\/wp-content\/uploads\/2025\/03\/Foto-de-levjardon-scaled.jpg","jetpack_sharing_enabled":true,"jetpack_shortlink":"https:\/\/wp.me\/p7ZJR4-ivS","jetpack_likes_enabled":false,"jetpack-related-posts":[{"id":678,"url":"https:\/\/www.grieta.org.mx\/index.php\/2016\/02\/15\/conflictos-en-la-universidad-autonoma-de-zacatecas\/","url_meta":{"origin":71168,"position":0},"title":"Conflictos en la Universidad Aut\u00f3noma de Zacatecas","author":"grieta","date":"15 febrero, 2016","format":false,"excerpt":"15\/02\/16. Otro Paro en la UAZ NTR Zacatecas 12\/02\/16. Planta rector a SPAUAZ; STUAZ rechaza huelga NTR Zacatecas 27\/01\/16. Paro general en la UAZ NTR Zacatecas 26\/01\/16. Condicionan a alumnos de medicina de la UAZ NTR Zacatecas 18\/01\/16. Denuncia SPAUAZ a rector por peculado NTR Zacatecas 17\/12\/15. Prestar\u00e1 SPAUAZ dinero\u2026","rel":"","context":"En &quot;Zacatecas&quot;","block_context":{"text":"Zacatecas","link":"https:\/\/www.grieta.org.mx\/index.php\/category\/noticias-nacionales\/zacatecas\/"},"img":{"alt_text":"","src":"https:\/\/i0.wp.com\/www.grieta.org.mx\/wp-content\/uploads\/2018\/03\/14524434_1106112876131411_958039263622046936_o.jpg?resize=350%2C200&ssl=1","width":350,"height":200,"srcset":"https:\/\/i0.wp.com\/www.grieta.org.mx\/wp-content\/uploads\/2018\/03\/14524434_1106112876131411_958039263622046936_o.jpg?resize=350%2C200&ssl=1 1x, https:\/\/i0.wp.com\/www.grieta.org.mx\/wp-content\/uploads\/2018\/03\/14524434_1106112876131411_958039263622046936_o.jpg?resize=525%2C300&ssl=1 1.5x, https:\/\/i0.wp.com\/www.grieta.org.mx\/wp-content\/uploads\/2018\/03\/14524434_1106112876131411_958039263622046936_o.jpg?resize=700%2C400&ssl=1 2x"},"classes":[]},{"id":71056,"url":"https:\/\/www.grieta.org.mx\/index.php\/2025\/02\/18\/profesores-de-la-uaz-se-van-a-huelga-para-exigir-mejores-condiciones-laborales-zacatecas\/","url_meta":{"origin":71168,"position":1},"title":"Profesores de la UAZ se van a huelga para exigir mejores condiciones laborales (Zacatecas)","author":"grieta","date":"18 febrero, 2025","format":false,"excerpt":"Proceso Por Alonso Ch\u00e1vez Landeros martes, 18 de febrero de 2025 \u00b7 ZACATECAS, Zac. (apro).- Este mediod\u00eda de martes fueron colocadas las banderas rojinegras en la Universidad Aut\u00f3noma de Zacatecas (UAZ) tras estallar la huelga los integrantes del Sindicato de Personal Acad\u00e9mico (SPAUAZ). La huelga fue aprobada por la mayor\u00eda\u2026","rel":"","context":"En &quot;CINTILLO&quot;","block_context":{"text":"CINTILLO","link":"https:\/\/www.grieta.org.mx\/index.php\/category\/cintillo\/"},"img":{"alt_text":"","src":"https:\/\/i0.wp.com\/www.grieta.org.mx\/wp-content\/uploads\/2025\/02\/f685x385-217268_254961_5050.webp?resize=350%2C200&ssl=1","width":350,"height":200,"srcset":"https:\/\/i0.wp.com\/www.grieta.org.mx\/wp-content\/uploads\/2025\/02\/f685x385-217268_254961_5050.webp?resize=350%2C200&ssl=1 1x, https:\/\/i0.wp.com\/www.grieta.org.mx\/wp-content\/uploads\/2025\/02\/f685x385-217268_254961_5050.webp?resize=525%2C300&ssl=1 1.5x"},"classes":[]},{"id":71197,"url":"https:\/\/www.grieta.org.mx\/index.php\/2025\/02\/27\/acciones-anti-huelga-del-rector-provoca-sancion-economica-a-la-uaz-zacatecas\/","url_meta":{"origin":71168,"position":2},"title":"Acciones anti-huelga del rector provoca sanci\u00f3n econ\u00f3mica a la UAZ (Zacatecas)","author":"grieta","date":"27 febrero, 2025","format":false,"excerpt":"El tribunal laboral impone multa de m\u00e1s de 148 mil pesos El Sol de Zacatecas, 27 de febrero de 2025 Ana Vacio El Tribunal Laboral del Poder Judicial del Estado, impuso una multa de 148 mil 552.82 pesos a la Universidad Aut\u00f3noma de Zacatecas (UAZ), por varios videos en los\u2026","rel":"","context":"En &quot;CINTILLO&quot;","block_context":{"text":"CINTILLO","link":"https:\/\/www.grieta.org.mx\/index.php\/category\/cintillo\/"},"img":{"alt_text":"","src":"https:\/\/i0.wp.com\/www.grieta.org.mx\/wp-content\/uploads\/2025\/02\/Campus-siglo-XXI-UAZ.webp?resize=350%2C200&ssl=1","width":350,"height":200,"srcset":"https:\/\/i0.wp.com\/www.grieta.org.mx\/wp-content\/uploads\/2025\/02\/Campus-siglo-XXI-UAZ.webp?resize=350%2C200&ssl=1 1x, https:\/\/i0.wp.com\/www.grieta.org.mx\/wp-content\/uploads\/2025\/02\/Campus-siglo-XXI-UAZ.webp?resize=525%2C300&ssl=1 1.5x, https:\/\/i0.wp.com\/www.grieta.org.mx\/wp-content\/uploads\/2025\/02\/Campus-siglo-XXI-UAZ.webp?resize=700%2C400&ssl=1 2x, https:\/\/i0.wp.com\/www.grieta.org.mx\/wp-content\/uploads\/2025\/02\/Campus-siglo-XXI-UAZ.webp?resize=1050%2C600&ssl=1 3x"},"classes":[]},{"id":648,"url":"https:\/\/www.grieta.org.mx\/index.php\/2015\/03\/11\/afirma-gobernador-de-zacatecas-que-se-buscan-alternativas-para-solucionar-huelga-en-la-uaz\/","url_meta":{"origin":71168,"position":3},"title":"Afirma Gobernador de Zacatecas que se buscan alternativas para solucionar huelga en la UAZ","author":"grieta","date":"11 marzo, 2015","format":false,"excerpt":"El Sol de Zacatecas 11 de marzo de 2015 Juan Castro Ojocaliente, Zacatecas.- El Gobernador del Estado, Miguel Alonso Reyes, estableci\u00f3 que se est\u00e1n buscando alternativas para que pueda levantarse la huelga en la Universidad Aut\u00f3noma de Zacatecas, que es la aspiraci\u00f3n de todos. El Gobierno del Estado ha estado\u2026","rel":"","context":"En &quot;CINTILLO&quot;","block_context":{"text":"CINTILLO","link":"https:\/\/www.grieta.org.mx\/index.php\/category\/cintillo\/"},"img":{"alt_text":"","src":"https:\/\/i0.wp.com\/www.grieta.org.mx\/wp-content\/uploads\/2018\/03\/14524434_1106112876131411_958039263622046936_o.jpg?resize=350%2C200&ssl=1","width":350,"height":200,"srcset":"https:\/\/i0.wp.com\/www.grieta.org.mx\/wp-content\/uploads\/2018\/03\/14524434_1106112876131411_958039263622046936_o.jpg?resize=350%2C200&ssl=1 1x, https:\/\/i0.wp.com\/www.grieta.org.mx\/wp-content\/uploads\/2018\/03\/14524434_1106112876131411_958039263622046936_o.jpg?resize=525%2C300&ssl=1 1.5x, https:\/\/i0.wp.com\/www.grieta.org.mx\/wp-content\/uploads\/2018\/03\/14524434_1106112876131411_958039263622046936_o.jpg?resize=700%2C400&ssl=1 2x"},"classes":[]},{"id":877,"url":"https:\/\/www.grieta.org.mx\/index.php\/2016\/02\/07\/huelga-en-mina-san-martin-en-sombrerete-zacatecas\/","url_meta":{"origin":71168,"position":4},"title":"Huelga en Mina San Mart\u00edn en Sombrerete, Zacatecas","author":"grieta","date":"7 febrero, 2016","format":false,"excerpt":"Est\u00e1 en huelga desde el 30 de julio de 2007 El Sol de Zacatecas 7 de febrero de 2016 Juan Castro Zacatecas, Zacatecas.- El secretario de Econom\u00eda, Adolfo Bonilla G\u00f3mez, estableci\u00f3 que se ha tratado de destrabar el conflicto minero en la comunidad San Mart\u00edn, Sombrerete, en la mina del\u2026","rel":"","context":"En &quot;CINTILLO&quot;","block_context":{"text":"CINTILLO","link":"https:\/\/www.grieta.org.mx\/index.php\/category\/cintillo\/"},"img":{"alt_text":"","src":"https:\/\/i0.wp.com\/www.grieta.org.mx\/wp-content\/uploads\/2018\/03\/14524434_1106112876131411_958039263622046936_o.jpg?resize=350%2C200&ssl=1","width":350,"height":200,"srcset":"https:\/\/i0.wp.com\/www.grieta.org.mx\/wp-content\/uploads\/2018\/03\/14524434_1106112876131411_958039263622046936_o.jpg?resize=350%2C200&ssl=1 1x, https:\/\/i0.wp.com\/www.grieta.org.mx\/wp-content\/uploads\/2018\/03\/14524434_1106112876131411_958039263622046936_o.jpg?resize=525%2C300&ssl=1 1.5x, https:\/\/i0.wp.com\/www.grieta.org.mx\/wp-content\/uploads\/2018\/03\/14524434_1106112876131411_958039263622046936_o.jpg?resize=700%2C400&ssl=1 2x"},"classes":[]},{"id":42657,"url":"https:\/\/www.grieta.org.mx\/index.php\/2019\/12\/26\/sepomex-en-zacatecas-suspendio-labores\/","url_meta":{"origin":71168,"position":5},"title":"Sepomex en Zacatecas suspendi\u00f3 labores","author":"grieta","date":"26 diciembre, 2019","format":false,"excerpt":"Exigen la revisi\u00f3n del Contrato Colectivo de Trabajo y pago de prestaciones Rosaura Rinc\u00f3n ? El Sol de Zacatecas, 26 de diciembre de 2019 Zacatecas.- Las oficinas de Correos de M\u00e9xico en Zacatecas est\u00e1n cerradas y sin dar servicios, debido a que amanecieron bloqueadas con una bandera rojinegra y unas\u2026","rel":"","context":"En &quot;CINTILLO&quot;","block_context":{"text":"CINTILLO","link":"https:\/\/www.grieta.org.mx\/index.php\/category\/cintillo\/"},"img":{"alt_text":"","src":"https:\/\/i0.wp.com\/www.grieta.org.mx\/wp-content\/uploads\/2020\/01\/20191226003.jpg?resize=350%2C200&ssl=1","width":350,"height":200,"srcset":"https:\/\/i0.wp.com\/www.grieta.org.mx\/wp-content\/uploads\/2020\/01\/20191226003.jpg?resize=350%2C200&ssl=1 1x, https:\/\/i0.wp.com\/www.grieta.org.mx\/wp-content\/uploads\/2020\/01\/20191226003.jpg?resize=525%2C300&ssl=1 1.5x, https:\/\/i0.wp.com\/www.grieta.org.mx\/wp-content\/uploads\/2020\/01\/20191226003.jpg?resize=700%2C400&ssl=1 2x"},"classes":[]}],"_links":{"self":[{"href":"https:\/\/www.grieta.org.mx\/index.php\/wp-json\/wp\/v2\/posts\/71168","targetHints":{"allow":["GET"]}}],"collection":[{"href":"https:\/\/www.grieta.org.mx\/index.php\/wp-json\/wp\/v2\/posts"}],"about":[{"href":"https:\/\/www.grieta.org.mx\/index.php\/wp-json\/wp\/v2\/types\/post"}],"author":[{"embeddable":true,"href":"https:\/\/www.grieta.org.mx\/index.php\/wp-json\/wp\/v2\/users\/2"}],"replies":[{"embeddable":true,"href":"https:\/\/www.grieta.org.mx\/index.php\/wp-json\/wp\/v2\/comments?post=71168"}],"version-history":[{"count":1,"href":"https:\/\/www.grieta.org.mx\/index.php\/wp-json\/wp\/v2\/posts\/71168\/revisions"}],"predecessor-version":[{"id":71177,"href":"https:\/\/www.grieta.org.mx\/index.php\/wp-json\/wp\/v2\/posts\/71168\/revisions\/71177"}],"wp:featuredmedia":[{"embeddable":true,"href":"https:\/\/www.grieta.org.mx\/index.php\/wp-json\/wp\/v2\/media\/71170"}],"wp:attachment":[{"href":"https:\/\/www.grieta.org.mx\/index.php\/wp-json\/wp\/v2\/media?parent=71168"}],"wp:term":[{"taxonomy":"category","embeddable":true,"href":"https:\/\/www.grieta.org.mx\/index.php\/wp-json\/wp\/v2\/categories?post=71168"},{"taxonomy":"post_tag","embeddable":true,"href":"https:\/\/www.grieta.org.mx\/index.php\/wp-json\/wp\/v2\/tags?post=71168"}],"curies":[{"name":"wp","href":"https:\/\/api.w.org\/{rel}","templated":true}]}}