{"id":71027,"date":"2025-02-10T18:52:34","date_gmt":"2025-02-11T00:52:34","guid":{"rendered":"https:\/\/www.grieta.org.mx\/?p=71027"},"modified":"2025-02-17T18:55:45","modified_gmt":"2025-02-18T00:55:45","slug":"2025-inicio-con-8-reportes-por-desaparicion-al-dia-jalisco","status":"publish","type":"post","link":"https:\/\/www.grieta.org.mx\/index.php\/2025\/02\/10\/2025-inicio-con-8-reportes-por-desaparicion-al-dia-jalisco\/","title":{"rendered":"2025 inici\u00f3 con 8 reportes por desaparici\u00f3n al d\u00eda (Jalisco)"},"content":{"rendered":"<p>Imagen: Miriam Jim\u00e9nez<\/p>\n<p>Lauro Rodr\u00edguez ( El Diario NTR)<\/p>\n<p>Con 245 reportes por desaparici\u00f3n durante el mes de enero de este a\u00f1o, Jalisco arranc\u00f3 2025 con un promedio de ocho denuncias por ausencias al d\u00eda, seg\u00fan los datos del Registro Estatal de Personas Desaparecidas (REPD) actualizado este lunes.<\/p>\n<p>De los 245 casos nuevos registrados el mes pasado, 154, o el 62.86 por ciento del total, siguen en calidad de desaparecidos. Los 91 restantes se tratan de personas localizadas.<\/p>\n<p>Las ausencias del primer mes se registraron en 31 municipios, pero Guadalajara fue la demarcaci\u00f3n con m\u00e1s casos al agrupar 71 v\u00edctimas, de las cuales 40 siguen desaparecidas, siendo tambi\u00e9n el mayor n\u00famero para un municipio.<\/p>\n<p>A la capital jalisciense le siguen cinco municipios m\u00e1s que forman parte del \u00c1rea Metropolitana de Guadalajara (AMG): Zapopan, con 50 reportes; Tlajomulco, con 25; San Pedro Tlaquepaque, con 20; Tonal\u00e1, con 15, y El Salto, con 12.<\/p>\n<p>Despu\u00e9s sigue Puerto Vallarta con siete v\u00edctimas de las que tres siguen desaparecidas y luego Lagos de Moreno, el cual sum\u00f3 siete tambi\u00e9n, pero en este caso todos a\u00fan est\u00e1n ausentes.<\/p>\n<p>Entre los casos de Lagos de Moreno hay uno de un ni\u00f1o de entre 10 a 14 a\u00f1os de edad que al 31 de enero no pudo ser localizado. Adem\u00e1s, est\u00e1 un adolescente de entre 15 y 19 a\u00f1os de edad en la misma situaci\u00f3n.<\/p>\n<p>Otro municipio con incidencia del delito fue Zapotl\u00e1n el Grande, el cual sum\u00f3 cuatro personas desaparecidas, todas desaparecidas a\u00fan. En esta demarcaci\u00f3n se registr\u00f3 una desaparici\u00f3n doble: Lino \u00c1lvarez Tapia, de 36 a\u00f1os de edad, y Enrique Fr\u00edas Maga\u00f1a, de 51, desaparecieron el 8 de enero en la colonia Constituyentes de Ciudad Guzm\u00e1n.<\/p>\n<p>Pese a s\u00ed tener el reporte de forma oportuna, es decir, dentro del mismo mes de la desaparici\u00f3n, la Comisi\u00f3n de B\u00fasqueda de Personas del Estado de Jalisco (Cobupej) difundi\u00f3 sus c\u00e9dulas apenas este fin de semana, un mes despu\u00e9s de la ausencia.<\/p>\n<p>Adem\u00e1s de los municipios ya mencionados, Tala, Ocotl\u00e1n, Arandas, San Juan de los Lagos, Tepatitl\u00e1n, Sayula, Juanacatl\u00e1n y varias demarcaciones m\u00e1s tuvieron desapariciones en el inicio de a\u00f1o.<\/p>\n<p><a href=\"https:\/\/www.ntrguadalajara.com\/post.php?id_nota=225914\">https:\/\/www.ntrguadalajara.com\/post.php?id_nota=225914<\/a><\/p>\n","protected":false},"excerpt":{"rendered":"<p>Imagen: Miriam Jim\u00e9nez Lauro Rodr\u00edguez ( El Diario NTR) Con 245 reportes por desaparici\u00f3n durante el mes de enero de este a\u00f1o, Jalisco arranc\u00f3 2025 con un promedio de ocho &hellip; <a href=\"https:\/\/www.grieta.org.mx\/index.php\/2025\/02\/10\/2025-inicio-con-8-reportes-por-desaparicion-al-dia-jalisco\/\" class=\"more-link\">Leer m\u00e1s<\/a><\/p>\n","protected":false},"author":2,"featured_media":71028,"comment_status":"closed","ping_status":"closed","sticky":false,"template":"","format":"standard","meta":{"ngg_post_thumbnail":0,"_jetpack_newsletter_access":"","_jetpack_dont_email_post_to_subs":false,"_jetpack_newsletter_tier_id":0,"_jetpack_memberships_contains_paywalled_content":false,"_jetpack_memberships_contains_paid_content":false,"footnotes":""},"categories":[80,87,1032,20,2,83],"tags":[3700,1828,121,3775],"class_list":["post-71027","post","type-post","status-publish","format-standard","has-post-thumbnail","hentry","category-cintillo","category-desaparecidos","category-desaparecidos-en-jalisco","category-jalisco","category-noticias-nacionales","category-temas-nacionales","tag-aumento-desaparecidos","tag-busqueda-de-desaparecidos","tag-desaparecidos","tag-estadisticas-de-desaparecidos","entry"],"jetpack_featured_media_url":"https:\/\/www.grieta.org.mx\/wp-content\/uploads\/2025\/02\/2025-02-10_01-02-21___5463.jpg","jetpack_sharing_enabled":true,"jetpack_shortlink":"https:\/\/wp.me\/p7ZJR4-itB","jetpack_likes_enabled":false,"jetpack-related-posts":[{"id":66793,"url":"https:\/\/www.grieta.org.mx\/index.php\/2023\/04\/12\/jalisco-acumula-este-ano-617-desapariciones-en-lo-que-va-del-ano\/","url_meta":{"origin":71027,"position":0},"title":"Jalisco acumula este a\u00f1o 617 desapariciones en lo que va del a\u00f1o","author":"grieta","date":"12 abril, 2023","format":false,"excerpt":"Imagen: Jorge Alberto Mendoza Redacci\u00f3n \/ El Diario NTR La \u00faltima actualizaci\u00f3n al Sistema de Informaci\u00f3n sobre V\u00edctimas de Desaparici\u00f3n (Sisovid) evidencia que de tan s\u00f3lo de enero a marzo de 2023 el estado sum\u00f3 al menos 617 denuncias y reportes de personas desaparecidas que siguen sin ser localizadas. El\u2026","rel":"","context":"En &quot;CINTILLO&quot;","block_context":{"text":"CINTILLO","link":"https:\/\/www.grieta.org.mx\/index.php\/category\/cintillo\/"},"img":{"alt_text":"","src":"https:\/\/i0.wp.com\/www.grieta.org.mx\/wp-content\/uploads\/2023\/04\/2023-04-12_12-04-10___4856.jpg?resize=350%2C200&ssl=1","width":350,"height":200,"srcset":"https:\/\/i0.wp.com\/www.grieta.org.mx\/wp-content\/uploads\/2023\/04\/2023-04-12_12-04-10___4856.jpg?resize=350%2C200&ssl=1 1x, https:\/\/i0.wp.com\/www.grieta.org.mx\/wp-content\/uploads\/2023\/04\/2023-04-12_12-04-10___4856.jpg?resize=525%2C300&ssl=1 1.5x, https:\/\/i0.wp.com\/www.grieta.org.mx\/wp-content\/uploads\/2023\/04\/2023-04-12_12-04-10___4856.jpg?resize=700%2C400&ssl=1 2x"},"classes":[]},{"id":48174,"url":"https:\/\/www.grieta.org.mx\/index.php\/2020\/04\/23\/colectivo-por-amor-a-ellxs-piden-declarar-busqueda-de-personas-como-actividad-esencial-jalisco\/","url_meta":{"origin":71027,"position":1},"title":"Colectivo Por Amor a Ellxs piden declarar b\u00fasqueda de personas como actividad esencial (Jalisco)","author":"grieta","date":"23 abril, 2020","format":false,"excerpt":"Foto: Archivo NTR La Fiscal\u00eda Sigue revictimizando a las familias que van a denunciar y les siguen diciendo que deben esperar 72 horas Redacci\u00f3n \/ El Diario NTR A pesar de la contingencia sanitaria por Covid-19 y las medidas de aislamiento obligatorias, en Jalisco las desapariciones contin\u00faan, por lo que\u2026","rel":"","context":"En &quot;CINTILLO&quot;","block_context":{"text":"CINTILLO","link":"https:\/\/www.grieta.org.mx\/index.php\/category\/cintillo\/"},"img":{"alt_text":"","src":"https:\/\/i0.wp.com\/www.grieta.org.mx\/wp-content\/uploads\/2020\/04\/2020-04-23_11-04-09___5466.jpg?resize=350%2C200&ssl=1","width":350,"height":200,"srcset":"https:\/\/i0.wp.com\/www.grieta.org.mx\/wp-content\/uploads\/2020\/04\/2020-04-23_11-04-09___5466.jpg?resize=350%2C200&ssl=1 1x, https:\/\/i0.wp.com\/www.grieta.org.mx\/wp-content\/uploads\/2020\/04\/2020-04-23_11-04-09___5466.jpg?resize=525%2C300&ssl=1 1.5x, https:\/\/i0.wp.com\/www.grieta.org.mx\/wp-content\/uploads\/2020\/04\/2020-04-23_11-04-09___5466.jpg?resize=700%2C400&ssl=1 2x"},"classes":[]},{"id":65052,"url":"https:\/\/www.grieta.org.mx\/index.php\/2022\/08\/31\/gobierno-estatal-desaparece-a-los-desaparecidos-colectivos-jalisco\/","url_meta":{"origin":71027,"position":2},"title":"Gobierno estatal desaparece a los desaparecidos: colectivos (Jalisco)","author":"grieta","date":"31 agosto, 2022","format":false,"excerpt":"Imagen: Lauro Rodr\u00edguez Lauro Rodr\u00edguez \/ El Diario NTR L\u00edderes de colectivos de b\u00fasqueda se\u00f1alaron que el gobierno de Jalisco le apuesta a desaparecer a los desaparecidos como la \u00fanica estrategia para tratar de terminar con esta problem\u00e1tica. Guadalupe Aguilar, del colectivo Familias Unidas por Nuestros Desaparecidos Jalisco (Fundej), describi\u00f3\u2026","rel":"","context":"En &quot;CINTILLO&quot;","block_context":{"text":"CINTILLO","link":"https:\/\/www.grieta.org.mx\/index.php\/category\/cintillo\/"},"img":{"alt_text":"","src":"https:\/\/i0.wp.com\/www.grieta.org.mx\/wp-content\/uploads\/2022\/08\/2022-08-31_01-08-13___5555.jpg?resize=350%2C200&ssl=1","width":350,"height":200,"srcset":"https:\/\/i0.wp.com\/www.grieta.org.mx\/wp-content\/uploads\/2022\/08\/2022-08-31_01-08-13___5555.jpg?resize=350%2C200&ssl=1 1x, https:\/\/i0.wp.com\/www.grieta.org.mx\/wp-content\/uploads\/2022\/08\/2022-08-31_01-08-13___5555.jpg?resize=525%2C300&ssl=1 1.5x, https:\/\/i0.wp.com\/www.grieta.org.mx\/wp-content\/uploads\/2022\/08\/2022-08-31_01-08-13___5555.jpg?resize=700%2C400&ssl=1 2x"},"classes":[]},{"id":53017,"url":"https:\/\/www.grieta.org.mx\/index.php\/2020\/09\/02\/segundo-miercoles-por-los-desaparecidos-jalisco\/","url_meta":{"origin":71027,"position":3},"title":"Segundo mi\u00e9rcoles por los desaparecidos (Jalisco)","author":"grieta","date":"2 septiembre, 2020","format":false,"excerpt":"Foto: Isaura L\u00f3pez Villalobos Isauda L\u00f3pez Villalobos \/ UDGTV La Federaci\u00f3n de Estudiantes Universitarios (FEU) llega al d\u00eda programado de realizar cada primer mi\u00e9rcoles del mes,\u00a0una manifestaci\u00f3n para apoyar a las familias de personas desaparecidas\u00a0en coordinaci\u00f3n con el colectivo de Familias Unidas por Nuestros Desaparecidos en Jalisco (FUNDEJ). Con la\u2026","rel":"","context":"En &quot;CINTILLO&quot;","block_context":{"text":"CINTILLO","link":"https:\/\/www.grieta.org.mx\/index.php\/category\/cintillo\/"},"img":{"alt_text":"","src":"https:\/\/i0.wp.com\/www.grieta.org.mx\/wp-content\/uploads\/2020\/09\/Piden-busqueda-Isaura-Lopez-630x420-1.jpeg?resize=350%2C200&ssl=1","width":350,"height":200,"srcset":"https:\/\/i0.wp.com\/www.grieta.org.mx\/wp-content\/uploads\/2020\/09\/Piden-busqueda-Isaura-Lopez-630x420-1.jpeg?resize=350%2C200&ssl=1 1x, https:\/\/i0.wp.com\/www.grieta.org.mx\/wp-content\/uploads\/2020\/09\/Piden-busqueda-Isaura-Lopez-630x420-1.jpeg?resize=525%2C300&ssl=1 1.5x"},"classes":[]},{"id":43184,"url":"https:\/\/www.grieta.org.mx\/index.php\/2020\/01\/13\/cepad-denuncia-falta-de-protocolos-en-registro-de-personas-desaparecidas-en-jalisco\/","url_meta":{"origin":71027,"position":4},"title":"Cepad denuncia falta de protocolos en registro de personas desaparecidas en Jalisco","author":"grieta","date":"13 enero, 2020","format":false,"excerpt":"Fotograf\u00eda: Cuartoscuro Redacci\u00f3n \/ El Diario NTR Al no existir protocolos espec\u00edficos sobre el registro de casos de personas desaparecidos, los datos sobre este rubro carecen de fiabilidad, se\u00f1al\u00f3 el Centro de Justicia para la paz y el Desarrollo (Cepad). El Centro de Justicia explic\u00f3 que Jalisco ocupa el primer\u2026","rel":"","context":"En &quot;CINTILLO&quot;","block_context":{"text":"CINTILLO","link":"https:\/\/www.grieta.org.mx\/index.php\/category\/cintillo\/"},"img":{"alt_text":"","src":"https:\/\/i0.wp.com\/www.grieta.org.mx\/wp-content\/uploads\/2020\/01\/2020-01-13_06-01-43___8309.jpg?resize=350%2C200&ssl=1","width":350,"height":200,"srcset":"https:\/\/i0.wp.com\/www.grieta.org.mx\/wp-content\/uploads\/2020\/01\/2020-01-13_06-01-43___8309.jpg?resize=350%2C200&ssl=1 1x, https:\/\/i0.wp.com\/www.grieta.org.mx\/wp-content\/uploads\/2020\/01\/2020-01-13_06-01-43___8309.jpg?resize=525%2C300&ssl=1 1.5x, https:\/\/i0.wp.com\/www.grieta.org.mx\/wp-content\/uploads\/2020\/01\/2020-01-13_06-01-43___8309.jpg?resize=700%2C400&ssl=1 2x"},"classes":[]},{"id":62940,"url":"https:\/\/www.grieta.org.mx\/index.php\/2021\/12\/22\/huellas-de-amor-cuelga-50-fotos-de-desaparecidos-en-arbol-navideno-en-jalisco\/","url_meta":{"origin":71027,"position":5},"title":"Huellas de amor cuelga 50 fotos de desaparecidos en \u00e1rbol navide\u00f1o en Jalisco","author":"grieta","date":"22 diciembre, 2021","format":false,"excerpt":"Foto: Rosario \u00c1lvarez Rosario \u00c1lvarez \/ Telediario En Jalisco 15 mil 148 familias tienen alg\u00fan familiar desaparecido, de acuerdo al \u00faltimo corte del Registro Nacional de Personas Desaparecidas y No Localizadas. Tras este dato, el colectivo Huellas de Amor,\u00a0colg\u00f3 m\u00e1s de 50 fichas de b\u00fasqueda de hombres y mujeres alrededor\u2026","rel":"","context":"En &quot;CINTILLO&quot;","block_context":{"text":"CINTILLO","link":"https:\/\/www.grieta.org.mx\/index.php\/category\/cintillo\/"},"img":{"alt_text":"","src":"https:\/\/i0.wp.com\/www.grieta.org.mx\/wp-content\/uploads\/2021\/12\/arbol-navidad-instalado-plaza-liberacion.jpg?resize=350%2C200&ssl=1","width":350,"height":200,"srcset":"https:\/\/i0.wp.com\/www.grieta.org.mx\/wp-content\/uploads\/2021\/12\/arbol-navidad-instalado-plaza-liberacion.jpg?resize=350%2C200&ssl=1 1x, https:\/\/i0.wp.com\/www.grieta.org.mx\/wp-content\/uploads\/2021\/12\/arbol-navidad-instalado-plaza-liberacion.jpg?resize=525%2C300&ssl=1 1.5x, https:\/\/i0.wp.com\/www.grieta.org.mx\/wp-content\/uploads\/2021\/12\/arbol-navidad-instalado-plaza-liberacion.jpg?resize=700%2C400&ssl=1 2x"},"classes":[]}],"_links":{"self":[{"href":"https:\/\/www.grieta.org.mx\/index.php\/wp-json\/wp\/v2\/posts\/71027","targetHints":{"allow":["GET"]}}],"collection":[{"href":"https:\/\/www.grieta.org.mx\/index.php\/wp-json\/wp\/v2\/posts"}],"about":[{"href":"https:\/\/www.grieta.org.mx\/index.php\/wp-json\/wp\/v2\/types\/post"}],"author":[{"embeddable":true,"href":"https:\/\/www.grieta.org.mx\/index.php\/wp-json\/wp\/v2\/users\/2"}],"replies":[{"embeddable":true,"href":"https:\/\/www.grieta.org.mx\/index.php\/wp-json\/wp\/v2\/comments?post=71027"}],"version-history":[{"count":1,"href":"https:\/\/www.grieta.org.mx\/index.php\/wp-json\/wp\/v2\/posts\/71027\/revisions"}],"predecessor-version":[{"id":71029,"href":"https:\/\/www.grieta.org.mx\/index.php\/wp-json\/wp\/v2\/posts\/71027\/revisions\/71029"}],"wp:featuredmedia":[{"embeddable":true,"href":"https:\/\/www.grieta.org.mx\/index.php\/wp-json\/wp\/v2\/media\/71028"}],"wp:attachment":[{"href":"https:\/\/www.grieta.org.mx\/index.php\/wp-json\/wp\/v2\/media?parent=71027"}],"wp:term":[{"taxonomy":"category","embeddable":true,"href":"https:\/\/www.grieta.org.mx\/index.php\/wp-json\/wp\/v2\/categories?post=71027"},{"taxonomy":"post_tag","embeddable":true,"href":"https:\/\/www.grieta.org.mx\/index.php\/wp-json\/wp\/v2\/tags?post=71027"}],"curies":[{"name":"wp","href":"https:\/\/api.w.org\/{rel}","templated":true}]}}